{"id":161666,"date":"2026-01-30T10:25:00","date_gmt":"2026-01-30T13:25:00","guid":{"rendered":"https:\/\/www.em.com.br\/emfoco\/?p=161666"},"modified":"2026-01-29T21:36:24","modified_gmt":"2026-01-30T00:36:24","slug":"pernas-lisas-e-sem-pelos-exigem-mais-do-que-lamina-5-truques-que-fazem-diferenca-na-depilacao","status":"publish","type":"post","link":"https:\/\/www.em.com.br\/emfoco\/2026\/01\/30\/pernas-lisas-e-sem-pelos-exigem-mais-do-que-lamina-5-truques-que-fazem-diferenca-na-depilacao\/","title":{"rendered":"Pernas lisas e sem pelos exigem mais do que l\u00e2mina: 5 truques que fazem diferen\u00e7a na depila\u00e7\u00e3o"},"content":{"rendered":"\n<p>Depilar as pernas em casa faz parte da rotina de muitas mulheres que buscam praticidade, economia e privacidade, mas sem os cuidados certos o processo pode causar irrita\u00e7\u00f5es, cortes, ressecamento e pelos encravados; por isso, entender como preparar a pele, escolher os produtos adequados e cuidar da regi\u00e3o depois da depila\u00e7\u00e3o \u00e9 fundamental para conquistar pernas lisas, macias e bem cuidadas no dia a dia.<\/p>\n\n\n\n<h2 class=\"wp-block-heading\">Por que a prepara\u00e7\u00e3o da pele antes da depila\u00e7\u00e3o \u00e9 essencial<\/h2>\n\n\n\n<p>Antes de qualquer <a href=\"https:\/\/www.em.com.br\/emfoco\/2026\/01\/27\/o-que-acontece-com-a-pele-logo-apos-a-depilacao-e-por-que-ela-fica-sensivel\/\" target=\"_blank\" rel=\"noreferrer noopener\">depila\u00e7\u00e3o <\/a>das pernas, a pele deve estar limpa, sem excesso de oleosidade ou res\u00edduos de cosm\u00e9ticos. Lavar com \u00e1gua morna e um limpador suave remove impurezas, amacia os pelos e deixa os poros mais receptivos, facilitando o deslizamento da l\u00e2mina ou a remo\u00e7\u00e3o da cera.<\/p>\n\n\n\n<p>A esfolia\u00e7\u00e3o leve, feita uma ou duas vezes por semana, ajuda a remover c\u00e9lulas mortas e liberar pelos presos sob a superf\u00edcie, prevenindo pelos encravados. Esfoliar n\u00e3o apenas no dia da depila\u00e7\u00e3o, mas de forma constante, melhora a textura da pele e deixa o resultado mais uniforme e duradouro.<\/p>\n\n\n\n<figure class=\"wp-block-image size-large\"><img loading=\"lazy\" decoding=\"async\" width=\"1024\" height=\"576\" src=\"https:\/\/www.em.com.br\/emfoco\/wp-content\/uploads\/2026\/01\/ChatGPT-Image-29-de-jan.-de-2026-11_12_34-1-1024x576.png\" alt=\"Depilar as pernas em casa exige cuidados\" class=\"wp-image-161743\" srcset=\"https:\/\/www.em.com.br\/emfoco\/wp-content\/uploads\/2026\/01\/ChatGPT-Image-29-de-jan.-de-2026-11_12_34-1-1024x576.png 1024w, https:\/\/www.em.com.br\/emfoco\/wp-content\/uploads\/2026\/01\/ChatGPT-Image-29-de-jan.-de-2026-11_12_34-1-300x169.png 300w, https:\/\/www.em.com.br\/emfoco\/wp-content\/uploads\/2026\/01\/ChatGPT-Image-29-de-jan.-de-2026-11_12_34-1-768x432.png 768w, https:\/\/www.em.com.br\/emfoco\/wp-content\/uploads\/2026\/01\/ChatGPT-Image-29-de-jan.-de-2026-11_12_34-1-750x422.png 750w, https:\/\/www.em.com.br\/emfoco\/wp-content\/uploads\/2026\/01\/ChatGPT-Image-29-de-jan.-de-2026-11_12_34-1-1140x641.png 1140w, https:\/\/www.em.com.br\/emfoco\/wp-content\/uploads\/2026\/01\/ChatGPT-Image-29-de-jan.-de-2026-11_12_34-1.png 1280w\" sizes=\"auto, (max-width: 1024px) 100vw, 1024px\" \/><figcaption class=\"wp-element-caption\">Depilar as pernas em casa exige cuidados<\/figcaption><\/figure>\n\n\n\n<h2 class=\"wp-block-heading\">Como esfoliar e proteger as pernas durante a depila\u00e7\u00e3o<\/h2>\n\n\n\n<p>Na hora de esfoliar, \u00e9 importante escolher produtos e acess\u00f3rios suaves, principalmente para <a href=\"https:\/\/www.youtube.com\/watch?v=dJfqcb4azxI\" target=\"_blank\" rel=\"noreferrer noopener\">peles sens\u00edveis<\/a>. O ideal \u00e9 aplicar com movimentos circulares delicados, sem exagerar na for\u00e7a, para n\u00e3o irritar a pele antes da depila\u00e7\u00e3o.<\/p>\n\n\n\n<p>Entre as op\u00e7\u00f5es mais usadas para esfoliar e preparar as pernas, vale considerar:<\/p>\n\n\n\n<ul class=\"wp-block-list\">\n<li>Esfoliantes corporais suaves, com gr\u00e2nulos finos, aplicados com movimentos circulares.<\/li>\n\n\n\n<li>Esponjas ou luvas de banho espec\u00edficas, usadas com modera\u00e7\u00e3o para evitar vermelhid\u00e3o.<\/li>\n\n\n\n<li>Produtos com ingredientes calmantes, como aveia ou aloe vera, que reduzem o risco de irrita\u00e7\u00e3o.<\/li>\n<\/ul>\n\n\n\n<h2 class=\"wp-block-heading\">Como depilar as pernas corretamente e reduzir cortes e irrita\u00e7\u00f5es<\/h2>\n\n\n\n<p>Para depilar as pernas sem cortes, \u00e9 fundamental usar um produto espec\u00edfico para barbear ou depilar, como cremes ou g\u00e9is que formam uma camada protetora entre a pele e a l\u00e2mina. Diferente do sabonete comum, esses produtos reduzem o atrito, evitam ressecamento intenso e melhoram a visualiza\u00e7\u00e3o das \u00e1reas j\u00e1 depiladas.<\/p>\n\n\n\n<p>Tamb\u00e9m \u00e9 importante manter o aparelho de barbear em bom estado, com l\u00e2minas limpas e afiadas, e fazer movimentos suaves, sem pressionar demais. Sempre que poss\u00edvel, respeite o sentido de crescimento dos pelos, principalmente em peles sens\u00edveis, para diminuir irrita\u00e7\u00f5es e pelos que voltam a crescer para dentro.<\/p>\n\n\n\n<h2 class=\"wp-block-heading\">Como escolher o aparelho de barbear e cuidar da pele depois da depila\u00e7\u00e3o<\/h2>\n\n\n\n<p>A escolha do aparelho influencia diretamente o conforto e o resultado da depila\u00e7\u00e3o das pernas. Modelos com mais de uma l\u00e2mina, cabe\u00e7a m\u00f3vel e boa ergonomia distribuem melhor a press\u00e3o sobre a pele; al\u00e9m disso, trocar as l\u00e2minas com frequ\u00eancia evita que elas arranhem, causem cortes e aumentem a vermelhid\u00e3o.<\/p>\n\n\n\n<p>Ap\u00f3s depilar, enx\u00e1gue bem as pernas, seque com toques suaves e aplique uma lo\u00e7\u00e3o hidratante ou produto calmante sem \u00e1lcool. Evite roupas muito apertadas nas horas seguintes e use protetor solar durante o dia, j\u00e1 que a pele rec\u00e9m-depilada fica mais sens\u00edvel e propensa a manchas e ard\u00eancia.<\/p>\n\n\n\n<!-- INFOGR\u00c1FICO-GUIA | DEPILA\u00c7\u00c3O SEM CORTES -->\n<section style=\"max-width:780px;margin:auto;font-family:Inter,Segoe UI,Arial,sans-serif;\">\n\n  <!-- TOPO \/ T\u00cdTULO -->\n  <div style=\"background:#ff7a5a;padding:24px 26px;border-radius:26px 26px 0 0;\">\n    <h2 style=\"margin:0;font-size:26px;font-weight:800;color:#fff5f1;\">\n      Guia pr\u00e1tico para depilar sem cortes e irrita\u00e7\u00f5es\n    <\/h2>\n    <p style=\"margin-top:8px;font-size:15px;color:#ffe3db;\">\n      Pequenos cuidados que fazem grande diferen\u00e7a na sa\u00fade da pele\n    <\/p>\n  <\/div>\n\n  <!-- CONTE\u00daDO DO INFOGR\u00c1FICO -->\n  <div style=\"background:#fff1eb;padding:24px;border-radius:0 0 26px 26px;\">\n\n    <!-- ETAPA 1 -->\n    <div style=\"display:flex;gap:16px;margin-bottom:18px;\">\n      <div style=\"min-width:52px;height:52px;border-radius:50%;background:#ff7a5a;color:#fff5f1;display:flex;align-items:center;justify-content:center;font-weight:800;font-size:20px;\">\n        1\n      <\/div>\n      <div>\n        <h3 style=\"margin:0 0 6px 0;font-size:18px;font-weight:700;color:#d65a42;\">\n          Esfolie antes de depilar\n        <\/h3>\n        <p style=\"margin:0;color:#7b4a41;font-size:15px;line-height:1.5;\">\n          A esfolia\u00e7\u00e3o remove c\u00e9lulas mortas, solta pelos encravados invis\u00edveis e deixa a pele mais macia, facilitando o deslizamento da l\u00e2mina e reduzindo cortes e arranh\u00f5es.\n        <\/p>\n      <\/div>\n    <\/div>\n\n    <!-- ETAPA 2 -->\n    <div style=\"display:flex;gap:16px;margin-bottom:18px;\">\n      <div style=\"min-width:52px;height:52px;border-radius:50%;background:#ff7a5a;color:#fff5f1;display:flex;align-items:center;justify-content:center;font-weight:800;font-size:20px;\">\n        2\n      <\/div>\n      <div>\n        <h3 style=\"margin:0 0 6px 0;font-size:18px;font-weight:700;color:#d65a42;\">\n          Use creme de barbear masculino\n        <\/h3>\n        <p style=\"margin:0;color:#7b4a41;font-size:15px;line-height:1.5;\">\n          Apesar do marketing, cremes de barbear masculinos costumam ter melhor lubrifica\u00e7\u00e3o e prote\u00e7\u00e3o, reduzindo atrito, irrita\u00e7\u00e3o e cortes na pele.\n        <\/p>\n      <\/div>\n    <\/div>\n\n    <!-- ETAPA 3 -->\n    <div style=\"display:flex;gap:16px;margin-bottom:18px;\">\n      <div style=\"min-width:52px;height:52px;border-radius:50%;background:#ff7a5a;color:#fff5f1;display:flex;align-items:center;justify-content:center;font-weight:800;font-size:20px;\">\n        3\n      <\/div>\n      <div>\n        <h3 style=\"margin:0 0 6px 0;font-size:18px;font-weight:700;color:#d65a42;\">\n          Evite usar sabonete como creme\n        <\/h3>\n        <p style=\"margin:0;color:#7b4a41;font-size:15px;line-height:1.5;\">\n          O sabonete em barra resseca a pele e sua espuma dificulta visualizar \u00e1reas j\u00e1 depiladas, aumentando o risco de passar a l\u00e2mina v\u00e1rias vezes no mesmo local.\n        <\/p>\n      <\/div>\n    <\/div>\n\n    <!-- ETAPA 4 -->\n    <div style=\"display:flex;gap:16px;margin-bottom:18px;\">\n      <div style=\"min-width:52px;height:52px;border-radius:50%;background:#ff7a5a;color:#fff5f1;display:flex;align-items:center;justify-content:center;font-weight:800;font-size:20px;\">\n        4\n      <\/div>\n      <div>\n        <h3 style=\"margin:0 0 6px 0;font-size:18px;font-weight:700;color:#d65a42;\">\n          Prefira l\u00e2minas masculinas ou barbeadores el\u00e9tricos\n        <\/h3>\n        <p style=\"margin:0;color:#7b4a41;font-size:15px;line-height:1.5;\">\n          L\u00e2minas masculinas duram mais, cortam melhor e s\u00e3o mais eficientes. As el\u00e9tricas tamb\u00e9m reduzem o risco de cortes, especialmente em peles sens\u00edveis.\n        <\/p>\n      <\/div>\n    <\/div>\n\n    <!-- ETAPA 5 -->\n    <div style=\"display:flex;gap:16px;\">\n      <div style=\"min-width:52px;height:52px;border-radius:50%;background:#ff7a5a;color:#fff5f1;display:flex;align-items:center;justify-content:center;font-weight:800;font-size:20px;\">\n        5\n      <\/div>\n      <div>\n        <h3 style=\"margin:0 0 6px 0;font-size:18px;font-weight:700;color:#d65a42;\">\n          Nunca depile a pele a seco\n        <\/h3>\n        <p style=\"margin:0;color:#7b4a41;font-size:15px;line-height:1.5;\">\n          Os piores cortes acontecem com poros fechados. Se n\u00e3o for poss\u00edvel molhar a \u00e1rea, aplique uma toalha morna e \u00famida por 5 minutos para abrir os poros e evitar que a l\u00e2mina puxe a pele.\n        <\/p>\n      <\/div>\n    <\/div>\n\n    <!-- FECHAMENTO -->\n    <div style=\"margin-top:22px;padding:14px 16px;border-radius:14px;background:#ffe4dc;\">\n      <p style=\"margin:0;font-size:14px;color:#8a5248;\">\n        \u2728 Depilar sem pressa, com a pele preparada e produtos adequados, reduz drasticamente cortes, ard\u00eancia e irrita\u00e7\u00e3o.\n      <\/p>\n    <\/div>\n\n  <\/div>\n<\/section>\n\n\n\n\n<h2 class=\"wp-block-heading\">Como manter as pernas macias por mais tempo e quando agir com mais cuidado<\/h2>\n\n\n\n<p>Para prolongar a sensa\u00e7\u00e3o de maciez, mantenha uma rotina simples de limpeza, esfolia\u00e7\u00e3o leve e hidrata\u00e7\u00e3o di\u00e1ria, ajustando a frequ\u00eancia da depila\u00e7\u00e3o para n\u00e3o agredir a pele em intervalos muito curtos. Observe sempre como sua pele reage a cada produto e t\u00e9cnica, adaptando o processo \u00e0s suas necessidades individuais.<\/p>\n\n\n\n<p>Se voc\u00ea est\u00e1 cansada de lidar com cortes, irrita\u00e7\u00f5es e pelos encravados, comece hoje mesmo a aplicar esses cuidados de prepara\u00e7\u00e3o, prote\u00e7\u00e3o e p\u00f3s-depila\u00e7\u00e3o em todas as sess\u00f5es. N\u00e3o espere a pele piorar: ajuste sua rotina agora, teste novos produtos com aten\u00e7\u00e3o e priorize sua sa\u00fade e conforto para conquistar pernas realmente lisas, bonitas e bem cuidadas em cada depila\u00e7\u00e3o.<\/p>\n","protected":false},"excerpt":{"rendered":"<p>Depilar as pernas em casa faz parte da rotina de muitas mulheres que buscam praticidade, economia e privacidade, mas sem os cuidados certos o processo pode causar irrita\u00e7\u00f5es, cortes, ressecamento e pelos encravados; por isso, entender como preparar a pele, escolher os produtos adequados e cuidar da regi\u00e3o depois da depila\u00e7\u00e3o \u00e9 fundamental para conquistar [&hellip;]<\/p>\n","protected":false},"author":11,"featured_media":161738,"comment_status":"open","ping_status":"open","sticky":false,"template":"","format":"standard","meta":{"jnews-multi-image_gallery":[],"jnews_single_post":{"format":"standard"},"jnews_primary_category":[],"jnews_social_meta":[],"jnews_override_counter":[],"footnotes":""},"categories":[8819,1],"tags":[9895,23679,11712,7728,19124],"class_list":["post-161666","post","type-post","status-publish","format-standard","has-post-thumbnail","hentry","category-curiosidades","category-noticias","tag-depilacao","tag-depilar-as-pernas-em-casa","tag-irritacao","tag-pele-sensivel","tag-pelos-encravados"],"yoast_head":"<!-- This site is optimized with the Yoast SEO plugin v23.8 - https:\/\/yoast.com\/wordpress\/plugins\/seo\/ -->\n<title>Pernas lisas e sem pelos exigem mais do que l\u00e2mina: 5 truques que fazem diferen\u00e7a na depila\u00e7\u00e3o - Estado de Minas - Em foco<\/title>\n<meta name=\"description\" content=\"Depilar as pernas em casa exige cuidados para evitar cortes, irrita\u00e7\u00e3o e pelos encravados. Veja como proteger a pele.\" \/>\n<meta name=\"robots\" content=\"index, follow, max-snippet:-1, max-image-preview:large, max-video-preview:-1\" \/>\n<link rel=\"canonical\" href=\"https:\/\/www.em.com.br\/emfoco\/2026\/01\/30\/pernas-lisas-e-sem-pelos-exigem-mais-do-que-lamina-5-truques-que-fazem-diferenca-na-depilacao\/\" \/>\n<meta property=\"og:locale\" content=\"pt_BR\" \/>\n<meta property=\"og:type\" content=\"article\" \/>\n<meta property=\"og:title\" content=\"Pernas lisas e sem pelos exigem mais do que l\u00e2mina: 5 truques que fazem diferen\u00e7a na depila\u00e7\u00e3o - Estado de Minas - Em foco\" \/>\n<meta property=\"og:description\" content=\"Depilar as pernas em casa exige cuidados para evitar cortes, irrita\u00e7\u00e3o e pelos encravados. Veja como proteger a pele.\" \/>\n<meta property=\"og:url\" content=\"https:\/\/www.em.com.br\/emfoco\/2026\/01\/30\/pernas-lisas-e-sem-pelos-exigem-mais-do-que-lamina-5-truques-que-fazem-diferenca-na-depilacao\/\" \/>\n<meta property=\"og:site_name\" content=\"Estado de Minas - Em foco\" \/>\n<meta property=\"article:published_time\" content=\"2026-01-30T13:25:00+00:00\" \/>\n<meta property=\"article:modified_time\" content=\"2026-01-30T00:36:24+00:00\" \/>\n<meta property=\"og:image\" content=\"https:\/\/www.em.com.br\/emfoco\/wp-content\/uploads\/2026\/01\/ChatGPT-Image-29-de-jan.-de-2026-11_10_57-1.png\" \/>\n\t<meta property=\"og:image:width\" content=\"1280\" \/>\n\t<meta property=\"og:image:height\" content=\"720\" \/>\n\t<meta property=\"og:image:type\" content=\"image\/png\" \/>\n<meta name=\"author\" content=\"Andre\u0301 Rangel\u00a0\" \/>\n<meta name=\"twitter:card\" content=\"summary_large_image\" \/>\n<meta name=\"twitter:label1\" content=\"Escrito por\" \/>\n\t<meta name=\"twitter:data1\" content=\"Andre\u0301 Rangel\u00a0\" \/>\n\t<meta name=\"twitter:label2\" content=\"Est. tempo de leitura\" \/>\n\t<meta name=\"twitter:data2\" content=\"5 minutos\" \/>\n<!-- \/ Yoast SEO plugin. -->","yoast_head_json":{"title":"Pernas lisas e sem pelos exigem mais do que l\u00e2mina: 5 truques que fazem diferen\u00e7a na depila\u00e7\u00e3o - Estado de Minas - Em foco","description":"Depilar as pernas em casa exige cuidados para evitar cortes, irrita\u00e7\u00e3o e pelos encravados. Veja como proteger a pele.","robots":{"index":"index","follow":"follow","max-snippet":"max-snippet:-1","max-image-preview":"max-image-preview:large","max-video-preview":"max-video-preview:-1"},"canonical":"https:\/\/www.em.com.br\/emfoco\/2026\/01\/30\/pernas-lisas-e-sem-pelos-exigem-mais-do-que-lamina-5-truques-que-fazem-diferenca-na-depilacao\/","og_locale":"pt_BR","og_type":"article","og_title":"Pernas lisas e sem pelos exigem mais do que l\u00e2mina: 5 truques que fazem diferen\u00e7a na depila\u00e7\u00e3o - Estado de Minas - Em foco","og_description":"Depilar as pernas em casa exige cuidados para evitar cortes, irrita\u00e7\u00e3o e pelos encravados. Veja como proteger a pele.","og_url":"https:\/\/www.em.com.br\/emfoco\/2026\/01\/30\/pernas-lisas-e-sem-pelos-exigem-mais-do-que-lamina-5-truques-que-fazem-diferenca-na-depilacao\/","og_site_name":"Estado de Minas - Em foco","article_published_time":"2026-01-30T13:25:00+00:00","article_modified_time":"2026-01-30T00:36:24+00:00","og_image":[{"width":1280,"height":720,"url":"https:\/\/www.em.com.br\/emfoco\/wp-content\/uploads\/2026\/01\/ChatGPT-Image-29-de-jan.-de-2026-11_10_57-1.png","type":"image\/png"}],"author":"Andre\u0301 Rangel\u00a0","twitter_card":"summary_large_image","twitter_misc":{"Escrito por":"Andre\u0301 Rangel\u00a0","Est. tempo de leitura":"5 minutos"},"schema":{"@context":"https:\/\/schema.org","@graph":[{"@type":"WebPage","@id":"https:\/\/www.em.com.br\/emfoco\/2026\/01\/30\/pernas-lisas-e-sem-pelos-exigem-mais-do-que-lamina-5-truques-que-fazem-diferenca-na-depilacao\/","url":"https:\/\/www.em.com.br\/emfoco\/2026\/01\/30\/pernas-lisas-e-sem-pelos-exigem-mais-do-que-lamina-5-truques-que-fazem-diferenca-na-depilacao\/","name":"Pernas lisas e sem pelos exigem mais do que l\u00e2mina: 5 truques que fazem diferen\u00e7a na depila\u00e7\u00e3o - Estado de Minas - Em foco","isPartOf":{"@id":"https:\/\/www.em.com.br\/emfoco\/#website"},"primaryImageOfPage":{"@id":"https:\/\/www.em.com.br\/emfoco\/2026\/01\/30\/pernas-lisas-e-sem-pelos-exigem-mais-do-que-lamina-5-truques-que-fazem-diferenca-na-depilacao\/#primaryimage"},"image":{"@id":"https:\/\/www.em.com.br\/emfoco\/2026\/01\/30\/pernas-lisas-e-sem-pelos-exigem-mais-do-que-lamina-5-truques-que-fazem-diferenca-na-depilacao\/#primaryimage"},"thumbnailUrl":"https:\/\/www.em.com.br\/emfoco\/wp-content\/uploads\/2026\/01\/ChatGPT-Image-29-de-jan.-de-2026-11_10_57-1.png","datePublished":"2026-01-30T13:25:00+00:00","dateModified":"2026-01-30T00:36:24+00:00","author":{"@id":"https:\/\/www.em.com.br\/emfoco\/#\/schema\/person\/60eda09c1fedf0d6891f4cef4b60b8b8"},"description":"Depilar as pernas em casa exige cuidados para evitar cortes, irrita\u00e7\u00e3o e pelos encravados. Veja como proteger a pele.","breadcrumb":{"@id":"https:\/\/www.em.com.br\/emfoco\/2026\/01\/30\/pernas-lisas-e-sem-pelos-exigem-mais-do-que-lamina-5-truques-que-fazem-diferenca-na-depilacao\/#breadcrumb"},"inLanguage":"pt-BR","potentialAction":[{"@type":"ReadAction","target":["https:\/\/www.em.com.br\/emfoco\/2026\/01\/30\/pernas-lisas-e-sem-pelos-exigem-mais-do-que-lamina-5-truques-que-fazem-diferenca-na-depilacao\/"]}]},{"@type":"ImageObject","inLanguage":"pt-BR","@id":"https:\/\/www.em.com.br\/emfoco\/2026\/01\/30\/pernas-lisas-e-sem-pelos-exigem-mais-do-que-lamina-5-truques-que-fazem-diferenca-na-depilacao\/#primaryimage","url":"https:\/\/www.em.com.br\/emfoco\/wp-content\/uploads\/2026\/01\/ChatGPT-Image-29-de-jan.-de-2026-11_10_57-1.png","contentUrl":"https:\/\/www.em.com.br\/emfoco\/wp-content\/uploads\/2026\/01\/ChatGPT-Image-29-de-jan.-de-2026-11_10_57-1.png","width":1280,"height":720,"caption":"Depilar as pernas em casa exige cuidados"},{"@type":"BreadcrumbList","@id":"https:\/\/www.em.com.br\/emfoco\/2026\/01\/30\/pernas-lisas-e-sem-pelos-exigem-mais-do-que-lamina-5-truques-que-fazem-diferenca-na-depilacao\/#breadcrumb","itemListElement":[{"@type":"ListItem","position":1,"name":"In\u00edcio","item":"https:\/\/www.em.com.br\/emfoco\/"},{"@type":"ListItem","position":2,"name":"Pernas lisas e sem pelos exigem mais do que l\u00e2mina: 5 truques que fazem diferen\u00e7a na depila\u00e7\u00e3o"}]},{"@type":"WebSite","@id":"https:\/\/www.em.com.br\/emfoco\/#website","url":"https:\/\/www.em.com.br\/emfoco\/","name":"Estado de Minas - Em foco","description":"Acompanhe as \u00faltimas not\u00edcias e fique bem informado sobre tudo o que acontece em Minas Gerais, Brasil e no mundo.","potentialAction":[{"@type":"SearchAction","target":{"@type":"EntryPoint","urlTemplate":"https:\/\/www.em.com.br\/emfoco\/?s={search_term_string}"},"query-input":{"@type":"PropertyValueSpecification","valueRequired":true,"valueName":"search_term_string"}}],"inLanguage":"pt-BR"},{"@type":"Person","@id":"https:\/\/www.em.com.br\/emfoco\/#\/schema\/person\/60eda09c1fedf0d6891f4cef4b60b8b8","name":"Andre\u0301 Rangel\u00a0","image":{"@type":"ImageObject","inLanguage":"pt-BR","@id":"https:\/\/www.em.com.br\/emfoco\/#\/schema\/person\/image\/","url":"https:\/\/secure.gravatar.com\/avatar\/6234dc814c77c8ef6d8bba622c787efc?s=96&d=mm&r=g","contentUrl":"https:\/\/secure.gravatar.com\/avatar\/6234dc814c77c8ef6d8bba622c787efc?s=96&d=mm&r=g","caption":"Andre\u0301 Rangel\u00a0"},"url":"https:\/\/www.em.com.br\/emfoco\/author\/luizmyth\/"}]}},"_links":{"self":[{"href":"https:\/\/www.em.com.br\/emfoco\/wp-json\/wp\/v2\/posts\/161666","targetHints":{"allow":["GET"]}}],"collection":[{"href":"https:\/\/www.em.com.br\/emfoco\/wp-json\/wp\/v2\/posts"}],"about":[{"href":"https:\/\/www.em.com.br\/emfoco\/wp-json\/wp\/v2\/types\/post"}],"author":[{"embeddable":true,"href":"https:\/\/www.em.com.br\/emfoco\/wp-json\/wp\/v2\/users\/11"}],"replies":[{"embeddable":true,"href":"https:\/\/www.em.com.br\/emfoco\/wp-json\/wp\/v2\/comments?post=161666"}],"version-history":[{"count":2,"href":"https:\/\/www.em.com.br\/emfoco\/wp-json\/wp\/v2\/posts\/161666\/revisions"}],"predecessor-version":[{"id":161746,"href":"https:\/\/www.em.com.br\/emfoco\/wp-json\/wp\/v2\/posts\/161666\/revisions\/161746"}],"wp:featuredmedia":[{"embeddable":true,"href":"https:\/\/www.em.com.br\/emfoco\/wp-json\/wp\/v2\/media\/161738"}],"wp:attachment":[{"href":"https:\/\/www.em.com.br\/emfoco\/wp-json\/wp\/v2\/media?parent=161666"}],"wp:term":[{"taxonomy":"category","embeddable":true,"href":"https:\/\/www.em.com.br\/emfoco\/wp-json\/wp\/v2\/categories?post=161666"},{"taxonomy":"post_tag","embeddable":true,"href":"https:\/\/www.em.com.br\/emfoco\/wp-json\/wp\/v2\/tags?post=161666"}],"curies":[{"name":"wp","href":"https:\/\/api.w.org\/{rel}","templated":true}]}}