{"id":161647,"date":"2026-02-01T21:45:00","date_gmt":"2026-02-02T00:45:00","guid":{"rendered":"https:\/\/www.em.com.br\/emfoco\/?p=161647"},"modified":"2026-01-29T11:25:25","modified_gmt":"2026-01-29T14:25:25","slug":"teve-qualquer-sequela-apos-acidente-voce-pode-receber-um-salario-extra-do-inss-sem-parar-de-trabalhar-e-nem-sabia-disso","status":"publish","type":"post","link":"https:\/\/www.em.com.br\/emfoco\/2026\/02\/01\/teve-qualquer-sequela-apos-acidente-voce-pode-receber-um-salario-extra-do-inss-sem-parar-de-trabalhar-e-nem-sabia-disso\/","title":{"rendered":"Teve qualquer sequela ap\u00f3s acidente? Voc\u00ea pode receber um sal\u00e1rio extra do INSS sem parar de trabalhar e nem sabia disso"},"content":{"rendered":"\n<h2 class=\"wp-block-heading\">Aux\u00edlio-acidente \u00e9 benef\u00edcio indenizat\u00f3rio do INSS pago a quem mant\u00e9m sequela permanente que reduza a capacidade laboral. Valor corresponde a 50% da m\u00e9dia contributiva, pode gerar atrasados e \u00e9 pago at\u00e9 a aposentadoria.<\/h2>\n\n\n\n<p>Quem sofreu um acidente e ficou com qualquer sequela permanente pode ter direito a um <strong>sal\u00e1rio extra do INSS<\/strong>. Em 2026, o entendimento est\u00e1 consolidado: n\u00e3o importa se a les\u00e3o \u00e9 pequena. Havendo redu\u00e7\u00e3o da capacidade de trabalho, o Aux\u00edlio-Acidente \u00e9 devido.<\/p>\n\n\n\n<h2 class=\"wp-block-heading\">O que \u00e9 o aux\u00edlio-acidente e qual sua fun\u00e7\u00e3o?<\/h2>\n\n\n\n<p>O <strong>aux\u00edlio-acidente<\/strong> \u00e9 um benef\u00edcio de natureza indenizat\u00f3ria pago ao segurado que, ap\u00f3s um acidente, ficou com sequela permanente que reduziu sua capacidade laboral, mesmo que continue trabalhando normalmente.<\/p>\n\n\n\n<p>Diferente de benef\u00edcios substitutivos, ele n\u00e3o exige afastamento do emprego nem substitui o sal\u00e1rio. Trata-se de uma compensa\u00e7\u00e3o mensal paga pelo INSS pelo preju\u00edzo funcional causado pelo acidente.<\/p>\n\n\n\n<figure class=\"wp-block-image size-large\"><img loading=\"lazy\" decoding=\"async\" width=\"1024\" height=\"576\" src=\"https:\/\/www.em.com.br\/emfoco\/wp-content\/uploads\/2026\/01\/ai-28-2-1024x576.jpg\" alt=\"Teve qualquer sequela ap\u00f3s acidente? Voc\u00ea pode receber um sal\u00e1rio extra do INSS sem parar de trabalhar e nem sabia disso\" class=\"wp-image-161760\" srcset=\"https:\/\/www.em.com.br\/emfoco\/wp-content\/uploads\/2026\/01\/ai-28-2-1024x576.jpg 1024w, https:\/\/www.em.com.br\/emfoco\/wp-content\/uploads\/2026\/01\/ai-28-2-300x169.jpg 300w, https:\/\/www.em.com.br\/emfoco\/wp-content\/uploads\/2026\/01\/ai-28-2-768x432.jpg 768w, https:\/\/www.em.com.br\/emfoco\/wp-content\/uploads\/2026\/01\/ai-28-2-750x422.jpg 750w, https:\/\/www.em.com.br\/emfoco\/wp-content\/uploads\/2026\/01\/ai-28-2-1140x641.jpg 1140w, https:\/\/www.em.com.br\/emfoco\/wp-content\/uploads\/2026\/01\/ai-28-2.jpg 1280w\" sizes=\"auto, (max-width: 1024px) 100vw, 1024px\" \/><figcaption class=\"wp-element-caption\">Benef\u00edcio indenizat\u00f3rio compensa redu\u00e7\u00e3o da capacidade laboral sem afastar do trabalho<\/figcaption><\/figure>\n\n\n\n<h2 class=\"wp-block-heading\">Quais s\u00e3o as principais caracter\u00edsticas do benef\u00edcio?<\/h2>\n\n\n\n<p>O aux\u00edlio-acidente possui regras pr\u00f3prias e vantagens pouco conhecidas, que fazem diferen\u00e7a na renda do segurado, como voc\u00ea v\u00ea a seguir.<\/p>\n\n\n\n<ul class=\"wp-block-list\">\n<li><strong>Natureza indenizat\u00f3ria<\/strong>: o segurado continua trabalhando e recebe o benef\u00edcio.<\/li>\n\n\n\n<li><strong>Dura\u00e7\u00e3o prolongada<\/strong>: o pagamento segue at\u00e9 a v\u00e9spera da aposentadoria.<\/li>\n\n\n\n<li><strong>Les\u00e3o m\u00ednima<\/strong>: qualquer redu\u00e7\u00e3o funcional comprovada gera direito.<\/li>\n<\/ul>\n\n\n\n<h2 class=\"wp-block-heading\">Como \u00e9 feito o c\u00e1lculo do valor mensal?<\/h2>\n\n\n\n<p>O valor do benef\u00edcio corresponde a <strong>50% da m\u00e9dia das contribui\u00e7\u00f5es<\/strong> que serviriam de base para uma aposentadoria por incapacidade permanente, seguindo a legisla\u00e7\u00e3o previdenci\u00e1ria vigente.<\/p>\n\n\n\n<p>Al\u00e9m do pagamento mensal, o valor do aux\u00edlio-acidente integra o c\u00e1lculo da futura aposentadoria, aumentando o benef\u00edcio final, o que o torna estrat\u00e9gico no planejamento previdenci\u00e1rio do segurado.<\/p>\n\n\n\n<figure class=\"wp-block-image size-large\"><img loading=\"lazy\" decoding=\"async\" width=\"1024\" height=\"576\" src=\"https:\/\/www.em.com.br\/emfoco\/wp-content\/uploads\/2026\/01\/ai-29-2-1024x576.jpg\" alt=\"Teve qualquer sequela ap\u00f3s acidente? Voc\u00ea pode receber um sal\u00e1rio extra do INSS sem parar de trabalhar e nem sabia disso\" class=\"wp-image-161764\" srcset=\"https:\/\/www.em.com.br\/emfoco\/wp-content\/uploads\/2026\/01\/ai-29-2-1024x576.jpg 1024w, https:\/\/www.em.com.br\/emfoco\/wp-content\/uploads\/2026\/01\/ai-29-2-300x169.jpg 300w, https:\/\/www.em.com.br\/emfoco\/wp-content\/uploads\/2026\/01\/ai-29-2-768x432.jpg 768w, https:\/\/www.em.com.br\/emfoco\/wp-content\/uploads\/2026\/01\/ai-29-2-750x422.jpg 750w, https:\/\/www.em.com.br\/emfoco\/wp-content\/uploads\/2026\/01\/ai-29-2-1140x641.jpg 1140w, https:\/\/www.em.com.br\/emfoco\/wp-content\/uploads\/2026\/01\/ai-29-2.jpg 1280w\" sizes=\"auto, (max-width: 1024px) 100vw, 1024px\" \/><figcaption class=\"wp-element-caption\">Valor mensal corresponde a cinquenta por cento da m\u00e9dia das contribui\u00e7\u00f5es<\/figcaption><\/figure>\n\n\n\n<p><em>Leia mais: <em><strong><a href=\"https:\/\/www.em.com.br\/emfoco\/2026\/01\/28\/trabalhar-de-madrugada-da-direito-a-mais-que-20-no-salario-e-ainda-tem-calculo-escondido-que-quase-ninguem-recebe\/\" target=\"_blank\" rel=\"noreferrer noopener\">Trabalhar de madrugada d\u00e1 direito a mais que 20% no sal\u00e1rio e ainda tem c\u00e1lculo escondido que quase ningu\u00e9m recebe<\/a><\/strong><\/em><\/em><\/p>\n\n\n\n<h2 class=\"wp-block-heading\">\u00c9 poss\u00edvel receber valores atrasados do aux\u00edlio-acidente?<\/h2>\n\n\n\n<p>Muitos segurados s\u00f3 descobrem o direito anos ap\u00f3s o acidente. Quando isso ocorre, \u00e9 poss\u00edvel solicitar os <strong><a href=\"https:\/\/almeidaematos.com.br\/como-calcular-retroativo-de-auxilio-acidente\/\" target=\"_blank\" rel=\"noreferrer noopener\">valores retroativos<\/a><\/strong>, desde que fique comprovado que a sequela j\u00e1 existia.<\/p>\n\n\n\n<p>A Justi\u00e7a tem reconhecido como marco inicial, em regra, o dia seguinte ao fim do aux\u00edlio-doen\u00e7a ou \u00e0 consolida\u00e7\u00e3o da les\u00e3o, com pagamento retroativo corrigido e acrescido de juros.<\/p>\n\n\n\n<h2 class=\"wp-block-heading\">Quem tem direito ao aux\u00edlio-acidente em 2026?<\/h2>\n\n\n\n<p>O benef\u00edcio n\u00e3o \u00e9 universal e depende da categoria de filia\u00e7\u00e3o ao INSS, conforme listado abaixo.<\/p>\n\n\n\n<ul class=\"wp-block-list\">\n<li><strong>Empregados com carteira assinada<\/strong>: urbanos e rurais.<\/li>\n\n\n\n<li><strong>Trabalhadores avulsos e segurados especiais<\/strong>: incluindo produtores rurais.<\/li>\n\n\n\n<li><strong>Empregados dom\u00e9sticos<\/strong>: desde que comprovada a sequela.<\/li>\n<\/ul>\n\n\n\n<p>Contribuintes individuais e facultativos continuam exclu\u00eddos do aux\u00edlio-acidente, limita\u00e7\u00e3o legal que segue gerando debates e a\u00e7\u00f5es judiciais no sistema previdenci\u00e1rio.<\/p>\n","protected":false},"excerpt":{"rendered":"<p>Aux\u00edlio-acidente \u00e9 benef\u00edcio indenizat\u00f3rio do INSS pago a quem mant\u00e9m sequela permanente que reduza a capacidade laboral. Valor corresponde a 50% da m\u00e9dia contributiva, pode gerar atrasados e \u00e9 pago at\u00e9 a aposentadoria. Quem sofreu um acidente e ficou com qualquer sequela permanente pode ter direito a um sal\u00e1rio extra do INSS. Em 2026, o [&hellip;]<\/p>\n","protected":false},"author":13,"featured_media":161759,"comment_status":"open","ping_status":"open","sticky":false,"template":"","format":"standard","meta":{"jnews-multi-image_gallery":[],"jnews_single_post":{"format":"standard"},"jnews_primary_category":[],"jnews_social_meta":[],"jnews_override_counter":[],"footnotes":""},"categories":[28],"tags":[21489,259,174,2108],"class_list":["post-161647","post","type-post","status-publish","format-standard","has-post-thumbnail","hentry","category-economia","tag-auxilio-acidente-2","tag-beneficio","tag-inss","tag-renda-extra"],"yoast_head":"<!-- This site is optimized with the Yoast SEO plugin v23.8 - https:\/\/yoast.com\/wordpress\/plugins\/seo\/ -->\n<title>Teve qualquer sequela ap\u00f3s acidente? Voc\u00ea pode receber um sal\u00e1rio extra do INSS sem parar de trabalhar e nem sabia disso - Estado de Minas - Em foco<\/title>\n<meta name=\"description\" content=\"Quem teve acidente com qualquer sequela pode receber sal\u00e1rio extra do INSS. O benef\u00edcio vale mesmo para quem segue trabalhando.\" \/>\n<meta name=\"robots\" content=\"index, follow, max-snippet:-1, max-image-preview:large, max-video-preview:-1\" \/>\n<link rel=\"canonical\" href=\"https:\/\/www.em.com.br\/emfoco\/2026\/02\/01\/teve-qualquer-sequela-apos-acidente-voce-pode-receber-um-salario-extra-do-inss-sem-parar-de-trabalhar-e-nem-sabia-disso\/\" \/>\n<meta property=\"og:locale\" content=\"pt_BR\" \/>\n<meta property=\"og:type\" content=\"article\" \/>\n<meta property=\"og:title\" content=\"Teve qualquer sequela ap\u00f3s acidente? Voc\u00ea pode receber um sal\u00e1rio extra do INSS sem parar de trabalhar e nem sabia disso - Estado de Minas - Em foco\" \/>\n<meta property=\"og:description\" content=\"Quem teve acidente com qualquer sequela pode receber sal\u00e1rio extra do INSS. O benef\u00edcio vale mesmo para quem segue trabalhando.\" \/>\n<meta property=\"og:url\" content=\"https:\/\/www.em.com.br\/emfoco\/2026\/02\/01\/teve-qualquer-sequela-apos-acidente-voce-pode-receber-um-salario-extra-do-inss-sem-parar-de-trabalhar-e-nem-sabia-disso\/\" \/>\n<meta property=\"og:site_name\" content=\"Estado de Minas - Em foco\" \/>\n<meta property=\"article:published_time\" content=\"2026-02-02T00:45:00+00:00\" \/>\n<meta property=\"article:modified_time\" content=\"2026-01-29T14:25:25+00:00\" \/>\n<meta property=\"og:image\" content=\"https:\/\/www.em.com.br\/emfoco\/wp-content\/uploads\/2026\/01\/ai-27-2.jpg\" \/>\n\t<meta property=\"og:image:width\" content=\"1280\" \/>\n\t<meta property=\"og:image:height\" content=\"720\" \/>\n\t<meta property=\"og:image:type\" content=\"image\/jpeg\" \/>\n<meta name=\"author\" content=\"Gabriel Martins\" \/>\n<meta name=\"twitter:card\" content=\"summary_large_image\" \/>\n<meta name=\"twitter:label1\" content=\"Escrito por\" \/>\n\t<meta name=\"twitter:data1\" content=\"Gabriel Martins\" \/>\n\t<meta name=\"twitter:label2\" content=\"Est. tempo de leitura\" \/>\n\t<meta name=\"twitter:data2\" content=\"3 minutos\" \/>\n<!-- \/ Yoast SEO plugin. -->","yoast_head_json":{"title":"Teve qualquer sequela ap\u00f3s acidente? Voc\u00ea pode receber um sal\u00e1rio extra do INSS sem parar de trabalhar e nem sabia disso - Estado de Minas - Em foco","description":"Quem teve acidente com qualquer sequela pode receber sal\u00e1rio extra do INSS. O benef\u00edcio vale mesmo para quem segue trabalhando.","robots":{"index":"index","follow":"follow","max-snippet":"max-snippet:-1","max-image-preview":"max-image-preview:large","max-video-preview":"max-video-preview:-1"},"canonical":"https:\/\/www.em.com.br\/emfoco\/2026\/02\/01\/teve-qualquer-sequela-apos-acidente-voce-pode-receber-um-salario-extra-do-inss-sem-parar-de-trabalhar-e-nem-sabia-disso\/","og_locale":"pt_BR","og_type":"article","og_title":"Teve qualquer sequela ap\u00f3s acidente? Voc\u00ea pode receber um sal\u00e1rio extra do INSS sem parar de trabalhar e nem sabia disso - Estado de Minas - Em foco","og_description":"Quem teve acidente com qualquer sequela pode receber sal\u00e1rio extra do INSS. O benef\u00edcio vale mesmo para quem segue trabalhando.","og_url":"https:\/\/www.em.com.br\/emfoco\/2026\/02\/01\/teve-qualquer-sequela-apos-acidente-voce-pode-receber-um-salario-extra-do-inss-sem-parar-de-trabalhar-e-nem-sabia-disso\/","og_site_name":"Estado de Minas - Em foco","article_published_time":"2026-02-02T00:45:00+00:00","article_modified_time":"2026-01-29T14:25:25+00:00","og_image":[{"width":1280,"height":720,"url":"https:\/\/www.em.com.br\/emfoco\/wp-content\/uploads\/2026\/01\/ai-27-2.jpg","type":"image\/jpeg"}],"author":"Gabriel Martins","twitter_card":"summary_large_image","twitter_misc":{"Escrito por":"Gabriel Martins","Est. tempo de leitura":"3 minutos"},"schema":{"@context":"https:\/\/schema.org","@graph":[{"@type":"WebPage","@id":"https:\/\/www.em.com.br\/emfoco\/2026\/02\/01\/teve-qualquer-sequela-apos-acidente-voce-pode-receber-um-salario-extra-do-inss-sem-parar-de-trabalhar-e-nem-sabia-disso\/","url":"https:\/\/www.em.com.br\/emfoco\/2026\/02\/01\/teve-qualquer-sequela-apos-acidente-voce-pode-receber-um-salario-extra-do-inss-sem-parar-de-trabalhar-e-nem-sabia-disso\/","name":"Teve qualquer sequela ap\u00f3s acidente? Voc\u00ea pode receber um sal\u00e1rio extra do INSS sem parar de trabalhar e nem sabia disso - Estado de Minas - Em foco","isPartOf":{"@id":"https:\/\/www.em.com.br\/emfoco\/#website"},"primaryImageOfPage":{"@id":"https:\/\/www.em.com.br\/emfoco\/2026\/02\/01\/teve-qualquer-sequela-apos-acidente-voce-pode-receber-um-salario-extra-do-inss-sem-parar-de-trabalhar-e-nem-sabia-disso\/#primaryimage"},"image":{"@id":"https:\/\/www.em.com.br\/emfoco\/2026\/02\/01\/teve-qualquer-sequela-apos-acidente-voce-pode-receber-um-salario-extra-do-inss-sem-parar-de-trabalhar-e-nem-sabia-disso\/#primaryimage"},"thumbnailUrl":"https:\/\/www.em.com.br\/emfoco\/wp-content\/uploads\/2026\/01\/ai-27-2.jpg","datePublished":"2026-02-02T00:45:00+00:00","dateModified":"2026-01-29T14:25:25+00:00","author":{"@id":"https:\/\/www.em.com.br\/emfoco\/#\/schema\/person\/1c9ddeab18b98abeffef834667bcf08a"},"description":"Quem teve acidente com qualquer sequela pode receber sal\u00e1rio extra do INSS. O benef\u00edcio vale mesmo para quem segue trabalhando.","breadcrumb":{"@id":"https:\/\/www.em.com.br\/emfoco\/2026\/02\/01\/teve-qualquer-sequela-apos-acidente-voce-pode-receber-um-salario-extra-do-inss-sem-parar-de-trabalhar-e-nem-sabia-disso\/#breadcrumb"},"inLanguage":"pt-BR","potentialAction":[{"@type":"ReadAction","target":["https:\/\/www.em.com.br\/emfoco\/2026\/02\/01\/teve-qualquer-sequela-apos-acidente-voce-pode-receber-um-salario-extra-do-inss-sem-parar-de-trabalhar-e-nem-sabia-disso\/"]}]},{"@type":"ImageObject","inLanguage":"pt-BR","@id":"https:\/\/www.em.com.br\/emfoco\/2026\/02\/01\/teve-qualquer-sequela-apos-acidente-voce-pode-receber-um-salario-extra-do-inss-sem-parar-de-trabalhar-e-nem-sabia-disso\/#primaryimage","url":"https:\/\/www.em.com.br\/emfoco\/wp-content\/uploads\/2026\/01\/ai-27-2.jpg","contentUrl":"https:\/\/www.em.com.br\/emfoco\/wp-content\/uploads\/2026\/01\/ai-27-2.jpg","width":1280,"height":720,"caption":"Aux\u00edlio-acidente garante renda extra ao segurado com sequela permanente comprovada"},{"@type":"BreadcrumbList","@id":"https:\/\/www.em.com.br\/emfoco\/2026\/02\/01\/teve-qualquer-sequela-apos-acidente-voce-pode-receber-um-salario-extra-do-inss-sem-parar-de-trabalhar-e-nem-sabia-disso\/#breadcrumb","itemListElement":[{"@type":"ListItem","position":1,"name":"In\u00edcio","item":"https:\/\/www.em.com.br\/emfoco\/"},{"@type":"ListItem","position":2,"name":"Teve qualquer sequela ap\u00f3s acidente? Voc\u00ea pode receber um sal\u00e1rio extra do INSS sem parar de trabalhar e nem sabia disso"}]},{"@type":"WebSite","@id":"https:\/\/www.em.com.br\/emfoco\/#website","url":"https:\/\/www.em.com.br\/emfoco\/","name":"Estado de Minas - Em foco","description":"Acompanhe as \u00faltimas not\u00edcias e fique bem informado sobre tudo o que acontece em Minas Gerais, Brasil e no mundo.","potentialAction":[{"@type":"SearchAction","target":{"@type":"EntryPoint","urlTemplate":"https:\/\/www.em.com.br\/emfoco\/?s={search_term_string}"},"query-input":{"@type":"PropertyValueSpecification","valueRequired":true,"valueName":"search_term_string"}}],"inLanguage":"pt-BR"},{"@type":"Person","@id":"https:\/\/www.em.com.br\/emfoco\/#\/schema\/person\/1c9ddeab18b98abeffef834667bcf08a","name":"Gabriel Martins","image":{"@type":"ImageObject","inLanguage":"pt-BR","@id":"https:\/\/www.em.com.br\/emfoco\/#\/schema\/person\/image\/","url":"https:\/\/secure.gravatar.com\/avatar\/f0f1e2efdfd88f1ad2cb08c5c2731e50?s=96&d=mm&r=g","contentUrl":"https:\/\/secure.gravatar.com\/avatar\/f0f1e2efdfd88f1ad2cb08c5c2731e50?s=96&d=mm&r=g","caption":"Gabriel Martins"},"sameAs":["https:\/\/www.em.com.br\/emfoco\/"],"url":"https:\/\/www.em.com.br\/emfoco\/author\/gabrielmartinsmyth\/"}]}},"_links":{"self":[{"href":"https:\/\/www.em.com.br\/emfoco\/wp-json\/wp\/v2\/posts\/161647","targetHints":{"allow":["GET"]}}],"collection":[{"href":"https:\/\/www.em.com.br\/emfoco\/wp-json\/wp\/v2\/posts"}],"about":[{"href":"https:\/\/www.em.com.br\/emfoco\/wp-json\/wp\/v2\/types\/post"}],"author":[{"embeddable":true,"href":"https:\/\/www.em.com.br\/emfoco\/wp-json\/wp\/v2\/users\/13"}],"replies":[{"embeddable":true,"href":"https:\/\/www.em.com.br\/emfoco\/wp-json\/wp\/v2\/comments?post=161647"}],"version-history":[{"count":1,"href":"https:\/\/www.em.com.br\/emfoco\/wp-json\/wp\/v2\/posts\/161647\/revisions"}],"predecessor-version":[{"id":161766,"href":"https:\/\/www.em.com.br\/emfoco\/wp-json\/wp\/v2\/posts\/161647\/revisions\/161766"}],"wp:featuredmedia":[{"embeddable":true,"href":"https:\/\/www.em.com.br\/emfoco\/wp-json\/wp\/v2\/media\/161759"}],"wp:attachment":[{"href":"https:\/\/www.em.com.br\/emfoco\/wp-json\/wp\/v2\/media?parent=161647"}],"wp:term":[{"taxonomy":"category","embeddable":true,"href":"https:\/\/www.em.com.br\/emfoco\/wp-json\/wp\/v2\/categories?post=161647"},{"taxonomy":"post_tag","embeddable":true,"href":"https:\/\/www.em.com.br\/emfoco\/wp-json\/wp\/v2\/tags?post=161647"}],"curies":[{"name":"wp","href":"https:\/\/api.w.org\/{rel}","templated":true}]}}