{"id":161645,"date":"2026-02-01T19:35:00","date_gmt":"2026-02-01T22:35:00","guid":{"rendered":"https:\/\/www.em.com.br\/emfoco\/?p=161645"},"modified":"2026-01-29T11:16:26","modified_gmt":"2026-01-29T14:16:26","slug":"a-caixa-passou-a-cobrar-ate-r-350-por-saque-apos-o-4o-no-mes-e-milhares-de-clientes-ja-sentem-o-peso-da-nova-cobranca","status":"publish","type":"post","link":"https:\/\/www.em.com.br\/emfoco\/2026\/02\/01\/a-caixa-passou-a-cobrar-ate-r-350-por-saque-apos-o-4o-no-mes-e-milhares-de-clientes-ja-sentem-o-peso-da-nova-cobranca\/","title":{"rendered":"A Caixa passou a cobrar at\u00e9 R$ 3,50 por saque ap\u00f3s o 4\u00ba no m\u00eas e milhares de clientes j\u00e1 sentem o peso da nova cobran\u00e7a"},"content":{"rendered":"\n<h2 class=\"wp-block-heading\">Caixa passou a cobrar rigorosamente saques excedentes: at\u00e9 4 gratuitos por m\u00eas; do 5\u00ba em diante, tarifa m\u00e9dia de R$ 3. Limites noturnos caem para cerca de R$ 300; Pix e d\u00e9bito evitam taxas.<\/h2>\n\n\n\n<p>Ir ao caixa eletr\u00f4nico \u201cs\u00f3 para garantir trocado\u201d passou a ter custo real. Em 2026, a <strong>Caixa Econ\u00f4mica Federal<\/strong> aplica com mais rigor limites e tarifas de saque, pressionando clientes a planejar retiradas e migrar para Pix e d\u00e9bito para evitar taxas.<\/p>\n\n\n\n<h2 class=\"wp-block-heading\">O que mudou nas regras de saque da Caixa?<\/h2>\n\n\n\n<p>A mudan\u00e7a n\u00e3o vem de uma nova lei, mas da aplica\u00e7\u00e3o estrita das normas de tarifa\u00e7\u00e3o do <strong><a href=\"https:\/\/www.bcb.gov.br\/\" target=\"_blank\" rel=\"noreferrer noopener\">Banco Central<\/a><\/strong>. A Caixa encerrou isen\u00e7\u00f5es informais e passou a cobrar quando o cliente ultrapassa a cota mensal gratuita.<\/p>\n\n\n\n<p>O objetivo \u00e9 reduzir o uso de <strong>dinheiro f\u00edsico<\/strong>, que tem alto custo log\u00edstico e de seguran\u00e7a, incentivando meios digitais como Pix e cart\u00e3o, hoje priorizados pela institui\u00e7\u00e3o.<\/p>\n\n\n\n<figure class=\"wp-block-image size-large\"><img loading=\"lazy\" decoding=\"async\" width=\"1024\" height=\"576\" src=\"https:\/\/www.em.com.br\/emfoco\/wp-content\/uploads\/2026\/01\/ai-22-2-1024x576.jpg\" alt=\"A Caixa passou a cobrar at\u00e9 R$ 3,50 por saque ap\u00f3s o 4\u00ba no m\u00eas e milhares de clientes j\u00e1 sentem o peso da nova cobran\u00e7a\" class=\"wp-image-161749\" srcset=\"https:\/\/www.em.com.br\/emfoco\/wp-content\/uploads\/2026\/01\/ai-22-2-1024x576.jpg 1024w, https:\/\/www.em.com.br\/emfoco\/wp-content\/uploads\/2026\/01\/ai-22-2-300x169.jpg 300w, https:\/\/www.em.com.br\/emfoco\/wp-content\/uploads\/2026\/01\/ai-22-2-768x432.jpg 768w, https:\/\/www.em.com.br\/emfoco\/wp-content\/uploads\/2026\/01\/ai-22-2-750x422.jpg 750w, https:\/\/www.em.com.br\/emfoco\/wp-content\/uploads\/2026\/01\/ai-22-2-1140x641.jpg 1140w, https:\/\/www.em.com.br\/emfoco\/wp-content\/uploads\/2026\/01\/ai-22-2.jpg 1280w\" sizes=\"auto, (max-width: 1024px) 100vw, 1024px\" \/><figcaption class=\"wp-element-caption\">Fim de isen\u00e7\u00f5es amplia cobran\u00e7a ao ultrapassar cota mensal gratuita<\/figcaption><\/figure>\n\n\n\n<h2 class=\"wp-block-heading\">Quantos saques s\u00e3o gratuitos e quando come\u00e7a a tarifa?<\/h2>\n\n\n\n<p>A regra \u00e9 clara e vale para contas padr\u00e3o. Ap\u00f3s usar a franquia mensal, cada retirada adicional vira despesa, como detalhado a seguir.<\/p>\n\n\n\n<ul class=\"wp-block-list\">\n<li><strong>Franquia mensal<\/strong>: at\u00e9 4 saques gratuitos no m\u00eas.<\/li>\n\n\n\n<li><strong>Tarifa excedente<\/strong>: do 5\u00ba saque em diante, cerca de R$ 3,00 a R$ 3,50 por opera\u00e7\u00e3o.<\/li>\n\n\n\n<li><strong>Tipo de conta<\/strong>: valores variam conforme o pacote contratado.<\/li>\n<\/ul>\n\n\n\n<h2 class=\"wp-block-heading\">Como as tarifas impactam o or\u00e7amento no fim do m\u00eas?<\/h2>\n\n\n\n<p>V\u00e1rios saques pequenos elevam o gasto total. Quem ultrapassa a franquia paga por opera\u00e7\u00e3o, e o ac\u00famulo mensal pode parecer baixo, mas pesa ao longo do ano.<\/p>\n\n\n\n<p>Fazer dez saques mensais, por exemplo, gera cobran\u00e7a em seis deles. Esse custo recorrente corr\u00f3i o <strong>saldo dispon\u00edvel<\/strong> sem que o cliente perceba no dia a dia.<\/p>\n\n\n\n<figure class=\"wp-block-image size-large\"><img loading=\"lazy\" decoding=\"async\" width=\"1024\" height=\"576\" src=\"https:\/\/www.em.com.br\/emfoco\/wp-content\/uploads\/2026\/01\/ai-23-2-1024x576.jpg\" alt=\"A Caixa passou a cobrar at\u00e9 R$ 3,50 por saque ap\u00f3s o 4\u00ba no m\u00eas e milhares de clientes j\u00e1 sentem o peso da nova cobran\u00e7a\" class=\"wp-image-161751\" srcset=\"https:\/\/www.em.com.br\/emfoco\/wp-content\/uploads\/2026\/01\/ai-23-2-1024x576.jpg 1024w, https:\/\/www.em.com.br\/emfoco\/wp-content\/uploads\/2026\/01\/ai-23-2-300x169.jpg 300w, https:\/\/www.em.com.br\/emfoco\/wp-content\/uploads\/2026\/01\/ai-23-2-768x432.jpg 768w, https:\/\/www.em.com.br\/emfoco\/wp-content\/uploads\/2026\/01\/ai-23-2-750x422.jpg 750w, https:\/\/www.em.com.br\/emfoco\/wp-content\/uploads\/2026\/01\/ai-23-2-1140x641.jpg 1140w, https:\/\/www.em.com.br\/emfoco\/wp-content\/uploads\/2026\/01\/ai-23-2.jpg 1280w\" sizes=\"auto, (max-width: 1024px) 100vw, 1024px\" \/><figcaption class=\"wp-element-caption\">Saques repetidos aumentam custos mensais e reduzem saldo dispon\u00edvel<\/figcaption><\/figure>\n\n\n\n<p><em>Leia mais: <em><strong><a href=\"https:\/\/www.em.com.br\/emfoco\/2026\/01\/28\/trabalhar-de-madrugada-da-direito-a-mais-que-20-no-salario-e-ainda-tem-calculo-escondido-que-quase-ninguem-recebe\/\" target=\"_blank\" rel=\"noreferrer noopener\">Trabalhar de madrugada d\u00e1 direito a mais que 20% no sal\u00e1rio e ainda tem c\u00e1lculo escondido que quase ningu\u00e9m recebe<\/a><\/strong><\/em><\/em><\/p>\n\n\n\n<h2 class=\"wp-block-heading\">Quais s\u00e3o os limites de saque durante a noite?<\/h2>\n\n\n\n<p>Para reduzir crimes, a Caixa refor\u00e7ou restri\u00e7\u00f5es no per\u00edodo noturno. Os valores liberados caem de forma significativa fora do hor\u00e1rio comercial, conforme os pontos abaixo.<\/p>\n\n\n\n<ul class=\"wp-block-list\">\n<li><strong>Hor\u00e1rio diurno<\/strong>: limites maiores, definidos pelo perfil do cliente.<\/li>\n\n\n\n<li><strong>Per\u00edodo noturno<\/strong>: teto geralmente fixado em R$ 300 no total.<\/li>\n\n\n\n<li><strong>Seguran\u00e7a<\/strong>: a restri\u00e7\u00e3o vale para autoatendimento e consome a cota mensal.<\/li>\n<\/ul>\n\n\n\n<h2 class=\"wp-block-heading\">Como evitar pagar taxas de saque desnecess\u00e1rias?<\/h2>\n\n\n\n<p>Planejar retiradas faz diferen\u00e7a. Centralizar valores em um \u00fanico saque reduz o n\u00famero de opera\u00e7\u00f5es e preserva a franquia gratuita do m\u00eas.<\/p>\n\n\n\n<p>Alternativas como <strong>Pix<\/strong>, d\u00e9bito e Pix Saque em com\u00e9rcios ajudam a manter dinheiro dispon\u00edvel sem cair nas tarifas, alinhando conveni\u00eancia e economia.<\/p>\n","protected":false},"excerpt":{"rendered":"<p>Caixa passou a cobrar rigorosamente saques excedentes: at\u00e9 4 gratuitos por m\u00eas; do 5\u00ba em diante, tarifa m\u00e9dia de R$ 3. Limites noturnos caem para cerca de R$ 300; Pix e d\u00e9bito evitam taxas. Ir ao caixa eletr\u00f4nico \u201cs\u00f3 para garantir trocado\u201d passou a ter custo real. Em 2026, a Caixa Econ\u00f4mica Federal aplica com [&hellip;]<\/p>\n","protected":false},"author":13,"featured_media":161745,"comment_status":"open","ping_status":"open","sticky":false,"template":"","format":"standard","meta":{"jnews-multi-image_gallery":[],"jnews_single_post":{"format":"standard"},"jnews_primary_category":[],"jnews_social_meta":[],"jnews_override_counter":[],"footnotes":""},"categories":[28],"tags":[1631,23667,1809],"class_list":["post-161645","post","type-post","status-publish","format-standard","has-post-thumbnail","hentry","category-economia","tag-caixa-economica-federal","tag-saques-na-caixa","tag-tarifas"],"yoast_head":"<!-- This site is optimized with the Yoast SEO plugin v23.8 - https:\/\/yoast.com\/wordpress\/plugins\/seo\/ -->\n<title>A Caixa passou a cobrar at\u00e9 R$ 3,50 por saque ap\u00f3s o 4\u00ba no m\u00eas e milhares de clientes j\u00e1 sentem o peso da nova cobran\u00e7a - Estado de Minas - Em foco<\/title>\n<meta name=\"description\" content=\"A Caixa passou a cobrar tarifa por saque extra no m\u00eas e clientes que fazem mais de quatro retiradas j\u00e1 sentem o impacto no bolso.\" \/>\n<meta name=\"robots\" content=\"index, follow, max-snippet:-1, max-image-preview:large, max-video-preview:-1\" \/>\n<link rel=\"canonical\" href=\"https:\/\/www.em.com.br\/emfoco\/2026\/02\/01\/a-caixa-passou-a-cobrar-ate-r-350-por-saque-apos-o-4o-no-mes-e-milhares-de-clientes-ja-sentem-o-peso-da-nova-cobranca\/\" \/>\n<meta property=\"og:locale\" content=\"pt_BR\" \/>\n<meta property=\"og:type\" content=\"article\" \/>\n<meta property=\"og:title\" content=\"A Caixa passou a cobrar at\u00e9 R$ 3,50 por saque ap\u00f3s o 4\u00ba no m\u00eas e milhares de clientes j\u00e1 sentem o peso da nova cobran\u00e7a - Estado de Minas - Em foco\" \/>\n<meta property=\"og:description\" content=\"A Caixa passou a cobrar tarifa por saque extra no m\u00eas e clientes que fazem mais de quatro retiradas j\u00e1 sentem o impacto no bolso.\" \/>\n<meta property=\"og:url\" content=\"https:\/\/www.em.com.br\/emfoco\/2026\/02\/01\/a-caixa-passou-a-cobrar-ate-r-350-por-saque-apos-o-4o-no-mes-e-milhares-de-clientes-ja-sentem-o-peso-da-nova-cobranca\/\" \/>\n<meta property=\"og:site_name\" content=\"Estado de Minas - Em foco\" \/>\n<meta property=\"article:published_time\" content=\"2026-02-01T22:35:00+00:00\" \/>\n<meta property=\"article:modified_time\" content=\"2026-01-29T14:16:26+00:00\" \/>\n<meta property=\"og:image\" content=\"https:\/\/www.em.com.br\/emfoco\/wp-content\/uploads\/2026\/01\/ai-21-2.jpg\" \/>\n\t<meta property=\"og:image:width\" content=\"1280\" \/>\n\t<meta property=\"og:image:height\" content=\"720\" \/>\n\t<meta property=\"og:image:type\" content=\"image\/jpeg\" \/>\n<meta name=\"author\" content=\"Gabriel Martins\" \/>\n<meta name=\"twitter:card\" content=\"summary_large_image\" \/>\n<meta name=\"twitter:label1\" content=\"Escrito por\" \/>\n\t<meta name=\"twitter:data1\" content=\"Gabriel Martins\" \/>\n\t<meta name=\"twitter:label2\" content=\"Est. tempo de leitura\" \/>\n\t<meta name=\"twitter:data2\" content=\"3 minutos\" \/>\n<!-- \/ Yoast SEO plugin. -->","yoast_head_json":{"title":"A Caixa passou a cobrar at\u00e9 R$ 3,50 por saque ap\u00f3s o 4\u00ba no m\u00eas e milhares de clientes j\u00e1 sentem o peso da nova cobran\u00e7a - Estado de Minas - Em foco","description":"A Caixa passou a cobrar tarifa por saque extra no m\u00eas e clientes que fazem mais de quatro retiradas j\u00e1 sentem o impacto no bolso.","robots":{"index":"index","follow":"follow","max-snippet":"max-snippet:-1","max-image-preview":"max-image-preview:large","max-video-preview":"max-video-preview:-1"},"canonical":"https:\/\/www.em.com.br\/emfoco\/2026\/02\/01\/a-caixa-passou-a-cobrar-ate-r-350-por-saque-apos-o-4o-no-mes-e-milhares-de-clientes-ja-sentem-o-peso-da-nova-cobranca\/","og_locale":"pt_BR","og_type":"article","og_title":"A Caixa passou a cobrar at\u00e9 R$ 3,50 por saque ap\u00f3s o 4\u00ba no m\u00eas e milhares de clientes j\u00e1 sentem o peso da nova cobran\u00e7a - Estado de Minas - Em foco","og_description":"A Caixa passou a cobrar tarifa por saque extra no m\u00eas e clientes que fazem mais de quatro retiradas j\u00e1 sentem o impacto no bolso.","og_url":"https:\/\/www.em.com.br\/emfoco\/2026\/02\/01\/a-caixa-passou-a-cobrar-ate-r-350-por-saque-apos-o-4o-no-mes-e-milhares-de-clientes-ja-sentem-o-peso-da-nova-cobranca\/","og_site_name":"Estado de Minas - Em foco","article_published_time":"2026-02-01T22:35:00+00:00","article_modified_time":"2026-01-29T14:16:26+00:00","og_image":[{"width":1280,"height":720,"url":"https:\/\/www.em.com.br\/emfoco\/wp-content\/uploads\/2026\/01\/ai-21-2.jpg","type":"image\/jpeg"}],"author":"Gabriel Martins","twitter_card":"summary_large_image","twitter_misc":{"Escrito por":"Gabriel Martins","Est. tempo de leitura":"3 minutos"},"schema":{"@context":"https:\/\/schema.org","@graph":[{"@type":"WebPage","@id":"https:\/\/www.em.com.br\/emfoco\/2026\/02\/01\/a-caixa-passou-a-cobrar-ate-r-350-por-saque-apos-o-4o-no-mes-e-milhares-de-clientes-ja-sentem-o-peso-da-nova-cobranca\/","url":"https:\/\/www.em.com.br\/emfoco\/2026\/02\/01\/a-caixa-passou-a-cobrar-ate-r-350-por-saque-apos-o-4o-no-mes-e-milhares-de-clientes-ja-sentem-o-peso-da-nova-cobranca\/","name":"A Caixa passou a cobrar at\u00e9 R$ 3,50 por saque ap\u00f3s o 4\u00ba no m\u00eas e milhares de clientes j\u00e1 sentem o peso da nova cobran\u00e7a - Estado de Minas - Em foco","isPartOf":{"@id":"https:\/\/www.em.com.br\/emfoco\/#website"},"primaryImageOfPage":{"@id":"https:\/\/www.em.com.br\/emfoco\/2026\/02\/01\/a-caixa-passou-a-cobrar-ate-r-350-por-saque-apos-o-4o-no-mes-e-milhares-de-clientes-ja-sentem-o-peso-da-nova-cobranca\/#primaryimage"},"image":{"@id":"https:\/\/www.em.com.br\/emfoco\/2026\/02\/01\/a-caixa-passou-a-cobrar-ate-r-350-por-saque-apos-o-4o-no-mes-e-milhares-de-clientes-ja-sentem-o-peso-da-nova-cobranca\/#primaryimage"},"thumbnailUrl":"https:\/\/www.em.com.br\/emfoco\/wp-content\/uploads\/2026\/01\/ai-21-2.jpg","datePublished":"2026-02-01T22:35:00+00:00","dateModified":"2026-01-29T14:16:26+00:00","author":{"@id":"https:\/\/www.em.com.br\/emfoco\/#\/schema\/person\/1c9ddeab18b98abeffef834667bcf08a"},"description":"A Caixa passou a cobrar tarifa por saque extra no m\u00eas e clientes que fazem mais de quatro retiradas j\u00e1 sentem o impacto no bolso.","breadcrumb":{"@id":"https:\/\/www.em.com.br\/emfoco\/2026\/02\/01\/a-caixa-passou-a-cobrar-ate-r-350-por-saque-apos-o-4o-no-mes-e-milhares-de-clientes-ja-sentem-o-peso-da-nova-cobranca\/#breadcrumb"},"inLanguage":"pt-BR","potentialAction":[{"@type":"ReadAction","target":["https:\/\/www.em.com.br\/emfoco\/2026\/02\/01\/a-caixa-passou-a-cobrar-ate-r-350-por-saque-apos-o-4o-no-mes-e-milhares-de-clientes-ja-sentem-o-peso-da-nova-cobranca\/"]}]},{"@type":"ImageObject","inLanguage":"pt-BR","@id":"https:\/\/www.em.com.br\/emfoco\/2026\/02\/01\/a-caixa-passou-a-cobrar-ate-r-350-por-saque-apos-o-4o-no-mes-e-milhares-de-clientes-ja-sentem-o-peso-da-nova-cobranca\/#primaryimage","url":"https:\/\/www.em.com.br\/emfoco\/wp-content\/uploads\/2026\/01\/ai-21-2.jpg","contentUrl":"https:\/\/www.em.com.br\/emfoco\/wp-content\/uploads\/2026\/01\/ai-21-2.jpg","width":1280,"height":720,"caption":"Regras mais r\u00edgidas tornam saques frequentes mais caros para clientes da Caixa"},{"@type":"BreadcrumbList","@id":"https:\/\/www.em.com.br\/emfoco\/2026\/02\/01\/a-caixa-passou-a-cobrar-ate-r-350-por-saque-apos-o-4o-no-mes-e-milhares-de-clientes-ja-sentem-o-peso-da-nova-cobranca\/#breadcrumb","itemListElement":[{"@type":"ListItem","position":1,"name":"In\u00edcio","item":"https:\/\/www.em.com.br\/emfoco\/"},{"@type":"ListItem","position":2,"name":"A Caixa passou a cobrar at\u00e9 R$ 3,50 por saque ap\u00f3s o 4\u00ba no m\u00eas e milhares de clientes j\u00e1 sentem o peso da nova cobran\u00e7a"}]},{"@type":"WebSite","@id":"https:\/\/www.em.com.br\/emfoco\/#website","url":"https:\/\/www.em.com.br\/emfoco\/","name":"Estado de Minas - Em foco","description":"Acompanhe as \u00faltimas not\u00edcias e fique bem informado sobre tudo o que acontece em Minas Gerais, Brasil e no mundo.","potentialAction":[{"@type":"SearchAction","target":{"@type":"EntryPoint","urlTemplate":"https:\/\/www.em.com.br\/emfoco\/?s={search_term_string}"},"query-input":{"@type":"PropertyValueSpecification","valueRequired":true,"valueName":"search_term_string"}}],"inLanguage":"pt-BR"},{"@type":"Person","@id":"https:\/\/www.em.com.br\/emfoco\/#\/schema\/person\/1c9ddeab18b98abeffef834667bcf08a","name":"Gabriel Martins","image":{"@type":"ImageObject","inLanguage":"pt-BR","@id":"https:\/\/www.em.com.br\/emfoco\/#\/schema\/person\/image\/","url":"https:\/\/secure.gravatar.com\/avatar\/f0f1e2efdfd88f1ad2cb08c5c2731e50?s=96&d=mm&r=g","contentUrl":"https:\/\/secure.gravatar.com\/avatar\/f0f1e2efdfd88f1ad2cb08c5c2731e50?s=96&d=mm&r=g","caption":"Gabriel Martins"},"sameAs":["https:\/\/www.em.com.br\/emfoco\/"],"url":"https:\/\/www.em.com.br\/emfoco\/author\/gabrielmartinsmyth\/"}]}},"_links":{"self":[{"href":"https:\/\/www.em.com.br\/emfoco\/wp-json\/wp\/v2\/posts\/161645","targetHints":{"allow":["GET"]}}],"collection":[{"href":"https:\/\/www.em.com.br\/emfoco\/wp-json\/wp\/v2\/posts"}],"about":[{"href":"https:\/\/www.em.com.br\/emfoco\/wp-json\/wp\/v2\/types\/post"}],"author":[{"embeddable":true,"href":"https:\/\/www.em.com.br\/emfoco\/wp-json\/wp\/v2\/users\/13"}],"replies":[{"embeddable":true,"href":"https:\/\/www.em.com.br\/emfoco\/wp-json\/wp\/v2\/comments?post=161645"}],"version-history":[{"count":1,"href":"https:\/\/www.em.com.br\/emfoco\/wp-json\/wp\/v2\/posts\/161645\/revisions"}],"predecessor-version":[{"id":161752,"href":"https:\/\/www.em.com.br\/emfoco\/wp-json\/wp\/v2\/posts\/161645\/revisions\/161752"}],"wp:featuredmedia":[{"embeddable":true,"href":"https:\/\/www.em.com.br\/emfoco\/wp-json\/wp\/v2\/media\/161745"}],"wp:attachment":[{"href":"https:\/\/www.em.com.br\/emfoco\/wp-json\/wp\/v2\/media?parent=161645"}],"wp:term":[{"taxonomy":"category","embeddable":true,"href":"https:\/\/www.em.com.br\/emfoco\/wp-json\/wp\/v2\/categories?post=161645"},{"taxonomy":"post_tag","embeddable":true,"href":"https:\/\/www.em.com.br\/emfoco\/wp-json\/wp\/v2\/tags?post=161645"}],"curies":[{"name":"wp","href":"https:\/\/api.w.org\/{rel}","templated":true}]}}