{"id":161583,"date":"2026-01-29T12:15:00","date_gmt":"2026-01-29T15:15:00","guid":{"rendered":"https:\/\/www.em.com.br\/emfoco\/?p=161583"},"modified":"2026-01-28T22:23:16","modified_gmt":"2026-01-29T01:23:16","slug":"mousse-de-limao-super-leve-sem-acucar-e-com-um-reforco-de-proteina-para-o-corpo-como-fazer-em-minutos","status":"publish","type":"post","link":"https:\/\/www.em.com.br\/emfoco\/2026\/01\/29\/mousse-de-limao-super-leve-sem-acucar-e-com-um-reforco-de-proteina-para-o-corpo-como-fazer-em-minutos\/","title":{"rendered":"Mousse de lim\u00e3o super leve, sem a\u00e7\u00facar e com um refor\u00e7o de prote\u00edna para o corpo: como fazer em minutos"},"content":{"rendered":"\n<p>A mousse de lim\u00e3o sem a\u00e7\u00facar surge, como uma sobremesa leve e atual para quem busca algo doce, com menos calorias e mais prote\u00ednas. Em vez de creme de leite e a\u00e7\u00facar refinado, essa vers\u00e3o prioriza ingredientes simples, como leite em p\u00f3 desnatado, lim\u00e3o e ado\u00e7ante, mantendo o sabor marcante e a textura cremosa, com preparo r\u00e1pido e pr\u00e1tico.<\/p>\n\n\n\n<h2 class=\"wp-block-heading\">O que torna a mousse de lim\u00e3o sem a\u00e7\u00facar mais leve e proteica<\/h2>\n\n\n\n<p>A principal diferen\u00e7a da <a href=\"https:\/\/www.youtube.com\/watch?v=y3HU9EIn-iw\" target=\"_blank\" rel=\"noreferrer noopener\">mousse de lim\u00e3o sem a\u00e7\u00facar<\/a> em rela\u00e7\u00e3o \u00e0s vers\u00f5es tradicionais est\u00e1 na escolha dos ingredientes. Ao substituir o a\u00e7\u00facar por ado\u00e7ante e a base de creme por leite em p\u00f3 desnatado, a receita tende a ter menos gorduras e maior teor de prote\u00ednas, algo muito usado em dietas hipocal\u00f3ricas e de reeduca\u00e7\u00e3o alimentar.<\/p>\n\n\n\n<p>O <a href=\"https:\/\/www.em.com.br\/emfoco\/2026\/01\/25\/fiz-torta-de-limao-de-rico-vs-pobre-qual-sera-que-ficou-melhor\/\" target=\"_blank\" rel=\"noreferrer noopener\">lim\u00e3o <\/a>oferece sabor intenso e frescor, deixando o doce menos enjoativo mesmo ap\u00f3s refei\u00e7\u00f5es completas. A textura final resulta do equil\u00edbrio entre a parte l\u00edquida (\u00e1gua e suco de lim\u00e3o) e os s\u00f3lidos (leite em p\u00f3), que, ap\u00f3s o batimento e o descanso na geladeira, formam uma mistura cremosa, firme e ainda leve.<\/p>\n\n\n\n<figure class=\"wp-block-image\"><img decoding=\"async\" src=\"https:\/\/www.em.com.br\/emfoco\/wp-content\/uploads\/2025\/10\/sobremesa-copo-limao_1761951088001-1024x576.jpg\" alt=\"\"\/><figcaption class=\"wp-element-caption\">A melhor sobremesa de lim\u00e3o para refrescar e economizar &#8211; Cr\u00e9ditos: depositphotos.com \/ jochenschneider<\/figcaption><\/figure>\n\n\n\n<h2 class=\"wp-block-heading\">Quais s\u00e3o os principais ingredientes da mousse de lim\u00e3o proteica<\/h2>\n\n\n\n<p>Para uma mousse de lim\u00e3o proteica e sem a\u00e7\u00facar, a lista de ingredientes costuma ser curta, o que facilita o preparo no dia a dia. Ainda assim, \u00e9 poss\u00edvel adaptar as quantidades e tipos de ado\u00e7ante conforme o objetivo nutricional e o paladar de cada pessoa.<\/p>\n\n\n\n<p>Veja um exemplo de combina\u00e7\u00e3o bastante utilizada em receitas caseiras, que equilibra sabor, textura e praticidade:<\/p>\n\n\n\n<ul class=\"wp-block-list\">\n<li>100 gramas de leite em p\u00f3 desnatado<\/li>\n\n\n\n<li>50 ml de \u00e1gua<\/li>\n\n\n\n<li>50 ml de suco de lim\u00e3o<\/li>\n\n\n\n<li>Raspas de meio lim\u00e3o<\/li>\n\n\n\n<li>Ado\u00e7ante a gosto ou ado\u00e7ante<\/li>\n\n\n\n<li>Um toque de baunilha, opcional<\/li>\n<\/ul>\n\n\n\n<h2 class=\"wp-block-heading\">Como preparar a mousse de lim\u00e3o sem a\u00e7\u00facar passo a passo<\/h2>\n\n\n\n<p>O preparo da mousse de lim\u00e3o saud\u00e1vel \u00e9 simples e pode ser dividido em etapas r\u00e1pidas. Organizar os ingredientes antes de come\u00e7ar evita erros de medida, reduz grumos e ajuda a obter uma textura mais uniforme e aerada.<\/p>\n\n\n\n<ol class=\"wp-block-list\">\n<li><strong>Formar a base l\u00edquida:<\/strong>\u00a0em um recipiente, misturar a \u00e1gua, o suco de lim\u00e3o e o ado\u00e7ante at\u00e9 obter um l\u00edquido homog\u00eaneo.<\/li>\n\n\n\n<li><strong>Adicionar o leite em p\u00f3 desnatado:<\/strong>\u00a0incorporar aos poucos, mexendo continuamente para evitar grumos, at\u00e9 ganhar apar\u00eancia de creme.<\/li>\n\n\n\n<li><strong>Acrescentar raspas e baunilha:<\/strong>\u00a0incluir as raspas de lim\u00e3o e, se desejar, um fio de ess\u00eancia de baunilha.<\/li>\n\n\n\n<li><strong>Bater para incorporar ar:<\/strong>\u00a0usar batedeira, mixer ou fouet por alguns minutos, at\u00e9 a textura ficar mais leve e volumosa.<\/li>\n\n\n\n<li><strong>Levar \u00e0 geladeira:<\/strong>\u00a0colocar em potes ou em um recipiente \u00fanico e refrigerar por cerca de 30 minutos, at\u00e9 ficar firme e gelado.<\/li>\n<\/ol>\n\n\n\n<figure class=\"wp-block-image\"><img decoding=\"async\" src=\"https:\/\/www.em.com.br\/emfoco\/wp-content\/uploads\/2025\/10\/sobremesa-copo-limao_1761951130069-1024x576.jpg\" alt=\"\"\/><figcaption class=\"wp-element-caption\">Receita leve e r\u00e1pida de lim\u00e3o vira febre nas cozinhas brasileiras &#8211; Cr\u00e9ditos: depositphotos.com \/ gjeerawut<\/figcaption><\/figure>\n\n\n\n<h2 class=\"wp-block-heading\">Quando incluir a mousse de lim\u00e3o sem a\u00e7\u00facar na rotina alimentar<\/h2>\n\n\n\n<p>A mousse de lim\u00e3o light pode aparecer como sobremesa ap\u00f3s o almo\u00e7o, lanche da tarde ou op\u00e7\u00e3o de doce em ocasi\u00f5es especiais com foco em redu\u00e7\u00e3o de a\u00e7\u00facar. Em card\u00e1pios voltados ao controle glic\u00eamico, costuma substituir bolos, tortas e doces com alto teor de a\u00e7\u00facar refinado.<\/p>\n\n\n\n<p>Ela tamb\u00e9m se encaixa bem em card\u00e1pios de d\u00e9ficit cal\u00f3rico, permitindo manter um doce no dia a dia sem estourar as calorias. Al\u00e9m disso, \u00e9 vers\u00e1til: d\u00e1 para variar o tipo de ado\u00e7ante, modular a intensidade do lim\u00e3o ou incluir camadas de frutas no fundo do pote para diversificar o consumo ao longo da semana.<\/p>\n\n\n\n<h2 class=\"wp-block-heading\">Por que testar a mousse de lim\u00e3o sem a\u00e7\u00facar hoje mesmo<\/h2>\n\n\n\n<p>A mousse de lim\u00e3o sem a\u00e7\u00facar e com maior teor proteico mostra como pequenas trocas de ingredientes podem transformar um doce tradicional em uma vers\u00e3o mais alinhada a diferentes objetivos de sa\u00fade, sem abrir m\u00e3o do sabor c\u00edtrico marcante. \u00c9 uma forma pr\u00e1tica de manter o prazer de comer sobremesa enquanto se cuida da ingest\u00e3o de a\u00e7\u00facar e gordura.<\/p>\n\n\n\n<p>Se voc\u00ea quer se alimentar melhor sem abandonar o doce do dia, comece hoje mesmo: separe os poucos ingredientes, prepare a mousse em minutos e deixe gelando para a pr\u00f3xima refei\u00e7\u00e3o. N\u00e3o adie esse passo; experimentar agora pode ser o in\u00edcio de uma rela\u00e7\u00e3o mais leve e consciente com as sobremesas.<\/p>\n","protected":false},"excerpt":{"rendered":"<p>A mousse de lim\u00e3o sem a\u00e7\u00facar surge, como uma sobremesa leve e atual para quem busca algo doce, com menos calorias e mais prote\u00ednas. Em vez de creme de leite e a\u00e7\u00facar refinado, essa vers\u00e3o prioriza ingredientes simples, como leite em p\u00f3 desnatado, lim\u00e3o e ado\u00e7ante, mantendo o sabor marcante e a textura cremosa, com [&hellip;]<\/p>\n","protected":false},"author":11,"featured_media":161591,"comment_status":"open","ping_status":"open","sticky":false,"template":"","format":"standard","meta":{"jnews-multi-image_gallery":[],"jnews_single_post":{"format":"standard"},"jnews_primary_category":[],"jnews_social_meta":[],"jnews_override_counter":[],"footnotes":""},"categories":[8819,1],"tags":[3108,19495,3505,3441],"class_list":["post-161583","post","type-post","status-publish","format-standard","has-post-thumbnail","hentry","category-curiosidades","category-noticias","tag-limao","tag-mousse-de-limao","tag-sem-acucar","tag-sobremesa"],"yoast_head":"<!-- This site is optimized with the Yoast SEO plugin v23.8 - https:\/\/yoast.com\/wordpress\/plugins\/seo\/ -->\n<title>Mousse de lim\u00e3o super leve, sem a\u00e7\u00facar e com um refor\u00e7o de prote\u00edna para o corpo: como fazer em minutos - Estado de Minas - Em foco<\/title>\n<meta name=\"description\" content=\"Mousse de lim\u00e3o sem a\u00e7\u00facar combina sabor c\u00edtrico, textura cremosa e menos calorias. Receita pr\u00e1tica para o dia a dia.\" \/>\n<meta name=\"robots\" content=\"index, follow, max-snippet:-1, max-image-preview:large, max-video-preview:-1\" \/>\n<link rel=\"canonical\" href=\"https:\/\/www.em.com.br\/emfoco\/2026\/01\/29\/mousse-de-limao-super-leve-sem-acucar-e-com-um-reforco-de-proteina-para-o-corpo-como-fazer-em-minutos\/\" \/>\n<meta property=\"og:locale\" content=\"pt_BR\" \/>\n<meta property=\"og:type\" content=\"article\" \/>\n<meta property=\"og:title\" content=\"Mousse de lim\u00e3o super leve, sem a\u00e7\u00facar e com um refor\u00e7o de prote\u00edna para o corpo: como fazer em minutos - Estado de Minas - Em foco\" \/>\n<meta property=\"og:description\" content=\"Mousse de lim\u00e3o sem a\u00e7\u00facar combina sabor c\u00edtrico, textura cremosa e menos calorias. Receita pr\u00e1tica para o dia a dia.\" \/>\n<meta property=\"og:url\" content=\"https:\/\/www.em.com.br\/emfoco\/2026\/01\/29\/mousse-de-limao-super-leve-sem-acucar-e-com-um-reforco-de-proteina-para-o-corpo-como-fazer-em-minutos\/\" \/>\n<meta property=\"og:site_name\" content=\"Estado de Minas - Em foco\" \/>\n<meta property=\"article:published_time\" content=\"2026-01-29T15:15:00+00:00\" \/>\n<meta property=\"article:modified_time\" content=\"2026-01-29T01:23:16+00:00\" \/>\n<meta property=\"og:image\" content=\"https:\/\/www.em.com.br\/emfoco\/wp-content\/uploads\/2026\/01\/ChatGPT-Image-28-de-jan.-de-2026-21_00_38-1.png\" \/>\n\t<meta property=\"og:image:width\" content=\"1280\" \/>\n\t<meta property=\"og:image:height\" content=\"720\" \/>\n\t<meta property=\"og:image:type\" content=\"image\/png\" \/>\n<meta name=\"author\" content=\"Andre\u0301 Rangel\u00a0\" \/>\n<meta name=\"twitter:card\" content=\"summary_large_image\" \/>\n<meta name=\"twitter:label1\" content=\"Escrito por\" \/>\n\t<meta name=\"twitter:data1\" content=\"Andre\u0301 Rangel\u00a0\" \/>\n\t<meta name=\"twitter:label2\" content=\"Est. tempo de leitura\" \/>\n\t<meta name=\"twitter:data2\" content=\"5 minutos\" \/>\n<!-- \/ Yoast SEO plugin. -->","yoast_head_json":{"title":"Mousse de lim\u00e3o super leve, sem a\u00e7\u00facar e com um refor\u00e7o de prote\u00edna para o corpo: como fazer em minutos - Estado de Minas - Em foco","description":"Mousse de lim\u00e3o sem a\u00e7\u00facar combina sabor c\u00edtrico, textura cremosa e menos calorias. Receita pr\u00e1tica para o dia a dia.","robots":{"index":"index","follow":"follow","max-snippet":"max-snippet:-1","max-image-preview":"max-image-preview:large","max-video-preview":"max-video-preview:-1"},"canonical":"https:\/\/www.em.com.br\/emfoco\/2026\/01\/29\/mousse-de-limao-super-leve-sem-acucar-e-com-um-reforco-de-proteina-para-o-corpo-como-fazer-em-minutos\/","og_locale":"pt_BR","og_type":"article","og_title":"Mousse de lim\u00e3o super leve, sem a\u00e7\u00facar e com um refor\u00e7o de prote\u00edna para o corpo: como fazer em minutos - Estado de Minas - Em foco","og_description":"Mousse de lim\u00e3o sem a\u00e7\u00facar combina sabor c\u00edtrico, textura cremosa e menos calorias. Receita pr\u00e1tica para o dia a dia.","og_url":"https:\/\/www.em.com.br\/emfoco\/2026\/01\/29\/mousse-de-limao-super-leve-sem-acucar-e-com-um-reforco-de-proteina-para-o-corpo-como-fazer-em-minutos\/","og_site_name":"Estado de Minas - Em foco","article_published_time":"2026-01-29T15:15:00+00:00","article_modified_time":"2026-01-29T01:23:16+00:00","og_image":[{"width":1280,"height":720,"url":"https:\/\/www.em.com.br\/emfoco\/wp-content\/uploads\/2026\/01\/ChatGPT-Image-28-de-jan.-de-2026-21_00_38-1.png","type":"image\/png"}],"author":"Andre\u0301 Rangel\u00a0","twitter_card":"summary_large_image","twitter_misc":{"Escrito por":"Andre\u0301 Rangel\u00a0","Est. tempo de leitura":"5 minutos"},"schema":{"@context":"https:\/\/schema.org","@graph":[{"@type":"WebPage","@id":"https:\/\/www.em.com.br\/emfoco\/2026\/01\/29\/mousse-de-limao-super-leve-sem-acucar-e-com-um-reforco-de-proteina-para-o-corpo-como-fazer-em-minutos\/","url":"https:\/\/www.em.com.br\/emfoco\/2026\/01\/29\/mousse-de-limao-super-leve-sem-acucar-e-com-um-reforco-de-proteina-para-o-corpo-como-fazer-em-minutos\/","name":"Mousse de lim\u00e3o super leve, sem a\u00e7\u00facar e com um refor\u00e7o de prote\u00edna para o corpo: como fazer em minutos - Estado de Minas - Em foco","isPartOf":{"@id":"https:\/\/www.em.com.br\/emfoco\/#website"},"primaryImageOfPage":{"@id":"https:\/\/www.em.com.br\/emfoco\/2026\/01\/29\/mousse-de-limao-super-leve-sem-acucar-e-com-um-reforco-de-proteina-para-o-corpo-como-fazer-em-minutos\/#primaryimage"},"image":{"@id":"https:\/\/www.em.com.br\/emfoco\/2026\/01\/29\/mousse-de-limao-super-leve-sem-acucar-e-com-um-reforco-de-proteina-para-o-corpo-como-fazer-em-minutos\/#primaryimage"},"thumbnailUrl":"https:\/\/www.em.com.br\/emfoco\/wp-content\/uploads\/2026\/01\/ChatGPT-Image-28-de-jan.-de-2026-21_00_38-1.png","datePublished":"2026-01-29T15:15:00+00:00","dateModified":"2026-01-29T01:23:16+00:00","author":{"@id":"https:\/\/www.em.com.br\/emfoco\/#\/schema\/person\/60eda09c1fedf0d6891f4cef4b60b8b8"},"description":"Mousse de lim\u00e3o sem a\u00e7\u00facar combina sabor c\u00edtrico, textura cremosa e menos calorias. Receita pr\u00e1tica para o dia a dia.","breadcrumb":{"@id":"https:\/\/www.em.com.br\/emfoco\/2026\/01\/29\/mousse-de-limao-super-leve-sem-acucar-e-com-um-reforco-de-proteina-para-o-corpo-como-fazer-em-minutos\/#breadcrumb"},"inLanguage":"pt-BR","potentialAction":[{"@type":"ReadAction","target":["https:\/\/www.em.com.br\/emfoco\/2026\/01\/29\/mousse-de-limao-super-leve-sem-acucar-e-com-um-reforco-de-proteina-para-o-corpo-como-fazer-em-minutos\/"]}]},{"@type":"ImageObject","inLanguage":"pt-BR","@id":"https:\/\/www.em.com.br\/emfoco\/2026\/01\/29\/mousse-de-limao-super-leve-sem-acucar-e-com-um-reforco-de-proteina-para-o-corpo-como-fazer-em-minutos\/#primaryimage","url":"https:\/\/www.em.com.br\/emfoco\/wp-content\/uploads\/2026\/01\/ChatGPT-Image-28-de-jan.-de-2026-21_00_38-1.png","contentUrl":"https:\/\/www.em.com.br\/emfoco\/wp-content\/uploads\/2026\/01\/ChatGPT-Image-28-de-jan.-de-2026-21_00_38-1.png","width":1280,"height":720,"caption":"Mousse de lim\u00e3o sem a\u00e7\u00facar vira sobremesa queridinha"},{"@type":"BreadcrumbList","@id":"https:\/\/www.em.com.br\/emfoco\/2026\/01\/29\/mousse-de-limao-super-leve-sem-acucar-e-com-um-reforco-de-proteina-para-o-corpo-como-fazer-em-minutos\/#breadcrumb","itemListElement":[{"@type":"ListItem","position":1,"name":"In\u00edcio","item":"https:\/\/www.em.com.br\/emfoco\/"},{"@type":"ListItem","position":2,"name":"Mousse de lim\u00e3o super leve, sem a\u00e7\u00facar e com um refor\u00e7o de prote\u00edna para o corpo: como fazer em minutos"}]},{"@type":"WebSite","@id":"https:\/\/www.em.com.br\/emfoco\/#website","url":"https:\/\/www.em.com.br\/emfoco\/","name":"Estado de Minas - Em foco","description":"Acompanhe as \u00faltimas not\u00edcias e fique bem informado sobre tudo o que acontece em Minas Gerais, Brasil e no mundo.","potentialAction":[{"@type":"SearchAction","target":{"@type":"EntryPoint","urlTemplate":"https:\/\/www.em.com.br\/emfoco\/?s={search_term_string}"},"query-input":{"@type":"PropertyValueSpecification","valueRequired":true,"valueName":"search_term_string"}}],"inLanguage":"pt-BR"},{"@type":"Person","@id":"https:\/\/www.em.com.br\/emfoco\/#\/schema\/person\/60eda09c1fedf0d6891f4cef4b60b8b8","name":"Andre\u0301 Rangel\u00a0","image":{"@type":"ImageObject","inLanguage":"pt-BR","@id":"https:\/\/www.em.com.br\/emfoco\/#\/schema\/person\/image\/","url":"https:\/\/secure.gravatar.com\/avatar\/6234dc814c77c8ef6d8bba622c787efc?s=96&d=mm&r=g","contentUrl":"https:\/\/secure.gravatar.com\/avatar\/6234dc814c77c8ef6d8bba622c787efc?s=96&d=mm&r=g","caption":"Andre\u0301 Rangel\u00a0"},"url":"https:\/\/www.em.com.br\/emfoco\/author\/luizmyth\/"}]}},"_links":{"self":[{"href":"https:\/\/www.em.com.br\/emfoco\/wp-json\/wp\/v2\/posts\/161583","targetHints":{"allow":["GET"]}}],"collection":[{"href":"https:\/\/www.em.com.br\/emfoco\/wp-json\/wp\/v2\/posts"}],"about":[{"href":"https:\/\/www.em.com.br\/emfoco\/wp-json\/wp\/v2\/types\/post"}],"author":[{"embeddable":true,"href":"https:\/\/www.em.com.br\/emfoco\/wp-json\/wp\/v2\/users\/11"}],"replies":[{"embeddable":true,"href":"https:\/\/www.em.com.br\/emfoco\/wp-json\/wp\/v2\/comments?post=161583"}],"version-history":[{"count":3,"href":"https:\/\/www.em.com.br\/emfoco\/wp-json\/wp\/v2\/posts\/161583\/revisions"}],"predecessor-version":[{"id":161611,"href":"https:\/\/www.em.com.br\/emfoco\/wp-json\/wp\/v2\/posts\/161583\/revisions\/161611"}],"wp:featuredmedia":[{"embeddable":true,"href":"https:\/\/www.em.com.br\/emfoco\/wp-json\/wp\/v2\/media\/161591"}],"wp:attachment":[{"href":"https:\/\/www.em.com.br\/emfoco\/wp-json\/wp\/v2\/media?parent=161583"}],"wp:term":[{"taxonomy":"category","embeddable":true,"href":"https:\/\/www.em.com.br\/emfoco\/wp-json\/wp\/v2\/categories?post=161583"},{"taxonomy":"post_tag","embeddable":true,"href":"https:\/\/www.em.com.br\/emfoco\/wp-json\/wp\/v2\/tags?post=161583"}],"curies":[{"name":"wp","href":"https:\/\/api.w.org\/{rel}","templated":true}]}}