{"id":161538,"date":"2026-01-29T13:45:00","date_gmt":"2026-01-29T16:45:00","guid":{"rendered":"https:\/\/www.em.com.br\/emfoco\/?p=161538"},"modified":"2026-01-28T22:25:22","modified_gmt":"2026-01-29T01:25:22","slug":"a-rede-de-supermercados-mais-conhecida-do-pais-revela-sua-expansao-15-novas-lojas-e-60-franquias-em-3-anos","status":"publish","type":"post","link":"https:\/\/www.em.com.br\/emfoco\/2026\/01\/29\/a-rede-de-supermercados-mais-conhecida-do-pais-revela-sua-expansao-15-novas-lojas-e-60-franquias-em-3-anos\/","title":{"rendered":"A rede de supermercados mais conhecida do pa\u00eds revela sua expans\u00e3o: 15 novas lojas e 60 franquias em 3 anos"},"content":{"rendered":"\n<p>O grupo cooperativo <strong>Eroski<\/strong>, conhecido pela forte presen\u00e7a no norte da <strong>Espanha<\/strong>, entrou em uma nova fase de crescimento com planos definidos at\u00e9 2026, combinando expans\u00e3o de supermercados, refor\u00e7o da identidade cooperativa e um amplo refinanciamento de d\u00edvida para sustentar um modelo mais eficiente, competitivo e pr\u00f3ximo do consumidor.<\/p>\n\n\n\n<h2 class=\"wp-block-heading\">Como avan\u00e7ar\u00e1 a expans\u00e3o dos supermercados Eroski at\u00e9 2026<\/h2>\n\n\n\n<p>A expans\u00e3o dos supermercados Eroski ser\u00e1 guiada por um plano que prev\u00ea a abertura de 10 a 15 lojas pr\u00f3prias por ano nos pr\u00f3ximos tr\u00eas exerc\u00edcios, priorizando regi\u00f5es onde a cooperativa j\u00e1 possui base s\u00f3lida de clientes e estrutura log\u00edstica consolidada. O foco est\u00e1 no formato de supermercado de proximidade, refor\u00e7ando a presen\u00e7a em \u00e1reas estrat\u00e9gicas e consolidando a marca.<\/p>\n\n\n\n<p>Atualmente, cerca de\u00a0<strong>77% do neg\u00f3cio est\u00e1 concentrado nos supermercados<\/strong>, e a cooperativa mira <a href=\"https:\/\/www.em.com.br\/emfoco\/2026\/01\/27\/uma-conhecida-rede-de-lojas-de-eletrodomesticos-enfrentava-dificuldades-financeiras-e-30-filiais-fecharam-as-portas\/\" target=\"_blank\" rel=\"noreferrer noopener\">lojas <\/a>com metragem entre 1.500 e 3.000 m\u00b2, formato considerado ideal para combinar sortimento amplo, conveni\u00eancia e efici\u00eancia operacional. Al\u00e9m das unidades pr\u00f3prias, novas franquias ser\u00e3o fundamentais para acelerar a capilaridade em localidades onde o investimento direto seria mais oneroso ou demorado.<\/p>\n\n\n\n<figure class=\"wp-block-image size-large\"><img loading=\"lazy\" decoding=\"async\" width=\"1024\" height=\"576\" src=\"https:\/\/www.em.com.br\/emfoco\/wp-content\/uploads\/2026\/01\/ChatGPT-Image-28-de-jan.-de-2026-19_40_34-1-1024x576.png\" alt=\"Eroski acelera expans\u00e3o de supermercados at\u00e9 2026\" class=\"wp-image-161562\" srcset=\"https:\/\/www.em.com.br\/emfoco\/wp-content\/uploads\/2026\/01\/ChatGPT-Image-28-de-jan.-de-2026-19_40_34-1-1024x576.png 1024w, https:\/\/www.em.com.br\/emfoco\/wp-content\/uploads\/2026\/01\/ChatGPT-Image-28-de-jan.-de-2026-19_40_34-1-300x169.png 300w, https:\/\/www.em.com.br\/emfoco\/wp-content\/uploads\/2026\/01\/ChatGPT-Image-28-de-jan.-de-2026-19_40_34-1-768x432.png 768w, https:\/\/www.em.com.br\/emfoco\/wp-content\/uploads\/2026\/01\/ChatGPT-Image-28-de-jan.-de-2026-19_40_34-1-750x422.png 750w, https:\/\/www.em.com.br\/emfoco\/wp-content\/uploads\/2026\/01\/ChatGPT-Image-28-de-jan.-de-2026-19_40_34-1-1140x641.png 1140w, https:\/\/www.em.com.br\/emfoco\/wp-content\/uploads\/2026\/01\/ChatGPT-Image-28-de-jan.-de-2026-19_40_34-1.png 1280w\" sizes=\"auto, (max-width: 1024px) 100vw, 1024px\" \/><figcaption class=\"wp-element-caption\">Eroski acelera expans\u00e3o de supermercados at\u00e9 2026<\/figcaption><\/figure>\n\n\n\n<h2 class=\"wp-block-heading\">Como ser\u00e1 financiada a expans\u00e3o dos supermercados Eroski<\/h2>\n\n\n\n<p>Para viabilizar a expans\u00e3o dos supermercados <a href=\"https:\/\/www.eroski.es\/\" target=\"_blank\" rel=\"noreferrer noopener\">Eroski<\/a>, o grupo estruturou uma ampla opera\u00e7\u00e3o de refinanciamento voltada a reduzir custos financeiros, alongar prazos de pagamento e liberar recursos para abertura de lojas, reformas e moderniza\u00e7\u00e3o de formatos comerciais. Essa estrat\u00e9gia fortalece a estrutura de capital e cria um cen\u00e1rio mais est\u00e1vel para sustentar o crescimento at\u00e9 2026.<\/p>\n\n\n\n<p>Entre as principais medidas adotadas na reconfigura\u00e7\u00e3o da d\u00edvida, destacam-se instrumentos destinados a substituir passivos mais caros e de curto prazo, gerando folga de caixa e previsibilidade financeira:<\/p>\n\n\n\n<ul class=\"wp-block-list\">\n<li>Emiss\u00e3o de um\u00a0<strong>bono s\u00e9nior garantido<\/strong>\u00a0de 500 milh\u00f5es de euros, com vencimento em 2031 e juro de 5,75%, para investidores institucionais.<\/li>\n\n\n\n<li>Assinatura de um\u00a0<strong>empr\u00e9stimo sindicado<\/strong>\u00a0de 370 milh\u00f5es de euros, tamb\u00e9m com vencimento em 2031.<\/li>\n\n\n\n<li>Abertura de uma\u00a0<strong>linha de cr\u00e9dito adicional<\/strong>\u00a0de 80 milh\u00f5es de euros, com o mesmo horizonte temporal.<\/li>\n<\/ul>\n\n\n\n<h2 class=\"wp-block-heading\">Quais metas de crescimento a Eroski persegue at\u00e9 2026<\/h2>\n\n\n\n<p>Nas proje\u00e7\u00f5es apresentadas, a Eroski prev\u00ea um aumento de at\u00e9&nbsp;<strong>2,5 pontos nas vendas anuais<\/strong>&nbsp;e uma nova melhora do Ebitda, que no \u00faltimo exerc\u00edcio alcan\u00e7ou 332 milh\u00f5es de euros sobre um volume de vendas de 5.885 milh\u00f5es. Esses resultados integram um novo ciclo estrat\u00e9gico que busca escalar o crescimento sem perder o car\u00e1ter cooperativo.<\/p>\n\n\n\n<p>O plano se ancora em tr\u00eas pilares: foco total no neg\u00f3cio principal de supermercados e formatos j\u00e1 comprovados, reafirma\u00e7\u00e3o da identidade cooperativa com trabalhadores e parceiros na governan\u00e7a, e impulso a formatos comerciais mais eficientes, em especial lojas entre 1.500 e 3.000 m\u00b2 e crescimento em \u201cmancha de \u00f3leo\u201d em torno das zonas onde a rede j\u00e1 \u00e9 forte.<\/p>\n\n\n\n<figure class=\"wp-block-image\"><img decoding=\"async\" src=\"https:\/\/www.em.com.br\/emfoco\/wp-content\/uploads\/2025\/09\/macarrao-supermercado_1758165780434-1024x576.jpg\" alt=\"\"\/><figcaption class=\"wp-element-caption\">Uma decis\u00e3o financeira impulsiona o crescimento &#8211; Cr\u00e9ditos: depositphotos.com \/ bodnarphoto<\/figcaption><\/figure>\n\n\n\n<h2 class=\"wp-block-heading\">Qual \u00e9 o papel dos bancos na expans\u00e3o planejada da Eroski<\/h2>\n\n\n\n<p>A opera\u00e7\u00e3o de refinanciamento da Eroski conta com a participa\u00e7\u00e3o de importantes institui\u00e7\u00f5es financeiras europeias, sinalizando confian\u00e7a na capacidade da cooperativa de honrar seus compromissos e executar o plano de neg\u00f3cios. O envolvimento de grandes bancos refor\u00e7a a credibilidade do projeto de expans\u00e3o.<\/p>\n\n\n\n<p>Entre os principais participantes est\u00e3o BBVA, Banco Santander, CaixaBank, Banca March, Cajamar, Intesa Sanpaolo e Deutsche Bank, al\u00e9m de apoiadores tradicionais como&nbsp;<strong>Kutxabank<\/strong>,&nbsp;<strong>Laboral Kutxa<\/strong>&nbsp;e o&nbsp;<strong>Instituto de Cr\u00e9dito Oficial (ICO)<\/strong>. Com essa base financeira robusta, a Eroski entra em uma fase de maior equil\u00edbrio de d\u00edvida e maior margem para investir.<\/p>\n\n\n\n<h2 class=\"wp-block-heading\">Qual \u00e9 o impacto estrat\u00e9gico da expans\u00e3o dos supermercados Eroski<\/h2>\n\n\n\n<p>A expans\u00e3o dos supermercados Eroski at\u00e9 2026 representa um movimento decisivo para consolidar a cooperativa como refer\u00eancia em proximidade, efici\u00eancia e modelo cooperativo no varejo espanhol. Com mais lojas, franquias e uma estrutura financeira refor\u00e7ada, o grupo se posiciona para ganhar participa\u00e7\u00e3o em mercados-chave e aprofundar o relacionamento com o consumidor.<\/p>\n\n\n\n<p>Se voc\u00ea atua no setor de varejo, \u00e9 fornecedor ou acompanha o mercado espanhol, este \u00e9 o momento de monitorar de perto os passos da Eroski, avaliar parcerias e se antecipar \u00e0s mudan\u00e7as regionais que essa expans\u00e3o trar\u00e1. N\u00e3o espere o plano estar totalmente implementado: mova-se agora para aproveitar as oportunidades que esse novo ciclo de crescimento j\u00e1 est\u00e1 abrindo.<\/p>\n\n\n\n<p><\/p>\n","protected":false},"excerpt":{"rendered":"<p>O grupo cooperativo Eroski, conhecido pela forte presen\u00e7a no norte da Espanha, entrou em uma nova fase de crescimento com planos definidos at\u00e9 2026, combinando expans\u00e3o de supermercados, refor\u00e7o da identidade cooperativa e um amplo refinanciamento de d\u00edvida para sustentar um modelo mais eficiente, competitivo e pr\u00f3ximo do consumidor. Como avan\u00e7ar\u00e1 a expans\u00e3o dos supermercados [&hellip;]<\/p>\n","protected":false},"author":11,"featured_media":161563,"comment_status":"open","ping_status":"open","sticky":false,"template":"","format":"standard","meta":{"jnews-multi-image_gallery":[],"jnews_single_post":{"format":"standard"},"jnews_primary_category":[],"jnews_social_meta":[],"jnews_override_counter":[],"footnotes":""},"categories":[28,1],"tags":[9943,13647,23646,8605],"class_list":["post-161538","post","type-post","status-publish","format-standard","has-post-thumbnail","hentry","category-economia","category-noticias","tag-expansao","tag-franquias","tag-novas-lojas","tag-supermercados"],"yoast_head":"<!-- This site is optimized with the Yoast SEO plugin v23.8 - https:\/\/yoast.com\/wordpress\/plugins\/seo\/ -->\n<title>A rede de supermercados mais conhecida do pa\u00eds revela sua expans\u00e3o: 15 novas lojas e 60 franquias em 3 anos - Estado de Minas - Em foco<\/title>\n<meta name=\"description\" content=\"Expans\u00e3o dos supermercados Eroski inclui novas lojas, franquias e refor\u00e7o financeiro. Veja o que muda at\u00e9 2026.\" \/>\n<meta name=\"robots\" content=\"index, follow, max-snippet:-1, max-image-preview:large, max-video-preview:-1\" \/>\n<link rel=\"canonical\" href=\"https:\/\/www.em.com.br\/emfoco\/2026\/01\/29\/a-rede-de-supermercados-mais-conhecida-do-pais-revela-sua-expansao-15-novas-lojas-e-60-franquias-em-3-anos\/\" \/>\n<meta property=\"og:locale\" content=\"pt_BR\" \/>\n<meta property=\"og:type\" content=\"article\" \/>\n<meta property=\"og:title\" content=\"A rede de supermercados mais conhecida do pa\u00eds revela sua expans\u00e3o: 15 novas lojas e 60 franquias em 3 anos - Estado de Minas - Em foco\" \/>\n<meta property=\"og:description\" content=\"Expans\u00e3o dos supermercados Eroski inclui novas lojas, franquias e refor\u00e7o financeiro. Veja o que muda at\u00e9 2026.\" \/>\n<meta property=\"og:url\" content=\"https:\/\/www.em.com.br\/emfoco\/2026\/01\/29\/a-rede-de-supermercados-mais-conhecida-do-pais-revela-sua-expansao-15-novas-lojas-e-60-franquias-em-3-anos\/\" \/>\n<meta property=\"og:site_name\" content=\"Estado de Minas - Em foco\" \/>\n<meta property=\"article:published_time\" content=\"2026-01-29T16:45:00+00:00\" \/>\n<meta property=\"article:modified_time\" content=\"2026-01-29T01:25:22+00:00\" \/>\n<meta property=\"og:image\" content=\"https:\/\/www.em.com.br\/emfoco\/wp-content\/uploads\/2026\/01\/ChatGPT-Image-28-de-jan.-de-2026-19_42_05-1.png\" \/>\n\t<meta property=\"og:image:width\" content=\"1280\" \/>\n\t<meta property=\"og:image:height\" content=\"720\" \/>\n\t<meta property=\"og:image:type\" content=\"image\/png\" \/>\n<meta name=\"author\" content=\"Andre\u0301 Rangel\u00a0\" \/>\n<meta name=\"twitter:card\" content=\"summary_large_image\" \/>\n<meta name=\"twitter:label1\" content=\"Escrito por\" \/>\n\t<meta name=\"twitter:data1\" content=\"Andre\u0301 Rangel\u00a0\" \/>\n\t<meta name=\"twitter:label2\" content=\"Est. tempo de leitura\" \/>\n\t<meta name=\"twitter:data2\" content=\"5 minutos\" \/>\n<!-- \/ Yoast SEO plugin. -->","yoast_head_json":{"title":"A rede de supermercados mais conhecida do pa\u00eds revela sua expans\u00e3o: 15 novas lojas e 60 franquias em 3 anos - Estado de Minas - Em foco","description":"Expans\u00e3o dos supermercados Eroski inclui novas lojas, franquias e refor\u00e7o financeiro. Veja o que muda at\u00e9 2026.","robots":{"index":"index","follow":"follow","max-snippet":"max-snippet:-1","max-image-preview":"max-image-preview:large","max-video-preview":"max-video-preview:-1"},"canonical":"https:\/\/www.em.com.br\/emfoco\/2026\/01\/29\/a-rede-de-supermercados-mais-conhecida-do-pais-revela-sua-expansao-15-novas-lojas-e-60-franquias-em-3-anos\/","og_locale":"pt_BR","og_type":"article","og_title":"A rede de supermercados mais conhecida do pa\u00eds revela sua expans\u00e3o: 15 novas lojas e 60 franquias em 3 anos - Estado de Minas - Em foco","og_description":"Expans\u00e3o dos supermercados Eroski inclui novas lojas, franquias e refor\u00e7o financeiro. Veja o que muda at\u00e9 2026.","og_url":"https:\/\/www.em.com.br\/emfoco\/2026\/01\/29\/a-rede-de-supermercados-mais-conhecida-do-pais-revela-sua-expansao-15-novas-lojas-e-60-franquias-em-3-anos\/","og_site_name":"Estado de Minas - Em foco","article_published_time":"2026-01-29T16:45:00+00:00","article_modified_time":"2026-01-29T01:25:22+00:00","og_image":[{"width":1280,"height":720,"url":"https:\/\/www.em.com.br\/emfoco\/wp-content\/uploads\/2026\/01\/ChatGPT-Image-28-de-jan.-de-2026-19_42_05-1.png","type":"image\/png"}],"author":"Andre\u0301 Rangel\u00a0","twitter_card":"summary_large_image","twitter_misc":{"Escrito por":"Andre\u0301 Rangel\u00a0","Est. tempo de leitura":"5 minutos"},"schema":{"@context":"https:\/\/schema.org","@graph":[{"@type":"WebPage","@id":"https:\/\/www.em.com.br\/emfoco\/2026\/01\/29\/a-rede-de-supermercados-mais-conhecida-do-pais-revela-sua-expansao-15-novas-lojas-e-60-franquias-em-3-anos\/","url":"https:\/\/www.em.com.br\/emfoco\/2026\/01\/29\/a-rede-de-supermercados-mais-conhecida-do-pais-revela-sua-expansao-15-novas-lojas-e-60-franquias-em-3-anos\/","name":"A rede de supermercados mais conhecida do pa\u00eds revela sua expans\u00e3o: 15 novas lojas e 60 franquias em 3 anos - Estado de Minas - Em foco","isPartOf":{"@id":"https:\/\/www.em.com.br\/emfoco\/#website"},"primaryImageOfPage":{"@id":"https:\/\/www.em.com.br\/emfoco\/2026\/01\/29\/a-rede-de-supermercados-mais-conhecida-do-pais-revela-sua-expansao-15-novas-lojas-e-60-franquias-em-3-anos\/#primaryimage"},"image":{"@id":"https:\/\/www.em.com.br\/emfoco\/2026\/01\/29\/a-rede-de-supermercados-mais-conhecida-do-pais-revela-sua-expansao-15-novas-lojas-e-60-franquias-em-3-anos\/#primaryimage"},"thumbnailUrl":"https:\/\/www.em.com.br\/emfoco\/wp-content\/uploads\/2026\/01\/ChatGPT-Image-28-de-jan.-de-2026-19_42_05-1.png","datePublished":"2026-01-29T16:45:00+00:00","dateModified":"2026-01-29T01:25:22+00:00","author":{"@id":"https:\/\/www.em.com.br\/emfoco\/#\/schema\/person\/60eda09c1fedf0d6891f4cef4b60b8b8"},"description":"Expans\u00e3o dos supermercados Eroski inclui novas lojas, franquias e refor\u00e7o financeiro. Veja o que muda at\u00e9 2026.","breadcrumb":{"@id":"https:\/\/www.em.com.br\/emfoco\/2026\/01\/29\/a-rede-de-supermercados-mais-conhecida-do-pais-revela-sua-expansao-15-novas-lojas-e-60-franquias-em-3-anos\/#breadcrumb"},"inLanguage":"pt-BR","potentialAction":[{"@type":"ReadAction","target":["https:\/\/www.em.com.br\/emfoco\/2026\/01\/29\/a-rede-de-supermercados-mais-conhecida-do-pais-revela-sua-expansao-15-novas-lojas-e-60-franquias-em-3-anos\/"]}]},{"@type":"ImageObject","inLanguage":"pt-BR","@id":"https:\/\/www.em.com.br\/emfoco\/2026\/01\/29\/a-rede-de-supermercados-mais-conhecida-do-pais-revela-sua-expansao-15-novas-lojas-e-60-franquias-em-3-anos\/#primaryimage","url":"https:\/\/www.em.com.br\/emfoco\/wp-content\/uploads\/2026\/01\/ChatGPT-Image-28-de-jan.-de-2026-19_42_05-1.png","contentUrl":"https:\/\/www.em.com.br\/emfoco\/wp-content\/uploads\/2026\/01\/ChatGPT-Image-28-de-jan.-de-2026-19_42_05-1.png","width":1280,"height":720,"caption":"Eroski acelera expans\u00e3o de supermercados at\u00e9 2026"},{"@type":"BreadcrumbList","@id":"https:\/\/www.em.com.br\/emfoco\/2026\/01\/29\/a-rede-de-supermercados-mais-conhecida-do-pais-revela-sua-expansao-15-novas-lojas-e-60-franquias-em-3-anos\/#breadcrumb","itemListElement":[{"@type":"ListItem","position":1,"name":"In\u00edcio","item":"https:\/\/www.em.com.br\/emfoco\/"},{"@type":"ListItem","position":2,"name":"A rede de supermercados mais conhecida do pa\u00eds revela sua expans\u00e3o: 15 novas lojas e 60 franquias em 3 anos"}]},{"@type":"WebSite","@id":"https:\/\/www.em.com.br\/emfoco\/#website","url":"https:\/\/www.em.com.br\/emfoco\/","name":"Estado de Minas - Em foco","description":"Acompanhe as \u00faltimas not\u00edcias e fique bem informado sobre tudo o que acontece em Minas Gerais, Brasil e no mundo.","potentialAction":[{"@type":"SearchAction","target":{"@type":"EntryPoint","urlTemplate":"https:\/\/www.em.com.br\/emfoco\/?s={search_term_string}"},"query-input":{"@type":"PropertyValueSpecification","valueRequired":true,"valueName":"search_term_string"}}],"inLanguage":"pt-BR"},{"@type":"Person","@id":"https:\/\/www.em.com.br\/emfoco\/#\/schema\/person\/60eda09c1fedf0d6891f4cef4b60b8b8","name":"Andre\u0301 Rangel\u00a0","image":{"@type":"ImageObject","inLanguage":"pt-BR","@id":"https:\/\/www.em.com.br\/emfoco\/#\/schema\/person\/image\/","url":"https:\/\/secure.gravatar.com\/avatar\/6234dc814c77c8ef6d8bba622c787efc?s=96&d=mm&r=g","contentUrl":"https:\/\/secure.gravatar.com\/avatar\/6234dc814c77c8ef6d8bba622c787efc?s=96&d=mm&r=g","caption":"Andre\u0301 Rangel\u00a0"},"url":"https:\/\/www.em.com.br\/emfoco\/author\/luizmyth\/"}]}},"_links":{"self":[{"href":"https:\/\/www.em.com.br\/emfoco\/wp-json\/wp\/v2\/posts\/161538","targetHints":{"allow":["GET"]}}],"collection":[{"href":"https:\/\/www.em.com.br\/emfoco\/wp-json\/wp\/v2\/posts"}],"about":[{"href":"https:\/\/www.em.com.br\/emfoco\/wp-json\/wp\/v2\/types\/post"}],"author":[{"embeddable":true,"href":"https:\/\/www.em.com.br\/emfoco\/wp-json\/wp\/v2\/users\/11"}],"replies":[{"embeddable":true,"href":"https:\/\/www.em.com.br\/emfoco\/wp-json\/wp\/v2\/comments?post=161538"}],"version-history":[{"count":5,"href":"https:\/\/www.em.com.br\/emfoco\/wp-json\/wp\/v2\/posts\/161538\/revisions"}],"predecessor-version":[{"id":161577,"href":"https:\/\/www.em.com.br\/emfoco\/wp-json\/wp\/v2\/posts\/161538\/revisions\/161577"}],"wp:featuredmedia":[{"embeddable":true,"href":"https:\/\/www.em.com.br\/emfoco\/wp-json\/wp\/v2\/media\/161563"}],"wp:attachment":[{"href":"https:\/\/www.em.com.br\/emfoco\/wp-json\/wp\/v2\/media?parent=161538"}],"wp:term":[{"taxonomy":"category","embeddable":true,"href":"https:\/\/www.em.com.br\/emfoco\/wp-json\/wp\/v2\/categories?post=161538"},{"taxonomy":"post_tag","embeddable":true,"href":"https:\/\/www.em.com.br\/emfoco\/wp-json\/wp\/v2\/tags?post=161538"}],"curies":[{"name":"wp","href":"https:\/\/api.w.org\/{rel}","templated":true}]}}