{"id":161532,"date":"2026-01-29T11:15:00","date_gmt":"2026-01-29T14:15:00","guid":{"rendered":"https:\/\/www.em.com.br\/emfoco\/?p=161532"},"modified":"2026-01-28T22:23:05","modified_gmt":"2026-01-29T01:23:05","slug":"adeus-a-mesa-na-sala-de-estar-a-tendencia-de-decoracao-que-podera-substitui-la-em-2026","status":"publish","type":"post","link":"https:\/\/www.em.com.br\/emfoco\/2026\/01\/29\/adeus-a-mesa-na-sala-de-estar-a-tendencia-de-decoracao-que-podera-substitui-la-em-2026\/","title":{"rendered":"Adeus \u00e0 mesa na sala de estar: a tend\u00eancia de decora\u00e7\u00e3o que poder\u00e1 substitu\u00ed-la em 2026"},"content":{"rendered":"\n<p>Entre as tend\u00eancias de decora\u00e7\u00e3o para 2026, o\u00a0<strong>balc\u00e3o de caf\u00e9 da manh\u00e3<\/strong>\u00a0surge como um coringa moderno para substituir a tradicional <strong>mesa da sala de estar<\/strong>, principalmente em im\u00f3veis compactos e ambientes integrados. Simples de planejar e f\u00e1cil de adaptar, ele concentra em um \u00fanico ponto da casa as fun\u00e7\u00f5es de refei\u00e7\u00e3o, trabalho e encontro, trazendo mais fluidez, conforto e um visual atual sem obras complexas.<\/p>\n\n\n\n<h2 class=\"wp-block-heading\">O que \u00e9 balc\u00e3o de caf\u00e9 da manh\u00e3 e por que ele virou tend\u00eancia<\/h2>\n\n\n\n<p>O\u00a0<strong>balc\u00e3o de caf\u00e9 da manh\u00e3<\/strong>\u00a0se consolidou como pe\u00e7a-chave no aproveitamento de espa\u00e7o na <a href=\"https:\/\/www.em.com.br\/emfoco\/2026\/01\/24\/ideias-de-decoracao-que-sao-lindas-mas-nao-funcionam-no-dia-a-dia\/\" target=\"_blank\" rel=\"noreferrer noopener\">decora\u00e7\u00e3o <\/a>contempor\u00e2nea. Em vez de uma grande mesa central, o balc\u00e3o encostado \u00e0 parede, integrado \u00e0 cozinha ou fazendo a transi\u00e7\u00e3o para o living assume m\u00faltiplas fun\u00e7\u00f5es sem pesar visualmente.<\/p>\n\n\n\n<p>Esse tipo de mobili\u00e1rio \u00e9 especialmente \u00fatil em apartamentos compactos e cozinhas integradas (cozinhas em conceito aberto), onde cada cent\u00edmetro conta. Ao assumir o papel que antes era da mesa de jantar ou da mesa de centro, ele reorganiza o espa\u00e7o, melhora a circula\u00e7\u00e3o e cria uma \u00e1rea de conviv\u00eancia mais leve e funcional. Em muitas salas de estar atuais, o balc\u00e3o substitui totalmente a mesa tradicional, liberando \u00e1rea para um sof\u00e1 maior, poltronas confort\u00e1veis ou at\u00e9 um m\u00f3vel de apoio extra.<\/p>\n\n\n\n<figure class=\"wp-block-image size-large\"><img loading=\"lazy\" decoding=\"async\" width=\"1024\" height=\"576\" src=\"https:\/\/www.em.com.br\/emfoco\/wp-content\/uploads\/2026\/01\/ChatGPT-Image-28-de-jan.-de-2026-19_58_09-1-1024x576.png\" alt=\"Vantagens do balc\u00e3o de caf\u00e9 da manh\u00e3 na decora\u00e7\u00e3o\" class=\"wp-image-161571\" srcset=\"https:\/\/www.em.com.br\/emfoco\/wp-content\/uploads\/2026\/01\/ChatGPT-Image-28-de-jan.-de-2026-19_58_09-1-1024x576.png 1024w, https:\/\/www.em.com.br\/emfoco\/wp-content\/uploads\/2026\/01\/ChatGPT-Image-28-de-jan.-de-2026-19_58_09-1-300x169.png 300w, https:\/\/www.em.com.br\/emfoco\/wp-content\/uploads\/2026\/01\/ChatGPT-Image-28-de-jan.-de-2026-19_58_09-1-768x432.png 768w, https:\/\/www.em.com.br\/emfoco\/wp-content\/uploads\/2026\/01\/ChatGPT-Image-28-de-jan.-de-2026-19_58_09-1-750x422.png 750w, https:\/\/www.em.com.br\/emfoco\/wp-content\/uploads\/2026\/01\/ChatGPT-Image-28-de-jan.-de-2026-19_58_09-1-1140x641.png 1140w, https:\/\/www.em.com.br\/emfoco\/wp-content\/uploads\/2026\/01\/ChatGPT-Image-28-de-jan.-de-2026-19_58_09-1.png 1280w\" sizes=\"auto, (max-width: 1024px) 100vw, 1024px\" \/><figcaption class=\"wp-element-caption\">Vantagens do balc\u00e3o de caf\u00e9 da manh\u00e3 na decora\u00e7\u00e3o<\/figcaption><\/figure>\n\n\n\n<h2 class=\"wp-block-heading\">Como o balc\u00e3o de caf\u00e9 da manh\u00e3 funciona na rotina da casa<\/h2>\n\n\n\n<p>Na pr\u00e1tica, a pe\u00e7a vai muito al\u00e9m do caf\u00e9 da manh\u00e3: serve para refei\u00e7\u00f5es r\u00e1pidas, ponto de trabalho com computador port\u00e1til, \u00e1rea de estudos ou apoio em encontros informais. Quando projetado na altura correta e combinado com&nbsp;<em>banquetas empilh\u00e1veis<\/em>&nbsp;ou que se encaixam sob o tampo, amplia o uso sem comprometer o conforto.<\/p>\n\n\n\n<p>O impacto visual tamb\u00e9m \u00e9 um diferencial, j\u00e1 que o balc\u00e3o tende a ser mais estreito e linear que uma mesa tradicional. Materiais como madeira clara, painel de fibra de m\u00e9dia densidade laminado, pedra sint\u00e9tica ou concreto aparente permitem combina\u00e7\u00f5es diversas e se integram bem tanto a ambientes minimalistas quanto a propostas r\u00fasticas ou industriais. Em projetos mais atuais, \u00e9 comum integrar o balc\u00e3o a pain\u00e9is ripados, nichos ou prateleiras, criando uma composi\u00e7\u00e3o \u00fanica que tamb\u00e9m oferece espa\u00e7o para armazenar utens\u00edlios, livros ou itens decorativos.<\/p>\n\n\n\n<h2 class=\"wp-block-heading\">Quais s\u00e3o os principais benef\u00edcios do balc\u00e3o de caf\u00e9 da manh\u00e3<\/h2>\n\n\n\n<p>Com o avan\u00e7o dos im\u00f3veis compactos, o<a href=\"https:\/\/br.pinterest.com\/guararapesmdf\/cantinho-do-caf%C3%A9\/\" target=\"_blank\" rel=\"noreferrer noopener\">\u00a0<strong>balc\u00e3o de caf\u00e9 da manh\u00e3 na decora\u00e7\u00e3o<\/strong><\/a>\u00a0passou a ser visto como eixo organizador dos espa\u00e7os, ajudando a separar setores sem erguer paredes e valorizando a luz natural. Em plantas abertas, ele funciona como divisor sutil entre cozinha e living, refor\u00e7ando a sensa\u00e7\u00e3o de amplitude.<\/p>\n\n\n\n<p>Entre os benef\u00edcios mais citados pelos moradores e profissionais de interiores, destacam-se:<\/p>\n\n\n\n<ul class=\"wp-block-list\">\n<li><strong>Otimiza\u00e7\u00e3o do espa\u00e7o:<\/strong>\u00a0ocupa menos \u00e1rea que uma mesa tradicional, liberando metragem para circula\u00e7\u00e3o ou outros m\u00f3veis.<\/li>\n\n\n\n<li><strong>Uso multifuncional:<\/strong>\u00a0permite comer, trabalhar, estudar, apoiar eletrodom\u00e9sticos menores ou servir petiscos em reuni\u00f5es.<\/li>\n\n\n\n<li><strong>Delimita\u00e7\u00e3o de ambientes:<\/strong>\u00a0marca a separa\u00e7\u00e3o entre cozinha e sala sem bloquear a vis\u00e3o nem a ilumina\u00e7\u00e3o.<\/li>\n\n\n\n<li><strong>Atualiza\u00e7\u00e3o est\u00e9tica:<\/strong>\u00a0confere um ar contempor\u00e2neo ao im\u00f3vel, alinhado ao estilo de vida urbano atual.<\/li>\n\n\n\n<li><strong>Mais ergonomia:<\/strong>\u00a0oferece altura adequada para refei\u00e7\u00f5es, evitando comer curvado sobre mesas de centro baixas.<\/li>\n<\/ul>\n\n\n\n<figure class=\"wp-block-image size-large\"><img loading=\"lazy\" decoding=\"async\" width=\"1024\" height=\"576\" src=\"https:\/\/www.em.com.br\/emfoco\/wp-content\/uploads\/2026\/01\/ChatGPT-Image-28-de-jan.-de-2026-20_01_11-1-1024x576.png\" alt=\"Vantagens do balc\u00e3o de caf\u00e9 da manh\u00e3 na decora\u00e7\u00e3o\" class=\"wp-image-161573\" srcset=\"https:\/\/www.em.com.br\/emfoco\/wp-content\/uploads\/2026\/01\/ChatGPT-Image-28-de-jan.-de-2026-20_01_11-1-1024x576.png 1024w, https:\/\/www.em.com.br\/emfoco\/wp-content\/uploads\/2026\/01\/ChatGPT-Image-28-de-jan.-de-2026-20_01_11-1-300x169.png 300w, https:\/\/www.em.com.br\/emfoco\/wp-content\/uploads\/2026\/01\/ChatGPT-Image-28-de-jan.-de-2026-20_01_11-1-768x432.png 768w, https:\/\/www.em.com.br\/emfoco\/wp-content\/uploads\/2026\/01\/ChatGPT-Image-28-de-jan.-de-2026-20_01_11-1-750x422.png 750w, https:\/\/www.em.com.br\/emfoco\/wp-content\/uploads\/2026\/01\/ChatGPT-Image-28-de-jan.-de-2026-20_01_11-1-1140x641.png 1140w, https:\/\/www.em.com.br\/emfoco\/wp-content\/uploads\/2026\/01\/ChatGPT-Image-28-de-jan.-de-2026-20_01_11-1.png 1280w\" sizes=\"auto, (max-width: 1024px) 100vw, 1024px\" \/><figcaption class=\"wp-element-caption\">Vantagens do balc\u00e3o de caf\u00e9 da manh\u00e3 na decora\u00e7\u00e3o<\/figcaption><\/figure>\n\n\n\n<h2 class=\"wp-block-heading\">Como escolher o balc\u00e3o de caf\u00e9 da manh\u00e3 ideal para o seu espa\u00e7o<\/h2>\n\n\n\n<p>A escolha do&nbsp;<strong>balc\u00e3o de caf\u00e9 da manh\u00e3 ideal<\/strong>&nbsp;come\u00e7a pela medi\u00e7\u00e3o cuidadosa da \u00e1rea dispon\u00edvel, considerando circula\u00e7\u00e3o m\u00ednima, abertura de portas, posi\u00e7\u00e3o de eletrodom\u00e9sticos e n\u00famero de usu\u00e1rios. A altura deve ser compat\u00edvel com o tipo de banqueta para garantir conforto em refei\u00e7\u00f5es, trabalho ou estudos.<\/p>\n\n\n\n<p>Tamb\u00e9m \u00e9 importante definir o uso principal, escolher materiais resistentes e f\u00e1ceis de limpar e planejar a ilumina\u00e7\u00e3o da \u00e1rea. Lumin\u00e1rias pendentes ou ilumina\u00e7\u00e3o embutida tornam o uso mais agrad\u00e1vel, enquanto banquetas que se encaixam sob o tampo ajudam a liberar espa\u00e7o quando n\u00e3o est\u00e3o em uso. Em cozinhas pequenas, modelos retr\u00e1teis ou dobr\u00e1veis de balc\u00e3o podem ser uma alternativa interessante, permitindo ampliar a \u00e1rea de circula\u00e7\u00e3o quando necess\u00e1rio.<\/p>\n\n\n\n<h2 class=\"wp-block-heading\">Por que investir agora em um balc\u00e3o de caf\u00e9 da manh\u00e3<\/h2>\n\n\n\n<p>No mercado brasileiro de 2026, h\u00e1 desde modelos pr\u00e9-fabricados acess\u00edveis at\u00e9 projetos planejados com acabamentos sofisticados, que podem elevar o custo, mas tamb\u00e9m o valor percebido do im\u00f3vel. Em ambos os casos, a instala\u00e7\u00e3o tende a ser simples, o que facilita aderir \u00e0 tend\u00eancia mesmo em reformas r\u00e1pidas.<\/p>\n\n\n\n<p>Se voc\u00ea busca uma casa mais funcional, organizada e acolhedora, este \u00e9 o momento de planejar seu balc\u00e3o de caf\u00e9 da manh\u00e3 e transformar a rotina em um \u00fanico gesto de mudan\u00e7a. N\u00e3o adie: cada dia em um espa\u00e7o mal aproveitado \u00e9 um dia a menos desfrutando de um ambiente pr\u00e1tico, bonito e pronto para receber voc\u00ea e quem voc\u00ea ama.<\/p>\n\n\n\n<p><\/p>\n","protected":false},"excerpt":{"rendered":"<p>Entre as tend\u00eancias de decora\u00e7\u00e3o para 2026, o\u00a0balc\u00e3o de caf\u00e9 da manh\u00e3\u00a0surge como um coringa moderno para substituir a tradicional mesa da sala de estar, principalmente em im\u00f3veis compactos e ambientes integrados. Simples de planejar e f\u00e1cil de adaptar, ele concentra em um \u00fanico ponto da casa as fun\u00e7\u00f5es de refei\u00e7\u00e3o, trabalho e encontro, trazendo [&hellip;]<\/p>\n","protected":false},"author":11,"featured_media":161572,"comment_status":"open","ping_status":"open","sticky":false,"template":"","format":"standard","meta":{"jnews-multi-image_gallery":[],"jnews_single_post":{"format":"standard"},"jnews_primary_category":[],"jnews_social_meta":[],"jnews_override_counter":[],"footnotes":""},"categories":[8819,1],"tags":[11844,9775,3563,4687,1920],"class_list":["post-161532","post","type-post","status-publish","format-standard","has-post-thumbnail","hentry","category-curiosidades","category-noticias","tag-apartamento","tag-cafe-da-manha","tag-cozinha","tag-decoracao","tag-tendencia"],"yoast_head":"<!-- This site is optimized with the Yoast SEO plugin v23.8 - https:\/\/yoast.com\/wordpress\/plugins\/seo\/ -->\n<title>Adeus \u00e0 mesa na sala de estar: a tend\u00eancia de decora\u00e7\u00e3o que poder\u00e1 substitu\u00ed-la em 2026 - Estado de Minas - Em foco<\/title>\n<meta name=\"description\" content=\"O balc\u00e3o de caf\u00e9 da manh\u00e3 \u00e9 tend\u00eancia em 2026 e substitui a mesa tradicional. Veja vantagens, usos e como adaptar ao seu espa\u00e7o.\" \/>\n<meta name=\"robots\" content=\"index, follow, max-snippet:-1, max-image-preview:large, max-video-preview:-1\" \/>\n<link rel=\"canonical\" href=\"https:\/\/www.em.com.br\/emfoco\/2026\/01\/29\/adeus-a-mesa-na-sala-de-estar-a-tendencia-de-decoracao-que-podera-substitui-la-em-2026\/\" \/>\n<meta property=\"og:locale\" content=\"pt_BR\" \/>\n<meta property=\"og:type\" content=\"article\" \/>\n<meta property=\"og:title\" content=\"Adeus \u00e0 mesa na sala de estar: a tend\u00eancia de decora\u00e7\u00e3o que poder\u00e1 substitu\u00ed-la em 2026 - Estado de Minas - Em foco\" \/>\n<meta property=\"og:description\" content=\"O balc\u00e3o de caf\u00e9 da manh\u00e3 \u00e9 tend\u00eancia em 2026 e substitui a mesa tradicional. Veja vantagens, usos e como adaptar ao seu espa\u00e7o.\" \/>\n<meta property=\"og:url\" content=\"https:\/\/www.em.com.br\/emfoco\/2026\/01\/29\/adeus-a-mesa-na-sala-de-estar-a-tendencia-de-decoracao-que-podera-substitui-la-em-2026\/\" \/>\n<meta property=\"og:site_name\" content=\"Estado de Minas - Em foco\" \/>\n<meta property=\"article:published_time\" content=\"2026-01-29T14:15:00+00:00\" \/>\n<meta property=\"article:modified_time\" content=\"2026-01-29T01:23:05+00:00\" \/>\n<meta property=\"og:image\" content=\"https:\/\/www.em.com.br\/emfoco\/wp-content\/uploads\/2026\/01\/Gemini_Generated_Image_mm2qwvmm2qwvmm2q-1.png\" \/>\n\t<meta property=\"og:image:width\" content=\"1280\" \/>\n\t<meta property=\"og:image:height\" content=\"720\" \/>\n\t<meta property=\"og:image:type\" content=\"image\/png\" \/>\n<meta name=\"author\" content=\"Andre\u0301 Rangel\u00a0\" \/>\n<meta name=\"twitter:card\" content=\"summary_large_image\" \/>\n<meta name=\"twitter:label1\" content=\"Escrito por\" \/>\n\t<meta name=\"twitter:data1\" content=\"Andre\u0301 Rangel\u00a0\" \/>\n\t<meta name=\"twitter:label2\" content=\"Est. tempo de leitura\" \/>\n\t<meta name=\"twitter:data2\" content=\"5 minutos\" \/>\n<!-- \/ Yoast SEO plugin. -->","yoast_head_json":{"title":"Adeus \u00e0 mesa na sala de estar: a tend\u00eancia de decora\u00e7\u00e3o que poder\u00e1 substitu\u00ed-la em 2026 - Estado de Minas - Em foco","description":"O balc\u00e3o de caf\u00e9 da manh\u00e3 \u00e9 tend\u00eancia em 2026 e substitui a mesa tradicional. Veja vantagens, usos e como adaptar ao seu espa\u00e7o.","robots":{"index":"index","follow":"follow","max-snippet":"max-snippet:-1","max-image-preview":"max-image-preview:large","max-video-preview":"max-video-preview:-1"},"canonical":"https:\/\/www.em.com.br\/emfoco\/2026\/01\/29\/adeus-a-mesa-na-sala-de-estar-a-tendencia-de-decoracao-que-podera-substitui-la-em-2026\/","og_locale":"pt_BR","og_type":"article","og_title":"Adeus \u00e0 mesa na sala de estar: a tend\u00eancia de decora\u00e7\u00e3o que poder\u00e1 substitu\u00ed-la em 2026 - Estado de Minas - Em foco","og_description":"O balc\u00e3o de caf\u00e9 da manh\u00e3 \u00e9 tend\u00eancia em 2026 e substitui a mesa tradicional. Veja vantagens, usos e como adaptar ao seu espa\u00e7o.","og_url":"https:\/\/www.em.com.br\/emfoco\/2026\/01\/29\/adeus-a-mesa-na-sala-de-estar-a-tendencia-de-decoracao-que-podera-substitui-la-em-2026\/","og_site_name":"Estado de Minas - Em foco","article_published_time":"2026-01-29T14:15:00+00:00","article_modified_time":"2026-01-29T01:23:05+00:00","og_image":[{"width":1280,"height":720,"url":"https:\/\/www.em.com.br\/emfoco\/wp-content\/uploads\/2026\/01\/Gemini_Generated_Image_mm2qwvmm2qwvmm2q-1.png","type":"image\/png"}],"author":"Andre\u0301 Rangel\u00a0","twitter_card":"summary_large_image","twitter_misc":{"Escrito por":"Andre\u0301 Rangel\u00a0","Est. tempo de leitura":"5 minutos"},"schema":{"@context":"https:\/\/schema.org","@graph":[{"@type":"WebPage","@id":"https:\/\/www.em.com.br\/emfoco\/2026\/01\/29\/adeus-a-mesa-na-sala-de-estar-a-tendencia-de-decoracao-que-podera-substitui-la-em-2026\/","url":"https:\/\/www.em.com.br\/emfoco\/2026\/01\/29\/adeus-a-mesa-na-sala-de-estar-a-tendencia-de-decoracao-que-podera-substitui-la-em-2026\/","name":"Adeus \u00e0 mesa na sala de estar: a tend\u00eancia de decora\u00e7\u00e3o que poder\u00e1 substitu\u00ed-la em 2026 - Estado de Minas - Em foco","isPartOf":{"@id":"https:\/\/www.em.com.br\/emfoco\/#website"},"primaryImageOfPage":{"@id":"https:\/\/www.em.com.br\/emfoco\/2026\/01\/29\/adeus-a-mesa-na-sala-de-estar-a-tendencia-de-decoracao-que-podera-substitui-la-em-2026\/#primaryimage"},"image":{"@id":"https:\/\/www.em.com.br\/emfoco\/2026\/01\/29\/adeus-a-mesa-na-sala-de-estar-a-tendencia-de-decoracao-que-podera-substitui-la-em-2026\/#primaryimage"},"thumbnailUrl":"https:\/\/www.em.com.br\/emfoco\/wp-content\/uploads\/2026\/01\/Gemini_Generated_Image_mm2qwvmm2qwvmm2q-1.png","datePublished":"2026-01-29T14:15:00+00:00","dateModified":"2026-01-29T01:23:05+00:00","author":{"@id":"https:\/\/www.em.com.br\/emfoco\/#\/schema\/person\/60eda09c1fedf0d6891f4cef4b60b8b8"},"description":"O balc\u00e3o de caf\u00e9 da manh\u00e3 \u00e9 tend\u00eancia em 2026 e substitui a mesa tradicional. Veja vantagens, usos e como adaptar ao seu espa\u00e7o.","breadcrumb":{"@id":"https:\/\/www.em.com.br\/emfoco\/2026\/01\/29\/adeus-a-mesa-na-sala-de-estar-a-tendencia-de-decoracao-que-podera-substitui-la-em-2026\/#breadcrumb"},"inLanguage":"pt-BR","potentialAction":[{"@type":"ReadAction","target":["https:\/\/www.em.com.br\/emfoco\/2026\/01\/29\/adeus-a-mesa-na-sala-de-estar-a-tendencia-de-decoracao-que-podera-substitui-la-em-2026\/"]}]},{"@type":"ImageObject","inLanguage":"pt-BR","@id":"https:\/\/www.em.com.br\/emfoco\/2026\/01\/29\/adeus-a-mesa-na-sala-de-estar-a-tendencia-de-decoracao-que-podera-substitui-la-em-2026\/#primaryimage","url":"https:\/\/www.em.com.br\/emfoco\/wp-content\/uploads\/2026\/01\/Gemini_Generated_Image_mm2qwvmm2qwvmm2q-1.png","contentUrl":"https:\/\/www.em.com.br\/emfoco\/wp-content\/uploads\/2026\/01\/Gemini_Generated_Image_mm2qwvmm2qwvmm2q-1.png","width":1280,"height":720,"caption":"Vantagens do balc\u00e3o de caf\u00e9 da manh\u00e3 na decora\u00e7\u00e3o"},{"@type":"BreadcrumbList","@id":"https:\/\/www.em.com.br\/emfoco\/2026\/01\/29\/adeus-a-mesa-na-sala-de-estar-a-tendencia-de-decoracao-que-podera-substitui-la-em-2026\/#breadcrumb","itemListElement":[{"@type":"ListItem","position":1,"name":"In\u00edcio","item":"https:\/\/www.em.com.br\/emfoco\/"},{"@type":"ListItem","position":2,"name":"Adeus \u00e0 mesa na sala de estar: a tend\u00eancia de decora\u00e7\u00e3o que poder\u00e1 substitu\u00ed-la em 2026"}]},{"@type":"WebSite","@id":"https:\/\/www.em.com.br\/emfoco\/#website","url":"https:\/\/www.em.com.br\/emfoco\/","name":"Estado de Minas - Em foco","description":"Acompanhe as \u00faltimas not\u00edcias e fique bem informado sobre tudo o que acontece em Minas Gerais, Brasil e no mundo.","potentialAction":[{"@type":"SearchAction","target":{"@type":"EntryPoint","urlTemplate":"https:\/\/www.em.com.br\/emfoco\/?s={search_term_string}"},"query-input":{"@type":"PropertyValueSpecification","valueRequired":true,"valueName":"search_term_string"}}],"inLanguage":"pt-BR"},{"@type":"Person","@id":"https:\/\/www.em.com.br\/emfoco\/#\/schema\/person\/60eda09c1fedf0d6891f4cef4b60b8b8","name":"Andre\u0301 Rangel\u00a0","image":{"@type":"ImageObject","inLanguage":"pt-BR","@id":"https:\/\/www.em.com.br\/emfoco\/#\/schema\/person\/image\/","url":"https:\/\/secure.gravatar.com\/avatar\/6234dc814c77c8ef6d8bba622c787efc?s=96&d=mm&r=g","contentUrl":"https:\/\/secure.gravatar.com\/avatar\/6234dc814c77c8ef6d8bba622c787efc?s=96&d=mm&r=g","caption":"Andre\u0301 Rangel\u00a0"},"url":"https:\/\/www.em.com.br\/emfoco\/author\/luizmyth\/"}]}},"_links":{"self":[{"href":"https:\/\/www.em.com.br\/emfoco\/wp-json\/wp\/v2\/posts\/161532","targetHints":{"allow":["GET"]}}],"collection":[{"href":"https:\/\/www.em.com.br\/emfoco\/wp-json\/wp\/v2\/posts"}],"about":[{"href":"https:\/\/www.em.com.br\/emfoco\/wp-json\/wp\/v2\/types\/post"}],"author":[{"embeddable":true,"href":"https:\/\/www.em.com.br\/emfoco\/wp-json\/wp\/v2\/users\/11"}],"replies":[{"embeddable":true,"href":"https:\/\/www.em.com.br\/emfoco\/wp-json\/wp\/v2\/comments?post=161532"}],"version-history":[{"count":3,"href":"https:\/\/www.em.com.br\/emfoco\/wp-json\/wp\/v2\/posts\/161532\/revisions"}],"predecessor-version":[{"id":161580,"href":"https:\/\/www.em.com.br\/emfoco\/wp-json\/wp\/v2\/posts\/161532\/revisions\/161580"}],"wp:featuredmedia":[{"embeddable":true,"href":"https:\/\/www.em.com.br\/emfoco\/wp-json\/wp\/v2\/media\/161572"}],"wp:attachment":[{"href":"https:\/\/www.em.com.br\/emfoco\/wp-json\/wp\/v2\/media?parent=161532"}],"wp:term":[{"taxonomy":"category","embeddable":true,"href":"https:\/\/www.em.com.br\/emfoco\/wp-json\/wp\/v2\/categories?post=161532"},{"taxonomy":"post_tag","embeddable":true,"href":"https:\/\/www.em.com.br\/emfoco\/wp-json\/wp\/v2\/tags?post=161532"}],"curies":[{"name":"wp","href":"https:\/\/api.w.org\/{rel}","templated":true}]}}