{"id":161385,"date":"2026-01-30T14:35:00","date_gmt":"2026-01-30T17:35:00","guid":{"rendered":"https:\/\/www.em.com.br\/emfoco\/?p=161385"},"modified":"2026-01-29T21:59:34","modified_gmt":"2026-01-30T00:59:34","slug":"as-curiosidades-mais-bizarras-que-voce-ficara-chocado-quando-descobrir","status":"publish","type":"post","link":"https:\/\/www.em.com.br\/emfoco\/2026\/01\/30\/as-curiosidades-mais-bizarras-que-voce-ficara-chocado-quando-descobrir\/","title":{"rendered":"As curiosidades mais bizarras que voc\u00ea ficar\u00e1 chocado quando descobrir"},"content":{"rendered":"\n<p>Prepare-se para ficar genuinamente surpreso. O mundo, o corpo humano e o universo escondem fatos t\u00e3o estranhos que parecem mentira, mas s\u00e3o 100% reais. De bananas radioativas \u00e0 Lua encolhendo, essas curiosidades provam que a realidade consegue ser mais bizarra do que qualquer fic\u00e7\u00e3o.<\/p>\n\n\n\n<h2 class=\"wp-block-heading\">Bananas radioativas e bact\u00e9rias em todo lugar<\/h2>\n\n\n\n<p>Pode parecer piada, mas bananas s\u00e3o levemente radioativas por causa do pot\u00e1ssio-40, um is\u00f3topo natural presente nelas. A boa not\u00edcia \u00e9 que voc\u00ea precisaria comer cerca de 10 milh\u00f5es de bananas de uma vez para sofrer qualquer efeito perigoso, algo simplesmente imposs\u00edvel.<\/p>\n\n\n\n<p>E fica ainda mais curioso quando olhamos para o <a href=\"https:\/\/www.em.com.br\/emfoco\/2025\/09\/14\/conheca-os-efeitos-poderosos-da-camomila-no-corpo-humano\/\" target=\"_blank\" rel=\"noreferrer noopener\">corpo humano<\/a>. Cerca de metade de voc\u00ea n\u00e3o \u00e9 exatamente \u201cvoc\u00ea\u201d, mas bact\u00e9rias que vivem em equil\u00edbrio no organismo. Para entender melhor essa abund\u00e2ncia invis\u00edvel, vale prestar aten\u00e7\u00e3o nesses dados curiosos:<\/p>\n\n\n\n<figure class=\"wp-block-image size-large\"><img loading=\"lazy\" decoding=\"async\" width=\"1024\" height=\"576\" src=\"https:\/\/www.em.com.br\/emfoco\/wp-content\/uploads\/2026\/01\/bacterias_1769624100382-1024x576.jpg\" alt=\"As curiosidades mais bizarras que voc\u00ea ficar\u00e1 chocado quando descobrir\" class=\"wp-image-161388\" srcset=\"https:\/\/www.em.com.br\/emfoco\/wp-content\/uploads\/2026\/01\/bacterias_1769624100382-1024x576.jpg 1024w, https:\/\/www.em.com.br\/emfoco\/wp-content\/uploads\/2026\/01\/bacterias_1769624100382-300x169.jpg 300w, https:\/\/www.em.com.br\/emfoco\/wp-content\/uploads\/2026\/01\/bacterias_1769624100382-768x432.jpg 768w, https:\/\/www.em.com.br\/emfoco\/wp-content\/uploads\/2026\/01\/bacterias_1769624100382-750x422.jpg 750w, https:\/\/www.em.com.br\/emfoco\/wp-content\/uploads\/2026\/01\/bacterias_1769624100382-1140x641.jpg 1140w, https:\/\/www.em.com.br\/emfoco\/wp-content\/uploads\/2026\/01\/bacterias_1769624100382.jpg 1280w\" sizes=\"auto, (max-width: 1024px) 100vw, 1024px\" \/><figcaption class=\"wp-element-caption\">Representa\u00e7\u00e3o cient\u00edfica de bact\u00e9rias &#8211; Cr\u00e9ditos: depositphotos.com \/ animaxx3d<\/figcaption><\/figure>\n\n\n\n<ul class=\"wp-block-list\">\n<li>Uma colher de ch\u00e1 de terra tem mais microrganismos do que pessoas no planeta<\/li>\n\n\n\n<li>O corpo humano abriga cerca de 39 trilh\u00f5es de bact\u00e9rias<\/li>\n\n\n\n<li>Apesar disso, mais de 99% do seu peso ainda \u00e9 humano<\/li>\n<\/ul>\n\n\n\n<h2 class=\"wp-block-heading\">O corpo humano \u00e9 mais estranho do que parece<\/h2>\n\n\n\n<p>Seu c\u00e9rebro est\u00e1 constantemente \u201ccomendo\u201d c\u00e9lulas menores em um processo chamado fagocitose. Parece assustador, mas \u00e9 justamente isso que ajuda a preservar a massa cinzenta e manter tudo funcionando corretamente.<\/p>\n\n\n\n<p>Outro fato curioso envolve a sua pr\u00f3pria voz. Voc\u00ea pode n\u00e3o gostar de ouvi-la gravada porque, ao falar, escuta o som tanto pelo ar quanto pela vibra\u00e7\u00e3o dos ossos da cabe\u00e7a. J\u00e1 os outros escutam apenas o som externo, o que faz a grava\u00e7\u00e3o soar estranha para voc\u00ea.<\/p>\n\n\n\n<h2 class=\"wp-block-heading\">A Terra e o universo n\u00e3o param de surpreender<\/h2>\n\n\n\n<p>Um raio pode ser at\u00e9 cinco vezes mais quente que a superf\u00edcie do Sol, chegando a impressionantes 30 mil graus Celsius. Enquanto isso, sem perceber, a Terra viaja cerca de 2,5 milh\u00f5es de quil\u00f4metros por dia ao redor do Sol.Alguns desses fatos ficam ainda mais impressionantes quando colocados em n\u00fameros claros. Veja s\u00f3:<\/p>\n\n\n\n<ul class=\"wp-block-list\">\n<li>A luz do Sol leva 8 minutos e 19 segundos para chegar \u00e0 Terra<\/li>\n\n\n\n<li>A estrela mais pr\u00f3xima depois do Sol est\u00e1 a 4 anos-luz de dist\u00e2ncia<\/li>\n\n\n\n<li>A rota\u00e7\u00e3o da Terra est\u00e1 desacelerando, alongando os dias ao longo dos s\u00e9culos<\/li>\n<\/ul>\n\n\n\n<p>Para melhor entendimento das dimens\u00f5es mencionadas acima, selecionamos o v\u00eddeo do <strong><strong><a href=\"https:\/\/www.youtube.com\/@AcheiSaturno\" target=\"_blank\" rel=\"noreferrer noopener\">Achei Saturno<\/a><\/strong><\/strong> e fala sobre as curiosidades:<\/p>\n\n\n\n<figure class=\"wp-block-embed is-type-video is-provider-youtube wp-block-embed-youtube wp-embed-aspect-16-9 wp-has-aspect-ratio\"><div class=\"wp-block-embed__wrapper\">\n<div class=\"jeg_video_container jeg_video_content\"><iframe loading=\"lazy\" title=\"21 Fatos Surpreendentes que Voc\u00ea N\u00e3o Sabia\" width=\"500\" height=\"281\" src=\"https:\/\/www.youtube.com\/embed\/J8VJs2H5yxA?feature=oembed\" frameborder=\"0\" allow=\"accelerometer; autoplay; clipboard-write; encrypted-media; gyroscope; picture-in-picture; web-share\" referrerpolicy=\"strict-origin-when-cross-origin\" allowfullscreen><\/iframe><\/div>\n<\/div><\/figure>\n\n\n\n<h2 class=\"wp-block-heading\">Animais fazem coisas que parecem inacredit\u00e1veis<\/h2>\n\n\n\n<p>Carac\u00f3is possuem entre 1.000 e 12.000 dentes espalhados pela l\u00edngua, funcionando como uma lixa microsc\u00f3pica. J\u00e1 as lib\u00e9lulas formam um cora\u00e7\u00e3o perfeito durante o acasalamento, um dos fen\u00f4menos mais curiosos do reino animal.<\/p>\n\n\n\n<p>E tem mais: animais percebem o tempo de forma diferente dos humanos. Lagartos e salamandras, por exemplo, vivem o tempo mais lentamente, enquanto c\u00e3es e gatos t\u00eam uma percep\u00e7\u00e3o mais pr\u00f3xima da nossa, tudo dependendo da velocidade de processamento do c\u00e9rebro.<\/p>\n\n\n\n<h2 class=\"wp-block-heading\">Dinossauros, Lua encolhendo e mist\u00e9rios c\u00f3smicos<\/h2>\n\n\n\n<p>Estima-se que cerca de 2,5 bilh\u00f5es de tiranossauros rex j\u00e1 tenham existido ao longo da hist\u00f3ria da Terra, embora nunca ao mesmo tempo. Mesmo gigantes, eles cresciam r\u00e1pido e viviam pouco, raramente passando dos 30 anos.<\/p>\n\n\n\n<p>Para fechar com chave de ouro, a Lua est\u00e1 encolhendo lentamente devido a tremores chamados <em>moonquakes<\/em>, e a cor m\u00e9dia do universo \u00e9 algo pr\u00f3ximo a um \u201ccaf\u00e9 com leite c\u00f3smico\u201d. Se essas curiosidades j\u00e1 explodiram sua mente, n\u00e3o pare por aqui \u2014 continue explorando, porque o mundo real ainda guarda surpresas muito maiores.<\/p>\n","protected":false},"excerpt":{"rendered":"<p>Do corpo humano cheio de bact\u00e9rias \u00e0 Lua que encolhe: curiosidades cient\u00edficas reais que desafiam a l\u00f3gica<\/p>\n","protected":false},"author":29,"featured_media":161387,"comment_status":"open","ping_status":"open","sticky":false,"template":"","format":"standard","meta":{"jnews-multi-image_gallery":[],"jnews_single_post":{"format":"standard"},"jnews_primary_category":[],"jnews_social_meta":[],"jnews_override_counter":[],"footnotes":""},"categories":[8819],"tags":[1441,5141,8269],"class_list":["post-161385","post","type-post","status-publish","format-standard","has-post-thumbnail","hentry","category-curiosidades","tag-curiosidades","tag-fatos","tag-universo"],"yoast_head":"<!-- This site is optimized with the Yoast SEO plugin v23.8 - https:\/\/yoast.com\/wordpress\/plugins\/seo\/ -->\n<title>As curiosidades mais bizarras que voc\u00ea ficar\u00e1 chocado quando descobrir - Estado de Minas - Em foco<\/title>\n<meta name=\"description\" content=\"Do corpo humano cheio de bact\u00e9rias \u00e0 Lua que encolhe: curiosidades cient\u00edficas reais que desafiam a l\u00f3gica\" \/>\n<meta name=\"robots\" content=\"index, follow, max-snippet:-1, max-image-preview:large, max-video-preview:-1\" \/>\n<link rel=\"canonical\" href=\"https:\/\/www.em.com.br\/emfoco\/2026\/01\/30\/as-curiosidades-mais-bizarras-que-voce-ficara-chocado-quando-descobrir\/\" \/>\n<meta property=\"og:locale\" content=\"pt_BR\" \/>\n<meta property=\"og:type\" content=\"article\" \/>\n<meta property=\"og:title\" content=\"As curiosidades mais bizarras que voc\u00ea ficar\u00e1 chocado quando descobrir - Estado de Minas - Em foco\" \/>\n<meta property=\"og:description\" content=\"Do corpo humano cheio de bact\u00e9rias \u00e0 Lua que encolhe: curiosidades cient\u00edficas reais que desafiam a l\u00f3gica\" \/>\n<meta property=\"og:url\" content=\"https:\/\/www.em.com.br\/emfoco\/2026\/01\/30\/as-curiosidades-mais-bizarras-que-voce-ficara-chocado-quando-descobrir\/\" \/>\n<meta property=\"og:site_name\" content=\"Estado de Minas - Em foco\" \/>\n<meta property=\"article:published_time\" content=\"2026-01-30T17:35:00+00:00\" \/>\n<meta property=\"article:modified_time\" content=\"2026-01-30T00:59:34+00:00\" \/>\n<meta property=\"og:image\" content=\"https:\/\/www.em.com.br\/emfoco\/wp-content\/uploads\/2026\/01\/observando-a-lua_1769623880218.jpg\" \/>\n\t<meta property=\"og:image:width\" content=\"1280\" \/>\n\t<meta property=\"og:image:height\" content=\"720\" \/>\n\t<meta property=\"og:image:type\" content=\"image\/jpeg\" \/>\n<meta name=\"author\" content=\"Nicolas Domingues\" \/>\n<meta name=\"twitter:card\" content=\"summary_large_image\" \/>\n<meta name=\"twitter:label1\" content=\"Escrito por\" \/>\n\t<meta name=\"twitter:data1\" content=\"Nicolas Domingues\" \/>\n\t<meta name=\"twitter:label2\" content=\"Est. tempo de leitura\" \/>\n\t<meta name=\"twitter:data2\" content=\"4 minutos\" \/>\n<!-- \/ Yoast SEO plugin. -->","yoast_head_json":{"title":"As curiosidades mais bizarras que voc\u00ea ficar\u00e1 chocado quando descobrir - Estado de Minas - Em foco","description":"Do corpo humano cheio de bact\u00e9rias \u00e0 Lua que encolhe: curiosidades cient\u00edficas reais que desafiam a l\u00f3gica","robots":{"index":"index","follow":"follow","max-snippet":"max-snippet:-1","max-image-preview":"max-image-preview:large","max-video-preview":"max-video-preview:-1"},"canonical":"https:\/\/www.em.com.br\/emfoco\/2026\/01\/30\/as-curiosidades-mais-bizarras-que-voce-ficara-chocado-quando-descobrir\/","og_locale":"pt_BR","og_type":"article","og_title":"As curiosidades mais bizarras que voc\u00ea ficar\u00e1 chocado quando descobrir - Estado de Minas - Em foco","og_description":"Do corpo humano cheio de bact\u00e9rias \u00e0 Lua que encolhe: curiosidades cient\u00edficas reais que desafiam a l\u00f3gica","og_url":"https:\/\/www.em.com.br\/emfoco\/2026\/01\/30\/as-curiosidades-mais-bizarras-que-voce-ficara-chocado-quando-descobrir\/","og_site_name":"Estado de Minas - Em foco","article_published_time":"2026-01-30T17:35:00+00:00","article_modified_time":"2026-01-30T00:59:34+00:00","og_image":[{"width":1280,"height":720,"url":"https:\/\/www.em.com.br\/emfoco\/wp-content\/uploads\/2026\/01\/observando-a-lua_1769623880218.jpg","type":"image\/jpeg"}],"author":"Nicolas Domingues","twitter_card":"summary_large_image","twitter_misc":{"Escrito por":"Nicolas Domingues","Est. tempo de leitura":"4 minutos"},"schema":{"@context":"https:\/\/schema.org","@graph":[{"@type":"WebPage","@id":"https:\/\/www.em.com.br\/emfoco\/2026\/01\/30\/as-curiosidades-mais-bizarras-que-voce-ficara-chocado-quando-descobrir\/","url":"https:\/\/www.em.com.br\/emfoco\/2026\/01\/30\/as-curiosidades-mais-bizarras-que-voce-ficara-chocado-quando-descobrir\/","name":"As curiosidades mais bizarras que voc\u00ea ficar\u00e1 chocado quando descobrir - Estado de Minas - Em foco","isPartOf":{"@id":"https:\/\/www.em.com.br\/emfoco\/#website"},"primaryImageOfPage":{"@id":"https:\/\/www.em.com.br\/emfoco\/2026\/01\/30\/as-curiosidades-mais-bizarras-que-voce-ficara-chocado-quando-descobrir\/#primaryimage"},"image":{"@id":"https:\/\/www.em.com.br\/emfoco\/2026\/01\/30\/as-curiosidades-mais-bizarras-que-voce-ficara-chocado-quando-descobrir\/#primaryimage"},"thumbnailUrl":"https:\/\/www.em.com.br\/emfoco\/wp-content\/uploads\/2026\/01\/observando-a-lua_1769623880218.jpg","datePublished":"2026-01-30T17:35:00+00:00","dateModified":"2026-01-30T00:59:34+00:00","author":{"@id":"https:\/\/www.em.com.br\/emfoco\/#\/schema\/person\/21e3216f9ca9adb4caa50598a71744a3"},"description":"Do corpo humano cheio de bact\u00e9rias \u00e0 Lua que encolhe: curiosidades cient\u00edficas reais que desafiam a l\u00f3gica","breadcrumb":{"@id":"https:\/\/www.em.com.br\/emfoco\/2026\/01\/30\/as-curiosidades-mais-bizarras-que-voce-ficara-chocado-quando-descobrir\/#breadcrumb"},"inLanguage":"pt-BR","potentialAction":[{"@type":"ReadAction","target":["https:\/\/www.em.com.br\/emfoco\/2026\/01\/30\/as-curiosidades-mais-bizarras-que-voce-ficara-chocado-quando-descobrir\/"]}]},{"@type":"ImageObject","inLanguage":"pt-BR","@id":"https:\/\/www.em.com.br\/emfoco\/2026\/01\/30\/as-curiosidades-mais-bizarras-que-voce-ficara-chocado-quando-descobrir\/#primaryimage","url":"https:\/\/www.em.com.br\/emfoco\/wp-content\/uploads\/2026\/01\/observando-a-lua_1769623880218.jpg","contentUrl":"https:\/\/www.em.com.br\/emfoco\/wp-content\/uploads\/2026\/01\/observando-a-lua_1769623880218.jpg","width":1280,"height":720,"caption":"Mulher observando a Lua com telesc\u00f3pio - Cr\u00e9ditos: depositphotos.com \/ milangucci"},{"@type":"BreadcrumbList","@id":"https:\/\/www.em.com.br\/emfoco\/2026\/01\/30\/as-curiosidades-mais-bizarras-que-voce-ficara-chocado-quando-descobrir\/#breadcrumb","itemListElement":[{"@type":"ListItem","position":1,"name":"In\u00edcio","item":"https:\/\/www.em.com.br\/emfoco\/"},{"@type":"ListItem","position":2,"name":"As curiosidades mais bizarras que voc\u00ea ficar\u00e1 chocado quando descobrir"}]},{"@type":"WebSite","@id":"https:\/\/www.em.com.br\/emfoco\/#website","url":"https:\/\/www.em.com.br\/emfoco\/","name":"Estado de Minas - Em foco","description":"Acompanhe as \u00faltimas not\u00edcias e fique bem informado sobre tudo o que acontece em Minas Gerais, Brasil e no mundo.","potentialAction":[{"@type":"SearchAction","target":{"@type":"EntryPoint","urlTemplate":"https:\/\/www.em.com.br\/emfoco\/?s={search_term_string}"},"query-input":{"@type":"PropertyValueSpecification","valueRequired":true,"valueName":"search_term_string"}}],"inLanguage":"pt-BR"},{"@type":"Person","@id":"https:\/\/www.em.com.br\/emfoco\/#\/schema\/person\/21e3216f9ca9adb4caa50598a71744a3","name":"Nicolas Domingues","image":{"@type":"ImageObject","inLanguage":"pt-BR","@id":"https:\/\/www.em.com.br\/emfoco\/#\/schema\/person\/image\/","url":"https:\/\/secure.gravatar.com\/avatar\/05925f730d72f0ea0df144f236adfb18?s=96&d=mm&r=g","contentUrl":"https:\/\/secure.gravatar.com\/avatar\/05925f730d72f0ea0df144f236adfb18?s=96&d=mm&r=g","caption":"Nicolas Domingues"},"sameAs":["https:\/\/www.em.com.br\/emfoco"],"url":"https:\/\/www.em.com.br\/emfoco\/author\/nicolasmyth\/"}]}},"_links":{"self":[{"href":"https:\/\/www.em.com.br\/emfoco\/wp-json\/wp\/v2\/posts\/161385","targetHints":{"allow":["GET"]}}],"collection":[{"href":"https:\/\/www.em.com.br\/emfoco\/wp-json\/wp\/v2\/posts"}],"about":[{"href":"https:\/\/www.em.com.br\/emfoco\/wp-json\/wp\/v2\/types\/post"}],"author":[{"embeddable":true,"href":"https:\/\/www.em.com.br\/emfoco\/wp-json\/wp\/v2\/users\/29"}],"replies":[{"embeddable":true,"href":"https:\/\/www.em.com.br\/emfoco\/wp-json\/wp\/v2\/comments?post=161385"}],"version-history":[{"count":2,"href":"https:\/\/www.em.com.br\/emfoco\/wp-json\/wp\/v2\/posts\/161385\/revisions"}],"predecessor-version":[{"id":162269,"href":"https:\/\/www.em.com.br\/emfoco\/wp-json\/wp\/v2\/posts\/161385\/revisions\/162269"}],"wp:featuredmedia":[{"embeddable":true,"href":"https:\/\/www.em.com.br\/emfoco\/wp-json\/wp\/v2\/media\/161387"}],"wp:attachment":[{"href":"https:\/\/www.em.com.br\/emfoco\/wp-json\/wp\/v2\/media?parent=161385"}],"wp:term":[{"taxonomy":"category","embeddable":true,"href":"https:\/\/www.em.com.br\/emfoco\/wp-json\/wp\/v2\/categories?post=161385"},{"taxonomy":"post_tag","embeddable":true,"href":"https:\/\/www.em.com.br\/emfoco\/wp-json\/wp\/v2\/tags?post=161385"}],"curies":[{"name":"wp","href":"https:\/\/api.w.org\/{rel}","templated":true}]}}