{"id":161360,"date":"2026-01-29T20:55:00","date_gmt":"2026-01-29T23:55:00","guid":{"rendered":"https:\/\/www.em.com.br\/emfoco\/?p=161360"},"modified":"2026-01-28T22:28:15","modified_gmt":"2026-01-29T01:28:15","slug":"tres-signos-que-finalmente-encontrarao-a-chave-para-a-felicidade-em-fevereiro-de-2026","status":"publish","type":"post","link":"https:\/\/www.em.com.br\/emfoco\/2026\/01\/29\/tres-signos-que-finalmente-encontrarao-a-chave-para-a-felicidade-em-fevereiro-de-2026\/","title":{"rendered":"Tr\u00eas signos que finalmente encontrar\u00e3o a chave para a felicidade em fevereiro de 2026"},"content":{"rendered":"\n<p>O interesse por&nbsp;<strong>signos que encontram a felicidade em fevereiro<\/strong>&nbsp;costuma crescer no in\u00edcio do ano, quando muita gente busca refer\u00eancias simb\u00f3licas para organizar metas, emo\u00e7\u00f5es e expectativas; mesmo sem comprova\u00e7\u00e3o cient\u00edfica, a astrologia segue como uma ferramenta de reflex\u00e3o sobre ciclos pessoais, oportunidades de mudan\u00e7a e ajustes de rota para um come\u00e7o de ano mais consciente.<\/p>\n\n\n\n<h2 class=\"wp-block-heading\">Quais signos podem ser mais sortudos em fevereiro de 2026<\/h2>\n\n\n\n<p>Alguns astr\u00f3logos apontam determinados signos como \u201csortudos do m\u00eas\u201d, a partir de alinhamentos de planetas como J\u00fapiter, V\u00eanus e Urano. Em 2026, ganham relev\u00e2ncia os tr\u00e2nsitos do Sol em Aqu\u00e1rio e Peixes e as fases da Lua, vistas como um impulso extra para consolidar decis\u00f5es tomadas em janeiro.<\/p>\n\n\n\n<!-- TABELA \u2013 HOR\u00d3SCOPO DE FEVEREIRO (OTIMIZADA PARA GOOGLE DISCOVER) -->\n<section style=\"max-width:1100px;margin:auto;font-family:Inter,Segoe UI,Arial,sans-serif;\">\n\n  <!-- CABE\u00c7ALHO -->\n  <header style=\"background:#7b5cff;border-radius:22px 22px 0 0;padding:26px;\">\n    <h2 style=\"margin:0;font-size:28px;font-weight:800;color:#f3efff;\">\n      Fevereiro de transforma\u00e7\u00e3o interior para os signos\n    <\/h2>\n    <p style=\"margin-top:10px;font-size:15px;color:#e3dcff;max-width:900px;\">\n      Autoconfian\u00e7a, encontros inspiradores e clareza emocional marcam o m\u00eas\n    <\/p>\n  <\/header>\n\n  <!-- CONTE\u00daDO -->\n  <div style=\"background:#f4f1ff;border-radius:0 0 22px 22px;padding:22px;overflow-x:auto;\">\n    <table style=\"width:100%;border-collapse:separate;border-spacing:0 14px;\">\n\n      <thead>\n        <tr>\n          <th style=\"padding:14px 16px;text-align:left;font-size:15px;font-weight:700;color:#5e4bc7;\">\n            Signo\n          <\/th>\n          <th style=\"padding:14px 16px;text-align:left;font-size:15px;font-weight:700;color:#5e4bc7;\">\n            Tema central\n          <\/th>\n          <th style=\"padding:14px 16px;text-align:left;font-size:15px;font-weight:700;color:#5e4bc7;\">\n            Mensagem para fevereiro\n          <\/th>\n        <\/tr>\n      <\/thead>\n\n      <tbody>\n\n        <!-- CAPRIC\u00d3RNIO -->\n        <tr style=\"background:#ffffff;border-radius:16px;\">\n          <td style=\"padding:18px;font-size:16px;font-weight:800;color:#6a58d6;\">\n            Capric\u00f3rnio\n          <\/td>\n          <td style=\"padding:18px;font-weight:700;color:#8b7cf0;\">\n            Autoestima sem press\u00e3o de desempenho\n          <\/td>\n          <td style=\"padding:18px;font-size:15px;color:#6f64b3;line-height:1.6;\">\n            Fevereiro aprofunda uma transforma\u00e7\u00e3o silenciosa. Voc\u00ea passa a reconhecer que seu valor\n            n\u00e3o depende de esfor\u00e7o constante ou produtividade. A influ\u00eancia de Urano dissolve padr\u00f5es\n            de autossabotagem e fortalece uma autoconfian\u00e7a est\u00e1vel, baseada em autorrespeito. Um\n            recome\u00e7o curativo que muda a forma como voc\u00ea se v\u00ea e trilha seu caminho.\n          <\/td>\n        <\/tr>\n\n        <!-- G\u00caMEOS -->\n        <tr style=\"background:#ffffff;border-radius:16px;\">\n          <td style=\"padding:18px;font-size:16px;font-weight:800;color:#6a58d6;\">\n            G\u00eameos\n          <\/td>\n          <td style=\"padding:18px;font-weight:700;color:#8b7cf0;\">\n            Inspira\u00e7\u00e3o atrav\u00e9s de encontros\n          <\/td>\n          <td style=\"padding:18px;font-size:15px;color:#6f64b3;line-height:1.6;\">\n            Fevereiro ser\u00e1 especialmente vibrante. Conversas, encontros e trocas estimulantes\n            alimentam sua curiosidade. Pessoas novas surgem como fontes de inspira\u00e7\u00e3o e aprendizado.\n            Ao compartilhar ideias e se abrir para diferentes perspectivas, voc\u00ea amplia horizontes\n            e encontra crescimento interior de forma leve.\n          <\/td>\n        <\/tr>\n\n        <!-- ESCORPI\u00c3O -->\n        <tr style=\"background:#ffffff;border-radius:16px;\">\n          <td style=\"padding:18px;font-size:16px;font-weight:800;color:#6a58d6;\">\n            Escorpi\u00e3o\n          <\/td>\n          <td style=\"padding:18px;font-weight:700;color:#8b7cf0;\">\n            Clareza em vez de lutas pelo poder\n          <\/td>\n          <td style=\"padding:18px;font-size:15px;color:#6f64b3;line-height:1.6;\">\n            Em fevereiro, emo\u00e7\u00f5es intensas pedem aten\u00e7\u00e3o. Conflitos antigos podem ressurgir, mas a\n            chave est\u00e1 na honestidade emocional. Ao escolher abertura e di\u00e1logo, voc\u00ea transforma\n            disputas em compreens\u00e3o profunda e se liberta de padr\u00f5es desgastantes.\n          <\/td>\n        <\/tr>\n\n      <\/tbody>\n    <\/table>\n\n    <!-- NOTA FINAL -->\n    <p style=\"margin-top:16px;font-size:14px;color:#7a6fd1;max-width:900px;\">\n      \u2728 Fevereiro favorece ajustes internos conscientes e decis\u00f5es mais alinhadas com quem voc\u00ea \u00e9.\n    <\/p>\n  <\/div>\n\n<\/section>\n\n\n\n\n<h2 class=\"wp-block-heading\">Quais grupos de signos tendem a se destacar em fevereiro<\/h2>\n\n\n\n<p>Em leituras gerais, tr\u00eas grupos se destacam: <a href=\"https:\/\/www.em.com.br\/emfoco\/2026\/01\/28\/sentindo-a-energia-pesada-banho-de-sal-grosso-pode-ajudar-alguns-signos-nessa-reta-final-de-janeiro-de-2026\/\" target=\"_blank\" rel=\"noreferrer noopener\">signos <\/a>de terra, focados em metas; signos de ar, voltados a ideias e conex\u00f5es; e signos de \u00e1gua, com maior acesso \u00e0s emo\u00e7\u00f5es. Em fevereiro, esses grupos costumam simbolizar a continuidade do planejamento iniciado no in\u00edcio do ano, com ajustes finos e mais realismo.<\/p>\n\n\n\n<p>Entre os temas mais citados para esses grupos, costumam aparecer tend\u00eancias que indicam um ponto de virada em rela\u00e7\u00e3o a h\u00e1bitos, v\u00ednculos e prioridades pessoais, como os exemplos abaixo:<\/p>\n\n\n\n<ul class=\"wp-block-list\">\n<li>Revis\u00e3o da rela\u00e7\u00e3o com desempenho, cobran\u00e7as e carreira, com mais clareza sobre o que funciona na rotina.<\/li>\n\n\n\n<li>Abertura para conversas marcantes e novas parcerias, aprofundando contatos iniciados em janeiro.<\/li>\n\n\n\n<li>Enfrentamento de conflitos antigos com mais transpar\u00eancia emocional e limites mais firmes.<\/li>\n<\/ul>\n\n\n\n<h2 class=\"wp-block-heading\">Como a sensa\u00e7\u00e3o de sorte aparece no dia a dia<\/h2>\n\n\n\n<p>Quando se fala em&nbsp;<strong>felicidade para tr\u00eas signos em fevereiro<\/strong>, isso costuma se traduzir em pequenas situa\u00e7\u00f5es di\u00e1rias que ganham novo peso. Pode ser uma conversa que destrava um impasse, uma oportunidade profissional no momento certo ou um relacionamento que se fortalece ap\u00f3s um di\u00e1logo honesto.<\/p>\n\n\n\n<p>A astrologia associa esses per\u00edodos a um alinhamento interno, em que a pessoa se sente mais coerente com o que deseja construir. Em vez de esperar milagres, muitos usam esse clima como lembrete para focar em metas de curto prazo, ajustar expectativas e dar passos concretos rumo a mudan\u00e7as adiadas.<\/p>\n\n\n\n<figure class=\"wp-block-image\"><img decoding=\"async\" src=\"https:\/\/www.em.com.br\/emfoco\/wp-content\/uploads\/2025\/08\/signo-e-a-lua_1756229571848-1024x576.jpg\" alt=\"\"\/><figcaption class=\"wp-element-caption\">Signos com mais sorte &#8211; Cr\u00e9ditos: depositphotos.com \/ rfphoto<\/figcaption><\/figure>\n\n\n\n<h2 class=\"wp-block-heading\">Como usar previs\u00f5es de forma pr\u00e1tica e equilibrada<\/h2>\n\n\n\n<p>Para muita gente, ler sobre\u00a0<strong>signos sortudos em fevereiro<\/strong>\u00a0\u00e9 entretenimento e tamb\u00e9m um<a href=\"https:\/\/www.grupomast.com.br\/estes-habitos-podem-estar-prejudicando-a-sua-saude-mental\/\" target=\"_blank\" rel=\"noreferrer noopener\"> gatilho de auto-observa\u00e7\u00e3o<\/a>. Em vez de tomar previs\u00f5es como verdades absolutas, leitores usam esses conte\u00fados para perceber padr\u00f5es, revisar limites e tomar decis\u00f5es mais conscientes, sem abrir m\u00e3o do senso cr\u00edtico.<\/p>\n\n\n\n<p>Uma forma saud\u00e1vel de integra\u00e7\u00e3o \u00e9 usar o hor\u00f3scopo como sugest\u00e3o de temas a observar na rotina, combinando isso com outras ferramentas de autoconhecimento. Assim, cada pessoa mant\u00e9m o protagonismo das escolhas e transforma previs\u00f5es em a\u00e7\u00f5es pr\u00e1ticas, evitando depend\u00eancia de qualquer leitura externa.<\/p>\n\n\n\n<h2 class=\"wp-block-heading\">Como transformar previs\u00f5es em a\u00e7\u00e3o concreta agora<\/h2>\n\n\n\n<p>Ao encarar express\u00f5es como&nbsp;<strong>\u201ctr\u00eas signos encontram em fevereiro a chave para a felicidade\u201d<\/strong>&nbsp;como um convite, e n\u00e3o como promessa, voc\u00ea ganha a chance de ajustar o rumo ainda no in\u00edcio do ano. Use essas ideias para revisar h\u00e1bitos, reorganizar prioridades e abrir espa\u00e7o para rela\u00e7\u00f5es, trabalhos e projetos mais alinhados com quem voc\u00ea \u00e9 hoje.<\/p>\n\n\n\n<p>N\u00e3o espere que o m\u00eas termine para agir: anote o que fez sentido neste texto, escolha um ponto para mudar ainda esta semana e compartilhe essas reflex\u00f5es com algu\u00e9m de confian\u00e7a; fevereiro passa r\u00e1pido, e se voc\u00ea aproveitar esse impulso agora, pode transformar previs\u00f5es em decis\u00f5es reais e dar ao seu novo ano um come\u00e7o intenso e imposs\u00edvel de ignorar.<\/p>\n","protected":false},"excerpt":{"rendered":"<p>O interesse por&nbsp;signos que encontram a felicidade em fevereiro&nbsp;costuma crescer no in\u00edcio do ano, quando muita gente busca refer\u00eancias simb\u00f3licas para organizar metas, emo\u00e7\u00f5es e expectativas; mesmo sem comprova\u00e7\u00e3o cient\u00edfica, a astrologia segue como uma ferramenta de reflex\u00e3o sobre ciclos pessoais, oportunidades de mudan\u00e7a e ajustes de rota para um come\u00e7o de ano mais consciente. [&hellip;]<\/p>\n","protected":false},"author":11,"featured_media":161395,"comment_status":"open","ping_status":"open","sticky":false,"template":"","format":"standard","meta":{"jnews-multi-image_gallery":[],"jnews_single_post":{"format":"standard"},"jnews_primary_category":[],"jnews_social_meta":[],"jnews_override_counter":[],"footnotes":""},"categories":[1,25],"tags":[297,5058,168],"class_list":["post-161360","post","type-post","status-publish","format-standard","has-post-thumbnail","hentry","category-noticias","category-signos","tag-astrologia","tag-felicidade","tag-signos"],"yoast_head":"<!-- This site is optimized with the Yoast SEO plugin v23.8 - https:\/\/yoast.com\/wordpress\/plugins\/seo\/ -->\n<title>Tr\u00eas signos que finalmente encontrar\u00e3o a chave para a felicidade em fevereiro de 2026 - Estado de Minas - Em foco<\/title>\n<meta name=\"description\" content=\"Fevereiro traz mudan\u00e7as internas importantes para certos signos. Veja como esse per\u00edodo favorece decis\u00f5es e bem-estar emocional.\" \/>\n<meta name=\"robots\" content=\"index, follow, max-snippet:-1, max-image-preview:large, max-video-preview:-1\" \/>\n<link rel=\"canonical\" href=\"https:\/\/www.em.com.br\/emfoco\/2026\/01\/29\/tres-signos-que-finalmente-encontrarao-a-chave-para-a-felicidade-em-fevereiro-de-2026\/\" \/>\n<meta property=\"og:locale\" content=\"pt_BR\" \/>\n<meta property=\"og:type\" content=\"article\" \/>\n<meta property=\"og:title\" content=\"Tr\u00eas signos que finalmente encontrar\u00e3o a chave para a felicidade em fevereiro de 2026 - Estado de Minas - Em foco\" \/>\n<meta property=\"og:description\" content=\"Fevereiro traz mudan\u00e7as internas importantes para certos signos. Veja como esse per\u00edodo favorece decis\u00f5es e bem-estar emocional.\" \/>\n<meta property=\"og:url\" content=\"https:\/\/www.em.com.br\/emfoco\/2026\/01\/29\/tres-signos-que-finalmente-encontrarao-a-chave-para-a-felicidade-em-fevereiro-de-2026\/\" \/>\n<meta property=\"og:site_name\" content=\"Estado de Minas - Em foco\" \/>\n<meta property=\"article:published_time\" content=\"2026-01-29T23:55:00+00:00\" \/>\n<meta property=\"article:modified_time\" content=\"2026-01-29T01:28:15+00:00\" \/>\n<meta property=\"og:image\" content=\"https:\/\/www.em.com.br\/emfoco\/wp-content\/uploads\/2026\/01\/Gemini_Generated_Image_8a48jp8a48jp8a48-1.png\" \/>\n\t<meta property=\"og:image:width\" content=\"1280\" \/>\n\t<meta property=\"og:image:height\" content=\"720\" \/>\n\t<meta property=\"og:image:type\" content=\"image\/png\" \/>\n<meta name=\"author\" content=\"Andre\u0301 Rangel\u00a0\" \/>\n<meta name=\"twitter:card\" content=\"summary_large_image\" \/>\n<meta name=\"twitter:label1\" content=\"Escrito por\" \/>\n\t<meta name=\"twitter:data1\" content=\"Andre\u0301 Rangel\u00a0\" \/>\n\t<meta name=\"twitter:label2\" content=\"Est. tempo de leitura\" \/>\n\t<meta name=\"twitter:data2\" content=\"5 minutos\" \/>\n<!-- \/ Yoast SEO plugin. -->","yoast_head_json":{"title":"Tr\u00eas signos que finalmente encontrar\u00e3o a chave para a felicidade em fevereiro de 2026 - Estado de Minas - Em foco","description":"Fevereiro traz mudan\u00e7as internas importantes para certos signos. Veja como esse per\u00edodo favorece decis\u00f5es e bem-estar emocional.","robots":{"index":"index","follow":"follow","max-snippet":"max-snippet:-1","max-image-preview":"max-image-preview:large","max-video-preview":"max-video-preview:-1"},"canonical":"https:\/\/www.em.com.br\/emfoco\/2026\/01\/29\/tres-signos-que-finalmente-encontrarao-a-chave-para-a-felicidade-em-fevereiro-de-2026\/","og_locale":"pt_BR","og_type":"article","og_title":"Tr\u00eas signos que finalmente encontrar\u00e3o a chave para a felicidade em fevereiro de 2026 - Estado de Minas - Em foco","og_description":"Fevereiro traz mudan\u00e7as internas importantes para certos signos. Veja como esse per\u00edodo favorece decis\u00f5es e bem-estar emocional.","og_url":"https:\/\/www.em.com.br\/emfoco\/2026\/01\/29\/tres-signos-que-finalmente-encontrarao-a-chave-para-a-felicidade-em-fevereiro-de-2026\/","og_site_name":"Estado de Minas - Em foco","article_published_time":"2026-01-29T23:55:00+00:00","article_modified_time":"2026-01-29T01:28:15+00:00","og_image":[{"width":1280,"height":720,"url":"https:\/\/www.em.com.br\/emfoco\/wp-content\/uploads\/2026\/01\/Gemini_Generated_Image_8a48jp8a48jp8a48-1.png","type":"image\/png"}],"author":"Andre\u0301 Rangel\u00a0","twitter_card":"summary_large_image","twitter_misc":{"Escrito por":"Andre\u0301 Rangel\u00a0","Est. tempo de leitura":"5 minutos"},"schema":{"@context":"https:\/\/schema.org","@graph":[{"@type":"WebPage","@id":"https:\/\/www.em.com.br\/emfoco\/2026\/01\/29\/tres-signos-que-finalmente-encontrarao-a-chave-para-a-felicidade-em-fevereiro-de-2026\/","url":"https:\/\/www.em.com.br\/emfoco\/2026\/01\/29\/tres-signos-que-finalmente-encontrarao-a-chave-para-a-felicidade-em-fevereiro-de-2026\/","name":"Tr\u00eas signos que finalmente encontrar\u00e3o a chave para a felicidade em fevereiro de 2026 - Estado de Minas - Em foco","isPartOf":{"@id":"https:\/\/www.em.com.br\/emfoco\/#website"},"primaryImageOfPage":{"@id":"https:\/\/www.em.com.br\/emfoco\/2026\/01\/29\/tres-signos-que-finalmente-encontrarao-a-chave-para-a-felicidade-em-fevereiro-de-2026\/#primaryimage"},"image":{"@id":"https:\/\/www.em.com.br\/emfoco\/2026\/01\/29\/tres-signos-que-finalmente-encontrarao-a-chave-para-a-felicidade-em-fevereiro-de-2026\/#primaryimage"},"thumbnailUrl":"https:\/\/www.em.com.br\/emfoco\/wp-content\/uploads\/2026\/01\/Gemini_Generated_Image_8a48jp8a48jp8a48-1.png","datePublished":"2026-01-29T23:55:00+00:00","dateModified":"2026-01-29T01:28:15+00:00","author":{"@id":"https:\/\/www.em.com.br\/emfoco\/#\/schema\/person\/60eda09c1fedf0d6891f4cef4b60b8b8"},"description":"Fevereiro traz mudan\u00e7as internas importantes para certos signos. Veja como esse per\u00edodo favorece decis\u00f5es e bem-estar emocional.","breadcrumb":{"@id":"https:\/\/www.em.com.br\/emfoco\/2026\/01\/29\/tres-signos-que-finalmente-encontrarao-a-chave-para-a-felicidade-em-fevereiro-de-2026\/#breadcrumb"},"inLanguage":"pt-BR","potentialAction":[{"@type":"ReadAction","target":["https:\/\/www.em.com.br\/emfoco\/2026\/01\/29\/tres-signos-que-finalmente-encontrarao-a-chave-para-a-felicidade-em-fevereiro-de-2026\/"]}]},{"@type":"ImageObject","inLanguage":"pt-BR","@id":"https:\/\/www.em.com.br\/emfoco\/2026\/01\/29\/tres-signos-que-finalmente-encontrarao-a-chave-para-a-felicidade-em-fevereiro-de-2026\/#primaryimage","url":"https:\/\/www.em.com.br\/emfoco\/wp-content\/uploads\/2026\/01\/Gemini_Generated_Image_8a48jp8a48jp8a48-1.png","contentUrl":"https:\/\/www.em.com.br\/emfoco\/wp-content\/uploads\/2026\/01\/Gemini_Generated_Image_8a48jp8a48jp8a48-1.png","width":1280,"height":720,"caption":"Esses signos sentem mais leveza e clareza"},{"@type":"BreadcrumbList","@id":"https:\/\/www.em.com.br\/emfoco\/2026\/01\/29\/tres-signos-que-finalmente-encontrarao-a-chave-para-a-felicidade-em-fevereiro-de-2026\/#breadcrumb","itemListElement":[{"@type":"ListItem","position":1,"name":"In\u00edcio","item":"https:\/\/www.em.com.br\/emfoco\/"},{"@type":"ListItem","position":2,"name":"Tr\u00eas signos que finalmente encontrar\u00e3o a chave para a felicidade em fevereiro de 2026"}]},{"@type":"WebSite","@id":"https:\/\/www.em.com.br\/emfoco\/#website","url":"https:\/\/www.em.com.br\/emfoco\/","name":"Estado de Minas - Em foco","description":"Acompanhe as \u00faltimas not\u00edcias e fique bem informado sobre tudo o que acontece em Minas Gerais, Brasil e no mundo.","potentialAction":[{"@type":"SearchAction","target":{"@type":"EntryPoint","urlTemplate":"https:\/\/www.em.com.br\/emfoco\/?s={search_term_string}"},"query-input":{"@type":"PropertyValueSpecification","valueRequired":true,"valueName":"search_term_string"}}],"inLanguage":"pt-BR"},{"@type":"Person","@id":"https:\/\/www.em.com.br\/emfoco\/#\/schema\/person\/60eda09c1fedf0d6891f4cef4b60b8b8","name":"Andre\u0301 Rangel\u00a0","image":{"@type":"ImageObject","inLanguage":"pt-BR","@id":"https:\/\/www.em.com.br\/emfoco\/#\/schema\/person\/image\/","url":"https:\/\/secure.gravatar.com\/avatar\/6234dc814c77c8ef6d8bba622c787efc?s=96&d=mm&r=g","contentUrl":"https:\/\/secure.gravatar.com\/avatar\/6234dc814c77c8ef6d8bba622c787efc?s=96&d=mm&r=g","caption":"Andre\u0301 Rangel\u00a0"},"url":"https:\/\/www.em.com.br\/emfoco\/author\/luizmyth\/"}]}},"_links":{"self":[{"href":"https:\/\/www.em.com.br\/emfoco\/wp-json\/wp\/v2\/posts\/161360","targetHints":{"allow":["GET"]}}],"collection":[{"href":"https:\/\/www.em.com.br\/emfoco\/wp-json\/wp\/v2\/posts"}],"about":[{"href":"https:\/\/www.em.com.br\/emfoco\/wp-json\/wp\/v2\/types\/post"}],"author":[{"embeddable":true,"href":"https:\/\/www.em.com.br\/emfoco\/wp-json\/wp\/v2\/users\/11"}],"replies":[{"embeddable":true,"href":"https:\/\/www.em.com.br\/emfoco\/wp-json\/wp\/v2\/comments?post=161360"}],"version-history":[{"count":3,"href":"https:\/\/www.em.com.br\/emfoco\/wp-json\/wp\/v2\/posts\/161360\/revisions"}],"predecessor-version":[{"id":161396,"href":"https:\/\/www.em.com.br\/emfoco\/wp-json\/wp\/v2\/posts\/161360\/revisions\/161396"}],"wp:featuredmedia":[{"embeddable":true,"href":"https:\/\/www.em.com.br\/emfoco\/wp-json\/wp\/v2\/media\/161395"}],"wp:attachment":[{"href":"https:\/\/www.em.com.br\/emfoco\/wp-json\/wp\/v2\/media?parent=161360"}],"wp:term":[{"taxonomy":"category","embeddable":true,"href":"https:\/\/www.em.com.br\/emfoco\/wp-json\/wp\/v2\/categories?post=161360"},{"taxonomy":"post_tag","embeddable":true,"href":"https:\/\/www.em.com.br\/emfoco\/wp-json\/wp\/v2\/tags?post=161360"}],"curies":[{"name":"wp","href":"https:\/\/api.w.org\/{rel}","templated":true}]}}