{"id":161290,"date":"2026-01-30T09:25:00","date_gmt":"2026-01-30T12:25:00","guid":{"rendered":"https:\/\/www.em.com.br\/emfoco\/?p=161290"},"modified":"2026-01-28T17:07:39","modified_gmt":"2026-01-28T20:07:39","slug":"os-7-efeitos-chocantes-de-pular-cafe-da-manha-depois-dos-50","status":"publish","type":"post","link":"https:\/\/www.em.com.br\/emfoco\/2026\/01\/30\/os-7-efeitos-chocantes-de-pular-cafe-da-manha-depois-dos-50\/","title":{"rendered":"Os 7 efeitos chocantes de pular caf\u00e9 da manh\u00e3 depois dos 50"},"content":{"rendered":"\n<p>Ap\u00f3s os 50 anos, a alimenta\u00e7\u00e3o deixa de ser apenas uma fonte de energia imediata e passa a ter papel direto na preserva\u00e7\u00e3o de massa muscular, controle de a\u00e7\u00facar no sangue, manuten\u00e7\u00e3o da autonomia e preven\u00e7\u00e3o de doen\u00e7as cr\u00f4nicas, como diabetes tipo 2 e problemas cardiovasculares, tornando o planejamento das refei\u00e7\u00f5es \u2014 incluindo ou n\u00e3o o caf\u00e9 da manh\u00e3 \u2014 uma estrat\u00e9gia central de sa\u00fade.<\/p>\n\n\n\n<h2 class=\"wp-block-heading\">O que muda no metabolismo depois dos 50 anos<\/h2>\n\n\n\n<p>A partir dessa fase, h\u00e1 queda progressiva de horm\u00f4nios ligados \u00e0 manuten\u00e7\u00e3o da massa magra, como estrog\u00eanio e testosterona. Menos m\u00fasculo significa menor capacidade de usar a glicose como fonte de energia, o que aumenta a import\u00e2ncia de refei\u00e7\u00f5es distribu\u00eddas com qualidade, incluindo um primeiro prato rico em prote\u00ednas e fibras.<\/p>\n\n\n\n<p>O rel\u00f3gio biol\u00f3gico tamb\u00e9m passa a ter impacto maior. Em muitas pessoas, a sensibilidade \u00e0 insulina \u00e9 maior pela manh\u00e3, favorecendo o uso adequado dos carboidratos ingeridos nesse per\u00edodo. Quando a maior parte das calorias se concentra no fim do dia, o corpo pode ter mais dificuldade para process\u00e1-las, o que favorece ganho de peso, piora do sono e refluxo.<\/p>\n\n\n\n<h2 class=\"wp-block-heading\">\u00c9 ruim pular o caf\u00e9 da manh\u00e3 depois dos 50 anos<\/h2>\n\n\n\n<div class=\"google-auto-ads-ignore\" style=\"box-sizing: border-box; display: flex; flex-direction: column; width: 100%; max-width: 800px; margin: 30px auto; background-color: #e6f7ff; color: #002766; border-radius: 12px; overflow: hidden; font-family: 'Segoe UI', sans-serif; box-shadow: 0 4px 15px rgba(0,0,0,0.1); border: 1px solid rgba(0,0,0,0.05); position: relative; z-index: 5;\">\n\n\n\n  <div style=\"background-color: #bae7ff; padding: 25px; border-bottom: 3px solid #1890ff; text-align: center;\">\n\n    <h2 style=\"margin: 0; color: #003a8c; font-size: 1.5rem;\">\ud83c\udf4e Impactos da alimenta\u00e7\u00e3o matinal ap\u00f3s os 50 anos<\/h2>\n\n    <div style=\"font-size: 0.95rem; margin-top: 8px; opacity: 0.9;\">Principais efeitos e benef\u00edcios da rotina alimentar para a sa\u00fade madura<\/div>\n\n  <\/div>\n\n\n\n  <div style=\"padding: 25px; display: flex; flex-wrap: wrap; gap: 20px;\">\n\n    \n\n    <div style=\"flex: 1 1 100%; background-color: #ffffff; border-radius: 8px; padding: 20px; border: 1px solid rgba(0,0,0,0.05); box-shadow: 0 2px 5px rgba(0,0,0,0.02);\">\n\n      <h3 style=\"margin: 0 0 15px 0; color: #1890ff; font-size: 1.1rem; font-weight: bold; border-bottom: 1px solid rgba(0,0,0,0.1); padding-bottom: 8px;\">\n\n        \u2728 Os 7 principais efeitos\n\n      <\/h3>\n\n      \n\n      <div style=\"display: flex; flex-direction: column; gap: 12px;\">\n\n        <div style=\"border-bottom: 1px solid #f0f0f0; padding-bottom: 8px;\">\n\n          <strong style=\"display: block; font-size: 0.85rem; opacity: 0.8; margin-bottom: 4px;\">Preserva\u00e7\u00e3o muscular<\/strong>\n\n          <div style=\"font-size: 1rem; font-weight: 500;\">Ajuda na manuten\u00e7\u00e3o da massa magra e preven\u00e7\u00e3o da perda de for\u00e7a.<\/div>\n\n        <\/div>\n\n\n\n        <div style=\"border-bottom: 1px solid #f0f0f0; padding-bottom: 8px;\">\n\n          <strong style=\"display: block; font-size: 0.85rem; opacity: 0.8; margin-bottom: 4px;\">Controle da glicemia<\/strong>\n\n          <div style=\"font-size: 1rem; font-weight: 500;\">Auxilia na regula\u00e7\u00e3o do a\u00e7\u00facar no sangue e estabiliza\u00e7\u00e3o da insulina.<\/div>\n\n        <\/div>\n\n\n\n        <div style=\"border-bottom: 1px solid #f0f0f0; padding-bottom: 8px;\">\n\n          <strong style=\"display: block; font-size: 0.85rem; opacity: 0.8; margin-bottom: 4px;\">Sa\u00fade cardiovascular<\/strong>\n\n          <div style=\"font-size: 1rem; font-weight: 500;\">Atua na preven\u00e7\u00e3o de doen\u00e7as do cora\u00e7\u00e3o e controle da press\u00e3o arterial.<\/div>\n\n        <\/div>\n\n\n\n        <div style=\"border-bottom: 1px solid #f0f0f0; padding-bottom: 8px;\">\n\n          <strong style=\"display: block; font-size: 0.85rem; opacity: 0.8; margin-bottom: 4px;\">Manuten\u00e7\u00e3o da autonomia<\/strong>\n\n          <div style=\"font-size: 1rem; font-weight: 500;\">Garante energia e funcionalidade para as atividades do dia a dia.<\/div>\n\n        <\/div>\n\n\n\n        <div style=\"border-bottom: 1px solid #f0f0f0; padding-bottom: 8px;\">\n\n          <strong style=\"display: block; font-size: 0.85rem; opacity: 0.8; margin-bottom: 4px;\">Qualidade do sono<\/strong>\n\n          <div style=\"font-size: 1rem; font-weight: 500;\">Evita o refluxo e dificuldades digestivas que prejudicam o descanso noturno.<\/div>\n\n        <\/div>\n\n\n\n        <div style=\"border-bottom: 1px solid #f0f0f0; padding-bottom: 8px;\">\n\n          <strong style=\"display: block; font-size: 0.85rem; opacity: 0.8; margin-bottom: 4px;\">Gest\u00e3o de peso<\/strong>\n\n          <div style=\"font-size: 1rem; font-weight: 500;\">Contribui para o controle cal\u00f3rico e evita o ganho de peso indesejado.<\/div>\n\n        <\/div>\n\n\n\n        <div style=\"padding-bottom: 8px;\">\n\n          <strong style=\"display: block; font-size: 0.85rem; opacity: 0.8; margin-bottom: 4px;\">Preven\u00e7\u00e3o de diabetes<\/strong>\n\n          <div style=\"font-size: 1rem; font-weight: 500;\">Reduz o risco de desenvolvimento de diabetes tipo 2 em longo prazo.<\/div>\n\n        <\/div>\n\n      <\/div>\n\n    <\/div>\n\n\n\n  <\/div>\n\n<\/div>\n\n\n\n<h2 class=\"wp-block-heading\">Como montar um caf\u00e9 da manh\u00e3 adequado ap\u00f3s os 50 anos<\/h2>\n\n\n\n<p>Para quem decide manter o <strong>caf\u00e9 da manh\u00e3 ap\u00f3s os 50<\/strong>, a recomenda\u00e7\u00e3o mais frequente envolve priorizar prote\u00ednas e fibras. Uma meta pr\u00e1tica costuma ficar na faixa de 20 a 30 gramas de prote\u00edna e cerca de 8 a 10 gramas de fibras nessa refei\u00e7\u00e3o, o que ajuda a manter a glicose mais est\u00e1vel, prolongar a saciedade e preservar a massa muscular ao longo dos anos.<\/p>\n\n\n\n<p>Algumas combina\u00e7\u00f5es simples conseguem atender essas metas usando alimentos acess\u00edveis do dia a dia. Entre as op\u00e7\u00f5es poss\u00edveis est\u00e3o latic\u00ednios com maior teor proteico, ovos, p\u00e3o integral com sementes, aveia, frutas, leguminosas e pequenas por\u00e7\u00f5es de oleaginosas, compondo um prato com prote\u00edna, carboidrato de boa qualidade, gorduras saud\u00e1veis e fibras.<\/p>\n\n\n\n<ul class=\"wp-block-list\">\n<li><strong>Exemplos de combina\u00e7\u00f5es balanceadas:<\/strong><\/li>\n\n\n\n<li>Ovos mexidos com p\u00e3o integral e tomate;<\/li>\n\n\n\n<li>Iogurte tipo grego natural com frutas vermelhas e linha\u00e7a;<\/li>\n\n\n\n<li>Aveia feita com leite ou bebida vegetal enriquecida, mais sementes e castanhas;<\/li>\n\n\n\n<li>Torradas integrais com queijo magro e uma por\u00e7\u00e3o de frutas.<\/li>\n<\/ul>\n\n\n\n<p>Para quem opta por adiar a primeira refei\u00e7\u00e3o, vale aplicar os mesmos princ\u00edpios no almo\u00e7o: boa carga de prote\u00edna, presen\u00e7a marcante de vegetais e uso de gr\u00e3os integrais. Assim, o fato de pular o caf\u00e9 da manh\u00e3 n\u00e3o leva, ao longo dos dias, a um d\u00e9ficit de nutrientes importantes para a sa\u00fade \u00f3ssea, muscular e cardiovascular.<\/p>\n\n\n\n<figure class=\"wp-block-image size-large\"><img loading=\"lazy\" decoding=\"async\" width=\"1024\" height=\"576\" src=\"https:\/\/www.em.com.br\/emfoco\/wp-content\/uploads\/2026\/01\/cafe-da-manha_1769621204697-1024x576.jpg\" alt=\"Os 7 efeitos chocantes de pular caf\u00e9 da manh\u00e3 depois dos 50\" class=\"wp-image-161297\" srcset=\"https:\/\/www.em.com.br\/emfoco\/wp-content\/uploads\/2026\/01\/cafe-da-manha_1769621204697-1024x576.jpg 1024w, https:\/\/www.em.com.br\/emfoco\/wp-content\/uploads\/2026\/01\/cafe-da-manha_1769621204697-300x169.jpg 300w, https:\/\/www.em.com.br\/emfoco\/wp-content\/uploads\/2026\/01\/cafe-da-manha_1769621204697-768x432.jpg 768w, https:\/\/www.em.com.br\/emfoco\/wp-content\/uploads\/2026\/01\/cafe-da-manha_1769621204697-750x422.jpg 750w, https:\/\/www.em.com.br\/emfoco\/wp-content\/uploads\/2026\/01\/cafe-da-manha_1769621204697-1140x641.jpg 1140w, https:\/\/www.em.com.br\/emfoco\/wp-content\/uploads\/2026\/01\/cafe-da-manha_1769621204697.jpg 1280w\" sizes=\"auto, (max-width: 1024px) 100vw, 1024px\" \/><figcaption class=\"wp-element-caption\">Mesa de caf\u00e9 da manh\u00e3 &#8211; Cr\u00e9ditos: depositphotos.com \/ monticello<\/figcaption><\/figure>\n\n\n\n<h2 class=\"wp-block-heading\">Quem deve evitar pular o caf\u00e9 da manh\u00e3 depois dos 50 anos<\/h2>\n\n\n\n<p>Alguns grupos tendem a se beneficiar de um caf\u00e9 da manh\u00e3 estruturado. Pessoas com <strong>diabetes em uso de insulina ou sulfonilureias<\/strong> costumam ter maior risco de hipoglicemia se passarem muitas horas sem se alimentar, e nesses casos hor\u00e1rios e composi\u00e7\u00e3o das refei\u00e7\u00f5es devem ser planejados com a equipa de sa\u00fade, evitando grandes intervalos logo no in\u00edcio do dia.<\/p>\n\n\n\n<p>Indiv\u00edduos que fazem atividade f\u00edsica logo cedo, especialmente treinos acima de 45 minutos, podem precisar de pelo menos uma pequena refei\u00e7\u00e3o com carboidrato e prote\u00edna para preservar o desempenho. Quem apresenta enxaqueca desencadeada por jejum prolongado, tonturas frequentes, perda de peso n\u00e3o intencional ou sinais de fragilidade tende a ser orientado a n\u00e3o estender demais o per\u00edodo sem comer.<\/p>\n\n\n\n<ol class=\"wp-block-list\">\n<li><strong>Situa\u00e7\u00f5es em que o caf\u00e9 da manh\u00e3 costuma ser recomendado:<\/strong><\/li>\n\n\n\n<li>Uso de insulina ou medicamentos que podem provocar hipoglicemia;<\/li>\n\n\n\n<li>Epis\u00f3dios de tontura, mal-estar ou dores de cabe\u00e7a em jejum;<\/li>\n\n\n\n<li>Treinos matinais regulares e mais intensos;<\/li>\n\n\n\n<li>Sinais de fragilidade, baixa ingest\u00e3o de alimentos ou perda de massa muscular;<\/li>\n\n\n\n<li>Alimenta\u00e7\u00e3o muito concentrada \u00e0 noite, com dificuldade de controle de quantidade.<\/li>\n<\/ol>\n\n\n\n<p>Medicamentos de uso cont\u00ednuo tamb\u00e9m interferem no planejamento das refei\u00e7\u00f5es. Alguns exigem est\u00f4mago vazio, outros precisam ser tomados junto com alimentos para reduzir desconfortos g\u00e1stricos, e ajustar o caf\u00e9 da manh\u00e3 \u00e0 rotina de rem\u00e9dios ajuda a evitar efeitos indesejados e a manter regularidade na alimenta\u00e7\u00e3o di\u00e1ria. Para melhor entendimento da rela\u00e7\u00e3o entre rem\u00e9dios e alimenta\u00e7\u00e3o, selecionamos uma reportagem do <strong>Jornal Fala Brasil<\/strong>, da <strong>Record TV<\/strong>, postado em seu canal oficial do <strong>Youtube <\/strong>que contem mais de <strong>1 milh\u00e3o e 500 mil inscritos<\/strong>.<\/p>\n\n\n\n<figure class=\"wp-block-embed is-type-video is-provider-youtube wp-block-embed-youtube wp-embed-aspect-16-9 wp-has-aspect-ratio\"><div class=\"wp-block-embed__wrapper\">\n<div class=\"jeg_video_container jeg_video_content\"><iframe loading=\"lazy\" title=\"Alimentos podem atrapalhar a a\u00e7\u00e3o de rem\u00e9dios\" width=\"500\" height=\"281\" src=\"https:\/\/www.youtube.com\/embed\/tpE9rICFLY8?feature=oembed\" frameborder=\"0\" allow=\"accelerometer; autoplay; clipboard-write; encrypted-media; gyroscope; picture-in-picture; web-share\" referrerpolicy=\"strict-origin-when-cross-origin\" allowfullscreen><\/iframe><\/div>\n<\/div><\/figure>\n\n\n\n<h2 class=\"wp-block-heading\">Como encontrar o melhor padr\u00e3o de caf\u00e9 da manh\u00e3 ap\u00f3s os 50 anos<\/h2>\n\n\n\n<p>N\u00e3o existe um modelo \u00fanico de alimenta\u00e7\u00e3o matinal v\u00e1lido para todas as pessoas acima dos 50 anos. O que se observa \u00e9 que a combina\u00e7\u00e3o entre hor\u00e1rio das refei\u00e7\u00f5es, distribui\u00e7\u00e3o de prote\u00ednas ao longo do dia e qualidade dos alimentos influencia energia, sono, controle de peso, sa\u00fade metab\u00f3lica e at\u00e9 o humor, sendo \u00fatil testar por algumas semanas dias com e sem caf\u00e9 da manh\u00e3 estruturado.<\/p>\n\n\n\n<p>Independentemente da escolha, alguns princ\u00edpios se repetem: priorizar alimentos pouco processados, garantir boa ingest\u00e3o de prote\u00ednas, incluir fibras de origem vegetal e evitar grandes quantidades de comida perto da hora de dormir. O caf\u00e9 da manh\u00e3, quando presente, pode \u201cadiantar\u201d parte importante da cota di\u00e1ria de nutrientes; quando \u00e9 adiado, o almo\u00e7o precisa cumprir esse papel de forma consistente, considerando sintomas, rotina, uso de medicamentos e metas de sa\u00fade.<\/p>\n","protected":false},"excerpt":{"rendered":"<p>Pular o caf\u00e9 da manh\u00e3 ap\u00f3s os 50 n\u00e3o \u00e9 regra: descubra quando faz bem, riscos, melhor hor\u00e1rio das refei\u00e7\u00f5es e como ajustar o metabolismo.<\/p>\n","protected":false},"author":29,"featured_media":161291,"comment_status":"open","ping_status":"open","sticky":false,"template":"","format":"standard","meta":{"jnews-multi-image_gallery":[],"jnews_single_post":{"format":"standard"},"jnews_primary_category":[],"jnews_social_meta":[],"jnews_override_counter":[],"footnotes":""},"categories":[9053],"tags":[2904,711,9775,415],"class_list":["post-161290","post","type-post","status-publish","format-standard","has-post-thumbnail","hentry","category-saude","tag-alimentacao","tag-bem-estar","tag-cafe-da-manha","tag-saude"],"yoast_head":"<!-- This site is optimized with the Yoast SEO plugin v23.8 - https:\/\/yoast.com\/wordpress\/plugins\/seo\/ -->\n<title>Os 7 efeitos chocantes de pular caf\u00e9 da manh\u00e3 depois dos 50 - Estado de Minas - Em foco<\/title>\n<meta name=\"description\" content=\"Pular o caf\u00e9 da manh\u00e3 ap\u00f3s os 50 n\u00e3o \u00e9 regra: descubra quando faz bem, riscos, melhor hor\u00e1rio das refei\u00e7\u00f5es e como ajustar o metabolismo.\" \/>\n<meta name=\"robots\" content=\"index, follow, max-snippet:-1, max-image-preview:large, max-video-preview:-1\" \/>\n<link rel=\"canonical\" href=\"https:\/\/www.em.com.br\/emfoco\/2026\/01\/30\/os-7-efeitos-chocantes-de-pular-cafe-da-manha-depois-dos-50\/\" \/>\n<meta property=\"og:locale\" content=\"pt_BR\" \/>\n<meta property=\"og:type\" content=\"article\" \/>\n<meta property=\"og:title\" content=\"Os 7 efeitos chocantes de pular caf\u00e9 da manh\u00e3 depois dos 50 - Estado de Minas - Em foco\" \/>\n<meta property=\"og:description\" content=\"Pular o caf\u00e9 da manh\u00e3 ap\u00f3s os 50 n\u00e3o \u00e9 regra: descubra quando faz bem, riscos, melhor hor\u00e1rio das refei\u00e7\u00f5es e como ajustar o metabolismo.\" \/>\n<meta property=\"og:url\" content=\"https:\/\/www.em.com.br\/emfoco\/2026\/01\/30\/os-7-efeitos-chocantes-de-pular-cafe-da-manha-depois-dos-50\/\" \/>\n<meta property=\"og:site_name\" content=\"Estado de Minas - Em foco\" \/>\n<meta property=\"article:published_time\" content=\"2026-01-30T12:25:00+00:00\" \/>\n<meta property=\"article:modified_time\" content=\"2026-01-28T20:07:39+00:00\" \/>\n<meta property=\"og:image\" content=\"https:\/\/www.em.com.br\/emfoco\/wp-content\/uploads\/2026\/01\/cafe-da-manha_1769621044728.jpg\" \/>\n\t<meta property=\"og:image:width\" content=\"1280\" \/>\n\t<meta property=\"og:image:height\" content=\"720\" \/>\n\t<meta property=\"og:image:type\" content=\"image\/jpeg\" \/>\n<meta name=\"author\" content=\"Nicolas Domingues\" \/>\n<meta name=\"twitter:card\" content=\"summary_large_image\" \/>\n<meta name=\"twitter:label1\" content=\"Escrito por\" \/>\n\t<meta name=\"twitter:data1\" content=\"Nicolas Domingues\" \/>\n\t<meta name=\"twitter:label2\" content=\"Est. tempo de leitura\" \/>\n\t<meta name=\"twitter:data2\" content=\"6 minutos\" \/>\n<!-- \/ Yoast SEO plugin. -->","yoast_head_json":{"title":"Os 7 efeitos chocantes de pular caf\u00e9 da manh\u00e3 depois dos 50 - Estado de Minas - Em foco","description":"Pular o caf\u00e9 da manh\u00e3 ap\u00f3s os 50 n\u00e3o \u00e9 regra: descubra quando faz bem, riscos, melhor hor\u00e1rio das refei\u00e7\u00f5es e como ajustar o metabolismo.","robots":{"index":"index","follow":"follow","max-snippet":"max-snippet:-1","max-image-preview":"max-image-preview:large","max-video-preview":"max-video-preview:-1"},"canonical":"https:\/\/www.em.com.br\/emfoco\/2026\/01\/30\/os-7-efeitos-chocantes-de-pular-cafe-da-manha-depois-dos-50\/","og_locale":"pt_BR","og_type":"article","og_title":"Os 7 efeitos chocantes de pular caf\u00e9 da manh\u00e3 depois dos 50 - Estado de Minas - Em foco","og_description":"Pular o caf\u00e9 da manh\u00e3 ap\u00f3s os 50 n\u00e3o \u00e9 regra: descubra quando faz bem, riscos, melhor hor\u00e1rio das refei\u00e7\u00f5es e como ajustar o metabolismo.","og_url":"https:\/\/www.em.com.br\/emfoco\/2026\/01\/30\/os-7-efeitos-chocantes-de-pular-cafe-da-manha-depois-dos-50\/","og_site_name":"Estado de Minas - Em foco","article_published_time":"2026-01-30T12:25:00+00:00","article_modified_time":"2026-01-28T20:07:39+00:00","og_image":[{"width":1280,"height":720,"url":"https:\/\/www.em.com.br\/emfoco\/wp-content\/uploads\/2026\/01\/cafe-da-manha_1769621044728.jpg","type":"image\/jpeg"}],"author":"Nicolas Domingues","twitter_card":"summary_large_image","twitter_misc":{"Escrito por":"Nicolas Domingues","Est. tempo de leitura":"6 minutos"},"schema":{"@context":"https:\/\/schema.org","@graph":[{"@type":"WebPage","@id":"https:\/\/www.em.com.br\/emfoco\/2026\/01\/30\/os-7-efeitos-chocantes-de-pular-cafe-da-manha-depois-dos-50\/","url":"https:\/\/www.em.com.br\/emfoco\/2026\/01\/30\/os-7-efeitos-chocantes-de-pular-cafe-da-manha-depois-dos-50\/","name":"Os 7 efeitos chocantes de pular caf\u00e9 da manh\u00e3 depois dos 50 - Estado de Minas - Em foco","isPartOf":{"@id":"https:\/\/www.em.com.br\/emfoco\/#website"},"primaryImageOfPage":{"@id":"https:\/\/www.em.com.br\/emfoco\/2026\/01\/30\/os-7-efeitos-chocantes-de-pular-cafe-da-manha-depois-dos-50\/#primaryimage"},"image":{"@id":"https:\/\/www.em.com.br\/emfoco\/2026\/01\/30\/os-7-efeitos-chocantes-de-pular-cafe-da-manha-depois-dos-50\/#primaryimage"},"thumbnailUrl":"https:\/\/www.em.com.br\/emfoco\/wp-content\/uploads\/2026\/01\/cafe-da-manha_1769621044728.jpg","datePublished":"2026-01-30T12:25:00+00:00","dateModified":"2026-01-28T20:07:39+00:00","author":{"@id":"https:\/\/www.em.com.br\/emfoco\/#\/schema\/person\/21e3216f9ca9adb4caa50598a71744a3"},"description":"Pular o caf\u00e9 da manh\u00e3 ap\u00f3s os 50 n\u00e3o \u00e9 regra: descubra quando faz bem, riscos, melhor hor\u00e1rio das refei\u00e7\u00f5es e como ajustar o metabolismo.","breadcrumb":{"@id":"https:\/\/www.em.com.br\/emfoco\/2026\/01\/30\/os-7-efeitos-chocantes-de-pular-cafe-da-manha-depois-dos-50\/#breadcrumb"},"inLanguage":"pt-BR","potentialAction":[{"@type":"ReadAction","target":["https:\/\/www.em.com.br\/emfoco\/2026\/01\/30\/os-7-efeitos-chocantes-de-pular-cafe-da-manha-depois-dos-50\/"]}]},{"@type":"ImageObject","inLanguage":"pt-BR","@id":"https:\/\/www.em.com.br\/emfoco\/2026\/01\/30\/os-7-efeitos-chocantes-de-pular-cafe-da-manha-depois-dos-50\/#primaryimage","url":"https:\/\/www.em.com.br\/emfoco\/wp-content\/uploads\/2026\/01\/cafe-da-manha_1769621044728.jpg","contentUrl":"https:\/\/www.em.com.br\/emfoco\/wp-content\/uploads\/2026\/01\/cafe-da-manha_1769621044728.jpg","width":1280,"height":720,"caption":"caf\u00e9 da manh\u00e3 - Cr\u00e9ditos: depositphotos.com \/ VadimVasenin"},{"@type":"BreadcrumbList","@id":"https:\/\/www.em.com.br\/emfoco\/2026\/01\/30\/os-7-efeitos-chocantes-de-pular-cafe-da-manha-depois-dos-50\/#breadcrumb","itemListElement":[{"@type":"ListItem","position":1,"name":"In\u00edcio","item":"https:\/\/www.em.com.br\/emfoco\/"},{"@type":"ListItem","position":2,"name":"Os 7 efeitos chocantes de pular caf\u00e9 da manh\u00e3 depois dos 50"}]},{"@type":"WebSite","@id":"https:\/\/www.em.com.br\/emfoco\/#website","url":"https:\/\/www.em.com.br\/emfoco\/","name":"Estado de Minas - Em foco","description":"Acompanhe as \u00faltimas not\u00edcias e fique bem informado sobre tudo o que acontece em Minas Gerais, Brasil e no mundo.","potentialAction":[{"@type":"SearchAction","target":{"@type":"EntryPoint","urlTemplate":"https:\/\/www.em.com.br\/emfoco\/?s={search_term_string}"},"query-input":{"@type":"PropertyValueSpecification","valueRequired":true,"valueName":"search_term_string"}}],"inLanguage":"pt-BR"},{"@type":"Person","@id":"https:\/\/www.em.com.br\/emfoco\/#\/schema\/person\/21e3216f9ca9adb4caa50598a71744a3","name":"Nicolas Domingues","image":{"@type":"ImageObject","inLanguage":"pt-BR","@id":"https:\/\/www.em.com.br\/emfoco\/#\/schema\/person\/image\/","url":"https:\/\/secure.gravatar.com\/avatar\/05925f730d72f0ea0df144f236adfb18?s=96&d=mm&r=g","contentUrl":"https:\/\/secure.gravatar.com\/avatar\/05925f730d72f0ea0df144f236adfb18?s=96&d=mm&r=g","caption":"Nicolas Domingues"},"sameAs":["https:\/\/www.em.com.br\/emfoco"],"url":"https:\/\/www.em.com.br\/emfoco\/author\/nicolasmyth\/"}]}},"_links":{"self":[{"href":"https:\/\/www.em.com.br\/emfoco\/wp-json\/wp\/v2\/posts\/161290","targetHints":{"allow":["GET"]}}],"collection":[{"href":"https:\/\/www.em.com.br\/emfoco\/wp-json\/wp\/v2\/posts"}],"about":[{"href":"https:\/\/www.em.com.br\/emfoco\/wp-json\/wp\/v2\/types\/post"}],"author":[{"embeddable":true,"href":"https:\/\/www.em.com.br\/emfoco\/wp-json\/wp\/v2\/users\/29"}],"replies":[{"embeddable":true,"href":"https:\/\/www.em.com.br\/emfoco\/wp-json\/wp\/v2\/comments?post=161290"}],"version-history":[{"count":2,"href":"https:\/\/www.em.com.br\/emfoco\/wp-json\/wp\/v2\/posts\/161290\/revisions"}],"predecessor-version":[{"id":161508,"href":"https:\/\/www.em.com.br\/emfoco\/wp-json\/wp\/v2\/posts\/161290\/revisions\/161508"}],"wp:featuredmedia":[{"embeddable":true,"href":"https:\/\/www.em.com.br\/emfoco\/wp-json\/wp\/v2\/media\/161291"}],"wp:attachment":[{"href":"https:\/\/www.em.com.br\/emfoco\/wp-json\/wp\/v2\/media?parent=161290"}],"wp:term":[{"taxonomy":"category","embeddable":true,"href":"https:\/\/www.em.com.br\/emfoco\/wp-json\/wp\/v2\/categories?post=161290"},{"taxonomy":"post_tag","embeddable":true,"href":"https:\/\/www.em.com.br\/emfoco\/wp-json\/wp\/v2\/tags?post=161290"}],"curies":[{"name":"wp","href":"https:\/\/api.w.org\/{rel}","templated":true}]}}