{"id":161253,"date":"2026-01-30T01:05:00","date_gmt":"2026-01-30T04:05:00","guid":{"rendered":"https:\/\/www.em.com.br\/emfoco\/?p=161253"},"modified":"2026-01-29T22:17:01","modified_gmt":"2026-01-30T01:17:01","slug":"prova-de-vida-municipal-termina-em-30-de-janeiro-e-aposentados-que-nao-atualizarem-dados-podem-ter-o-pagamento-bloqueado-por-ate-45-dias","status":"publish","type":"post","link":"https:\/\/www.em.com.br\/emfoco\/2026\/01\/30\/prova-de-vida-municipal-termina-em-30-de-janeiro-e-aposentados-que-nao-atualizarem-dados-podem-ter-o-pagamento-bloqueado-por-ate-45-dias\/","title":{"rendered":"Prova de vida municipal termina em 30 de janeiro e aposentados que n\u00e3o atualizarem dados podem ter o pagamento bloqueado por at\u00e9 45 dias"},"content":{"rendered":"\n<h2 class=\"wp-block-heading\">Aposentados e pensionistas municipais t\u00eam at\u00e9 30 de janeiro para fazer a prova de vida exigida por prefeituras. A falta de recadastramento pode bloquear o benef\u00edcio, com reativa\u00e7\u00e3o que pode levar at\u00e9 45 dias.<\/h2>\n\n\n\n<p>O prazo para regularizar a <strong>prova de vida municipal<\/strong> est\u00e1 acabando. Aposentados e pensionistas de prefeituras t\u00eam at\u00e9 30 de janeiro para atualizar os dados e evitar o bloqueio do benef\u00edcio, j\u00e1 que muitos regimes pr\u00f3prios ainda exigem recadastramento ativo.<\/p>\n\n\n\n<h2 class=\"wp-block-heading\">Por que a prova de vida municipal ainda exige a\u00e7\u00e3o do benefici\u00e1rio?<\/h2>\n\n\n\n<p>Diferente do INSS, que hoje faz a <strong>prova de vida autom\u00e1tica<\/strong> por cruzamento de dados, muitos <strong>Regimes Pr\u00f3prios de Previd\u00eancia Social<\/strong> ligados a prefeituras mant\u00eam o recadastramento obrigat\u00f3rio para evitar fraudes e pagamentos indevidos.<\/p>\n\n\n\n<p>Nesses casos, o <strong>censo previdenci\u00e1rio<\/strong> funciona como verifica\u00e7\u00e3o direta da situa\u00e7\u00e3o do segurado. A aus\u00eancia dessa atualiza\u00e7\u00e3o pode indicar \u00f3bito n\u00e3o informado ou dados desatualizados, o que leva \u00e0 suspens\u00e3o preventiva do pagamento mensal.<\/p>\n\n\n\n<figure class=\"wp-block-image size-large\"><img loading=\"lazy\" decoding=\"async\" width=\"1024\" height=\"576\" src=\"https:\/\/www.em.com.br\/emfoco\/wp-content\/uploads\/2026\/01\/ai-6-1024x576.jpg\" alt=\"Prova de vida municipal termina em 30 de janeiro e aposentados que n\u00e3o atualizarem dados podem ter o pagamento bloqueado por at\u00e9 45 dias\" class=\"wp-image-161311\" srcset=\"https:\/\/www.em.com.br\/emfoco\/wp-content\/uploads\/2026\/01\/ai-6-1024x576.jpg 1024w, https:\/\/www.em.com.br\/emfoco\/wp-content\/uploads\/2026\/01\/ai-6-300x169.jpg 300w, https:\/\/www.em.com.br\/emfoco\/wp-content\/uploads\/2026\/01\/ai-6-768x432.jpg 768w, https:\/\/www.em.com.br\/emfoco\/wp-content\/uploads\/2026\/01\/ai-6-750x422.jpg 750w, https:\/\/www.em.com.br\/emfoco\/wp-content\/uploads\/2026\/01\/ai-6-1140x641.jpg 1140w, https:\/\/www.em.com.br\/emfoco\/wp-content\/uploads\/2026\/01\/ai-6.jpg 1280w\" sizes=\"auto, (max-width: 1024px) 100vw, 1024px\" \/><figcaption class=\"wp-element-caption\">Regimes pr\u00f3prios exigem recadastramento para prevenir fraudes e pagamentos indevidos<\/figcaption><\/figure>\n\n\n\n<h2 class=\"wp-block-heading\">Quem precisa fazer o recadastramento at\u00e9 30 de janeiro?<\/h2>\n\n\n\n<p>A convoca\u00e7\u00e3o n\u00e3o vale para todos os segurados, mas atinge grupos espec\u00edficos vinculados aos fundos previdenci\u00e1rios municipais. Entre os principais perfis obrigados a cumprir o prazo est\u00e3o os listados a seguir.<\/p>\n\n\n\n<ul class=\"wp-block-list\">\n<li>Aposentados municipais: servidores p\u00fablicos inativos pagos por RPPS.<\/li>\n\n\n\n<li>Pensionistas municipais: benefici\u00e1rios que recebem pens\u00e3o da prefeitura.<\/li>\n\n\n\n<li>Servidores afastados: casos de aux\u00edlio-doen\u00e7a conforme regra local.<\/li>\n<\/ul>\n\n\n\n<p><em>Leia mais: <strong><a href=\"https:\/\/www.em.com.br\/emfoco\/2026\/01\/28\/novo-teto-do-inss-em-2026-altera-o-valor-real-do-desconto-e-quem-ganha-acima-do-minimo-vai-sentir-a-diferenca-direto-no-bolso\/\" target=\"_blank\" rel=\"noreferrer noopener\">Novo teto do INSS em 2026 altera o valor real do desconto e quem ganha acima do m\u00ednimo vai sentir a diferen\u00e7a direto no bolso<\/a><\/strong><\/em><\/p>\n\n\n\n<h2 class=\"wp-block-heading\">Como fazer a prova de vida na Caixa Econ\u00f4mica Federal?<\/h2>\n\n\n\n<p>Em 2026, muitas prefeituras firmaram parceria com a <strong><a href=\"https:\/\/www.caixa.gov.br\/\" target=\"_blank\" rel=\"noreferrer noopener\">Caixa Econ\u00f4mica Federal<\/a><\/strong> para facilitar o processo. O recadastramento pode ser feito presencialmente em ag\u00eancia, com documento oficial com foto e CPF v\u00e1lidos.<\/p>\n\n\n\n<p>Em alguns munic\u00edpios, a <strong>biometria banc\u00e1ria<\/strong> permite realizar a valida\u00e7\u00e3o direto no caixa eletr\u00f4nico, desde que o cadastro esteja ativo. As regras variam conforme o fundo previdenci\u00e1rio, por isso \u00e9 essencial confirmar o modelo adotado.<\/p>\n\n\n\n<figure class=\"wp-block-image size-large\"><img loading=\"lazy\" decoding=\"async\" width=\"1024\" height=\"576\" src=\"https:\/\/www.em.com.br\/emfoco\/wp-content\/uploads\/2026\/01\/ai-5-1024x576.jpg\" alt=\"Prova de vida municipal termina em 30 de janeiro e aposentados que n\u00e3o atualizarem dados podem ter o pagamento bloqueado por at\u00e9 45 dias\" class=\"wp-image-161310\" srcset=\"https:\/\/www.em.com.br\/emfoco\/wp-content\/uploads\/2026\/01\/ai-5-1024x576.jpg 1024w, https:\/\/www.em.com.br\/emfoco\/wp-content\/uploads\/2026\/01\/ai-5-300x169.jpg 300w, https:\/\/www.em.com.br\/emfoco\/wp-content\/uploads\/2026\/01\/ai-5-768x432.jpg 768w, https:\/\/www.em.com.br\/emfoco\/wp-content\/uploads\/2026\/01\/ai-5-750x422.jpg 750w, https:\/\/www.em.com.br\/emfoco\/wp-content\/uploads\/2026\/01\/ai-5-1140x641.jpg 1140w, https:\/\/www.em.com.br\/emfoco\/wp-content\/uploads\/2026\/01\/ai-5.jpg 1280w\" sizes=\"auto, (max-width: 1024px) 100vw, 1024px\" \/><figcaption class=\"wp-element-caption\">Prefeituras usam Caixa para valida\u00e7\u00e3o presencial ou biom\u00e9trica conforme regras locais<\/figcaption><\/figure>\n\n\n\n<h2 class=\"wp-block-heading\">O que acontece se o prazo for ignorado pelo segurado?<\/h2>\n\n\n\n<p>A falta de atualiza\u00e7\u00e3o at\u00e9 30 de janeiro gera consequ\u00eancias imediatas no benef\u00edcio. Al\u00e9m do bloqueio autom\u00e1tico, o retorno do pagamento pode demorar semanas, conforme o procedimento exigido pela previd\u00eancia municipal, como mostram os pontos abaixo.<\/p>\n\n\n\n<ul class=\"wp-block-list\">\n<li>Suspens\u00e3o do pagamento: valor n\u00e3o \u00e9 depositado na folha seguinte.<\/li>\n\n\n\n<li>Processo administrativo: regulariza\u00e7\u00e3o presencial obrigat\u00f3ria no RPPS.<\/li>\n\n\n\n<li>Prazo de reativa\u00e7\u00e3o: pode levar de 15 a 45 dias.<\/li>\n<\/ul>\n\n\n\n<h2 class=\"wp-block-heading\">Como evitar golpes durante a prova de vida em 2026?<\/h2>\n\n\n\n<p>Prefeituras e a <strong>Caixa<\/strong> n\u00e3o solicitam senhas, c\u00f3digos ou dados banc\u00e1rios por telefone ou mensagens. Qualquer contato prometendo desbloqueio imediato mediante informa\u00e7\u00e3o pessoal \u00e9 tentativa clara de fraude.<\/p>\n\n\n\n<p>O recadastramento deve ser feito apenas pelos <strong>canais oficiais<\/strong>, como ag\u00eancia banc\u00e1ria, aplicativo autorizado ou sede da previd\u00eancia municipal. Agir com anteced\u00eancia reduz riscos, evita filas e garante o pagamento sem interrup\u00e7\u00f5es.<\/p>\n","protected":false},"excerpt":{"rendered":"<p>Aposentados e pensionistas municipais t\u00eam at\u00e9 30 de janeiro para fazer a prova de vida exigida por prefeituras. A falta de recadastramento pode bloquear o benef\u00edcio, com reativa\u00e7\u00e3o que pode levar at\u00e9 45 dias. O prazo para regularizar a prova de vida municipal est\u00e1 acabando. Aposentados e pensionistas de prefeituras t\u00eam at\u00e9 30 de janeiro [&hellip;]<\/p>\n","protected":false},"author":13,"featured_media":161307,"comment_status":"open","ping_status":"open","sticky":false,"template":"","format":"standard","meta":{"jnews-multi-image_gallery":[],"jnews_single_post":{"format":"standard"},"jnews_primary_category":[],"jnews_social_meta":[],"jnews_override_counter":[],"footnotes":""},"categories":[28],"tags":[1631,174,3905],"class_list":["post-161253","post","type-post","status-publish","format-standard","has-post-thumbnail","hentry","category-economia","tag-caixa-economica-federal","tag-inss","tag-prova-de-vida"],"yoast_head":"<!-- This site is optimized with the Yoast SEO plugin v23.8 - https:\/\/yoast.com\/wordpress\/plugins\/seo\/ -->\n<title>Prova de vida municipal termina em 30 de janeiro e aposentados que n\u00e3o atualizarem dados podem ter o pagamento bloqueado por at\u00e9 45 dias - Estado de Minas - Em foco<\/title>\n<meta name=\"description\" content=\"Aposentados municipais devem fazer a prova de vida at\u00e9 30 de janeiro. Quem perder o prazo pode ter o pagamento bloqueado por 45 dias.\" \/>\n<meta name=\"robots\" content=\"index, follow, max-snippet:-1, max-image-preview:large, max-video-preview:-1\" \/>\n<link rel=\"canonical\" href=\"https:\/\/www.em.com.br\/emfoco\/2026\/01\/30\/prova-de-vida-municipal-termina-em-30-de-janeiro-e-aposentados-que-nao-atualizarem-dados-podem-ter-o-pagamento-bloqueado-por-ate-45-dias\/\" \/>\n<meta property=\"og:locale\" content=\"pt_BR\" \/>\n<meta property=\"og:type\" content=\"article\" \/>\n<meta property=\"og:title\" content=\"Prova de vida municipal termina em 30 de janeiro e aposentados que n\u00e3o atualizarem dados podem ter o pagamento bloqueado por at\u00e9 45 dias - Estado de Minas - Em foco\" \/>\n<meta property=\"og:description\" content=\"Aposentados municipais devem fazer a prova de vida at\u00e9 30 de janeiro. Quem perder o prazo pode ter o pagamento bloqueado por 45 dias.\" \/>\n<meta property=\"og:url\" content=\"https:\/\/www.em.com.br\/emfoco\/2026\/01\/30\/prova-de-vida-municipal-termina-em-30-de-janeiro-e-aposentados-que-nao-atualizarem-dados-podem-ter-o-pagamento-bloqueado-por-ate-45-dias\/\" \/>\n<meta property=\"og:site_name\" content=\"Estado de Minas - Em foco\" \/>\n<meta property=\"article:published_time\" content=\"2026-01-30T04:05:00+00:00\" \/>\n<meta property=\"article:modified_time\" content=\"2026-01-30T01:17:01+00:00\" \/>\n<meta property=\"og:image\" content=\"https:\/\/www.em.com.br\/emfoco\/wp-content\/uploads\/2026\/01\/ai-4.jpg\" \/>\n\t<meta property=\"og:image:width\" content=\"1280\" \/>\n\t<meta property=\"og:image:height\" content=\"720\" \/>\n\t<meta property=\"og:image:type\" content=\"image\/jpeg\" \/>\n<meta name=\"author\" content=\"Gabriel Martins\" \/>\n<meta name=\"twitter:card\" content=\"summary_large_image\" \/>\n<meta name=\"twitter:label1\" content=\"Escrito por\" \/>\n\t<meta name=\"twitter:data1\" content=\"Gabriel Martins\" \/>\n\t<meta name=\"twitter:label2\" content=\"Est. tempo de leitura\" \/>\n\t<meta name=\"twitter:data2\" content=\"4 minutos\" \/>\n<!-- \/ Yoast SEO plugin. -->","yoast_head_json":{"title":"Prova de vida municipal termina em 30 de janeiro e aposentados que n\u00e3o atualizarem dados podem ter o pagamento bloqueado por at\u00e9 45 dias - Estado de Minas - Em foco","description":"Aposentados municipais devem fazer a prova de vida at\u00e9 30 de janeiro. Quem perder o prazo pode ter o pagamento bloqueado por 45 dias.","robots":{"index":"index","follow":"follow","max-snippet":"max-snippet:-1","max-image-preview":"max-image-preview:large","max-video-preview":"max-video-preview:-1"},"canonical":"https:\/\/www.em.com.br\/emfoco\/2026\/01\/30\/prova-de-vida-municipal-termina-em-30-de-janeiro-e-aposentados-que-nao-atualizarem-dados-podem-ter-o-pagamento-bloqueado-por-ate-45-dias\/","og_locale":"pt_BR","og_type":"article","og_title":"Prova de vida municipal termina em 30 de janeiro e aposentados que n\u00e3o atualizarem dados podem ter o pagamento bloqueado por at\u00e9 45 dias - Estado de Minas - Em foco","og_description":"Aposentados municipais devem fazer a prova de vida at\u00e9 30 de janeiro. Quem perder o prazo pode ter o pagamento bloqueado por 45 dias.","og_url":"https:\/\/www.em.com.br\/emfoco\/2026\/01\/30\/prova-de-vida-municipal-termina-em-30-de-janeiro-e-aposentados-que-nao-atualizarem-dados-podem-ter-o-pagamento-bloqueado-por-ate-45-dias\/","og_site_name":"Estado de Minas - Em foco","article_published_time":"2026-01-30T04:05:00+00:00","article_modified_time":"2026-01-30T01:17:01+00:00","og_image":[{"width":1280,"height":720,"url":"https:\/\/www.em.com.br\/emfoco\/wp-content\/uploads\/2026\/01\/ai-4.jpg","type":"image\/jpeg"}],"author":"Gabriel Martins","twitter_card":"summary_large_image","twitter_misc":{"Escrito por":"Gabriel Martins","Est. tempo de leitura":"4 minutos"},"schema":{"@context":"https:\/\/schema.org","@graph":[{"@type":"WebPage","@id":"https:\/\/www.em.com.br\/emfoco\/2026\/01\/30\/prova-de-vida-municipal-termina-em-30-de-janeiro-e-aposentados-que-nao-atualizarem-dados-podem-ter-o-pagamento-bloqueado-por-ate-45-dias\/","url":"https:\/\/www.em.com.br\/emfoco\/2026\/01\/30\/prova-de-vida-municipal-termina-em-30-de-janeiro-e-aposentados-que-nao-atualizarem-dados-podem-ter-o-pagamento-bloqueado-por-ate-45-dias\/","name":"Prova de vida municipal termina em 30 de janeiro e aposentados que n\u00e3o atualizarem dados podem ter o pagamento bloqueado por at\u00e9 45 dias - Estado de Minas - Em foco","isPartOf":{"@id":"https:\/\/www.em.com.br\/emfoco\/#website"},"primaryImageOfPage":{"@id":"https:\/\/www.em.com.br\/emfoco\/2026\/01\/30\/prova-de-vida-municipal-termina-em-30-de-janeiro-e-aposentados-que-nao-atualizarem-dados-podem-ter-o-pagamento-bloqueado-por-ate-45-dias\/#primaryimage"},"image":{"@id":"https:\/\/www.em.com.br\/emfoco\/2026\/01\/30\/prova-de-vida-municipal-termina-em-30-de-janeiro-e-aposentados-que-nao-atualizarem-dados-podem-ter-o-pagamento-bloqueado-por-ate-45-dias\/#primaryimage"},"thumbnailUrl":"https:\/\/www.em.com.br\/emfoco\/wp-content\/uploads\/2026\/01\/ai-4.jpg","datePublished":"2026-01-30T04:05:00+00:00","dateModified":"2026-01-30T01:17:01+00:00","author":{"@id":"https:\/\/www.em.com.br\/emfoco\/#\/schema\/person\/1c9ddeab18b98abeffef834667bcf08a"},"description":"Aposentados municipais devem fazer a prova de vida at\u00e9 30 de janeiro. Quem perder o prazo pode ter o pagamento bloqueado por 45 dias.","breadcrumb":{"@id":"https:\/\/www.em.com.br\/emfoco\/2026\/01\/30\/prova-de-vida-municipal-termina-em-30-de-janeiro-e-aposentados-que-nao-atualizarem-dados-podem-ter-o-pagamento-bloqueado-por-ate-45-dias\/#breadcrumb"},"inLanguage":"pt-BR","potentialAction":[{"@type":"ReadAction","target":["https:\/\/www.em.com.br\/emfoco\/2026\/01\/30\/prova-de-vida-municipal-termina-em-30-de-janeiro-e-aposentados-que-nao-atualizarem-dados-podem-ter-o-pagamento-bloqueado-por-ate-45-dias\/"]}]},{"@type":"ImageObject","inLanguage":"pt-BR","@id":"https:\/\/www.em.com.br\/emfoco\/2026\/01\/30\/prova-de-vida-municipal-termina-em-30-de-janeiro-e-aposentados-que-nao-atualizarem-dados-podem-ter-o-pagamento-bloqueado-por-ate-45-dias\/#primaryimage","url":"https:\/\/www.em.com.br\/emfoco\/wp-content\/uploads\/2026\/01\/ai-4.jpg","contentUrl":"https:\/\/www.em.com.br\/emfoco\/wp-content\/uploads\/2026\/01\/ai-4.jpg","width":1280,"height":720,"caption":"Prova de vida municipal evita bloqueio e mant\u00e9m pagamento previdenci\u00e1rio regular"},{"@type":"BreadcrumbList","@id":"https:\/\/www.em.com.br\/emfoco\/2026\/01\/30\/prova-de-vida-municipal-termina-em-30-de-janeiro-e-aposentados-que-nao-atualizarem-dados-podem-ter-o-pagamento-bloqueado-por-ate-45-dias\/#breadcrumb","itemListElement":[{"@type":"ListItem","position":1,"name":"In\u00edcio","item":"https:\/\/www.em.com.br\/emfoco\/"},{"@type":"ListItem","position":2,"name":"Prova de vida municipal termina em 30 de janeiro e aposentados que n\u00e3o atualizarem dados podem ter o pagamento bloqueado por at\u00e9 45 dias"}]},{"@type":"WebSite","@id":"https:\/\/www.em.com.br\/emfoco\/#website","url":"https:\/\/www.em.com.br\/emfoco\/","name":"Estado de Minas - Em foco","description":"Acompanhe as \u00faltimas not\u00edcias e fique bem informado sobre tudo o que acontece em Minas Gerais, Brasil e no mundo.","potentialAction":[{"@type":"SearchAction","target":{"@type":"EntryPoint","urlTemplate":"https:\/\/www.em.com.br\/emfoco\/?s={search_term_string}"},"query-input":{"@type":"PropertyValueSpecification","valueRequired":true,"valueName":"search_term_string"}}],"inLanguage":"pt-BR"},{"@type":"Person","@id":"https:\/\/www.em.com.br\/emfoco\/#\/schema\/person\/1c9ddeab18b98abeffef834667bcf08a","name":"Gabriel Martins","image":{"@type":"ImageObject","inLanguage":"pt-BR","@id":"https:\/\/www.em.com.br\/emfoco\/#\/schema\/person\/image\/","url":"https:\/\/secure.gravatar.com\/avatar\/f0f1e2efdfd88f1ad2cb08c5c2731e50?s=96&d=mm&r=g","contentUrl":"https:\/\/secure.gravatar.com\/avatar\/f0f1e2efdfd88f1ad2cb08c5c2731e50?s=96&d=mm&r=g","caption":"Gabriel Martins"},"sameAs":["https:\/\/www.em.com.br\/emfoco\/"],"url":"https:\/\/www.em.com.br\/emfoco\/author\/gabrielmartinsmyth\/"}]}},"_links":{"self":[{"href":"https:\/\/www.em.com.br\/emfoco\/wp-json\/wp\/v2\/posts\/161253","targetHints":{"allow":["GET"]}}],"collection":[{"href":"https:\/\/www.em.com.br\/emfoco\/wp-json\/wp\/v2\/posts"}],"about":[{"href":"https:\/\/www.em.com.br\/emfoco\/wp-json\/wp\/v2\/types\/post"}],"author":[{"embeddable":true,"href":"https:\/\/www.em.com.br\/emfoco\/wp-json\/wp\/v2\/users\/13"}],"replies":[{"embeddable":true,"href":"https:\/\/www.em.com.br\/emfoco\/wp-json\/wp\/v2\/comments?post=161253"}],"version-history":[{"count":1,"href":"https:\/\/www.em.com.br\/emfoco\/wp-json\/wp\/v2\/posts\/161253\/revisions"}],"predecessor-version":[{"id":161312,"href":"https:\/\/www.em.com.br\/emfoco\/wp-json\/wp\/v2\/posts\/161253\/revisions\/161312"}],"wp:featuredmedia":[{"embeddable":true,"href":"https:\/\/www.em.com.br\/emfoco\/wp-json\/wp\/v2\/media\/161307"}],"wp:attachment":[{"href":"https:\/\/www.em.com.br\/emfoco\/wp-json\/wp\/v2\/media?parent=161253"}],"wp:term":[{"taxonomy":"category","embeddable":true,"href":"https:\/\/www.em.com.br\/emfoco\/wp-json\/wp\/v2\/categories?post=161253"},{"taxonomy":"post_tag","embeddable":true,"href":"https:\/\/www.em.com.br\/emfoco\/wp-json\/wp\/v2\/tags?post=161253"}],"curies":[{"name":"wp","href":"https:\/\/api.w.org\/{rel}","templated":true}]}}