{"id":161173,"date":"2026-01-29T06:05:00","date_gmt":"2026-01-29T09:05:00","guid":{"rendered":"https:\/\/www.em.com.br\/emfoco\/?p=161173"},"modified":"2026-01-28T22:20:32","modified_gmt":"2026-01-29T01:20:32","slug":"ciclone-deve-atingir-o-sudeste-nos-proximos-dias-alerta-inmet-previsao-indica-chuvas-intensas-e-acumulados-elevados","status":"publish","type":"post","link":"https:\/\/www.em.com.br\/emfoco\/2026\/01\/29\/ciclone-deve-atingir-o-sudeste-nos-proximos-dias-alerta-inmet-previsao-indica-chuvas-intensas-e-acumulados-elevados\/","title":{"rendered":"Ciclone deve atingir o Sudeste nos pr\u00f3ximos dias, alerta Inmet: previs\u00e3o indica chuvas intensas e acumulados elevados"},"content":{"rendered":"\n<p>Um novo\u00a0<strong>ciclone na regi\u00e3o Sudeste<\/strong>\u00a0deve se formar a partir de sexta-feira e chama a aten\u00e7\u00e3o por concentrar grande volume de chuva em poucos dias. A expectativa \u00e9 de precipita\u00e7\u00f5es intensas em <strong>S\u00e3o Paulo<\/strong>,<strong> Rio de Janeiro<\/strong> e sul de <strong>Minas Gerais<\/strong>, com impactos diretos na rotina das cidades, no tr\u00e2nsito, no risco de alagamentos e na oferta de servi\u00e7os essenciais.<\/p>\n\n\n\n<h2 class=\"wp-block-heading\">Como o ciclone extratropical se forma e por que preocupa o Sudeste<\/h2>\n\n\n\n<p>De acordo com especialistas em meteorologia, esse tipo de <a href=\"https:\/\/www.youtube.com\/watch?v=NUvZxhjO4FM\" target=\"_blank\" rel=\"noreferrer noopener\">ciclone extratropical <\/a>se forma geralmente no litoral, associado a frentes frias, intensificando \u00e1reas de instabilidade. O ar quente e \u00famido do interior encontra o ar mais frio vindo do sul, gerando nuvens carregadas e epis\u00f3dios de chuva forte em curto espa\u00e7o de tempo.<\/p>\n\n\n\n<p>A orienta\u00e7\u00e3o \u00e9 que a popula\u00e7\u00e3o acompanhe diariamente os avisos oficiais, j\u00e1 que a posi\u00e7\u00e3o e a intensidade do sistema podem mudar rapidamente. Pequenas varia\u00e7\u00f5es na trajet\u00f3ria alteram quais cidades ter\u00e3o maiores acumulados de chuva, ventos intensos e risco de temporais localizados.<\/p>\n\n\n\n<figure class=\"wp-block-image size-large\"><img loading=\"lazy\" decoding=\"async\" width=\"1024\" height=\"576\" src=\"https:\/\/www.em.com.br\/emfoco\/wp-content\/uploads\/2026\/01\/Gemini_Generated_Image_wjmzfrwjmzfrwjmz-1-1024x576.png\" alt=\"Esse ciclone pode causar alagamentos e transtornos\" class=\"wp-image-161191\" srcset=\"https:\/\/www.em.com.br\/emfoco\/wp-content\/uploads\/2026\/01\/Gemini_Generated_Image_wjmzfrwjmzfrwjmz-1-1024x576.png 1024w, https:\/\/www.em.com.br\/emfoco\/wp-content\/uploads\/2026\/01\/Gemini_Generated_Image_wjmzfrwjmzfrwjmz-1-300x169.png 300w, https:\/\/www.em.com.br\/emfoco\/wp-content\/uploads\/2026\/01\/Gemini_Generated_Image_wjmzfrwjmzfrwjmz-1-768x432.png 768w, https:\/\/www.em.com.br\/emfoco\/wp-content\/uploads\/2026\/01\/Gemini_Generated_Image_wjmzfrwjmzfrwjmz-1-750x422.png 750w, https:\/\/www.em.com.br\/emfoco\/wp-content\/uploads\/2026\/01\/Gemini_Generated_Image_wjmzfrwjmzfrwjmz-1-1140x641.png 1140w, https:\/\/www.em.com.br\/emfoco\/wp-content\/uploads\/2026\/01\/Gemini_Generated_Image_wjmzfrwjmzfrwjmz-1.png 1280w\" sizes=\"auto, (max-width: 1024px) 100vw, 1024px\" \/><figcaption class=\"wp-element-caption\">Esse ciclone pode causar alagamentos e transtornos<\/figcaption><\/figure>\n\n\n\n<h2 class=\"wp-block-heading\">Quais impactos o ciclone pode trazer para o dia a dia nas cidades<\/h2>\n\n\n\n<p>A previs\u00e3o indica atua\u00e7\u00e3o do\u00a0<strong>ciclone no Sudeste<\/strong>\u00a0no litoral paulista e fluminense, favorecendo acumulados acima de 100 mil\u00edmetros em \u00e1reas de relevo elevado, como a <strong>Serra da Mantiqueira<\/strong>. No litoral de S\u00e3o Paulo, os volumes podem ultrapassar 60 mil\u00edmetros, suficientes para causar alagamentos em pontos com drenagem deficiente.<\/p>\n\n\n\n<p>Na cidade de S\u00e3o Paulo e em munic\u00edpios pr\u00f3ximos de Minas Gerais, sobretudo no <strong>Tri\u00e2ngulo Mineiro<\/strong>, h\u00e1 indica\u00e7\u00e3o de tempestades com rajadas de vento e possibilidade de granizo. Esses eventos s\u00e3o r\u00e1pidos e localizados, mas podem provocar queda de \u00e1rvores, falta de energia, danos em telhados e transtornos no tr\u00e1fego de rodovias e grandes avenidas.<\/p>\n\n\n\n<!-- TABELA \u2013 PREVIS\u00c3O DE TEMPERATURAS E ALERTAS (OTIMIZADA PARA GOOGLE DISCOVER) -->\n<section style=\"max-width:1100px;margin:auto;font-family:Inter,Segoe UI,Arial,sans-serif;\">\n\n  <!-- CABE\u00c7ALHO -->\n  <header style=\"background:#ff6b4a;border-radius:20px 20px 0 0;padding:24px;\">\n    <h2 style=\"margin:0;font-size:26px;font-weight:800;color:#5a1f14;\">\n      Previs\u00e3o de temperaturas e alertas clim\u00e1ticos\n    <\/h2>\n    <p style=\"margin-top:8px;font-size:15px;color:#fff1ed;max-width:900px;\">\n      Per\u00edodo de 29 a 31 de janeiro de 2026 \u2022 Monitoramento de calor, chuvas e riscos associados\n    <\/p>\n  <\/header>\n\n  <!-- CONTE\u00daDO -->\n  <div style=\"background:#fff4ef;border-radius:0 0 20px 20px;padding:20px;overflow-x:auto;\">\n    <table style=\"width:100%;border-collapse:separate;border-spacing:0 10px;\">\n\n      <thead>\n        <tr>\n          <th style=\"padding:14px 16px;text-align:left;font-size:15px;font-weight:700;color:#8a3a2a;\">\n            Cidade \/ Estado\n          <\/th>\n          <th style=\"padding:14px 16px;text-align:left;font-size:15px;font-weight:700;color:#8a3a2a;\">\n            Quinta (29\/01)\n          <\/th>\n          <th style=\"padding:14px 16px;text-align:left;font-size:15px;font-weight:700;color:#8a3a2a;\">\n            Sexta (30\/01)\n          <\/th>\n          <th style=\"padding:14px 16px;text-align:left;font-size:15px;font-weight:700;color:#8a3a2a;\">\n            S\u00e1bado (31\/01)\n          <\/th>\n          <th style=\"padding:14px 16px;text-align:left;font-size:15px;font-weight:700;color:#8a3a2a;\">\n            N\u00edvel de alerta\n          <\/th>\n        <\/tr>\n      <\/thead>\n\n      <tbody>\n\n        <tr style=\"background:#ffffff;border-radius:14px;\">\n          <td style=\"padding:16px;font-weight:700;color:#b14a36;\">Rio de Janeiro (RJ)<\/td>\n          <td style=\"padding:16px;color:#d65b43;\">24\u00b0C \u2013 31\u00b0C<\/td>\n          <td style=\"padding:16px;color:#d65b43;\">22\u00b0C \u2013 27\u00b0C<\/td>\n          <td style=\"padding:16px;color:#d65b43;\">21\u00b0C \u2013 26\u00b0C<\/td>\n          <td style=\"padding:16px;font-weight:700;color:#ff3b1f;\">Vermelho \ud83d\udd34<\/td>\n        <\/tr>\n\n        <tr style=\"background:#ffffff;border-radius:14px;\">\n          <td style=\"padding:16px;font-weight:700;color:#b14a36;\">Belo Horizonte (MG)<\/td>\n          <td style=\"padding:16px;color:#d65b43;\">20\u00b0C \u2013 28\u00b0C<\/td>\n          <td style=\"padding:16px;color:#d65b43;\">19\u00b0C \u2013 25\u00b0C<\/td>\n          <td style=\"padding:16px;color:#d65b43;\">18\u00b0C \u2013 24\u00b0C<\/td>\n          <td style=\"padding:16px;font-weight:700;color:#ff3b1f;\">Vermelho \ud83d\udd34<\/td>\n        <\/tr>\n\n        <tr style=\"background:#ffffff;border-radius:14px;\">\n          <td style=\"padding:16px;font-weight:700;color:#b14a36;\">Vit\u00f3ria (ES)<\/td>\n          <td style=\"padding:16px;color:#d65b43;\">24\u00b0C \u2013 30\u00b0C<\/td>\n          <td style=\"padding:16px;color:#d65b43;\">23\u00b0C \u2013 28\u00b0C<\/td>\n          <td style=\"padding:16px;color:#d65b43;\">22\u00b0C \u2013 27\u00b0C<\/td>\n          <td style=\"padding:16px;font-weight:700;color:#ff3b1f;\">Vermelho \ud83d\udd34<\/td>\n        <\/tr>\n\n        <tr style=\"background:#ffffff;border-radius:14px;\">\n          <td style=\"padding:16px;font-weight:700;color:#b14a36;\">S\u00e3o Paulo (SP)<\/td>\n          <td style=\"padding:16px;color:#d65b43;\">19\u00b0C \u2013 26\u00b0C<\/td>\n          <td style=\"padding:16px;color:#d65b43;\">18\u00b0C \u2013 24\u00b0C<\/td>\n          <td style=\"padding:16px;color:#d65b43;\">17\u00b0C \u2013 23\u00b0C<\/td>\n          <td style=\"padding:16px;font-weight:700;color:#ff9a3c;\">Laranja \ud83d\udfe0<\/td>\n        <\/tr>\n\n        <tr style=\"background:#ffffff;border-radius:14px;\">\n          <td style=\"padding:16px;font-weight:700;color:#b14a36;\">Petr\u00f3polis (RJ)<\/td>\n          <td style=\"padding:16px;color:#d65b43;\">17\u00b0C \u2013 25\u00b0C<\/td>\n          <td style=\"padding:16px;color:#d65b43;\">16\u00b0C \u2013 22\u00b0C<\/td>\n          <td style=\"padding:16px;color:#d65b43;\">15\u00b0C \u2013 20\u00b0C<\/td>\n          <td style=\"padding:16px;font-weight:700;color:#ff3b1f;\">Vermelho \ud83d\udd34<\/td>\n        <\/tr>\n\n        <tr style=\"background:#ffffff;border-radius:14px;\">\n          <td style=\"padding:16px;font-weight:700;color:#b14a36;\">Gov. Valadares (MG)<\/td>\n          <td style=\"padding:16px;color:#d65b43;\">23\u00b0C \u2013 32\u00b0C<\/td>\n          <td style=\"padding:16px;color:#d65b43;\">21\u00b0C \u2013 26\u00b0C<\/td>\n          <td style=\"padding:16px;color:#d65b43;\">20\u00b0C \u2013 25\u00b0C<\/td>\n          <td style=\"padding:16px;font-weight:700;color:#ff3b1f;\">Vermelho \ud83d\udd34<\/td>\n        <\/tr>\n\n      <\/tbody>\n    <\/table>\n\n    <!-- NOTA DE CONTEXTO -->\n    <p style=\"margin-top:14px;font-size:14px;color:#9c4b3b;max-width:900px;\">\n      \u26a0\ufe0f Alerta vermelho indica risco elevado associado a calor intenso, chuvas volumosas ou instabilidades clim\u00e1ticas. Recomenda-se aten\u00e7\u00e3o a comunicados da Defesa Civil e \u00f3rg\u00e3os meteorol\u00f3gicos locais.\n    <\/p>\n  <\/div>\n\n<\/section>\n\n\n\n\n<h2 class=\"wp-block-heading\">Como ciclone, frente fria e canal de umidade atuam juntos<\/h2>\n\n\n\n<p>O sistema previsto para o Sudeste n\u00e3o atua de forma isolada, mas em combina\u00e7\u00e3o com uma frente fria e um canal de umidade entre o <strong>Esp\u00edrito Santo <\/strong>e <strong>Mato Grosso<\/strong>. A frente fria funciona como um corredor de chuva do Sul ao Sudeste, enquanto o ciclone intensifica ventos e converg\u00eancia de umidade sobre o oceano e o continente.<\/p>\n\n\n\n<p>No Sul, a frente fria deve provocar chuva forte e tempestades isoladas no <strong>Paran\u00e1 <\/strong>e em <strong>Santa Catarina<\/strong>, com acumulados pr\u00f3ximos de 100 mil\u00edmetros em 24 horas em algumas \u00e1reas. Nessas regi\u00f5es, raios, rajadas de vento, granizo e risco de deslizamentos em encostas \u00edngremes e cheias r\u00e1pidas em rios menores tamb\u00e9m entram no radar.<\/p>\n\n\n\n<ul class=\"wp-block-list\">\n<li><strong>Ciclone extratropical<\/strong>\u00a0\u2013 sistema de baixa press\u00e3o em latitudes m\u00e9dias, associado a ventos fortes e frentes frias.<\/li>\n\n\n\n<li><strong>Frente fria<\/strong>\u00a0\u2013 transi\u00e7\u00e3o entre ar frio e quente, favorecendo nuvens densas e chuva persistente.<\/li>\n\n\n\n<li><strong>Canal de umidade<\/strong>\u00a0\u2013 corredor de ar \u00famido que mant\u00e9m a atmosfera inst\u00e1vel e gera pancadas recorrentes.<\/li>\n<\/ul>\n\n\n\n<figure class=\"wp-block-image size-large\"><img loading=\"lazy\" decoding=\"async\" width=\"1024\" height=\"576\" src=\"https:\/\/www.em.com.br\/emfoco\/wp-content\/uploads\/2026\/01\/Gemini_Generated_Image_xxnhqtxxnhqtxxnh-1-1024x576.png\" alt=\"Esse ciclone pode causar alagamentos e transtornos\" class=\"wp-image-161190\" srcset=\"https:\/\/www.em.com.br\/emfoco\/wp-content\/uploads\/2026\/01\/Gemini_Generated_Image_xxnhqtxxnhqtxxnh-1-1024x576.png 1024w, https:\/\/www.em.com.br\/emfoco\/wp-content\/uploads\/2026\/01\/Gemini_Generated_Image_xxnhqtxxnhqtxxnh-1-300x169.png 300w, https:\/\/www.em.com.br\/emfoco\/wp-content\/uploads\/2026\/01\/Gemini_Generated_Image_xxnhqtxxnhqtxxnh-1-768x432.png 768w, https:\/\/www.em.com.br\/emfoco\/wp-content\/uploads\/2026\/01\/Gemini_Generated_Image_xxnhqtxxnhqtxxnh-1-750x422.png 750w, https:\/\/www.em.com.br\/emfoco\/wp-content\/uploads\/2026\/01\/Gemini_Generated_Image_xxnhqtxxnhqtxxnh-1-1140x641.png 1140w, https:\/\/www.em.com.br\/emfoco\/wp-content\/uploads\/2026\/01\/Gemini_Generated_Image_xxnhqtxxnhqtxxnh-1.png 1280w\" sizes=\"auto, (max-width: 1024px) 100vw, 1024px\" \/><figcaption class=\"wp-element-caption\">Esse ciclone pode causar alagamentos e transtornos<\/figcaption><\/figure>\n\n\n\n<h2 class=\"wp-block-heading\">Quais cuidados a popula\u00e7\u00e3o deve adotar durante o ciclone<\/h2>\n\n\n\n<p>Com previs\u00e3o de&nbsp;<strong>chuva intensa no Sudeste<\/strong>, \u00f3rg\u00e3os de defesa civil refor\u00e7am cuidados b\u00e1sicos para reduzir riscos em enchentes, deslizamentos e tempestades severas. O monitoramento por aplicativos oficiais, r\u00e1dio ou TV ajuda a antecipar a\u00e7\u00f5es, como retirar ve\u00edculos de \u00e1reas baixas, proteger objetos e se preparar para poss\u00edveis interrup\u00e7\u00f5es de energia.<\/p>\n\n\n\n<ol class=\"wp-block-list\">\n<li>Evitar atravessar \u00e1reas alagadas, a p\u00e9 ou de carro.<\/li>\n\n\n\n<li>Desligar aparelhos el\u00e9tricos em caso de inunda\u00e7\u00e3o iminente dentro de casa.<\/li>\n\n\n\n<li>Afastar-se de estruturas fr\u00e1geis durante temporais com vento forte.<\/li>\n\n\n\n<li>Guardar objetos soltos em sacadas e quintais que possam ser arremessados.<\/li>\n\n\n\n<li>Acompanhar comunicados da defesa civil municipal e estadual.<\/li>\n<\/ol>\n\n\n\n<p>No caso de granizo, a recomenda\u00e7\u00e3o \u00e9 buscar abrigo em locais cobertos, evitando permanecer em \u00e1reas abertas ou sob \u00e1rvores isoladas, onde h\u00e1 maior risco de descargas el\u00e9tricas. <a href=\"https:\/\/www.em.com.br\/emfoco\/2026\/01\/27\/descumprimento-dessa-norma-de-transito-gera-multa-para-motoristas-e-ate-16-horas-de-servico-comunitario\/\" target=\"_blank\" rel=\"noreferrer noopener\">Motoristas <\/a>devem sempre que poss\u00edvel estacionar em garagens ou sob estruturas firmes ao surgir aviso de tempestade severa.<\/p>\n\n\n\n<h2 class=\"wp-block-heading\">Quais s\u00e3o as perspectivas e por que agir agora faz diferen\u00e7a<\/h2>\n\n\n\n<p>Modelos meteorol\u00f3gicos indicam que o&nbsp;<strong>ciclone no Sudeste do Brasil<\/strong>&nbsp;deve manter sua influ\u00eancia at\u00e9 o in\u00edcio da pr\u00f3xima semana, sustentando o canal de umidade entre o Esp\u00edrito Santo e Mato Grosso. Mesmo com varia\u00e7\u00f5es na intensidade e per\u00edodos de chuva mais fraca e intermitente, o risco de novos epis\u00f3dios fortes permanece elevado.<\/p>\n\n\n\n<p>Diante de um cen\u00e1rio de instabilidade prolongada, a atualiza\u00e7\u00e3o constante das previs\u00f5es e o acompanhamento de dados oficiais s\u00e3o decisivos para salvar vidas e reduzir preju\u00edzos. Organize-se hoje, revise planos de emerg\u00eancia com sua fam\u00edlia, identifique rotas seguras e ative alertas da defesa civil no celular: cada hora de preparo agora pode fazer toda a diferen\u00e7a quando a chuva mais intensa chegar.<\/p>\n","protected":false},"excerpt":{"rendered":"<p>Um novo\u00a0ciclone na regi\u00e3o Sudeste\u00a0deve se formar a partir de sexta-feira e chama a aten\u00e7\u00e3o por concentrar grande volume de chuva em poucos dias. A expectativa \u00e9 de precipita\u00e7\u00f5es intensas em S\u00e3o Paulo, Rio de Janeiro e sul de Minas Gerais, com impactos diretos na rotina das cidades, no tr\u00e2nsito, no risco de alagamentos e [&hellip;]<\/p>\n","protected":false},"author":11,"featured_media":161283,"comment_status":"open","ping_status":"open","sticky":false,"template":"","format":"standard","meta":{"jnews-multi-image_gallery":[],"jnews_single_post":{"format":"standard"},"jnews_primary_category":[],"jnews_social_meta":[],"jnews_override_counter":[],"footnotes":""},"categories":[30,1],"tags":[156,205,17251,1192],"class_list":["post-161173","post","type-post","status-publish","format-standard","has-post-thumbnail","hentry","category-clima","category-noticias","tag-chuva","tag-chuva-intensa","tag-ciclone-extratropical","tag-sudeste"],"yoast_head":"<!-- This site is optimized with the Yoast SEO plugin v23.8 - https:\/\/yoast.com\/wordpress\/plugins\/seo\/ -->\n<title>Ciclone deve atingir o Sudeste nos pr\u00f3ximos dias, alerta Inmet: previs\u00e3o indica chuvas intensas e acumulados elevados - Estado de Minas - Em foco<\/title>\n<meta name=\"description\" content=\"Um ciclone no Sudeste deve provocar chuva intensa em S\u00e3o Paulo, Rio e Minas. Veja os riscos, cidades afetadas e cuidados.\" \/>\n<meta name=\"robots\" content=\"index, follow, max-snippet:-1, max-image-preview:large, max-video-preview:-1\" \/>\n<link rel=\"canonical\" href=\"https:\/\/www.em.com.br\/emfoco\/2026\/01\/29\/ciclone-deve-atingir-o-sudeste-nos-proximos-dias-alerta-inmet-previsao-indica-chuvas-intensas-e-acumulados-elevados\/\" \/>\n<meta property=\"og:locale\" content=\"pt_BR\" \/>\n<meta property=\"og:type\" content=\"article\" \/>\n<meta property=\"og:title\" content=\"Ciclone deve atingir o Sudeste nos pr\u00f3ximos dias, alerta Inmet: previs\u00e3o indica chuvas intensas e acumulados elevados - Estado de Minas - Em foco\" \/>\n<meta property=\"og:description\" content=\"Um ciclone no Sudeste deve provocar chuva intensa em S\u00e3o Paulo, Rio e Minas. Veja os riscos, cidades afetadas e cuidados.\" \/>\n<meta property=\"og:url\" content=\"https:\/\/www.em.com.br\/emfoco\/2026\/01\/29\/ciclone-deve-atingir-o-sudeste-nos-proximos-dias-alerta-inmet-previsao-indica-chuvas-intensas-e-acumulados-elevados\/\" \/>\n<meta property=\"og:site_name\" content=\"Estado de Minas - Em foco\" \/>\n<meta property=\"article:published_time\" content=\"2026-01-29T09:05:00+00:00\" \/>\n<meta property=\"article:modified_time\" content=\"2026-01-29T01:20:32+00:00\" \/>\n<meta property=\"og:image\" content=\"https:\/\/www.em.com.br\/emfoco\/wp-content\/uploads\/2026\/01\/ChatGPT-Image-28-de-jan.-de-2026-14_17_16-1.png\" \/>\n\t<meta property=\"og:image:width\" content=\"1280\" \/>\n\t<meta property=\"og:image:height\" content=\"720\" \/>\n\t<meta property=\"og:image:type\" content=\"image\/png\" \/>\n<meta name=\"author\" content=\"Andre\u0301 Rangel\u00a0\" \/>\n<meta name=\"twitter:card\" content=\"summary_large_image\" \/>\n<meta name=\"twitter:label1\" content=\"Escrito por\" \/>\n\t<meta name=\"twitter:data1\" content=\"Andre\u0301 Rangel\u00a0\" \/>\n\t<meta name=\"twitter:label2\" content=\"Est. tempo de leitura\" \/>\n\t<meta name=\"twitter:data2\" content=\"6 minutos\" \/>\n<!-- \/ Yoast SEO plugin. -->","yoast_head_json":{"title":"Ciclone deve atingir o Sudeste nos pr\u00f3ximos dias, alerta Inmet: previs\u00e3o indica chuvas intensas e acumulados elevados - Estado de Minas - Em foco","description":"Um ciclone no Sudeste deve provocar chuva intensa em S\u00e3o Paulo, Rio e Minas. Veja os riscos, cidades afetadas e cuidados.","robots":{"index":"index","follow":"follow","max-snippet":"max-snippet:-1","max-image-preview":"max-image-preview:large","max-video-preview":"max-video-preview:-1"},"canonical":"https:\/\/www.em.com.br\/emfoco\/2026\/01\/29\/ciclone-deve-atingir-o-sudeste-nos-proximos-dias-alerta-inmet-previsao-indica-chuvas-intensas-e-acumulados-elevados\/","og_locale":"pt_BR","og_type":"article","og_title":"Ciclone deve atingir o Sudeste nos pr\u00f3ximos dias, alerta Inmet: previs\u00e3o indica chuvas intensas e acumulados elevados - Estado de Minas - Em foco","og_description":"Um ciclone no Sudeste deve provocar chuva intensa em S\u00e3o Paulo, Rio e Minas. Veja os riscos, cidades afetadas e cuidados.","og_url":"https:\/\/www.em.com.br\/emfoco\/2026\/01\/29\/ciclone-deve-atingir-o-sudeste-nos-proximos-dias-alerta-inmet-previsao-indica-chuvas-intensas-e-acumulados-elevados\/","og_site_name":"Estado de Minas - Em foco","article_published_time":"2026-01-29T09:05:00+00:00","article_modified_time":"2026-01-29T01:20:32+00:00","og_image":[{"width":1280,"height":720,"url":"https:\/\/www.em.com.br\/emfoco\/wp-content\/uploads\/2026\/01\/ChatGPT-Image-28-de-jan.-de-2026-14_17_16-1.png","type":"image\/png"}],"author":"Andre\u0301 Rangel\u00a0","twitter_card":"summary_large_image","twitter_misc":{"Escrito por":"Andre\u0301 Rangel\u00a0","Est. tempo de leitura":"6 minutos"},"schema":{"@context":"https:\/\/schema.org","@graph":[{"@type":"WebPage","@id":"https:\/\/www.em.com.br\/emfoco\/2026\/01\/29\/ciclone-deve-atingir-o-sudeste-nos-proximos-dias-alerta-inmet-previsao-indica-chuvas-intensas-e-acumulados-elevados\/","url":"https:\/\/www.em.com.br\/emfoco\/2026\/01\/29\/ciclone-deve-atingir-o-sudeste-nos-proximos-dias-alerta-inmet-previsao-indica-chuvas-intensas-e-acumulados-elevados\/","name":"Ciclone deve atingir o Sudeste nos pr\u00f3ximos dias, alerta Inmet: previs\u00e3o indica chuvas intensas e acumulados elevados - Estado de Minas - Em foco","isPartOf":{"@id":"https:\/\/www.em.com.br\/emfoco\/#website"},"primaryImageOfPage":{"@id":"https:\/\/www.em.com.br\/emfoco\/2026\/01\/29\/ciclone-deve-atingir-o-sudeste-nos-proximos-dias-alerta-inmet-previsao-indica-chuvas-intensas-e-acumulados-elevados\/#primaryimage"},"image":{"@id":"https:\/\/www.em.com.br\/emfoco\/2026\/01\/29\/ciclone-deve-atingir-o-sudeste-nos-proximos-dias-alerta-inmet-previsao-indica-chuvas-intensas-e-acumulados-elevados\/#primaryimage"},"thumbnailUrl":"https:\/\/www.em.com.br\/emfoco\/wp-content\/uploads\/2026\/01\/ChatGPT-Image-28-de-jan.-de-2026-14_17_16-1.png","datePublished":"2026-01-29T09:05:00+00:00","dateModified":"2026-01-29T01:20:32+00:00","author":{"@id":"https:\/\/www.em.com.br\/emfoco\/#\/schema\/person\/60eda09c1fedf0d6891f4cef4b60b8b8"},"description":"Um ciclone no Sudeste deve provocar chuva intensa em S\u00e3o Paulo, Rio e Minas. Veja os riscos, cidades afetadas e cuidados.","breadcrumb":{"@id":"https:\/\/www.em.com.br\/emfoco\/2026\/01\/29\/ciclone-deve-atingir-o-sudeste-nos-proximos-dias-alerta-inmet-previsao-indica-chuvas-intensas-e-acumulados-elevados\/#breadcrumb"},"inLanguage":"pt-BR","potentialAction":[{"@type":"ReadAction","target":["https:\/\/www.em.com.br\/emfoco\/2026\/01\/29\/ciclone-deve-atingir-o-sudeste-nos-proximos-dias-alerta-inmet-previsao-indica-chuvas-intensas-e-acumulados-elevados\/"]}]},{"@type":"ImageObject","inLanguage":"pt-BR","@id":"https:\/\/www.em.com.br\/emfoco\/2026\/01\/29\/ciclone-deve-atingir-o-sudeste-nos-proximos-dias-alerta-inmet-previsao-indica-chuvas-intensas-e-acumulados-elevados\/#primaryimage","url":"https:\/\/www.em.com.br\/emfoco\/wp-content\/uploads\/2026\/01\/ChatGPT-Image-28-de-jan.-de-2026-14_17_16-1.png","contentUrl":"https:\/\/www.em.com.br\/emfoco\/wp-content\/uploads\/2026\/01\/ChatGPT-Image-28-de-jan.-de-2026-14_17_16-1.png","width":1280,"height":720,"caption":"O ciclone que muda a previs\u00e3o do tempo em dias"},{"@type":"BreadcrumbList","@id":"https:\/\/www.em.com.br\/emfoco\/2026\/01\/29\/ciclone-deve-atingir-o-sudeste-nos-proximos-dias-alerta-inmet-previsao-indica-chuvas-intensas-e-acumulados-elevados\/#breadcrumb","itemListElement":[{"@type":"ListItem","position":1,"name":"In\u00edcio","item":"https:\/\/www.em.com.br\/emfoco\/"},{"@type":"ListItem","position":2,"name":"Ciclone deve atingir o Sudeste nos pr\u00f3ximos dias, alerta Inmet: previs\u00e3o indica chuvas intensas e acumulados elevados"}]},{"@type":"WebSite","@id":"https:\/\/www.em.com.br\/emfoco\/#website","url":"https:\/\/www.em.com.br\/emfoco\/","name":"Estado de Minas - Em foco","description":"Acompanhe as \u00faltimas not\u00edcias e fique bem informado sobre tudo o que acontece em Minas Gerais, Brasil e no mundo.","potentialAction":[{"@type":"SearchAction","target":{"@type":"EntryPoint","urlTemplate":"https:\/\/www.em.com.br\/emfoco\/?s={search_term_string}"},"query-input":{"@type":"PropertyValueSpecification","valueRequired":true,"valueName":"search_term_string"}}],"inLanguage":"pt-BR"},{"@type":"Person","@id":"https:\/\/www.em.com.br\/emfoco\/#\/schema\/person\/60eda09c1fedf0d6891f4cef4b60b8b8","name":"Andre\u0301 Rangel\u00a0","image":{"@type":"ImageObject","inLanguage":"pt-BR","@id":"https:\/\/www.em.com.br\/emfoco\/#\/schema\/person\/image\/","url":"https:\/\/secure.gravatar.com\/avatar\/6234dc814c77c8ef6d8bba622c787efc?s=96&d=mm&r=g","contentUrl":"https:\/\/secure.gravatar.com\/avatar\/6234dc814c77c8ef6d8bba622c787efc?s=96&d=mm&r=g","caption":"Andre\u0301 Rangel\u00a0"},"url":"https:\/\/www.em.com.br\/emfoco\/author\/luizmyth\/"}]}},"_links":{"self":[{"href":"https:\/\/www.em.com.br\/emfoco\/wp-json\/wp\/v2\/posts\/161173","targetHints":{"allow":["GET"]}}],"collection":[{"href":"https:\/\/www.em.com.br\/emfoco\/wp-json\/wp\/v2\/posts"}],"about":[{"href":"https:\/\/www.em.com.br\/emfoco\/wp-json\/wp\/v2\/types\/post"}],"author":[{"embeddable":true,"href":"https:\/\/www.em.com.br\/emfoco\/wp-json\/wp\/v2\/users\/11"}],"replies":[{"embeddable":true,"href":"https:\/\/www.em.com.br\/emfoco\/wp-json\/wp\/v2\/comments?post=161173"}],"version-history":[{"count":3,"href":"https:\/\/www.em.com.br\/emfoco\/wp-json\/wp\/v2\/posts\/161173\/revisions"}],"predecessor-version":[{"id":161268,"href":"https:\/\/www.em.com.br\/emfoco\/wp-json\/wp\/v2\/posts\/161173\/revisions\/161268"}],"wp:featuredmedia":[{"embeddable":true,"href":"https:\/\/www.em.com.br\/emfoco\/wp-json\/wp\/v2\/media\/161283"}],"wp:attachment":[{"href":"https:\/\/www.em.com.br\/emfoco\/wp-json\/wp\/v2\/media?parent=161173"}],"wp:term":[{"taxonomy":"category","embeddable":true,"href":"https:\/\/www.em.com.br\/emfoco\/wp-json\/wp\/v2\/categories?post=161173"},{"taxonomy":"post_tag","embeddable":true,"href":"https:\/\/www.em.com.br\/emfoco\/wp-json\/wp\/v2\/tags?post=161173"}],"curies":[{"name":"wp","href":"https:\/\/api.w.org\/{rel}","templated":true}]}}