{"id":161169,"date":"2026-01-29T20:45:36","date_gmt":"2026-01-29T23:45:36","guid":{"rendered":"https:\/\/www.em.com.br\/emfoco\/?p=161169"},"modified":"2026-01-28T16:29:15","modified_gmt":"2026-01-28T19:29:15","slug":"os-itens-de-autocuidado-que-nao-podem-faltar-na-sua-necessaire","status":"publish","type":"post","link":"https:\/\/www.em.com.br\/emfoco\/2026\/01\/29\/os-itens-de-autocuidado-que-nao-podem-faltar-na-sua-necessaire\/","title":{"rendered":"Os itens de autocuidado que n\u00e3o podem faltar na sua n\u00e9cessaire"},"content":{"rendered":"\n<h2 class=\"wp-block-heading\">Um kit de autocuidado re\u00fane itens como \u00e1lcool em gel, mini pasta dental e curativos. Ele garante praticidade em imprevistos di\u00e1rios, devendo ser revisado semanalmente para manter a higiene e validade dos produtos.<\/h2>\n\n\n\n<p><b>Voc\u00ea j\u00e1 saiu de casa correndo<\/b>, passou o dia inteiro na rua e s\u00f3 percebeu no meio da tarde que precisava de um desodorante, um curativo ou um fio dental? \u00c9 justamente para esses momentos que um <b>kit b\u00e1sico de autocuidado na mochila<\/b> faz diferen\u00e7a: ele vira um pequeno aliado, sempre por perto, para deixar a rotina fora de casa mais leve, pr\u00e1tica e confort\u00e1vel.<\/p>\n\n\n\n<h2 class=\"wp-block-heading\">Como montar um kit b\u00e1sico de autocuidado para carregar na mochila<\/h2>\n\n\n\n<p>Para come\u00e7ar, escolha uma <b>n\u00e9cessaire resistente<\/b>, f\u00e1cil de limpar e com fechamento seguro, j\u00e1 que ela vai encarar mochila cheia, chuva, calor e poss\u00edveis quedas. Depois, selecione apenas o essencial, pensando em situa\u00e7\u00f5es reais do seu dia: <b>refei\u00e7\u00f5es r\u00e1pidas<\/b>, clima inst\u00e1vel, longos trajetos e compromissos de \u00faltima hora.<\/p>\n\n\n\n<figure class=\"wp-block-embed is-type-rich is-provider-pinterest wp-block-embed-pinterest\"><div class=\"wp-block-embed__wrapper\">\n<iframe loading=\"lazy\" title=\" \" src=\"https:\/\/assets.pinterest.com\/ext\/embed.html?id=26810560282019714&#038;src=oembed\" height=\"877\" width=\"450\" frameborder=\"0\" scrolling=\"no\" ><\/iframe>\n<\/div><\/figure>\n\n\n\n<p>Entre os itens mais comuns em um <b>kit b\u00e1sico de autocuidado para mochila<\/b>, podem estar:<\/p>\n\n\n\n<ul class=\"wp-block-list\">\n<li><b>\u00c1lcool em gel<\/b> ou solu\u00e7\u00e3o higienizante em frasco pequeno;<\/li>\n\n\n\n<li><b>Len\u00e7os de papel<\/b> e, se poss\u00edvel, len\u00e7os umedecidos;<\/li>\n\n\n\n<li>Escova de dentes dobr\u00e1vel ou compacta e <b>pasta dental em miniatura<\/b>;<\/li>\n\n\n\n<li><b>Fio dental<\/b> ou hastes interdentais;<\/li>\n\n\n\n<li>Desodorante em tamanho reduzido ou vers\u00e3o <b>roll-on<\/b>;<\/li>\n\n\n\n<li>Protetor labial e <b>creme hidratante<\/b> para as m\u00e3os;<\/li>\n\n\n\n<li><b>El\u00e1sticos e grampos<\/b> de cabelo, quando necess\u00e1rio;<\/li>\n\n\n\n<li>Absorventes ou coletores \u00edntimos, de acordo com a <b>rotina de cada pessoa<\/b>;<\/li>\n\n\n\n<li>Pequeno <b>espelho<\/b>, preferencialmente fechado ou dobr\u00e1vel.<\/li>\n<\/ul>\n\n\n\n<p>Leia tamb\u00e9m:&nbsp;<a href=\"https:\/\/www.em.com.br\/emfoco\/2026\/01\/28\/cuidados-necessario-com-a-pele-no-calor-como-evitar-brotoejas-e-irritacoes-nos-dias-quentes\/\" target=\"_blank\" rel=\"noopener\">Cuidados necess\u00e1rio com a pele no calor: como evitar brotoejas e irrita\u00e7\u00f5es nos dias quentes<\/a><\/p>\n\n\n\n<h2 class=\"wp-block-heading\">Quais itens de sa\u00fade e bem-estar vale a pena incluir no kit de autocuidado<\/h2>\n\n\n\n<p>Al\u00e9m da higiene, o <b>kit de autocuidado para mochila<\/b> pode incluir pequenos itens de sa\u00fade que ajudam em imprevistos, como bolhas no p\u00e9, dor de cabe\u00e7a leve ou irrita\u00e7\u00e3o nos olhos. N\u00e3o \u00e9 um kit de pronto-socorro, mas sim um <b>apoio r\u00e1pido<\/b> para desconfortos do dia a dia.<\/p>\n\n\n\n<figure class=\"wp-block-embed is-type-rich is-provider-pinterest wp-block-embed-pinterest\"><div class=\"wp-block-embed__wrapper\">\n<iframe loading=\"lazy\" title=\"N\u00e9cessaire de emerg\u00eancia para escola\" src=\"https:\/\/assets.pinterest.com\/ext\/embed.html?id=5770305769135117&#038;src=oembed\" height=\"899\" width=\"450\" frameborder=\"0\" scrolling=\"no\" ><\/iframe>\n<\/div><\/figure>\n\n\n\n<p>Alguns exemplos frequentemente utilizados s\u00e3o:<\/p>\n\n\n\n<ul class=\"wp-block-list\">\n<li><b>Curativos adesivos<\/b> de diferentes tamanhos para bolhas ou pequenos cortes;<\/li>\n\n\n\n<li>Bandas el\u00e1sticas ou <b>micropore<\/b> para fixar curativos, quando necess\u00e1rio;<\/li>\n\n\n\n<li><b>Sach\u00eas de soro fisiol\u00f3gico<\/b> em dose \u00fanica para higieniza\u00e7\u00e3o pontual;<\/li>\n\n\n\n<li>Len\u00e7os antiss\u00e9pticos para <b>limpeza r\u00e1pida<\/b> de pequenas \u00e1reas da pele;<\/li>\n\n\n\n<li>Medicamentos de uso cont\u00ednuo, devidamente identificados e, quando indicado, com <b>orienta\u00e7\u00e3o m\u00e9dica<\/b> registrada;<\/li>\n\n\n\n<li><b>Analg\u00e9sicos<\/b> ou outros comprimidos de uso comum na rotina da pessoa, sempre respeitando prescri\u00e7\u00f5es e limites de seguran\u00e7a.<\/li>\n<\/ul>\n\n\n\n<figure class=\"wp-block-embed is-type-rich is-provider-pinterest wp-block-embed-pinterest\"><div class=\"wp-block-embed__wrapper\">\n<iframe loading=\"lazy\" title=\"\ud83d\udc5c ITENS QUE TODA MULHER PRECISA TER NA BOLSA! \u2728  A gente nunca sabe quando vai precisar, mas quando precisa\u2026 \u00e9 um salva-vidas! \ud83d\ude0d  Comente \u201cEU QUERO\u201d se quiser receber os links! \ud83d\udc97\ud83d\udd17  #itensessenciais #achadinhos #comprinhas #necessaire #bolsadefada #dicasfemininas #coisasdemulher #viciadaemcompras\" src=\"https:\/\/assets.pinterest.com\/ext\/embed.html?id=98727416830256954&#038;src=oembed\" height=\"899\" width=\"450\" frameborder=\"0\" scrolling=\"no\" ><\/iframe>\n<\/div><\/figure>\n\n\n\n<h2 class=\"wp-block-heading\">Como organizar e manter o kit b\u00e1sico de autocuidado sempre pronto<\/h2>\n\n\n\n<p>Depois de definir o que entra no seu kit, a <b>organiza\u00e7\u00e3o<\/b> \u00e9 o que faz tudo funcionar bem no dia a dia. Frascos com boa veda\u00e7\u00e3o evitam vazamentos na mochila, e pequenos saquinhos internos ajudam a separar categorias, como higiene, sa\u00fade e outros itens variados, deixando tudo <b>f\u00e1cil de encontrar<\/b>.<\/p>\n\n\n\n<p>Uma rotina simples ajuda a manter o kit em dia: reservar um momento na semana para <b>repor o que acabou<\/b>, conferir validade de medicamentos e cosm\u00e9ticos, limpar a n\u00e9cessaire por dentro e tirar o que voc\u00ea n\u00e3o usa mais. Assim, o kit continua leve, \u00fatil e sem <b>tralha acumulada<\/b>.<\/p>\n\n\n\n<h2 class=\"wp-block-heading\">Como adaptar o kit de autocuidado \u00e0s esta\u00e7\u00f5es e \u00e0 sua rotina<\/h2>\n\n\n\n<p>Seu kit n\u00e3o precisa ser sempre igual; ele pode mudar conforme a <b>\u00e9poca do ano<\/b> e o que voc\u00ea est\u00e1 vivendo. No ver\u00e3o, por exemplo, muita gente inclui <b>protetor solar em tamanho de bolso<\/b>, produtos mais leves para pele oleosa e el\u00e1stico extra para prender o cabelo em dias de calor intenso.<\/p>\n\n\n\n<p>No frio, \u00e9 comum acrescentar um <b>hidratante corporal pequeno<\/b>, um protetor labial mais nutritivo e at\u00e9 um par de <b>meias extras<\/b> na mochila. Quem passa o dia inteiro fora tamb\u00e9m costuma carregar uma garrafa de \u00e1gua reutiliz\u00e1vel e um lanche pr\u00e1tico, como castanhas ou barras de cereal, para evitar longos per\u00edodos de jejum.<\/p>\n\n\n\n<p>\u00a0Para voc\u00ea qeu gosta de se cuidar, separamos um v\u00eddeo do canal <a href=\"https:\/\/www.youtube.com\/@AestheticGirls\" target=\"_blank\" rel=\"noreferrer noopener\">Aesthetic Girls<\/a> com dicas de itens para sempre ter na bolsa:<\/p>\n\n\n\n<figure class=\"wp-block-embed is-type-video is-provider-youtube wp-block-embed-youtube wp-embed-aspect-16-9 wp-has-aspect-ratio\"><div class=\"wp-block-embed__wrapper\">\n<div class=\"jeg_video_container jeg_video_content\"><iframe loading=\"lazy\" title=\"O QUE levar na BOLSA? | 30 ITENS que N\u00c3O PODEM FALTAR em sua BOLSA\" width=\"500\" height=\"281\" src=\"https:\/\/www.youtube.com\/embed\/W0o3KLLDk68?feature=oembed\" frameborder=\"0\" allow=\"accelerometer; autoplay; clipboard-write; encrypted-media; gyroscope; picture-in-picture; web-share\" referrerpolicy=\"strict-origin-when-cross-origin\" allowfullscreen><\/iframe><\/div>\n<\/div><\/figure>\n\n\n\n<h2 class=\"wp-block-heading\">Por que o kit de autocuidado na mochila facilita a rotina di\u00e1ria<\/h2>\n\n\n\n<p>Ter um <b>kit b\u00e1sico de autocuidado<\/b> sempre por perto traz a sensa\u00e7\u00e3o de estar preparado para os imprevistos mais comuns: reuni\u00f5es marcadas em cima da hora, mudan\u00e7a de clima, g\u00e1s do desodorante que acaba, sapato machucando o p\u00e9. Em vez de desespero, voc\u00ea ganha <b>autonomia<\/b> para resolver essas pequenas situa\u00e7\u00f5es na hora.<\/p>\n\n\n\n<p>Com o tempo, voc\u00ea vai perceber o que realmente usa e o que s\u00f3 ocupa espa\u00e7o, ajustando o conte\u00fado at\u00e9 que ele fique a sua cara. Assim, o <b>kit de autocuidado para carregar na mochila<\/b> deixa de ser s\u00f3 uma bolsinha de coisas e se torna um apoio real para atravessar o dia com mais <b>conforto, seguran\u00e7a<\/b> e tranquilidade, seja em estudo, trabalho ou lazer.<\/p>\n","protected":false},"excerpt":{"rendered":"<p>Um kit de autocuidado re\u00fane itens como \u00e1lcool em gel, mini pasta dental e curativos. Ele garante praticidade em imprevistos di\u00e1rios, devendo ser revisado semanalmente para manter a higiene e validade dos produtos. Voc\u00ea j\u00e1 saiu de casa correndo, passou o dia inteiro na rua e s\u00f3 percebeu no meio da tarde que precisava de [&hellip;]<\/p>\n","protected":false},"author":9,"featured_media":161483,"comment_status":"open","ping_status":"open","sticky":false,"template":"","format":"standard","meta":{"jnews-multi-image_gallery":[],"jnews_single_post":{"format":"standard"},"jnews_primary_category":[],"jnews_social_meta":[],"jnews_override_counter":[],"footnotes":""},"categories":[8691,8819,1],"tags":[13802,6362,4977],"class_list":["post-161169","post","type-post","status-publish","format-standard","has-post-thumbnail","hentry","category-bem-estar","category-curiosidades","category-noticias","tag-bolsa","tag-kit-basico","tag-moda"],"yoast_head":"<!-- This site is optimized with the Yoast SEO plugin v23.8 - https:\/\/yoast.com\/wordpress\/plugins\/seo\/ -->\n<title>Os itens de autocuidado que n\u00e3o podem faltar na sua n\u00e9cessaire - Estado de Minas - Em foco<\/title>\n<meta name=\"description\" content=\"Prepare seu kit de autocuidado para a mochila em 2026! Dicas de itens essenciais para higiene, sa\u00fade e bem-estar fora de casa.\" \/>\n<meta name=\"robots\" content=\"index, follow, max-snippet:-1, max-image-preview:large, max-video-preview:-1\" \/>\n<link rel=\"canonical\" href=\"https:\/\/www.em.com.br\/emfoco\/2026\/01\/29\/os-itens-de-autocuidado-que-nao-podem-faltar-na-sua-necessaire\/\" \/>\n<meta property=\"og:locale\" content=\"pt_BR\" \/>\n<meta property=\"og:type\" content=\"article\" \/>\n<meta property=\"og:title\" content=\"Os itens de autocuidado que n\u00e3o podem faltar na sua n\u00e9cessaire - Estado de Minas - Em foco\" \/>\n<meta property=\"og:description\" content=\"Prepare seu kit de autocuidado para a mochila em 2026! Dicas de itens essenciais para higiene, sa\u00fade e bem-estar fora de casa.\" \/>\n<meta property=\"og:url\" content=\"https:\/\/www.em.com.br\/emfoco\/2026\/01\/29\/os-itens-de-autocuidado-que-nao-podem-faltar-na-sua-necessaire\/\" \/>\n<meta property=\"og:site_name\" content=\"Estado de Minas - Em foco\" \/>\n<meta property=\"article:published_time\" content=\"2026-01-29T23:45:36+00:00\" \/>\n<meta property=\"article:modified_time\" content=\"2026-01-28T19:29:15+00:00\" \/>\n<meta property=\"og:image\" content=\"https:\/\/www.em.com.br\/emfoco\/wp-content\/uploads\/2026\/01\/Gemini_Generated_Image_7o6ewj7o6ewj7o6e-1.png\" \/>\n\t<meta property=\"og:image:width\" content=\"1280\" \/>\n\t<meta property=\"og:image:height\" content=\"720\" \/>\n\t<meta property=\"og:image:type\" content=\"image\/png\" \/>\n<meta name=\"author\" content=\"Daniely Cardoso\" \/>\n<meta name=\"twitter:card\" content=\"summary_large_image\" \/>\n<meta name=\"twitter:label1\" content=\"Escrito por\" \/>\n\t<meta name=\"twitter:data1\" content=\"Daniely Cardoso\" \/>\n\t<meta name=\"twitter:label2\" content=\"Est. tempo de leitura\" \/>\n\t<meta name=\"twitter:data2\" content=\"5 minutos\" \/>\n<!-- \/ Yoast SEO plugin. -->","yoast_head_json":{"title":"Os itens de autocuidado que n\u00e3o podem faltar na sua n\u00e9cessaire - Estado de Minas - Em foco","description":"Prepare seu kit de autocuidado para a mochila em 2026! Dicas de itens essenciais para higiene, sa\u00fade e bem-estar fora de casa.","robots":{"index":"index","follow":"follow","max-snippet":"max-snippet:-1","max-image-preview":"max-image-preview:large","max-video-preview":"max-video-preview:-1"},"canonical":"https:\/\/www.em.com.br\/emfoco\/2026\/01\/29\/os-itens-de-autocuidado-que-nao-podem-faltar-na-sua-necessaire\/","og_locale":"pt_BR","og_type":"article","og_title":"Os itens de autocuidado que n\u00e3o podem faltar na sua n\u00e9cessaire - Estado de Minas - Em foco","og_description":"Prepare seu kit de autocuidado para a mochila em 2026! Dicas de itens essenciais para higiene, sa\u00fade e bem-estar fora de casa.","og_url":"https:\/\/www.em.com.br\/emfoco\/2026\/01\/29\/os-itens-de-autocuidado-que-nao-podem-faltar-na-sua-necessaire\/","og_site_name":"Estado de Minas - Em foco","article_published_time":"2026-01-29T23:45:36+00:00","article_modified_time":"2026-01-28T19:29:15+00:00","og_image":[{"width":1280,"height":720,"url":"https:\/\/www.em.com.br\/emfoco\/wp-content\/uploads\/2026\/01\/Gemini_Generated_Image_7o6ewj7o6ewj7o6e-1.png","type":"image\/png"}],"author":"Daniely Cardoso","twitter_card":"summary_large_image","twitter_misc":{"Escrito por":"Daniely Cardoso","Est. tempo de leitura":"5 minutos"},"schema":{"@context":"https:\/\/schema.org","@graph":[{"@type":"WebPage","@id":"https:\/\/www.em.com.br\/emfoco\/2026\/01\/29\/os-itens-de-autocuidado-que-nao-podem-faltar-na-sua-necessaire\/","url":"https:\/\/www.em.com.br\/emfoco\/2026\/01\/29\/os-itens-de-autocuidado-que-nao-podem-faltar-na-sua-necessaire\/","name":"Os itens de autocuidado que n\u00e3o podem faltar na sua n\u00e9cessaire - Estado de Minas - Em foco","isPartOf":{"@id":"https:\/\/www.em.com.br\/emfoco\/#website"},"primaryImageOfPage":{"@id":"https:\/\/www.em.com.br\/emfoco\/2026\/01\/29\/os-itens-de-autocuidado-que-nao-podem-faltar-na-sua-necessaire\/#primaryimage"},"image":{"@id":"https:\/\/www.em.com.br\/emfoco\/2026\/01\/29\/os-itens-de-autocuidado-que-nao-podem-faltar-na-sua-necessaire\/#primaryimage"},"thumbnailUrl":"https:\/\/www.em.com.br\/emfoco\/wp-content\/uploads\/2026\/01\/Gemini_Generated_Image_7o6ewj7o6ewj7o6e-1.png","datePublished":"2026-01-29T23:45:36+00:00","dateModified":"2026-01-28T19:29:15+00:00","author":{"@id":"https:\/\/www.em.com.br\/emfoco\/#\/schema\/person\/0a8186d72f2c3a5c6276d90b41f271a0"},"description":"Prepare seu kit de autocuidado para a mochila em 2026! Dicas de itens essenciais para higiene, sa\u00fade e bem-estar fora de casa.","breadcrumb":{"@id":"https:\/\/www.em.com.br\/emfoco\/2026\/01\/29\/os-itens-de-autocuidado-que-nao-podem-faltar-na-sua-necessaire\/#breadcrumb"},"inLanguage":"pt-BR","potentialAction":[{"@type":"ReadAction","target":["https:\/\/www.em.com.br\/emfoco\/2026\/01\/29\/os-itens-de-autocuidado-que-nao-podem-faltar-na-sua-necessaire\/"]}]},{"@type":"ImageObject","inLanguage":"pt-BR","@id":"https:\/\/www.em.com.br\/emfoco\/2026\/01\/29\/os-itens-de-autocuidado-que-nao-podem-faltar-na-sua-necessaire\/#primaryimage","url":"https:\/\/www.em.com.br\/emfoco\/wp-content\/uploads\/2026\/01\/Gemini_Generated_Image_7o6ewj7o6ewj7o6e-1.png","contentUrl":"https:\/\/www.em.com.br\/emfoco\/wp-content\/uploads\/2026\/01\/Gemini_Generated_Image_7o6ewj7o6ewj7o6e-1.png","width":1280,"height":720,"caption":"Para come\u00e7ar, escolha uma n\u00e9cessaire resistente, f\u00e1cil de limpar e com fechamento seguro"},{"@type":"BreadcrumbList","@id":"https:\/\/www.em.com.br\/emfoco\/2026\/01\/29\/os-itens-de-autocuidado-que-nao-podem-faltar-na-sua-necessaire\/#breadcrumb","itemListElement":[{"@type":"ListItem","position":1,"name":"In\u00edcio","item":"https:\/\/www.em.com.br\/emfoco\/"},{"@type":"ListItem","position":2,"name":"Os itens de autocuidado que n\u00e3o podem faltar na sua n\u00e9cessaire"}]},{"@type":"WebSite","@id":"https:\/\/www.em.com.br\/emfoco\/#website","url":"https:\/\/www.em.com.br\/emfoco\/","name":"Estado de Minas - Em foco","description":"Acompanhe as \u00faltimas not\u00edcias e fique bem informado sobre tudo o que acontece em Minas Gerais, Brasil e no mundo.","potentialAction":[{"@type":"SearchAction","target":{"@type":"EntryPoint","urlTemplate":"https:\/\/www.em.com.br\/emfoco\/?s={search_term_string}"},"query-input":{"@type":"PropertyValueSpecification","valueRequired":true,"valueName":"search_term_string"}}],"inLanguage":"pt-BR"},{"@type":"Person","@id":"https:\/\/www.em.com.br\/emfoco\/#\/schema\/person\/0a8186d72f2c3a5c6276d90b41f271a0","name":"Daniely Cardoso","image":{"@type":"ImageObject","inLanguage":"pt-BR","@id":"https:\/\/www.em.com.br\/emfoco\/#\/schema\/person\/image\/","url":"https:\/\/secure.gravatar.com\/avatar\/4b80ddbd124d1f071b626d52d62e5dff?s=96&d=mm&r=g","contentUrl":"https:\/\/secure.gravatar.com\/avatar\/4b80ddbd124d1f071b626d52d62e5dff?s=96&d=mm&r=g","caption":"Daniely Cardoso"},"url":"https:\/\/www.em.com.br\/emfoco\/author\/danielymyth\/"}]}},"_links":{"self":[{"href":"https:\/\/www.em.com.br\/emfoco\/wp-json\/wp\/v2\/posts\/161169","targetHints":{"allow":["GET"]}}],"collection":[{"href":"https:\/\/www.em.com.br\/emfoco\/wp-json\/wp\/v2\/posts"}],"about":[{"href":"https:\/\/www.em.com.br\/emfoco\/wp-json\/wp\/v2\/types\/post"}],"author":[{"embeddable":true,"href":"https:\/\/www.em.com.br\/emfoco\/wp-json\/wp\/v2\/users\/9"}],"replies":[{"embeddable":true,"href":"https:\/\/www.em.com.br\/emfoco\/wp-json\/wp\/v2\/comments?post=161169"}],"version-history":[{"count":3,"href":"https:\/\/www.em.com.br\/emfoco\/wp-json\/wp\/v2\/posts\/161169\/revisions"}],"predecessor-version":[{"id":161487,"href":"https:\/\/www.em.com.br\/emfoco\/wp-json\/wp\/v2\/posts\/161169\/revisions\/161487"}],"wp:featuredmedia":[{"embeddable":true,"href":"https:\/\/www.em.com.br\/emfoco\/wp-json\/wp\/v2\/media\/161483"}],"wp:attachment":[{"href":"https:\/\/www.em.com.br\/emfoco\/wp-json\/wp\/v2\/media?parent=161169"}],"wp:term":[{"taxonomy":"category","embeddable":true,"href":"https:\/\/www.em.com.br\/emfoco\/wp-json\/wp\/v2\/categories?post=161169"},{"taxonomy":"post_tag","embeddable":true,"href":"https:\/\/www.em.com.br\/emfoco\/wp-json\/wp\/v2\/tags?post=161169"}],"curies":[{"name":"wp","href":"https:\/\/api.w.org\/{rel}","templated":true}]}}