{"id":161150,"date":"2026-01-29T13:25:25","date_gmt":"2026-01-29T16:25:25","guid":{"rendered":"https:\/\/www.em.com.br\/emfoco\/?p=161150"},"modified":"2026-01-28T15:54:22","modified_gmt":"2026-01-28T18:54:22","slug":"como-plantar-em-casa-a-erva-aromatica-mais-amada-da-cozinha-brasileira","status":"publish","type":"post","link":"https:\/\/www.em.com.br\/emfoco\/2026\/01\/29\/como-plantar-em-casa-a-erva-aromatica-mais-amada-da-cozinha-brasileira\/","title":{"rendered":"Como plantar em casa a erva arom\u00e1tica mais amada da cozinha brasileira"},"content":{"rendered":"\n<h2 class=\"wp-block-heading\">O manjeric\u00e3o exige sol, solo drenado e regas moderadas. Podar as pontas estimula brotos novos, mantendo o vaso cheio. Evite encharcar a terra e remova flores para preservar o aroma intenso das folhas.<\/h2>\n\n\n\n<p>Imagine abrir a janela da cozinha e, em vez de s\u00f3 ver pr\u00e9dios ou muros, ter um <strong>vasinho de manjeric\u00e3o<\/strong> cheio, verdinho e perfumado bem ao seu lado. Al\u00e9m de deixar o ambiente mais <strong>aconchegante<\/strong>, ele garante folhas frescas o ano todo para o seu molho de tomate, salada ou pizza. Com alguns cuidados simples de luz, rega, poda e <strong>escolha do vaso<\/strong>, o manjeric\u00e3o se adapta muito bem a ambientes internos e pode produzir folhas arom\u00e1ticas por v\u00e1rios meses.<\/p>\n\n\n\n<h2 class=\"wp-block-heading\">O que o manjeric\u00e3o precisa para crescer bem em ambientes internos<\/h2>\n\n\n\n<p>O manjeric\u00e3o gosta de <strong>calor<\/strong> e n\u00e3o se d\u00e1 bem com frio intenso, por isso se adapta facilmente a apartamentos e casas, desde que fique longe de correntes de ar geladas. Em geral, ele prefere <strong>temperaturas acima de 18\u202f\u00b0C<\/strong> e ambientes protegidos de vento muito forte, evitando locais pr\u00f3ximos a <strong>ar-condicionado<\/strong> ou janelas que fiquem muito abertas no inverno.<\/p>\n\n\n\n<p>O ponto mais importante \u00e9 a <strong>luz<\/strong>. Sem claridade suficiente, a planta fica fraca, com <strong>caules compridos<\/strong> e poucas folhas. Tamb\u00e9m ajuda muito oferecer um solo leve, bem drenado e <strong>rico em mat\u00e9ria org\u00e2nica<\/strong>, para que as ra\u00edzes respirem e tenham nutrientes na medida certa.<\/p>\n\n\n\n<figure class=\"wp-block-embed is-type-rich is-provider-pinterest wp-block-embed-pinterest\"><div class=\"wp-block-embed__wrapper\">\n<iframe loading=\"lazy\" title=\"Como fazer mudas de manjeric\u00e3o. Como propagar manjeric\u00e3o.  Como plantar manjeric\u00e3o na \u00e1gua.\" src=\"https:\/\/assets.pinterest.com\/ext\/embed.html?id=714242822166789235&#038;src=oembed\" height=\"899\" width=\"450\" frameborder=\"0\" scrolling=\"no\" ><\/iframe>\n<\/div><\/figure>\n\n\n\n<p>Leia tamb\u00e9m:&nbsp;<a href=\"https:\/\/www.em.com.br\/emfoco\/2026\/01\/27\/mamao-caseiro-saiba-como-plantar-cuidar-e-colher-frutos-saborosos-em-casa\/\" target=\"_blank\" rel=\"noopener\">Mam\u00e3o caseiro: saiba como plantar, cuidar e colher frutos saborosos em casa<\/a><\/p>\n\n\n\n<h2 class=\"wp-block-heading\">Como garantir luz ideal para o manjeric\u00e3o em vasos dentro de casa<\/h2>\n\n\n\n<p>A <strong>luz<\/strong> \u00e9 o que mais faz diferen\u00e7a no cultivo de manjeric\u00e3o em ambientes internos. Ele precisa, em m\u00e9dia, de <strong>4 a 6 horas di\u00e1rias<\/strong> de luz solar indireta forte ou sol filtrado, como o que entra por janelas voltadas para leste ou norte. Perto de <strong>varandas envidra\u00e7adas<\/strong>, o desenvolvimento tende a ser ainda melhor.<\/p>\n\n\n\n<p>Se a casa for escura, d\u00e1 para complementar com luz artificial, como l\u00e2mpadas de <strong>LED pr\u00f3prias para plantas<\/strong>, posicionadas a cerca de 20 a 30 cent\u00edmetros de dist\u00e2ncia. Folhas amareladas, caules muito finos ou <strong>inclinados em dire\u00e7\u00e3o \u00e0 janela<\/strong> s\u00e3o sinais claros de que o manjeric\u00e3o est\u00e1 pedindo mais luz, e nesses casos vale aumentar o tempo de ilumina\u00e7\u00e3o ou aproximar a planta da fonte de claridade.<\/p>\n\n\n\n<figure class=\"wp-block-embed is-type-rich is-provider-pinterest wp-block-embed-pinterest\"><div class=\"wp-block-embed__wrapper\">\n<iframe loading=\"lazy\" title=\"\ud83d\udea8N\u00c3O PLANTE MANJERIC\u00c3O ANTES DE VER ISSO..\ud83d\ude31Manjeric\u00e3o, horta, como plantar horta em casa\" src=\"https:\/\/assets.pinterest.com\/ext\/embed.html?id=1131599843850056469&#038;src=oembed\" height=\"899\" width=\"450\" frameborder=\"0\" scrolling=\"no\" ><\/iframe>\n<\/div><\/figure>\n\n\n\n<h2 class=\"wp-block-heading\">Qual o melhor vaso, substrato e drenagem para um manjeric\u00e3o saud\u00e1vel<\/h2>\n\n\n\n<p>O tipo de vaso influencia muito no <strong>bem-estar do manjeric\u00e3o<\/strong>. Vasos de cer\u00e2mica ou barro ajudam a manter as ra\u00edzes mais <strong>arejadas<\/strong>, enquanto os de pl\u00e1stico tamb\u00e9m funcionam bem, desde que tenham bons <strong>furos de drenagem<\/strong> no fundo. \u00c9 importante que o recipiente tenha pelo menos 15 a 20 cent\u00edmetros de profundidade para a raiz se desenvolver sem aperto.<\/p>\n\n\n\n<p>No fundo do vaso, uma camada de <strong>pedrinhas<\/strong>, argila expandida ou cacos de telha ajuda a \u00e1gua a escoar melhor. Por cima, entra um substrato leve, feito com <strong>terra para hortali\u00e7as<\/strong>, composto org\u00e2nico ou h\u00famus de minhoca e um pouco de <strong>areia grossa<\/strong>, o que evita encharcamento e fungos, principalmente dentro de casa.<\/p>\n\n\n\n<h2 class=\"wp-block-heading\">Como regar o manjeric\u00e3o em vasos dentro de casa sem exagerar<\/h2>\n\n\n\n<p>A rega do manjeric\u00e3o deve seguir mais o <strong>\u201ctoque do dedo\u201d<\/strong> do que um calend\u00e1rio fixo. O ideal \u00e9 molhar quando a camada superior do substrato, cerca de 1 a 2 cent\u00edmetros, estiver <strong>seca ao toque<\/strong>. Em dias quentes, isso pode acontecer quase todos os dias; em per\u00edodos mais frescos, o intervalo entre as regas aumenta naturalmente, evitando o excesso de <strong>umidade constante<\/strong>.<\/p>\n\n\n\n<p>O excesso de \u00e1gua costuma ser mais perigoso que a falta. Se o solo est\u00e1 \u00famido e as folhas murcham, aparecem <strong>manchas escuras<\/strong> ou cheiro ruim, \u00e9 sinal de encharcamento. Regar at\u00e9 a \u00e1gua come\u00e7ar a sair pelos furos e descartar o que ficar no <strong>pratinho<\/strong> ajuda a manter o equil\u00edbrio e evita que a planta fique \u201cde molho\u201d, reduzindo o risco de <strong>apodrecimento das ra\u00edzes<\/strong>.<\/p>\n\n\n\n<p>Para voc\u00ea que quer mais dicas, separamos um v\u00eddeo do canal <a href=\"https:\/\/www.youtube.com\/@MinhasPlantas\" target=\"_blank\" rel=\"noreferrer noopener\">Minhas Plantas<\/a> com dicas para cultivar o manjeric\u00e3o da forma correta:<\/p>\n\n\n\n<figure class=\"wp-block-embed is-type-video is-provider-youtube wp-block-embed-youtube wp-embed-aspect-16-9 wp-has-aspect-ratio\"><div class=\"wp-block-embed__wrapper\">\n<div class=\"jeg_video_container jeg_video_content\"><iframe loading=\"lazy\" title=\"Como cultivar MANJERIC\u00c3O em VASO e como PODAR\" width=\"500\" height=\"281\" src=\"https:\/\/www.youtube.com\/embed\/m0dny2sIKhQ?start=52&#038;feature=oembed\" frameborder=\"0\" allow=\"accelerometer; autoplay; clipboard-write; encrypted-media; gyroscope; picture-in-picture; web-share\" referrerpolicy=\"strict-origin-when-cross-origin\" allowfullscreen><\/iframe><\/div>\n<\/div><\/figure>\n\n\n\n<h2 class=\"wp-block-heading\">Como fazer poda e colheita do manjeric\u00e3o sem prejudicar a planta<\/h2>\n\n\n\n<p>A <strong>poda<\/strong> \u00e9 o grande segredo para ter um manjeric\u00e3o cheio e sempre produzindo. Em vez de tirar s\u00f3 folhas isoladas na base, o ideal \u00e9 cortar as <strong>pontas dos ramos<\/strong>, logo acima de um par de folhas. Esse tipo de corte estimula o surgimento de novos <strong>brotos laterais<\/strong>, deixando a planta mais cheia e menos comprida.<\/p>\n\n\n\n<p>Quando o manjeric\u00e3o come\u00e7a a florescer, ele direciona energia para as <strong>flores e sementes<\/strong>, e as folhas costumam perder um pouco de sabor e ficar menores. Para manter a produ\u00e7\u00e3o por mais tempo, vale retirar os <strong>bot\u00f5es florais<\/strong> assim que aparecerem e seguir um esquema simples de colheita:<\/p>\n\n\n\n<ul class=\"wp-block-list\">\n<li><strong>Cortar sempre as partes superiores<\/strong> dos ramos, acima de dois pares de folhas.<\/li>\n\n\n\n<li>Usar <strong>tesoura limpa<\/strong> ou os dedos, sem puxar o caule para n\u00e3o machucar a planta.<\/li>\n\n\n\n<li>Alternar os ramos que s\u00e3o <strong>podados<\/strong>, mantendo a planta equilibrada e cheia.<\/li>\n<\/ul>\n","protected":false},"excerpt":{"rendered":"<p>O manjeric\u00e3o exige sol, solo drenado e regas moderadas. Podar as pontas estimula brotos novos, mantendo o vaso cheio. Evite encharcar a terra e remova flores para preservar o aroma intenso das folhas. Imagine abrir a janela da cozinha e, em vez de s\u00f3 ver pr\u00e9dios ou muros, ter um vasinho de manjeric\u00e3o cheio, verdinho [&hellip;]<\/p>\n","protected":false},"author":9,"featured_media":155934,"comment_status":"open","ping_status":"open","sticky":false,"template":"","format":"standard","meta":{"jnews-multi-image_gallery":[],"jnews_single_post":{"format":"standard"},"jnews_primary_category":[],"jnews_social_meta":[],"jnews_override_counter":[],"footnotes":""},"categories":[8691,8819,1],"tags":[2911,5456,14422],"class_list":["post-161150","post","type-post","status-publish","format-standard","has-post-thumbnail","hentry","category-bem-estar","category-curiosidades","category-noticias","tag-casa","tag-manjericao","tag-tempero"],"yoast_head":"<!-- This site is optimized with the Yoast SEO plugin v23.8 - https:\/\/yoast.com\/wordpress\/plugins\/seo\/ -->\n<title>Como plantar em casa a erva arom\u00e1tica mais amada da cozinha brasileira - Estado de Minas - Em foco<\/title>\n<meta name=\"description\" content=\"Cultive manjeric\u00e3o em vasos em 2026! Dicas de luz, rega e poda para ter folhas frescas e perfumadas sempre \u00e0 m\u00e3o.\" \/>\n<meta name=\"robots\" content=\"index, follow, max-snippet:-1, max-image-preview:large, max-video-preview:-1\" \/>\n<link rel=\"canonical\" href=\"https:\/\/www.em.com.br\/emfoco\/2026\/01\/29\/como-plantar-em-casa-a-erva-aromatica-mais-amada-da-cozinha-brasileira\/\" \/>\n<meta property=\"og:locale\" content=\"pt_BR\" \/>\n<meta property=\"og:type\" content=\"article\" \/>\n<meta property=\"og:title\" content=\"Como plantar em casa a erva arom\u00e1tica mais amada da cozinha brasileira - Estado de Minas - Em foco\" \/>\n<meta property=\"og:description\" content=\"Cultive manjeric\u00e3o em vasos em 2026! Dicas de luz, rega e poda para ter folhas frescas e perfumadas sempre \u00e0 m\u00e3o.\" \/>\n<meta property=\"og:url\" content=\"https:\/\/www.em.com.br\/emfoco\/2026\/01\/29\/como-plantar-em-casa-a-erva-aromatica-mais-amada-da-cozinha-brasileira\/\" \/>\n<meta property=\"og:site_name\" content=\"Estado de Minas - Em foco\" \/>\n<meta property=\"article:published_time\" content=\"2026-01-29T16:25:25+00:00\" \/>\n<meta property=\"article:modified_time\" content=\"2026-01-28T18:54:22+00:00\" \/>\n<meta property=\"og:image\" content=\"https:\/\/www.em.com.br\/emfoco\/wp-content\/uploads\/2026\/01\/Gemini_Generated_Image_alrhagalrhagalrh-1.png\" \/>\n\t<meta property=\"og:image:width\" content=\"1280\" \/>\n\t<meta property=\"og:image:height\" content=\"720\" \/>\n\t<meta property=\"og:image:type\" content=\"image\/png\" \/>\n<meta name=\"author\" content=\"Daniely Cardoso\" \/>\n<meta name=\"twitter:card\" content=\"summary_large_image\" \/>\n<meta name=\"twitter:label1\" content=\"Escrito por\" \/>\n\t<meta name=\"twitter:data1\" content=\"Daniely Cardoso\" \/>\n\t<meta name=\"twitter:label2\" content=\"Est. tempo de leitura\" \/>\n\t<meta name=\"twitter:data2\" content=\"5 minutos\" \/>\n<!-- \/ Yoast SEO plugin. -->","yoast_head_json":{"title":"Como plantar em casa a erva arom\u00e1tica mais amada da cozinha brasileira - Estado de Minas - Em foco","description":"Cultive manjeric\u00e3o em vasos em 2026! Dicas de luz, rega e poda para ter folhas frescas e perfumadas sempre \u00e0 m\u00e3o.","robots":{"index":"index","follow":"follow","max-snippet":"max-snippet:-1","max-image-preview":"max-image-preview:large","max-video-preview":"max-video-preview:-1"},"canonical":"https:\/\/www.em.com.br\/emfoco\/2026\/01\/29\/como-plantar-em-casa-a-erva-aromatica-mais-amada-da-cozinha-brasileira\/","og_locale":"pt_BR","og_type":"article","og_title":"Como plantar em casa a erva arom\u00e1tica mais amada da cozinha brasileira - Estado de Minas - Em foco","og_description":"Cultive manjeric\u00e3o em vasos em 2026! Dicas de luz, rega e poda para ter folhas frescas e perfumadas sempre \u00e0 m\u00e3o.","og_url":"https:\/\/www.em.com.br\/emfoco\/2026\/01\/29\/como-plantar-em-casa-a-erva-aromatica-mais-amada-da-cozinha-brasileira\/","og_site_name":"Estado de Minas - Em foco","article_published_time":"2026-01-29T16:25:25+00:00","article_modified_time":"2026-01-28T18:54:22+00:00","og_image":[{"width":1280,"height":720,"url":"https:\/\/www.em.com.br\/emfoco\/wp-content\/uploads\/2026\/01\/Gemini_Generated_Image_alrhagalrhagalrh-1.png","type":"image\/png"}],"author":"Daniely Cardoso","twitter_card":"summary_large_image","twitter_misc":{"Escrito por":"Daniely Cardoso","Est. tempo de leitura":"5 minutos"},"schema":{"@context":"https:\/\/schema.org","@graph":[{"@type":"WebPage","@id":"https:\/\/www.em.com.br\/emfoco\/2026\/01\/29\/como-plantar-em-casa-a-erva-aromatica-mais-amada-da-cozinha-brasileira\/","url":"https:\/\/www.em.com.br\/emfoco\/2026\/01\/29\/como-plantar-em-casa-a-erva-aromatica-mais-amada-da-cozinha-brasileira\/","name":"Como plantar em casa a erva arom\u00e1tica mais amada da cozinha brasileira - Estado de Minas - Em foco","isPartOf":{"@id":"https:\/\/www.em.com.br\/emfoco\/#website"},"primaryImageOfPage":{"@id":"https:\/\/www.em.com.br\/emfoco\/2026\/01\/29\/como-plantar-em-casa-a-erva-aromatica-mais-amada-da-cozinha-brasileira\/#primaryimage"},"image":{"@id":"https:\/\/www.em.com.br\/emfoco\/2026\/01\/29\/como-plantar-em-casa-a-erva-aromatica-mais-amada-da-cozinha-brasileira\/#primaryimage"},"thumbnailUrl":"https:\/\/www.em.com.br\/emfoco\/wp-content\/uploads\/2026\/01\/Gemini_Generated_Image_alrhagalrhagalrh-1.png","datePublished":"2026-01-29T16:25:25+00:00","dateModified":"2026-01-28T18:54:22+00:00","author":{"@id":"https:\/\/www.em.com.br\/emfoco\/#\/schema\/person\/0a8186d72f2c3a5c6276d90b41f271a0"},"description":"Cultive manjeric\u00e3o em vasos em 2026! Dicas de luz, rega e poda para ter folhas frescas e perfumadas sempre \u00e0 m\u00e3o.","breadcrumb":{"@id":"https:\/\/www.em.com.br\/emfoco\/2026\/01\/29\/como-plantar-em-casa-a-erva-aromatica-mais-amada-da-cozinha-brasileira\/#breadcrumb"},"inLanguage":"pt-BR","potentialAction":[{"@type":"ReadAction","target":["https:\/\/www.em.com.br\/emfoco\/2026\/01\/29\/como-plantar-em-casa-a-erva-aromatica-mais-amada-da-cozinha-brasileira\/"]}]},{"@type":"ImageObject","inLanguage":"pt-BR","@id":"https:\/\/www.em.com.br\/emfoco\/2026\/01\/29\/como-plantar-em-casa-a-erva-aromatica-mais-amada-da-cozinha-brasileira\/#primaryimage","url":"https:\/\/www.em.com.br\/emfoco\/wp-content\/uploads\/2026\/01\/Gemini_Generated_Image_alrhagalrhagalrh-1.png","contentUrl":"https:\/\/www.em.com.br\/emfoco\/wp-content\/uploads\/2026\/01\/Gemini_Generated_Image_alrhagalrhagalrh-1.png","width":1280,"height":720,"caption":"Com poucos cuidados di\u00e1rios, o manjeric\u00e3o roxo pode transformar sua varanda"},{"@type":"BreadcrumbList","@id":"https:\/\/www.em.com.br\/emfoco\/2026\/01\/29\/como-plantar-em-casa-a-erva-aromatica-mais-amada-da-cozinha-brasileira\/#breadcrumb","itemListElement":[{"@type":"ListItem","position":1,"name":"In\u00edcio","item":"https:\/\/www.em.com.br\/emfoco\/"},{"@type":"ListItem","position":2,"name":"Como plantar em casa a erva arom\u00e1tica mais amada da cozinha brasileira"}]},{"@type":"WebSite","@id":"https:\/\/www.em.com.br\/emfoco\/#website","url":"https:\/\/www.em.com.br\/emfoco\/","name":"Estado de Minas - Em foco","description":"Acompanhe as \u00faltimas not\u00edcias e fique bem informado sobre tudo o que acontece em Minas Gerais, Brasil e no mundo.","potentialAction":[{"@type":"SearchAction","target":{"@type":"EntryPoint","urlTemplate":"https:\/\/www.em.com.br\/emfoco\/?s={search_term_string}"},"query-input":{"@type":"PropertyValueSpecification","valueRequired":true,"valueName":"search_term_string"}}],"inLanguage":"pt-BR"},{"@type":"Person","@id":"https:\/\/www.em.com.br\/emfoco\/#\/schema\/person\/0a8186d72f2c3a5c6276d90b41f271a0","name":"Daniely Cardoso","image":{"@type":"ImageObject","inLanguage":"pt-BR","@id":"https:\/\/www.em.com.br\/emfoco\/#\/schema\/person\/image\/","url":"https:\/\/secure.gravatar.com\/avatar\/4b80ddbd124d1f071b626d52d62e5dff?s=96&d=mm&r=g","contentUrl":"https:\/\/secure.gravatar.com\/avatar\/4b80ddbd124d1f071b626d52d62e5dff?s=96&d=mm&r=g","caption":"Daniely Cardoso"},"url":"https:\/\/www.em.com.br\/emfoco\/author\/danielymyth\/"}]}},"_links":{"self":[{"href":"https:\/\/www.em.com.br\/emfoco\/wp-json\/wp\/v2\/posts\/161150","targetHints":{"allow":["GET"]}}],"collection":[{"href":"https:\/\/www.em.com.br\/emfoco\/wp-json\/wp\/v2\/posts"}],"about":[{"href":"https:\/\/www.em.com.br\/emfoco\/wp-json\/wp\/v2\/types\/post"}],"author":[{"embeddable":true,"href":"https:\/\/www.em.com.br\/emfoco\/wp-json\/wp\/v2\/users\/9"}],"replies":[{"embeddable":true,"href":"https:\/\/www.em.com.br\/emfoco\/wp-json\/wp\/v2\/comments?post=161150"}],"version-history":[{"count":3,"href":"https:\/\/www.em.com.br\/emfoco\/wp-json\/wp\/v2\/posts\/161150\/revisions"}],"predecessor-version":[{"id":161456,"href":"https:\/\/www.em.com.br\/emfoco\/wp-json\/wp\/v2\/posts\/161150\/revisions\/161456"}],"wp:featuredmedia":[{"embeddable":true,"href":"https:\/\/www.em.com.br\/emfoco\/wp-json\/wp\/v2\/media\/155934"}],"wp:attachment":[{"href":"https:\/\/www.em.com.br\/emfoco\/wp-json\/wp\/v2\/media?parent=161150"}],"wp:term":[{"taxonomy":"category","embeddable":true,"href":"https:\/\/www.em.com.br\/emfoco\/wp-json\/wp\/v2\/categories?post=161150"},{"taxonomy":"post_tag","embeddable":true,"href":"https:\/\/www.em.com.br\/emfoco\/wp-json\/wp\/v2\/tags?post=161150"}],"curies":[{"name":"wp","href":"https:\/\/api.w.org\/{rel}","templated":true}]}}