{"id":161144,"date":"2026-01-29T08:15:52","date_gmt":"2026-01-29T11:15:52","guid":{"rendered":"https:\/\/www.em.com.br\/emfoco\/?p=161144"},"modified":"2026-01-28T15:27:38","modified_gmt":"2026-01-28T18:27:38","slug":"skincare-e-make-saiba-por-que-a-hidratacao-e-a-base-do-estilo-soft-glam","status":"publish","type":"post","link":"https:\/\/www.em.com.br\/emfoco\/2026\/01\/29\/skincare-e-make-saiba-por-que-a-hidratacao-e-a-base-do-estilo-soft-glam\/","title":{"rendered":"Skincare e make: saiba por que a hidrata\u00e7\u00e3o \u00e9 a base do estilo soft glam"},"content":{"rendered":"\n<h2 class=\"wp-block-heading\">O soft glam foca em pele iluminada, tons nudes e esfumados suaves. Valoriza a textura natural com cobertura leve e cores neutras, criando um visual sofisticado e vers\u00e1til para qualquer ocasi\u00e3o.<\/h2>\n\n\n\n<p>Voc\u00ea j\u00e1 quis sair de casa com a sensa\u00e7\u00e3o de <b>\u201cmaquiada, mas natural\u201d<\/b>, como se tivesse dormido bem, bebido muita \u00e1gua e s\u00f3 dado um toque de cor? \u00c9 exatamente essa a proposta da tend\u00eancia <strong>soft glam<\/strong>: um visual arrumado, leve e elegante, que valoriza a <b>pele real<\/b>, com cores suaves e acabamento polido, perfeito para o dia a dia, do trabalho aos compromissos casuais.<\/p>\n\n\n\n<h2 class=\"wp-block-heading\">O que \u00e9 maquiagem soft glam no dia a dia e por que ela \u00e9 t\u00e3o popular<\/h2>\n\n\n\n<p>A maquiagem <b>soft glam para o dia a dia<\/b> \u00e9 um meio-termo entre o visual totalmente b\u00e1sico e o glam de festa. A pele ganha <strong>cobertura moderada<\/strong>, apenas onde precisa, deixando aparecer textura natural, sardas e brilho saud\u00e1vel, sem aquele efeito pesado de <b>\u201creboco\u201d<\/b>.<\/p>\n\n\n\n<p>Nos olhos, o foco \u00e9 a <b>defini\u00e7\u00e3o suave<\/b>: sombras neutras em tons de marrom, p\u00eassego ou rosado, esfumadas sem marca\u00e7\u00f5es fortes, e c\u00edlios alongados, mas n\u00e3o exagerados. Nos l\u00e1bios, tons pr\u00f3ximos ao <strong>natural \u2013 nude, ros\u00e9 ou marrom claro<\/strong> \u2013 em textura cremosa ou semi-matte deixam o rosto equilibrado, com luz e sombra <b>delicadas<\/b>.<\/p>\n\n\n\n<figure class=\"wp-block-embed is-type-rich is-provider-pinterest wp-block-embed-pinterest\"><div class=\"wp-block-embed__wrapper\">\n<iframe loading=\"lazy\" title=\"#makeupoftheday\" src=\"https:\/\/assets.pinterest.com\/ext\/embed.html?id=68749610733&#038;src=oembed\" height=\"899\" width=\"450\" frameborder=\"0\" scrolling=\"no\" ><\/iframe>\n<\/div><\/figure>\n\n\n\n<p>Leia tamb\u00e9m:&nbsp;<a href=\"https:\/\/www.em.com.br\/emfoco\/2026\/01\/27\/maquiagem-pesada-nunca-mais-a-nova-tendencia-fresh-skin-que-rejuvenesce-a-pele-e-vai-bombar\/\" target=\"_blank\" rel=\"noopener\" data-wplink-edit=\"true\">Maquiagem pesada nunca mais: a nova tend\u00eancia fresh skin que rejuvenesce a pele e vai bombar<\/a><\/p>\n\n\n\n<h2 class=\"wp-block-heading\">Como fazer maquiagem soft glam simples para usar todos os dias<\/h2>\n\n\n\n<p>Para conquistar um <b>soft glam bonito<\/b> e confort\u00e1vel, tudo come\u00e7a com a <strong>prepara\u00e7\u00e3o da pele<\/strong>. Hidratar bem, aplicar protetor solar e, se quiser mais durabilidade, um primer leve j\u00e1 fazem grande diferen\u00e7a no resultado e na forma como a base assenta no <b>rosto<\/b>.<\/p>\n\n\n\n<p>Depois, escolha uma <b>base de cobertura leve a m\u00e9dia<\/b> ou um hidratante com cor, aplicando apenas uma camada fina para uniformizar o tom da pele. Corrija olheiras e pequenas manchas com <strong>corretivo<\/strong>, sempre esfumando as bordas para n\u00e3o marcar. Assim, voc\u00ea real\u00e7a o que gosta sem esconder completamente <b>quem voc\u00ea \u00e9<\/b>.<\/p>\n\n\n\n<h2 class=\"wp-block-heading\">Como fazer olhos e boca no estilo soft glam di\u00e1rio<\/h2>\n\n\n\n<p>Na \u00e1rea dos olhos, o <b>esfumado em tons terrosos<\/b> \u00e9 quase a marca registrada do soft glam. Um marrom claro no c\u00f4ncavo, um tom um pouco mais escuro no canto externo e uma sombra clara ou cintilante suave no canto interno j\u00e1 <strong>abrem o olhar<\/strong> de forma sutil e elegante.<\/p>\n\n\n\n<p>O l\u00e1pis ou delineador pode ser usado bem rente aos c\u00edlios, s\u00f3 para dar <b>defini\u00e7\u00e3o<\/b>, e a m\u00e1scara de c\u00edlios alongadora entra para completar o visual sem criar muito volume. Nos l\u00e1bios, batom ou gloss em <strong>tons neutros<\/strong>, que combinem com o tom da sua boca, fecham a maquiagem com aquele ar de <b>\u201cnasci assim, s\u00f3 um pouco mais arrumada\u201d<\/b>.<\/p>\n\n\n\n<figure class=\"wp-block-embed is-type-rich is-provider-pinterest wp-block-embed-pinterest\"><div class=\"wp-block-embed__wrapper\">\n<iframe loading=\"lazy\" title=\"#makeupoftheday #maquillaje #maquiagem #tutorialesdemaquillaje #tutorial #instagram #tiktok #maquiagembrasil\" src=\"https:\/\/assets.pinterest.com\/ext\/embed.html?id=4574037118134416&#038;src=oembed\" height=\"899\" width=\"450\" frameborder=\"0\" scrolling=\"no\" ><\/iframe>\n<\/div><\/figure>\n\n\n\n<h2 class=\"wp-block-heading\">Quais produtos s\u00e3o mais usados no soft glam di\u00e1rio<\/h2>\n\n\n\n<p>Alguns produtos acabam se tornando <b>queridinhos na rotina<\/b> de <strong>maquiagem soft glam<\/strong>, porque facilitam o esfumado, deixam a pele bonita e ajudam a manter o resultado por horas. \u00c9 importante escolher f\u00f3rmulas que se integrem bem \u00e0 pele e que sejam <b>confort\u00e1veis<\/b> para usar o dia inteiro.<\/p>\n\n\n\n<p>Confira exemplos de itens que costumam funcionar muito bem nesse estilo de make e que podem montar um <b>kit b\u00e1sico<\/b> e vers\u00e1til:<\/p>\n\n\n\n<ul class=\"wp-block-list\">\n<li><strong>Produtos para pele:<\/strong> hidratante facial, protetor solar, base leve ou hidratante com cor, corretivo, p\u00f3 transl\u00facido em <b>pequena quantidade<\/b>;<\/li>\n\n\n\n<li><strong>Itens para olhos:<\/strong> paleta de sombras em tons nude, marrom, p\u00eassego ou rosado, l\u00e1pis marrom ou preto suave, m\u00e1scara de c\u00edlios <b>alongadora<\/b>;<\/li>\n\n\n\n<li><strong>Produtos para contorno e cor:<\/strong> blush em tons naturais, bronzer leve, iluminador <b>discreto<\/b>;<\/li>\n\n\n\n<li><strong>L\u00e1bios:<\/strong> batom nude, gloss transparente ou em tom suave, l\u00e1pis labial pr\u00f3ximo ao <b>tom da boca<\/b>.<\/li>\n<\/ul>\n\n\n\n<h2 class=\"wp-block-heading\">Por que cuidar da pele ajuda no efeito soft glam<\/h2>\n\n\n\n<p>Um dos segredos para o <b>soft glam<\/b> ficar bonito \u00e9 a pele estar bem cuidada por baixo da maquiagem. Quando o rosto est\u00e1 limpo, hidratado e protegido do sol, a base assenta melhor, o <strong>corretivo acumula menos<\/strong> e o acabamento fica muito mais <b>natural<\/b>.<\/p>\n\n\n\n<p>Por isso, vale incluir na rotina um bom <b>demaquilante<\/b> e um sabonete facial adequado para o seu tipo de pele, removendo tudo ao final do dia. Esse cuidado di\u00e1rio ajuda a evitar <strong>cravos, espinhas<\/strong> e ressecamento, deixando cada nova maquiagem mais bonita e f\u00e1cil de <b>fazer<\/b>.<\/p>\n\n\n\n<p>Para voc\u00ea que quer aprofundar na t\u00e9cnica, separamos um v\u00eddeo do canal da <a href=\"https:\/\/www.youtube.com\/@thassyanemiranda\" target=\"_blank\" rel=\"noreferrer noopener\">Thassyane Miranda<\/a> com o passo a passo para fazer o soft glam:<\/p>\n\n\n\n<figure class=\"wp-block-embed is-type-video is-provider-youtube wp-block-embed-youtube wp-embed-aspect-16-9 wp-has-aspect-ratio\"><div class=\"wp-block-embed__wrapper\">\n<div class=\"jeg_video_container jeg_video_content\"><iframe loading=\"lazy\" title=\"Make soft glam | O estilo de make das GRINGAS\u00a0*passo\u00a0a passo*\" width=\"500\" height=\"281\" src=\"https:\/\/www.youtube.com\/embed\/Lkm5x0ghy5U?feature=oembed\" frameborder=\"0\" allow=\"accelerometer; autoplay; clipboard-write; encrypted-media; gyroscope; picture-in-picture; web-share\" referrerpolicy=\"strict-origin-when-cross-origin\" allowfullscreen><\/iframe><\/div>\n<\/div><\/figure>\n\n\n\n<h2 class=\"wp-block-heading\">Como adaptar o soft glam \u00e0 sua rotina e aos seus compromissos<\/h2>\n\n\n\n<p>A maior vantagem do <b>soft glam<\/b> \u00e9 que ele se adapta facilmente \u00e0 sua agenda. Para um ambiente profissional, voc\u00ea pode manter tudo mais discreto, focando na pele uniforme, olhos levemente esfumados e um <strong>batom nude cl\u00e1ssico<\/strong>, que combina com quase qualquer <b>look<\/b>.<\/p>\n\n\n\n<p>Para compromissos casuais ou eventos no fim do dia, d\u00e1 para intensificar um pouco o esfumado, refor\u00e7ar a m\u00e1scara de c\u00edlios, usar um <b>blush mais aparente<\/b> ou um iluminador um pouquinho mais marcado. Em dias de pressa, corrigir levemente a pele, aplicar m\u00e1scara de c\u00edlios e um batom neutro j\u00e1 garantem um <strong>soft glam r\u00e1pido<\/strong>, confort\u00e1vel e alinhado com a ideia principal: real\u00e7ar sua <b>beleza natural<\/b> com equil\u00edbrio e sem exagero.<\/p>\n","protected":false},"excerpt":{"rendered":"<p>O soft glam foca em pele iluminada, tons nudes e esfumados suaves. Valoriza a textura natural com cobertura leve e cores neutras, criando um visual sofisticado e vers\u00e1til para qualquer ocasi\u00e3o. Voc\u00ea j\u00e1 quis sair de casa com a sensa\u00e7\u00e3o de \u201cmaquiada, mas natural\u201d, como se tivesse dormido bem, bebido muita \u00e1gua e s\u00f3 dado [&hellip;]<\/p>\n","protected":false},"author":9,"featured_media":161246,"comment_status":"open","ping_status":"open","sticky":false,"template":"","format":"standard","meta":{"jnews-multi-image_gallery":[],"jnews_single_post":{"format":"standard"},"jnews_primary_category":[],"jnews_social_meta":[],"jnews_override_counter":[],"footnotes":""},"categories":[8691,8819,1],"tags":[4914,23585,1920],"class_list":["post-161144","post","type-post","status-publish","format-standard","has-post-thumbnail","hentry","category-bem-estar","category-curiosidades","category-noticias","tag-maquiagem","tag-soft-glam","tag-tendencia"],"yoast_head":"<!-- This site is optimized with the Yoast SEO plugin v23.8 - https:\/\/yoast.com\/wordpress\/plugins\/seo\/ -->\n<title>Skincare e make: saiba por que a hidrata\u00e7\u00e3o \u00e9 a base do estilo soft glam - Estado de Minas - Em foco<\/title>\n<meta name=\"description\" content=\"Conquiste o visual soft glam em 2026! Dicas de maquiagem natural e elegante para real\u00e7ar sua beleza todos os dias.\" \/>\n<meta name=\"robots\" content=\"index, follow, max-snippet:-1, max-image-preview:large, max-video-preview:-1\" \/>\n<link rel=\"canonical\" href=\"https:\/\/www.em.com.br\/emfoco\/2026\/01\/29\/skincare-e-make-saiba-por-que-a-hidratacao-e-a-base-do-estilo-soft-glam\/\" \/>\n<meta property=\"og:locale\" content=\"pt_BR\" \/>\n<meta property=\"og:type\" content=\"article\" \/>\n<meta property=\"og:title\" content=\"Skincare e make: saiba por que a hidrata\u00e7\u00e3o \u00e9 a base do estilo soft glam - Estado de Minas - Em foco\" \/>\n<meta property=\"og:description\" content=\"Conquiste o visual soft glam em 2026! Dicas de maquiagem natural e elegante para real\u00e7ar sua beleza todos os dias.\" \/>\n<meta property=\"og:url\" content=\"https:\/\/www.em.com.br\/emfoco\/2026\/01\/29\/skincare-e-make-saiba-por-que-a-hidratacao-e-a-base-do-estilo-soft-glam\/\" \/>\n<meta property=\"og:site_name\" content=\"Estado de Minas - Em foco\" \/>\n<meta property=\"article:published_time\" content=\"2026-01-29T11:15:52+00:00\" \/>\n<meta property=\"article:modified_time\" content=\"2026-01-28T18:27:38+00:00\" \/>\n<meta property=\"og:image\" content=\"https:\/\/www.em.com.br\/emfoco\/wp-content\/uploads\/2026\/01\/soft-glam_1769618712855.jpg\" \/>\n\t<meta property=\"og:image:width\" content=\"1280\" \/>\n\t<meta property=\"og:image:height\" content=\"720\" \/>\n\t<meta property=\"og:image:type\" content=\"image\/jpeg\" \/>\n<meta name=\"author\" content=\"Daniely Cardoso\" \/>\n<meta name=\"twitter:card\" content=\"summary_large_image\" \/>\n<meta name=\"twitter:label1\" content=\"Escrito por\" \/>\n\t<meta name=\"twitter:data1\" content=\"Daniely Cardoso\" \/>\n\t<meta name=\"twitter:label2\" content=\"Est. tempo de leitura\" \/>\n\t<meta name=\"twitter:data2\" content=\"5 minutos\" \/>\n<!-- \/ Yoast SEO plugin. -->","yoast_head_json":{"title":"Skincare e make: saiba por que a hidrata\u00e7\u00e3o \u00e9 a base do estilo soft glam - Estado de Minas - Em foco","description":"Conquiste o visual soft glam em 2026! Dicas de maquiagem natural e elegante para real\u00e7ar sua beleza todos os dias.","robots":{"index":"index","follow":"follow","max-snippet":"max-snippet:-1","max-image-preview":"max-image-preview:large","max-video-preview":"max-video-preview:-1"},"canonical":"https:\/\/www.em.com.br\/emfoco\/2026\/01\/29\/skincare-e-make-saiba-por-que-a-hidratacao-e-a-base-do-estilo-soft-glam\/","og_locale":"pt_BR","og_type":"article","og_title":"Skincare e make: saiba por que a hidrata\u00e7\u00e3o \u00e9 a base do estilo soft glam - Estado de Minas - Em foco","og_description":"Conquiste o visual soft glam em 2026! Dicas de maquiagem natural e elegante para real\u00e7ar sua beleza todos os dias.","og_url":"https:\/\/www.em.com.br\/emfoco\/2026\/01\/29\/skincare-e-make-saiba-por-que-a-hidratacao-e-a-base-do-estilo-soft-glam\/","og_site_name":"Estado de Minas - Em foco","article_published_time":"2026-01-29T11:15:52+00:00","article_modified_time":"2026-01-28T18:27:38+00:00","og_image":[{"width":1280,"height":720,"url":"https:\/\/www.em.com.br\/emfoco\/wp-content\/uploads\/2026\/01\/soft-glam_1769618712855.jpg","type":"image\/jpeg"}],"author":"Daniely Cardoso","twitter_card":"summary_large_image","twitter_misc":{"Escrito por":"Daniely Cardoso","Est. tempo de leitura":"5 minutos"},"schema":{"@context":"https:\/\/schema.org","@graph":[{"@type":"WebPage","@id":"https:\/\/www.em.com.br\/emfoco\/2026\/01\/29\/skincare-e-make-saiba-por-que-a-hidratacao-e-a-base-do-estilo-soft-glam\/","url":"https:\/\/www.em.com.br\/emfoco\/2026\/01\/29\/skincare-e-make-saiba-por-que-a-hidratacao-e-a-base-do-estilo-soft-glam\/","name":"Skincare e make: saiba por que a hidrata\u00e7\u00e3o \u00e9 a base do estilo soft glam - Estado de Minas - Em foco","isPartOf":{"@id":"https:\/\/www.em.com.br\/emfoco\/#website"},"primaryImageOfPage":{"@id":"https:\/\/www.em.com.br\/emfoco\/2026\/01\/29\/skincare-e-make-saiba-por-que-a-hidratacao-e-a-base-do-estilo-soft-glam\/#primaryimage"},"image":{"@id":"https:\/\/www.em.com.br\/emfoco\/2026\/01\/29\/skincare-e-make-saiba-por-que-a-hidratacao-e-a-base-do-estilo-soft-glam\/#primaryimage"},"thumbnailUrl":"https:\/\/www.em.com.br\/emfoco\/wp-content\/uploads\/2026\/01\/soft-glam_1769618712855.jpg","datePublished":"2026-01-29T11:15:52+00:00","dateModified":"2026-01-28T18:27:38+00:00","author":{"@id":"https:\/\/www.em.com.br\/emfoco\/#\/schema\/person\/0a8186d72f2c3a5c6276d90b41f271a0"},"description":"Conquiste o visual soft glam em 2026! Dicas de maquiagem natural e elegante para real\u00e7ar sua beleza todos os dias.","breadcrumb":{"@id":"https:\/\/www.em.com.br\/emfoco\/2026\/01\/29\/skincare-e-make-saiba-por-que-a-hidratacao-e-a-base-do-estilo-soft-glam\/#breadcrumb"},"inLanguage":"pt-BR","potentialAction":[{"@type":"ReadAction","target":["https:\/\/www.em.com.br\/emfoco\/2026\/01\/29\/skincare-e-make-saiba-por-que-a-hidratacao-e-a-base-do-estilo-soft-glam\/"]}]},{"@type":"ImageObject","inLanguage":"pt-BR","@id":"https:\/\/www.em.com.br\/emfoco\/2026\/01\/29\/skincare-e-make-saiba-por-que-a-hidratacao-e-a-base-do-estilo-soft-glam\/#primaryimage","url":"https:\/\/www.em.com.br\/emfoco\/wp-content\/uploads\/2026\/01\/soft-glam_1769618712855.jpg","contentUrl":"https:\/\/www.em.com.br\/emfoco\/wp-content\/uploads\/2026\/01\/soft-glam_1769618712855.jpg","width":1280,"height":720,"caption":"A maquiagem soft glam para o dia a dia \u00e9 um meio-termo entre o visual totalmente b\u00e1sico e o glam de festa - Cr\u00e9ditos: depositphotos.com \/ funkybg"},{"@type":"BreadcrumbList","@id":"https:\/\/www.em.com.br\/emfoco\/2026\/01\/29\/skincare-e-make-saiba-por-que-a-hidratacao-e-a-base-do-estilo-soft-glam\/#breadcrumb","itemListElement":[{"@type":"ListItem","position":1,"name":"In\u00edcio","item":"https:\/\/www.em.com.br\/emfoco\/"},{"@type":"ListItem","position":2,"name":"Skincare e make: saiba por que a hidrata\u00e7\u00e3o \u00e9 a base do estilo soft glam"}]},{"@type":"WebSite","@id":"https:\/\/www.em.com.br\/emfoco\/#website","url":"https:\/\/www.em.com.br\/emfoco\/","name":"Estado de Minas - Em foco","description":"Acompanhe as \u00faltimas not\u00edcias e fique bem informado sobre tudo o que acontece em Minas Gerais, Brasil e no mundo.","potentialAction":[{"@type":"SearchAction","target":{"@type":"EntryPoint","urlTemplate":"https:\/\/www.em.com.br\/emfoco\/?s={search_term_string}"},"query-input":{"@type":"PropertyValueSpecification","valueRequired":true,"valueName":"search_term_string"}}],"inLanguage":"pt-BR"},{"@type":"Person","@id":"https:\/\/www.em.com.br\/emfoco\/#\/schema\/person\/0a8186d72f2c3a5c6276d90b41f271a0","name":"Daniely Cardoso","image":{"@type":"ImageObject","inLanguage":"pt-BR","@id":"https:\/\/www.em.com.br\/emfoco\/#\/schema\/person\/image\/","url":"https:\/\/secure.gravatar.com\/avatar\/4b80ddbd124d1f071b626d52d62e5dff?s=96&d=mm&r=g","contentUrl":"https:\/\/secure.gravatar.com\/avatar\/4b80ddbd124d1f071b626d52d62e5dff?s=96&d=mm&r=g","caption":"Daniely Cardoso"},"url":"https:\/\/www.em.com.br\/emfoco\/author\/danielymyth\/"}]}},"_links":{"self":[{"href":"https:\/\/www.em.com.br\/emfoco\/wp-json\/wp\/v2\/posts\/161144","targetHints":{"allow":["GET"]}}],"collection":[{"href":"https:\/\/www.em.com.br\/emfoco\/wp-json\/wp\/v2\/posts"}],"about":[{"href":"https:\/\/www.em.com.br\/emfoco\/wp-json\/wp\/v2\/types\/post"}],"author":[{"embeddable":true,"href":"https:\/\/www.em.com.br\/emfoco\/wp-json\/wp\/v2\/users\/9"}],"replies":[{"embeddable":true,"href":"https:\/\/www.em.com.br\/emfoco\/wp-json\/wp\/v2\/comments?post=161144"}],"version-history":[{"count":3,"href":"https:\/\/www.em.com.br\/emfoco\/wp-json\/wp\/v2\/posts\/161144\/revisions"}],"predecessor-version":[{"id":161401,"href":"https:\/\/www.em.com.br\/emfoco\/wp-json\/wp\/v2\/posts\/161144\/revisions\/161401"}],"wp:featuredmedia":[{"embeddable":true,"href":"https:\/\/www.em.com.br\/emfoco\/wp-json\/wp\/v2\/media\/161246"}],"wp:attachment":[{"href":"https:\/\/www.em.com.br\/emfoco\/wp-json\/wp\/v2\/media?parent=161144"}],"wp:term":[{"taxonomy":"category","embeddable":true,"href":"https:\/\/www.em.com.br\/emfoco\/wp-json\/wp\/v2\/categories?post=161144"},{"taxonomy":"post_tag","embeddable":true,"href":"https:\/\/www.em.com.br\/emfoco\/wp-json\/wp\/v2\/tags?post=161144"}],"curies":[{"name":"wp","href":"https:\/\/api.w.org\/{rel}","templated":true}]}}