{"id":161049,"date":"2026-01-28T18:30:00","date_gmt":"2026-01-28T21:30:00","guid":{"rendered":"https:\/\/www.em.com.br\/emfoco\/?p=161049"},"modified":"2026-01-28T15:47:10","modified_gmt":"2026-01-28T18:47:10","slug":"governo-federal-publica-aviso-importante-para-idosos-acima-de-60-anos-informacao-impacta-rotina-e-beneficios","status":"publish","type":"post","link":"https:\/\/www.em.com.br\/emfoco\/2026\/01\/28\/governo-federal-publica-aviso-importante-para-idosos-acima-de-60-anos-informacao-impacta-rotina-e-beneficios\/","title":{"rendered":"Governo Federal publica aviso importante para idosos acima de 60 anos: informa\u00e7\u00e3o impacta rotina e benef\u00edcios"},"content":{"rendered":"\n<p>A Carteira do Idoso j\u00e1 faz parte da rotina de muitas fam\u00edlias com pessoas de 60 anos ou mais e renda limitada. Usada principalmente em viagens de \u00f4nibus entre estados, ela tamb\u00e9m facilita o acesso a servi\u00e7os p\u00fablicos, lazer e programas sociais, funcionando como um documento pr\u00e1tico para comprovar a condi\u00e7\u00e3o de idoso de baixa renda sem depender de pap\u00e9is soltos ou declara\u00e7\u00f5es dif\u00edceis de obter.<\/p>\n\n\n\n<h2 class=\"wp-block-heading\">O que \u00e9 a Carteira do Idoso e qual \u00e9 sua fun\u00e7\u00e3o principal<\/h2>\n\n\n\n<p>A&nbsp;<strong>Carteira do Idoso<\/strong>&nbsp;\u00e9 um documento oficial para pessoas com 60 anos ou mais, com renda de at\u00e9 dois sal\u00e1rios m\u00ednimos e inscritas no Cadastro \u00danico para Programas Sociais. Sua fun\u00e7\u00e3o principal \u00e9 garantir, de forma simples, o acesso aos direitos previstos em lei, especialmente no transporte coletivo interestadual.<\/p>\n\n\n\n<p>Com a carteira em m\u00e3os, o idoso comprova rapidamente sua condi\u00e7\u00e3o de baixa renda, evitando negativas na compra de passagens ou na entrada em determinados servi\u00e7os. O documento tamb\u00e9m ajuda o poder p\u00fablico a identificar quem precisa de mais aten\u00e7\u00e3o em \u00e1reas como transporte, sa\u00fade, cultura e assist\u00eancia social.<\/p>\n\n\n\n<table style=\"width:100%; border-collapse:separate; border-spacing:0; font-family:Verdana, sans-serif; background:#f2f7f5; border-radius:14px; overflow:hidden;\">\n  \n  <thead>\n    <tr style=\"background:#3aaed8;\">\n      <th style=\"padding:18px; text-align:left; color:#0e4a66; font-size:16px;\">\n        Etapa \/ Informa\u00e7\u00e3o\n      <\/th>\n      <th style=\"padding:18px; text-align:left; color:#0e4a66; font-size:16px;\">\n        Detalhamento v\u00e1lido em 2026\n      <\/th>\n    <\/tr>\n  <\/thead>\n\n  <tbody>\n    <!-- Quem tem direito -->\n    <tr style=\"background:#f2f7f5;\">\n      <td style=\"padding:16px; color:#3f6f6b; font-weight:600;\">\n        Idade m\u00ednima\n      <\/td>\n      <td style=\"padding:16px; color:#3f6f6b;\">\n        60 anos completos ou mais\n      <\/td>\n    <\/tr>\n\n    <tr style=\"background:#e6f1ee;\">\n      <td style=\"padding:16px; color:#3f6f6b; font-weight:600;\">\n        Renda individual\n      <\/td>\n      <td style=\"padding:16px; color:#3f6f6b;\">\n        At\u00e9 2 sal\u00e1rios m\u00ednimos\n      <\/td>\n    <\/tr>\n\n    <tr style=\"background:#f2f7f5;\">\n      <td style=\"padding:16px; color:#3f6f6b; font-weight:600;\">\n        Cadastro social\n      <\/td>\n      <td style=\"padding:16px; color:#3f6f6b;\">\n        Inscri\u00e7\u00e3o ativa e atualizada no Cadastro \u00danico (Cad\u00danico)\n      <\/td>\n    <\/tr>\n\n    <!-- Como emitir -->\n    <tr style=\"background:#e6f1ee;\">\n      <td style=\"padding:16px; color:#3f6f6b; font-weight:600;\">\n        Emiss\u00e3o online\n      <\/td>\n      <td style=\"padding:16px; color:#3f6f6b;\">\n        Acesso pelo site Carteira do Idoso (MDS) com login gov.br, com op\u00e7\u00e3o de download ou impress\u00e3o\n      <\/td>\n    <\/tr>\n\n    <tr style=\"background:#f2f7f5;\">\n      <td style=\"padding:16px; color:#3f6f6b; font-weight:600;\">\n        Emiss\u00e3o presencial\n      <\/td>\n      <td style=\"padding:16px; color:#3f6f6b;\">\n        Atendimento gratuito e imediato no CRAS (Centro de Refer\u00eancia de Assist\u00eancia Social)\n      <\/td>\n    <\/tr>\n\n    <!-- Benef\u00edcios -->\n    <tr style=\"background:#e6f1ee;\">\n      <td style=\"padding:16px; color:#3f6f6b; font-weight:600;\">\n        Transporte interestadual\n      <\/td>\n      <td style=\"padding:16px; color:#3f6f6b;\">\n        Duas vagas gratuitas por ve\u00edculo ou 50% de desconto quando as vagas estiverem ocupadas\n      <\/td>\n    <\/tr>\n\n    <tr style=\"background:#f2f7f5;\">\n      <td style=\"padding:16px; color:#3f6f6b; font-weight:600;\">\n        Transporte municipal e intermunicipal\n      <\/td>\n      <td style=\"padding:16px; color:#3f6f6b;\">\n        Isen\u00e7\u00e3o de tarifa, conforme regras locais, geralmente mediante apresenta\u00e7\u00e3o de documento de identidade\n      <\/td>\n    <\/tr>\n\n  <\/tbody>\n<\/table>\n\n\n\n\n<h2 class=\"wp-block-heading\">Como a Carteira do Idoso funciona atualmente na pr\u00e1tica<\/h2>\n\n\n\n<p>Em 2026, a&nbsp;<strong>Carteira do Idoso 2026<\/strong>&nbsp;segue integrada \u00e0 pol\u00edtica de assist\u00eancia social e ao Cadastro \u00danico, que concentra informa\u00e7\u00f5es sobre renda, composi\u00e7\u00e3o familiar e moradia. Essa conex\u00e3o permite que os \u00f3rg\u00e3os p\u00fablicos organizem melhor as pol\u00edticas para idosos de baixa renda e ofere\u00e7am programas mais direcionados.<\/p>\n\n\n\n<p>A digitaliza\u00e7\u00e3o ganhou for\u00e7a: muitas empresas de transporte e postos de atendimento j\u00e1 consultam os dados em tempo real, via sistemas conectados ao Cad\u00danico. Em geral, isso ocorre por leitura de QR Code na carteira digital, cruzamento autom\u00e1tico de dados e emiss\u00e3o de bilhetes com valor reduzido, sem confer\u00eancias manuais demoradas.<\/p>\n\n\n\n<h2 class=\"wp-block-heading\">Como solicitar a Carteira do Idoso de forma simples em 2026<\/h2>\n\n\n\n<p>Para solicitar a Carteira do Idoso em 2026, \u00e9 essencial estar com o&nbsp;<strong>Cadastro \u00danico<\/strong>&nbsp;ativo e atualizado. O atendimento costuma ser feito no CRAS ou em setores espec\u00edficos das prefeituras, onde as equipes orientam sobre documentos necess\u00e1rios, prazos e atualiza\u00e7\u00e3o cadastral.<\/p>\n\n\n\n<p>De forma geral, o processo segue etapas b\u00e1sicas, que podem ocorrer presencialmente ou, em alguns munic\u00edpios, pela internet. Veja o passo a passo mais comum:<\/p>\n\n\n\n<ul class=\"wp-block-list\">\n<li>Realizar ou atualizar o cadastro no Cad\u00danico, informando renda, endere\u00e7o e composi\u00e7\u00e3o familiar.<\/li>\n\n\n\n<li>Apresentar documentos pessoais, como RG, CPF e comprovante de resid\u00eancia atual.<\/li>\n\n\n\n<li>Informar rendimentos, como aposentadoria, pens\u00e3o ou benef\u00edcio assistencial.<\/li>\n\n\n\n<li>Registrar o pedido da Carteira do Idoso no sistema local ou em portal oficial integrado ao Gov.br.<\/li>\n\n\n\n<li>Acompanhar a emiss\u00e3o da vers\u00e3o f\u00edsica ou digital, conforme o padr\u00e3o do munic\u00edpio ou do governo federal.<\/li>\n<\/ul>\n\n\n\n<figure class=\"wp-block-image size-large\"><img loading=\"lazy\" decoding=\"async\" width=\"1024\" height=\"576\" src=\"https:\/\/www.em.com.br\/emfoco\/wp-content\/uploads\/2026\/01\/Gemini_Generated_Image_asnp9gasnp9gasnp-1-1024x576.png\" alt=\"Carteira do Idoso garante benef\u00edcios\" class=\"wp-image-161050\" srcset=\"https:\/\/www.em.com.br\/emfoco\/wp-content\/uploads\/2026\/01\/Gemini_Generated_Image_asnp9gasnp9gasnp-1-1024x576.png 1024w, https:\/\/www.em.com.br\/emfoco\/wp-content\/uploads\/2026\/01\/Gemini_Generated_Image_asnp9gasnp9gasnp-1-300x169.png 300w, https:\/\/www.em.com.br\/emfoco\/wp-content\/uploads\/2026\/01\/Gemini_Generated_Image_asnp9gasnp9gasnp-1-768x432.png 768w, https:\/\/www.em.com.br\/emfoco\/wp-content\/uploads\/2026\/01\/Gemini_Generated_Image_asnp9gasnp9gasnp-1-750x422.png 750w, https:\/\/www.em.com.br\/emfoco\/wp-content\/uploads\/2026\/01\/Gemini_Generated_Image_asnp9gasnp9gasnp-1-1140x641.png 1140w, https:\/\/www.em.com.br\/emfoco\/wp-content\/uploads\/2026\/01\/Gemini_Generated_Image_asnp9gasnp9gasnp-1.png 1280w\" sizes=\"auto, (max-width: 1024px) 100vw, 1024px\" \/><figcaption class=\"wp-element-caption\">Carteira do Idoso garante benef\u00edcios<\/figcaption><\/figure>\n\n\n\n<h2 class=\"wp-block-heading\">Quais benef\u00edcios a Carteira do Idoso garante no dia a dia<\/h2>\n\n\n\n<p>O principal benef\u00edcio da Carteira do Idoso \u00e9 o acesso ao&nbsp;<strong>transporte interestadual<\/strong>&nbsp;com gratuidades e descontos. Cada ve\u00edculo deve reservar duas vagas gratuitas para idosos de baixa renda com carteira v\u00e1lida e, se elas estiverem preenchidas, garantir pelo menos 50% de desconto no valor da passagem, conforme a legisla\u00e7\u00e3o.<\/p>\n\n\n\n<p>Em muitos munic\u00edpios, o documento tamb\u00e9m \u00e9 usado como refer\u00eancia para incluir o idoso em atividades de lazer, grupos de conviv\u00eancia, a\u00e7\u00f5es culturais e programas espec\u00edficos da terceira idade. Em alguns locais, serve ainda como base para credencial de estacionamento especial e prioridade em determinados servi\u00e7os p\u00fablicos, de acordo com as regras locais.<\/p>\n\n\n\n<p>Selecionamos o v\u00eddeo do <strong><a href=\"https:\/\/www.youtube.com\/@VS_VALTERDOSSANTOS\/shorts\" target=\"_blank\" rel=\"noreferrer noopener\">VALTER DOS SANTOS<\/a><\/strong> que faz sucesso no YouTube e fala sobre os benef\u00edcios e direitos dos idosos:<\/p>\n\n\n\n<iframe loading=\"lazy\" width=\"237\" height=\"419\" src=\"https:\/\/www.youtube.com\/embed\/U6Pf_6xG-mM\" title=\"SIM, A CARTEIRA DO IDOSO GARANTE DIVERSOS BENEF\u00cdCIOS PARA PESSOAS COM 60 ANOS OU MAIS\" frameborder=\"0\" allow=\"accelerometer; autoplay; clipboard-write; encrypted-media; gyroscope; picture-in-picture; web-share\" referrerpolicy=\"strict-origin-when-cross-origin\" allowfullscreen><\/iframe>\n\n\n\n<h2 class=\"wp-block-heading\">Como manter a Carteira do Idoso v\u00e1lida e garantir seus direitos<\/h2>\n\n\n\n<p>A Carteira do Idoso geralmente tem validade de dois anos, por isso \u00e9 fundamental manter o Cadastro \u00danico sempre atualizado. Mudan\u00e7as de endere\u00e7o, renda ou composi\u00e7\u00e3o familiar devem ser informadas ao CRAS, ou setor respons\u00e1vel para evitar a perda tempor\u00e1ria de benef\u00edcios e dificuldades no uso do transporte interestadual.<\/p>\n\n\n\n<p>Em caso de perda, roubo ou dano, solicite imediatamente uma nova via, principalmente se o cadastro estiver regular, pois a reemiss\u00e3o tende a ser r\u00e1pida, sobretudo em sistemas digitais. N\u00e3o espere o problema piorar: atualize seus dados, pe\u00e7a a carteira ou a segunda via o quanto antes e garanta hoje mesmo o direito de circular, cuidar da sa\u00fade e visitar a fam\u00edlia com dignidade e seguran\u00e7a.<\/p>\n","protected":false},"excerpt":{"rendered":"<p>A Carteira do Idoso j\u00e1 faz parte da rotina de muitas fam\u00edlias com pessoas de 60 anos ou mais e renda limitada. Usada principalmente em viagens de \u00f4nibus entre estados, ela tamb\u00e9m facilita o acesso a servi\u00e7os p\u00fablicos, lazer e programas sociais, funcionando como um documento pr\u00e1tico para comprovar a condi\u00e7\u00e3o de idoso de baixa [&hellip;]<\/p>\n","protected":false},"author":11,"featured_media":161063,"comment_status":"open","ping_status":"open","sticky":false,"template":"","format":"standard","meta":{"jnews-multi-image_gallery":[],"jnews_single_post":{"format":"standard"},"jnews_primary_category":[],"jnews_social_meta":[],"jnews_override_counter":[],"footnotes":""},"categories":[28,1],"tags":[256,614,352,491,260,23580,487,326],"class_list":["post-161049","post","type-post","status-publish","format-standard","has-post-thumbnail","hentry","category-economia","category-noticias","tag-beneficios","tag-cadunico","tag-carteira-do-idoso","tag-documento","tag-idosos","tag-idosos-de-baixa-renda","tag-lei","tag-transporte"],"yoast_head":"<!-- This site is optimized with the Yoast SEO plugin v23.8 - https:\/\/yoast.com\/wordpress\/plugins\/seo\/ -->\n<title>Governo Federal publica aviso importante para idosos acima de 60 anos: informa\u00e7\u00e3o impacta rotina e benef\u00edcios - Estado de Minas - Em foco<\/title>\n<meta name=\"description\" content=\"A Carteira do Idoso facilita o acesso a direitos previstos em lei. Saiba os requisitos, benef\u00edcios e como manter o documento v\u00e1lido.\" \/>\n<meta name=\"robots\" content=\"index, follow, max-snippet:-1, max-image-preview:large, max-video-preview:-1\" \/>\n<link rel=\"canonical\" href=\"https:\/\/www.em.com.br\/emfoco\/2026\/01\/28\/governo-federal-publica-aviso-importante-para-idosos-acima-de-60-anos-informacao-impacta-rotina-e-beneficios\/\" \/>\n<meta property=\"og:locale\" content=\"pt_BR\" \/>\n<meta property=\"og:type\" content=\"article\" \/>\n<meta property=\"og:title\" content=\"Governo Federal publica aviso importante para idosos acima de 60 anos: informa\u00e7\u00e3o impacta rotina e benef\u00edcios - Estado de Minas - Em foco\" \/>\n<meta property=\"og:description\" content=\"A Carteira do Idoso facilita o acesso a direitos previstos em lei. Saiba os requisitos, benef\u00edcios e como manter o documento v\u00e1lido.\" \/>\n<meta property=\"og:url\" content=\"https:\/\/www.em.com.br\/emfoco\/2026\/01\/28\/governo-federal-publica-aviso-importante-para-idosos-acima-de-60-anos-informacao-impacta-rotina-e-beneficios\/\" \/>\n<meta property=\"og:site_name\" content=\"Estado de Minas - Em foco\" \/>\n<meta property=\"article:published_time\" content=\"2026-01-28T21:30:00+00:00\" \/>\n<meta property=\"article:modified_time\" content=\"2026-01-28T18:47:10+00:00\" \/>\n<meta property=\"og:image\" content=\"https:\/\/www.em.com.br\/emfoco\/wp-content\/uploads\/2026\/01\/ChatGPT-Image-27-de-jan.-de-2026-18_35_37-1.png\" \/>\n\t<meta property=\"og:image:width\" content=\"1280\" \/>\n\t<meta property=\"og:image:height\" content=\"720\" \/>\n\t<meta property=\"og:image:type\" content=\"image\/png\" \/>\n<meta name=\"author\" content=\"Andre\u0301 Rangel\u00a0\" \/>\n<meta name=\"twitter:card\" content=\"summary_large_image\" \/>\n<meta name=\"twitter:label1\" content=\"Escrito por\" \/>\n\t<meta name=\"twitter:data1\" content=\"Andre\u0301 Rangel\u00a0\" \/>\n\t<meta name=\"twitter:label2\" content=\"Est. tempo de leitura\" \/>\n\t<meta name=\"twitter:data2\" content=\"5 minutos\" \/>\n<!-- \/ Yoast SEO plugin. -->","yoast_head_json":{"title":"Governo Federal publica aviso importante para idosos acima de 60 anos: informa\u00e7\u00e3o impacta rotina e benef\u00edcios - Estado de Minas - Em foco","description":"A Carteira do Idoso facilita o acesso a direitos previstos em lei. Saiba os requisitos, benef\u00edcios e como manter o documento v\u00e1lido.","robots":{"index":"index","follow":"follow","max-snippet":"max-snippet:-1","max-image-preview":"max-image-preview:large","max-video-preview":"max-video-preview:-1"},"canonical":"https:\/\/www.em.com.br\/emfoco\/2026\/01\/28\/governo-federal-publica-aviso-importante-para-idosos-acima-de-60-anos-informacao-impacta-rotina-e-beneficios\/","og_locale":"pt_BR","og_type":"article","og_title":"Governo Federal publica aviso importante para idosos acima de 60 anos: informa\u00e7\u00e3o impacta rotina e benef\u00edcios - Estado de Minas - Em foco","og_description":"A Carteira do Idoso facilita o acesso a direitos previstos em lei. Saiba os requisitos, benef\u00edcios e como manter o documento v\u00e1lido.","og_url":"https:\/\/www.em.com.br\/emfoco\/2026\/01\/28\/governo-federal-publica-aviso-importante-para-idosos-acima-de-60-anos-informacao-impacta-rotina-e-beneficios\/","og_site_name":"Estado de Minas - Em foco","article_published_time":"2026-01-28T21:30:00+00:00","article_modified_time":"2026-01-28T18:47:10+00:00","og_image":[{"width":1280,"height":720,"url":"https:\/\/www.em.com.br\/emfoco\/wp-content\/uploads\/2026\/01\/ChatGPT-Image-27-de-jan.-de-2026-18_35_37-1.png","type":"image\/png"}],"author":"Andre\u0301 Rangel\u00a0","twitter_card":"summary_large_image","twitter_misc":{"Escrito por":"Andre\u0301 Rangel\u00a0","Est. tempo de leitura":"5 minutos"},"schema":{"@context":"https:\/\/schema.org","@graph":[{"@type":"WebPage","@id":"https:\/\/www.em.com.br\/emfoco\/2026\/01\/28\/governo-federal-publica-aviso-importante-para-idosos-acima-de-60-anos-informacao-impacta-rotina-e-beneficios\/","url":"https:\/\/www.em.com.br\/emfoco\/2026\/01\/28\/governo-federal-publica-aviso-importante-para-idosos-acima-de-60-anos-informacao-impacta-rotina-e-beneficios\/","name":"Governo Federal publica aviso importante para idosos acima de 60 anos: informa\u00e7\u00e3o impacta rotina e benef\u00edcios - Estado de Minas - Em foco","isPartOf":{"@id":"https:\/\/www.em.com.br\/emfoco\/#website"},"primaryImageOfPage":{"@id":"https:\/\/www.em.com.br\/emfoco\/2026\/01\/28\/governo-federal-publica-aviso-importante-para-idosos-acima-de-60-anos-informacao-impacta-rotina-e-beneficios\/#primaryimage"},"image":{"@id":"https:\/\/www.em.com.br\/emfoco\/2026\/01\/28\/governo-federal-publica-aviso-importante-para-idosos-acima-de-60-anos-informacao-impacta-rotina-e-beneficios\/#primaryimage"},"thumbnailUrl":"https:\/\/www.em.com.br\/emfoco\/wp-content\/uploads\/2026\/01\/ChatGPT-Image-27-de-jan.-de-2026-18_35_37-1.png","datePublished":"2026-01-28T21:30:00+00:00","dateModified":"2026-01-28T18:47:10+00:00","author":{"@id":"https:\/\/www.em.com.br\/emfoco\/#\/schema\/person\/60eda09c1fedf0d6891f4cef4b60b8b8"},"description":"A Carteira do Idoso facilita o acesso a direitos previstos em lei. Saiba os requisitos, benef\u00edcios e como manter o documento v\u00e1lido.","breadcrumb":{"@id":"https:\/\/www.em.com.br\/emfoco\/2026\/01\/28\/governo-federal-publica-aviso-importante-para-idosos-acima-de-60-anos-informacao-impacta-rotina-e-beneficios\/#breadcrumb"},"inLanguage":"pt-BR","potentialAction":[{"@type":"ReadAction","target":["https:\/\/www.em.com.br\/emfoco\/2026\/01\/28\/governo-federal-publica-aviso-importante-para-idosos-acima-de-60-anos-informacao-impacta-rotina-e-beneficios\/"]}]},{"@type":"ImageObject","inLanguage":"pt-BR","@id":"https:\/\/www.em.com.br\/emfoco\/2026\/01\/28\/governo-federal-publica-aviso-importante-para-idosos-acima-de-60-anos-informacao-impacta-rotina-e-beneficios\/#primaryimage","url":"https:\/\/www.em.com.br\/emfoco\/wp-content\/uploads\/2026\/01\/ChatGPT-Image-27-de-jan.-de-2026-18_35_37-1.png","contentUrl":"https:\/\/www.em.com.br\/emfoco\/wp-content\/uploads\/2026\/01\/ChatGPT-Image-27-de-jan.-de-2026-18_35_37-1.png","width":1280,"height":720,"caption":"Carteira do Idoso garante benef\u00edcios"},{"@type":"BreadcrumbList","@id":"https:\/\/www.em.com.br\/emfoco\/2026\/01\/28\/governo-federal-publica-aviso-importante-para-idosos-acima-de-60-anos-informacao-impacta-rotina-e-beneficios\/#breadcrumb","itemListElement":[{"@type":"ListItem","position":1,"name":"In\u00edcio","item":"https:\/\/www.em.com.br\/emfoco\/"},{"@type":"ListItem","position":2,"name":"Governo Federal publica aviso importante para idosos acima de 60 anos: informa\u00e7\u00e3o impacta rotina e benef\u00edcios"}]},{"@type":"WebSite","@id":"https:\/\/www.em.com.br\/emfoco\/#website","url":"https:\/\/www.em.com.br\/emfoco\/","name":"Estado de Minas - Em foco","description":"Acompanhe as \u00faltimas not\u00edcias e fique bem informado sobre tudo o que acontece em Minas Gerais, Brasil e no mundo.","potentialAction":[{"@type":"SearchAction","target":{"@type":"EntryPoint","urlTemplate":"https:\/\/www.em.com.br\/emfoco\/?s={search_term_string}"},"query-input":{"@type":"PropertyValueSpecification","valueRequired":true,"valueName":"search_term_string"}}],"inLanguage":"pt-BR"},{"@type":"Person","@id":"https:\/\/www.em.com.br\/emfoco\/#\/schema\/person\/60eda09c1fedf0d6891f4cef4b60b8b8","name":"Andre\u0301 Rangel\u00a0","image":{"@type":"ImageObject","inLanguage":"pt-BR","@id":"https:\/\/www.em.com.br\/emfoco\/#\/schema\/person\/image\/","url":"https:\/\/secure.gravatar.com\/avatar\/6234dc814c77c8ef6d8bba622c787efc?s=96&d=mm&r=g","contentUrl":"https:\/\/secure.gravatar.com\/avatar\/6234dc814c77c8ef6d8bba622c787efc?s=96&d=mm&r=g","caption":"Andre\u0301 Rangel\u00a0"},"url":"https:\/\/www.em.com.br\/emfoco\/author\/luizmyth\/"}]}},"_links":{"self":[{"href":"https:\/\/www.em.com.br\/emfoco\/wp-json\/wp\/v2\/posts\/161049","targetHints":{"allow":["GET"]}}],"collection":[{"href":"https:\/\/www.em.com.br\/emfoco\/wp-json\/wp\/v2\/posts"}],"about":[{"href":"https:\/\/www.em.com.br\/emfoco\/wp-json\/wp\/v2\/types\/post"}],"author":[{"embeddable":true,"href":"https:\/\/www.em.com.br\/emfoco\/wp-json\/wp\/v2\/users\/11"}],"replies":[{"embeddable":true,"href":"https:\/\/www.em.com.br\/emfoco\/wp-json\/wp\/v2\/comments?post=161049"}],"version-history":[{"count":4,"href":"https:\/\/www.em.com.br\/emfoco\/wp-json\/wp\/v2\/posts\/161049\/revisions"}],"predecessor-version":[{"id":161068,"href":"https:\/\/www.em.com.br\/emfoco\/wp-json\/wp\/v2\/posts\/161049\/revisions\/161068"}],"wp:featuredmedia":[{"embeddable":true,"href":"https:\/\/www.em.com.br\/emfoco\/wp-json\/wp\/v2\/media\/161063"}],"wp:attachment":[{"href":"https:\/\/www.em.com.br\/emfoco\/wp-json\/wp\/v2\/media?parent=161049"}],"wp:term":[{"taxonomy":"category","embeddable":true,"href":"https:\/\/www.em.com.br\/emfoco\/wp-json\/wp\/v2\/categories?post=161049"},{"taxonomy":"post_tag","embeddable":true,"href":"https:\/\/www.em.com.br\/emfoco\/wp-json\/wp\/v2\/tags?post=161049"}],"curies":[{"name":"wp","href":"https:\/\/api.w.org\/{rel}","templated":true}]}}