{"id":161041,"date":"2026-01-27T20:45:00","date_gmt":"2026-01-27T23:45:00","guid":{"rendered":"https:\/\/www.em.com.br\/emfoco\/?p=161041"},"modified":"2026-01-27T17:23:28","modified_gmt":"2026-01-27T20:23:28","slug":"adeus-ao-colchao-exposto-a-base-estofada-continua-traz-mais-conforto-e-sera-destaque-em-2026","status":"publish","type":"post","link":"https:\/\/www.em.com.br\/emfoco\/2026\/01\/27\/adeus-ao-colchao-exposto-a-base-estofada-continua-traz-mais-conforto-e-sera-destaque-em-2026\/","title":{"rendered":"Adeus ao colch\u00e3o exposto, a base estofada cont\u00ednua traz mais conforto e ser\u00e1 destaque em 2026"},"content":{"rendered":"\n<p>O jeito de<strong> montar o quarto <\/strong>est\u00e1 mudando, e isso fica evidente quando<strong> conforto, est\u00e9tica e funcionalidade<\/strong> se encontram em solu\u00e7\u00f5es mais inteligentes. A base estofada cont\u00ednua surge como protagonista desse novo olhar para o descanso, eliminando o visual do colch\u00e3o exposto e criando uma composi\u00e7\u00e3o mais<strong> acolhedora, organizada e sofisticada<\/strong>, alinhada \u00e0s tend\u00eancias que prometem dominar os lares brasileiros em 2026.<\/p>\n\n\n\n<h2 class=\"wp-block-heading\">Por que a base estofada cont\u00ednua est\u00e1 transformando os quartos?<\/h2>\n\n\n\n<p>A <strong>base estofada<\/strong> cont\u00ednua redefine a forma como a<strong> cama se integra ao ambiente<\/strong>, criando uma sensa\u00e7\u00e3o visual mais limpa e elegante. Ao envolver toda a estrutura do colch\u00e3o, ela contribui para um quarto mais harmonioso, valorizando o espa\u00e7o e trazendo uma percep\u00e7\u00e3o imediata de conforto e cuidado est\u00e9tico.<\/p>\n\n\n\n<p>Antes de entender seus <strong>benef\u00edcios pr\u00e1ticos<\/strong>, \u00e9 importante observar como essa solu\u00e7\u00e3o impacta diretamente a organiza\u00e7\u00e3o e a experi\u00eancia sensorial do ambiente. A seguir, alguns pontos que explicam essa transforma\u00e7\u00e3o.<\/p>\n\n\n\n<ul class=\"wp-block-list\">\n<li>Elimina o aspecto desorganizado causado pelo colch\u00e3o aparente;<\/li>\n\n\n\n<li>Cria continuidade visual entre cama, cabeceira e decora\u00e7\u00e3o;<\/li>\n\n\n\n<li>Valoriza tecidos, cores e acabamentos no projeto do quarto.<\/li>\n<\/ul>\n\n\n\n<h2 class=\"wp-block-heading\">Como a ergonomia do descanso influencia o bem estar no dia a dia?<\/h2>\n\n\n\n<p>O<strong> <a href=\"https:\/\/www.adealq.org.br\/blog\/de-qual-tipo-de-descanso-voce-esta-precisando-iskrepi-f-11-2400\" target=\"_blank\" rel=\"noreferrer noopener\">descanso de qualidade <\/a><\/strong>come\u00e7a na base que sustenta o colch\u00e3o, e a ergonomia tem papel fundamental nesse processo. A base estofada cont\u00ednua oferece suporte mais uniforme, reduzindo pontos de press\u00e3o e contribuindo para um <strong>alinhamento corporal mais adequado <\/strong>durante o sono.<\/p>\n\n\n\n<p>Esse tipo de estrutura tamb\u00e9m<strong> favorece a durabilidade do colch\u00e3o<\/strong>, mantendo sua performance por mais tempo. Com isso, o conforto n\u00e3o \u00e9 apenas imediato, mas se mant\u00e9m ao longo dos anos, refletindo diretamente na sa\u00fade e na disposi\u00e7\u00e3o di\u00e1ria.<\/p>\n\n\n\n<figure class=\"wp-block-image size-large\"><img loading=\"lazy\" decoding=\"async\" width=\"1024\" height=\"576\" src=\"https:\/\/www.em.com.br\/emfoco\/wp-content\/uploads\/2026\/01\/Copia-de-Copia-de-Mural-marrom-2026-01-27T172047.293-1024x576.jpg\" alt=\"Adeus ao colch\u00e3o exposto, a base estofada cont\u00ednua traz mais conforto e ser\u00e1 destaque em 2026\" class=\"wp-image-161045\" srcset=\"https:\/\/www.em.com.br\/emfoco\/wp-content\/uploads\/2026\/01\/Copia-de-Copia-de-Mural-marrom-2026-01-27T172047.293-1024x576.jpg 1024w, https:\/\/www.em.com.br\/emfoco\/wp-content\/uploads\/2026\/01\/Copia-de-Copia-de-Mural-marrom-2026-01-27T172047.293-300x169.jpg 300w, https:\/\/www.em.com.br\/emfoco\/wp-content\/uploads\/2026\/01\/Copia-de-Copia-de-Mural-marrom-2026-01-27T172047.293-768x432.jpg 768w, https:\/\/www.em.com.br\/emfoco\/wp-content\/uploads\/2026\/01\/Copia-de-Copia-de-Mural-marrom-2026-01-27T172047.293-750x422.jpg 750w, https:\/\/www.em.com.br\/emfoco\/wp-content\/uploads\/2026\/01\/Copia-de-Copia-de-Mural-marrom-2026-01-27T172047.293-1140x641.jpg 1140w, https:\/\/www.em.com.br\/emfoco\/wp-content\/uploads\/2026\/01\/Copia-de-Copia-de-Mural-marrom-2026-01-27T172047.293.jpg 1280w\" sizes=\"auto, (max-width: 1024px) 100vw, 1024px\" \/><figcaption class=\"wp-element-caption\">Acabamentos premium refor\u00e7am a sensa\u00e7\u00e3o de conforto e sofistica\u00e7\u00e3o em 2026<\/figcaption><\/figure>\n\n\n\n<h2 class=\"wp-block-heading\">De que forma o design funcional valoriza os ambientes residenciais?<\/h2>\n\n\n\n<p>O <strong>design funcional <\/strong>vai al\u00e9m da est\u00e9tica e busca solu\u00e7\u00f5es que <strong>facilitem a rotina sem abrir m\u00e3o da beleza<\/strong>. A base estofada cont\u00ednua se encaixa perfeitamente nesse conceito, pois alia visual sofisticado \u00e0 praticidade, tornando o quarto mais agrad\u00e1vel e eficiente.<\/p>\n\n\n\n<p>Ao optar por esse tipo de base, \u00e9 poss\u00edvel perceber ganhos claros na composi\u00e7\u00e3o do espa\u00e7o. Esses benef\u00edcios ficam ainda mais evidentes quando analisamos suas aplica\u00e7\u00f5es no ambiente.<\/p>\n\n\n\n<ul class=\"wp-block-list\">\n<li>Facilita a limpeza ao reduzir frestas e desn\u00edveis visuais;<\/li>\n\n\n\n<li>Permite personaliza\u00e7\u00e3o com diferentes tecidos e cores;<\/li>\n\n\n\n<li>Integra a cama ao projeto decorativo de forma natural.<\/li>\n<\/ul>\n\n\n\n<h2 class=\"wp-block-heading\">Quais acabamentos premium se destacam nas tend\u00eancias para 2026?<\/h2>\n\n\n\n<p>Os<strong> acabamentos premium ganham for\u00e7a \u00e0 medida que o consumidor busca mais conforto <\/strong>e <a href=\"https:\/\/www.em.com.br\/emfoco\/2025\/09\/13\/o-segredo-dos-ambientes-sofisticados-que-todo-mundo-deseja\/\" target=\"_blank\" rel=\"noreferrer noopener\"><strong>sofistica\u00e7\u00e3o dentro de casa<\/strong><\/a>. Tecidos de toque macio, texturas aconchegantes e cores neutras ou terrosas s\u00e3o escolhas que refor\u00e7am a sensa\u00e7\u00e3o de acolhimento no quarto.<\/p>\n\n\n\n<p>Al\u00e9m da est\u00e9tica, esses acabamentos elevam a percep\u00e7\u00e3o de qualidade do m\u00f3vel como um todo. A base estofada cont\u00ednua se torna n\u00e3o apenas um suporte para o colch\u00e3o, mas um elemento central na <strong>constru\u00e7\u00e3o de um ambiente elegante, confort\u00e1vel e alinhado \u00e0s novas tend\u00eancias de morar bem<\/strong>.<\/p>\n","protected":false},"excerpt":{"rendered":"<p>O jeito de montar o quarto est\u00e1 mudando, e isso fica evidente quando conforto, est\u00e9tica e funcionalidade se encontram em solu\u00e7\u00f5es mais inteligentes. A base estofada cont\u00ednua surge como protagonista desse novo olhar para o descanso, eliminando o visual do colch\u00e3o exposto e criando uma composi\u00e7\u00e3o mais acolhedora, organizada e sofisticada, alinhada \u00e0s tend\u00eancias que [&hellip;]<\/p>\n","protected":false},"author":28,"featured_media":161043,"comment_status":"open","ping_status":"open","sticky":false,"template":"","format":"standard","meta":{"jnews-multi-image_gallery":[],"jnews_single_post":{"format":"standard"},"jnews_primary_category":[],"jnews_social_meta":[],"jnews_override_counter":[],"footnotes":""},"categories":[8691],"tags":[23577,5960,23578,13874],"class_list":["post-161041","post","type-post","status-publish","format-standard","has-post-thumbnail","hentry","category-bem-estar","tag-base-estofada-continua","tag-conforto","tag-design-funcional","tag-quarto"],"yoast_head":"<!-- This site is optimized with the Yoast SEO plugin v23.8 - https:\/\/yoast.com\/wordpress\/plugins\/seo\/ -->\n<title>Adeus ao colch\u00e3o exposto, a base estofada cont\u00ednua traz mais conforto e ser\u00e1 destaque em 2026 - Estado de Minas - Em foco<\/title>\n<meta name=\"description\" content=\"Base estofada cont\u00ednua se destaca em 2026 ao unir conforto, design funcional e sofistica\u00e7\u00e3o, transformando a forma de montar o quarto.\" \/>\n<meta name=\"robots\" content=\"index, follow, max-snippet:-1, max-image-preview:large, max-video-preview:-1\" \/>\n<link rel=\"canonical\" href=\"https:\/\/www.em.com.br\/emfoco\/2026\/01\/27\/adeus-ao-colchao-exposto-a-base-estofada-continua-traz-mais-conforto-e-sera-destaque-em-2026\/\" \/>\n<meta property=\"og:locale\" content=\"pt_BR\" \/>\n<meta property=\"og:type\" content=\"article\" \/>\n<meta property=\"og:title\" content=\"Adeus ao colch\u00e3o exposto, a base estofada cont\u00ednua traz mais conforto e ser\u00e1 destaque em 2026 - Estado de Minas - Em foco\" \/>\n<meta property=\"og:description\" content=\"Base estofada cont\u00ednua se destaca em 2026 ao unir conforto, design funcional e sofistica\u00e7\u00e3o, transformando a forma de montar o quarto.\" \/>\n<meta property=\"og:url\" content=\"https:\/\/www.em.com.br\/emfoco\/2026\/01\/27\/adeus-ao-colchao-exposto-a-base-estofada-continua-traz-mais-conforto-e-sera-destaque-em-2026\/\" \/>\n<meta property=\"og:site_name\" content=\"Estado de Minas - Em foco\" \/>\n<meta property=\"article:published_time\" content=\"2026-01-27T23:45:00+00:00\" \/>\n<meta property=\"article:modified_time\" content=\"2026-01-27T20:23:28+00:00\" \/>\n<meta property=\"og:image\" content=\"https:\/\/www.em.com.br\/emfoco\/wp-content\/uploads\/2026\/01\/Copia-de-Copia-de-Mural-marrom-2026-01-27T171938.291.jpg\" \/>\n\t<meta property=\"og:image:width\" content=\"1280\" \/>\n\t<meta property=\"og:image:height\" content=\"720\" \/>\n\t<meta property=\"og:image:type\" content=\"image\/jpeg\" \/>\n<meta name=\"author\" content=\"Elis Gabrielle Santos Souza\" \/>\n<meta name=\"twitter:card\" content=\"summary_large_image\" \/>\n<meta name=\"twitter:label1\" content=\"Escrito por\" \/>\n\t<meta name=\"twitter:data1\" content=\"Elis Gabrielle Santos Souza\" \/>\n\t<meta name=\"twitter:label2\" content=\"Est. tempo de leitura\" \/>\n\t<meta name=\"twitter:data2\" content=\"4 minutos\" \/>\n<!-- \/ Yoast SEO plugin. -->","yoast_head_json":{"title":"Adeus ao colch\u00e3o exposto, a base estofada cont\u00ednua traz mais conforto e ser\u00e1 destaque em 2026 - Estado de Minas - Em foco","description":"Base estofada cont\u00ednua se destaca em 2026 ao unir conforto, design funcional e sofistica\u00e7\u00e3o, transformando a forma de montar o quarto.","robots":{"index":"index","follow":"follow","max-snippet":"max-snippet:-1","max-image-preview":"max-image-preview:large","max-video-preview":"max-video-preview:-1"},"canonical":"https:\/\/www.em.com.br\/emfoco\/2026\/01\/27\/adeus-ao-colchao-exposto-a-base-estofada-continua-traz-mais-conforto-e-sera-destaque-em-2026\/","og_locale":"pt_BR","og_type":"article","og_title":"Adeus ao colch\u00e3o exposto, a base estofada cont\u00ednua traz mais conforto e ser\u00e1 destaque em 2026 - Estado de Minas - Em foco","og_description":"Base estofada cont\u00ednua se destaca em 2026 ao unir conforto, design funcional e sofistica\u00e7\u00e3o, transformando a forma de montar o quarto.","og_url":"https:\/\/www.em.com.br\/emfoco\/2026\/01\/27\/adeus-ao-colchao-exposto-a-base-estofada-continua-traz-mais-conforto-e-sera-destaque-em-2026\/","og_site_name":"Estado de Minas - Em foco","article_published_time":"2026-01-27T23:45:00+00:00","article_modified_time":"2026-01-27T20:23:28+00:00","og_image":[{"width":1280,"height":720,"url":"https:\/\/www.em.com.br\/emfoco\/wp-content\/uploads\/2026\/01\/Copia-de-Copia-de-Mural-marrom-2026-01-27T171938.291.jpg","type":"image\/jpeg"}],"author":"Elis Gabrielle Santos Souza","twitter_card":"summary_large_image","twitter_misc":{"Escrito por":"Elis Gabrielle Santos Souza","Est. tempo de leitura":"4 minutos"},"schema":{"@context":"https:\/\/schema.org","@graph":[{"@type":"WebPage","@id":"https:\/\/www.em.com.br\/emfoco\/2026\/01\/27\/adeus-ao-colchao-exposto-a-base-estofada-continua-traz-mais-conforto-e-sera-destaque-em-2026\/","url":"https:\/\/www.em.com.br\/emfoco\/2026\/01\/27\/adeus-ao-colchao-exposto-a-base-estofada-continua-traz-mais-conforto-e-sera-destaque-em-2026\/","name":"Adeus ao colch\u00e3o exposto, a base estofada cont\u00ednua traz mais conforto e ser\u00e1 destaque em 2026 - Estado de Minas - Em foco","isPartOf":{"@id":"https:\/\/www.em.com.br\/emfoco\/#website"},"primaryImageOfPage":{"@id":"https:\/\/www.em.com.br\/emfoco\/2026\/01\/27\/adeus-ao-colchao-exposto-a-base-estofada-continua-traz-mais-conforto-e-sera-destaque-em-2026\/#primaryimage"},"image":{"@id":"https:\/\/www.em.com.br\/emfoco\/2026\/01\/27\/adeus-ao-colchao-exposto-a-base-estofada-continua-traz-mais-conforto-e-sera-destaque-em-2026\/#primaryimage"},"thumbnailUrl":"https:\/\/www.em.com.br\/emfoco\/wp-content\/uploads\/2026\/01\/Copia-de-Copia-de-Mural-marrom-2026-01-27T171938.291.jpg","datePublished":"2026-01-27T23:45:00+00:00","dateModified":"2026-01-27T20:23:28+00:00","author":{"@id":"https:\/\/www.em.com.br\/emfoco\/#\/schema\/person\/0c545bffa944f9caa147d776b5f6f1f5"},"description":"Base estofada cont\u00ednua se destaca em 2026 ao unir conforto, design funcional e sofistica\u00e7\u00e3o, transformando a forma de montar o quarto.","breadcrumb":{"@id":"https:\/\/www.em.com.br\/emfoco\/2026\/01\/27\/adeus-ao-colchao-exposto-a-base-estofada-continua-traz-mais-conforto-e-sera-destaque-em-2026\/#breadcrumb"},"inLanguage":"pt-BR","potentialAction":[{"@type":"ReadAction","target":["https:\/\/www.em.com.br\/emfoco\/2026\/01\/27\/adeus-ao-colchao-exposto-a-base-estofada-continua-traz-mais-conforto-e-sera-destaque-em-2026\/"]}]},{"@type":"ImageObject","inLanguage":"pt-BR","@id":"https:\/\/www.em.com.br\/emfoco\/2026\/01\/27\/adeus-ao-colchao-exposto-a-base-estofada-continua-traz-mais-conforto-e-sera-destaque-em-2026\/#primaryimage","url":"https:\/\/www.em.com.br\/emfoco\/wp-content\/uploads\/2026\/01\/Copia-de-Copia-de-Mural-marrom-2026-01-27T171938.291.jpg","contentUrl":"https:\/\/www.em.com.br\/emfoco\/wp-content\/uploads\/2026\/01\/Copia-de-Copia-de-Mural-marrom-2026-01-27T171938.291.jpg","width":1280,"height":720,"caption":"A base estofada cont\u00ednua cria um visual mais limpo e integrado no quarto"},{"@type":"BreadcrumbList","@id":"https:\/\/www.em.com.br\/emfoco\/2026\/01\/27\/adeus-ao-colchao-exposto-a-base-estofada-continua-traz-mais-conforto-e-sera-destaque-em-2026\/#breadcrumb","itemListElement":[{"@type":"ListItem","position":1,"name":"In\u00edcio","item":"https:\/\/www.em.com.br\/emfoco\/"},{"@type":"ListItem","position":2,"name":"Adeus ao colch\u00e3o exposto, a base estofada cont\u00ednua traz mais conforto e ser\u00e1 destaque em 2026"}]},{"@type":"WebSite","@id":"https:\/\/www.em.com.br\/emfoco\/#website","url":"https:\/\/www.em.com.br\/emfoco\/","name":"Estado de Minas - Em foco","description":"Acompanhe as \u00faltimas not\u00edcias e fique bem informado sobre tudo o que acontece em Minas Gerais, Brasil e no mundo.","potentialAction":[{"@type":"SearchAction","target":{"@type":"EntryPoint","urlTemplate":"https:\/\/www.em.com.br\/emfoco\/?s={search_term_string}"},"query-input":{"@type":"PropertyValueSpecification","valueRequired":true,"valueName":"search_term_string"}}],"inLanguage":"pt-BR"},{"@type":"Person","@id":"https:\/\/www.em.com.br\/emfoco\/#\/schema\/person\/0c545bffa944f9caa147d776b5f6f1f5","name":"Elis Gabrielle Santos Souza","image":{"@type":"ImageObject","inLanguage":"pt-BR","@id":"https:\/\/www.em.com.br\/emfoco\/#\/schema\/person\/image\/","url":"https:\/\/secure.gravatar.com\/avatar\/1dc86c254cebb74d9c8a14da612c52db?s=96&d=mm&r=g","contentUrl":"https:\/\/secure.gravatar.com\/avatar\/1dc86c254cebb74d9c8a14da612c52db?s=96&d=mm&r=g","caption":"Elis Gabrielle Santos Souza"},"sameAs":["https:\/\/www.em.com.br\/emfoco"],"url":"https:\/\/www.em.com.br\/emfoco\/author\/elis-myth\/"}]}},"_links":{"self":[{"href":"https:\/\/www.em.com.br\/emfoco\/wp-json\/wp\/v2\/posts\/161041","targetHints":{"allow":["GET"]}}],"collection":[{"href":"https:\/\/www.em.com.br\/emfoco\/wp-json\/wp\/v2\/posts"}],"about":[{"href":"https:\/\/www.em.com.br\/emfoco\/wp-json\/wp\/v2\/types\/post"}],"author":[{"embeddable":true,"href":"https:\/\/www.em.com.br\/emfoco\/wp-json\/wp\/v2\/users\/28"}],"replies":[{"embeddable":true,"href":"https:\/\/www.em.com.br\/emfoco\/wp-json\/wp\/v2\/comments?post=161041"}],"version-history":[{"count":2,"href":"https:\/\/www.em.com.br\/emfoco\/wp-json\/wp\/v2\/posts\/161041\/revisions"}],"predecessor-version":[{"id":161048,"href":"https:\/\/www.em.com.br\/emfoco\/wp-json\/wp\/v2\/posts\/161041\/revisions\/161048"}],"wp:featuredmedia":[{"embeddable":true,"href":"https:\/\/www.em.com.br\/emfoco\/wp-json\/wp\/v2\/media\/161043"}],"wp:attachment":[{"href":"https:\/\/www.em.com.br\/emfoco\/wp-json\/wp\/v2\/media?parent=161041"}],"wp:term":[{"taxonomy":"category","embeddable":true,"href":"https:\/\/www.em.com.br\/emfoco\/wp-json\/wp\/v2\/categories?post=161041"},{"taxonomy":"post_tag","embeddable":true,"href":"https:\/\/www.em.com.br\/emfoco\/wp-json\/wp\/v2\/tags?post=161041"}],"curies":[{"name":"wp","href":"https:\/\/api.w.org\/{rel}","templated":true}]}}