{"id":161034,"date":"2026-01-27T18:55:00","date_gmt":"2026-01-27T21:55:00","guid":{"rendered":"https:\/\/www.em.com.br\/emfoco\/?p=161034"},"modified":"2026-01-27T17:12:28","modified_gmt":"2026-01-27T20:12:28","slug":"adeus-cabeceiras-de-cama-esta-e-a-nova-tendencia-mais-confortavel-e-aconchegante-para-2026","status":"publish","type":"post","link":"https:\/\/www.em.com.br\/emfoco\/2026\/01\/27\/adeus-cabeceiras-de-cama-esta-e-a-nova-tendencia-mais-confortavel-e-aconchegante-para-2026\/","title":{"rendered":"Adeus cabeceiras de cama: esta \u00e9 a nova tend\u00eancia, mais confort\u00e1vel e aconchegante para 2026"},"content":{"rendered":"\n<p>A <strong>busca por quartos mais aconchegantes<\/strong>, silenciosos e visualmente integrados est\u00e1 transformando o jeito de pensar o <strong>d\u00e9cor residencial<\/strong>, e uma mudan\u00e7a espec\u00edfica vem chamando aten\u00e7\u00e3o em projetos atuais. O painel estofado integrado surge como protagonista absoluto, substituindo cabeceiras tradicionais e criando uma nova leitura est\u00e9tica para o ambiente, com foco em conforto, sofistica\u00e7\u00e3o e funcionalidade que dialogam diretamente com as<strong> tend\u00eancias que devem dominar 2026<\/strong>.<\/p>\n\n\n\n<h2 class=\"wp-block-heading\">Por que o painel estofado integrado est\u00e1 substituindo as cabeceiras tradicionais?<\/h2>\n\n\n\n<p>O<strong> painel estofado integrado<\/strong> representa uma <strong>evolu\u00e7\u00e3o natural do design de quartos<\/strong>, ao eliminar elementos soltos e criar uma superf\u00edcie cont\u00ednua que envolve a cama. Essa solu\u00e7\u00e3o atende ao desejo por ambientes mais limpos, organizados e com sensa\u00e7\u00e3o de amplitude, sem abrir m\u00e3o do conforto visual.<\/p>\n\n\n\n<p>Al\u00e9m do apelo est\u00e9tico, esse tipo de painel se destaca pela versatilidade de materiais, cores e texturas, permitindo composi\u00e7\u00f5es que v\u00e3o do <strong>minimalismo elegante<\/strong> ao <strong>maximalismo sofisticado<\/strong>, sempre valorizando o espa\u00e7o de descanso.<\/p>\n\n\n\n<h2 class=\"wp-block-heading\">Quais benef\u00edcios est\u00e9ticos e funcionais esse tipo de painel oferece?<\/h2>\n\n\n\n<p>A<strong> popularidade do painel estofado<\/strong> integrado n\u00e3o acontece por acaso, j\u00e1 que ele re\u00fane<strong> vantagens que impactam diretamente a experi\u00eancia no quarto<\/strong>. Antes de listar esses benef\u00edcios, vale destacar que a integra\u00e7\u00e3o visual contribui para um ambiente mais harm\u00f4nico e acolhedor.<\/p>\n\n\n\n<ul class=\"wp-block-list\">\n<li>Sensa\u00e7\u00e3o de continuidade visual, ampliando o espa\u00e7o e reduzindo ru\u00eddos est\u00e9ticos.<\/li>\n\n\n\n<li>Conforto ac\u00fastico, ajudando a absorver sons e tornar o quarto mais silencioso.<\/li>\n\n\n\n<li>Possibilidade de personaliza\u00e7\u00e3o em tecidos, cores e acabamentos sofisticados.<\/li>\n<\/ul>\n\n\n\n<p>Esses benef\u00edcios tornam o painel uma escolha estrat\u00e9gica tanto para <a href=\"https:\/\/www.em.com.br\/emfoco\/2025\/08\/17\/a-melhor-forma-de-decorar-quarto-pequeno-com-estilo-e-sem-gastar-muito\/\" target=\"_blank\" rel=\"noreferrer noopener\"><strong>quartos compactos <\/strong><\/a>quanto para su\u00edtes amplas, elevando o padr\u00e3o do ambiente de forma discreta e elegante.<\/p>\n\n\n\n<figure class=\"wp-block-image size-large\"><img loading=\"lazy\" decoding=\"async\" width=\"1024\" height=\"576\" src=\"https:\/\/www.em.com.br\/emfoco\/wp-content\/uploads\/2026\/01\/Copia-de-Copia-de-Mural-marrom-2026-01-27T171034.435-1024x576.jpg\" alt=\"Adeus cabeceiras de cama: esta \u00e9 a nova tend\u00eancia, mais confort\u00e1vel e aconchegante para 2026\" class=\"wp-image-161038\" srcset=\"https:\/\/www.em.com.br\/emfoco\/wp-content\/uploads\/2026\/01\/Copia-de-Copia-de-Mural-marrom-2026-01-27T171034.435-1024x576.jpg 1024w, https:\/\/www.em.com.br\/emfoco\/wp-content\/uploads\/2026\/01\/Copia-de-Copia-de-Mural-marrom-2026-01-27T171034.435-300x169.jpg 300w, https:\/\/www.em.com.br\/emfoco\/wp-content\/uploads\/2026\/01\/Copia-de-Copia-de-Mural-marrom-2026-01-27T171034.435-768x432.jpg 768w, https:\/\/www.em.com.br\/emfoco\/wp-content\/uploads\/2026\/01\/Copia-de-Copia-de-Mural-marrom-2026-01-27T171034.435-750x422.jpg 750w, https:\/\/www.em.com.br\/emfoco\/wp-content\/uploads\/2026\/01\/Copia-de-Copia-de-Mural-marrom-2026-01-27T171034.435-1140x641.jpg 1140w, https:\/\/www.em.com.br\/emfoco\/wp-content\/uploads\/2026\/01\/Copia-de-Copia-de-Mural-marrom-2026-01-27T171034.435.jpg 1280w\" sizes=\"auto, (max-width: 1024px) 100vw, 1024px\" \/><figcaption class=\"wp-element-caption\">A solu\u00e7\u00e3o melhora o conforto ac\u00fastico e t\u00e9rmico do ambiente de descanso<\/figcaption><\/figure>\n\n\n\n<h2 class=\"wp-block-heading\">Como o painel estofado integrado contribui para o conforto do quarto?<\/h2>\n\n\n\n<p>O <strong>conforto \u00e9 um dos pilares desse tipo de solu\u00e7\u00e3o<\/strong>, especialmente quando se pensa no quarto como espa\u00e7o de relaxamento. O estofamento cria uma superf\u00edcie macia que convida ao descanso, al\u00e9m de proporcionar <strong>apoio confort\u00e1vel <\/strong>para quem gosta de ler ou assistir TV na cama.<\/p>\n\n\n\n<p>Outro ponto importante \u00e9 o conforto t\u00e9rmico e ac\u00fastico, j\u00e1 que os materiais estofados ajudam a equilibrar a temperatura e reduzir ecos, promovendo uma atmosfera mais tranquila e envolvente.<\/p>\n\n\n\n<h2 class=\"wp-block-heading\">Quais materiais e cores devem ganhar destaque em 2026?<\/h2>\n\n\n\n<p>As escolhas de<strong> materiais e paletas <\/strong>acompanham o movimento por<strong> ambientes mais sensoriais e acolhedores<\/strong>. Antes de definir tend\u00eancias espec\u00edficas, \u00e9 essencial entender que a proposta gira em torno de<strong> <a href=\"https:\/\/www.gov.br\/fundacentro\/pt-br\/comunicacao\/noticias\/noticias\/2025\/fevereiro\/iluminacao-integrativa-une-conforto-visual-e-ritmo-biologico\" target=\"_blank\" rel=\"noreferrer noopener\">conforto visual <\/a><\/strong>e sofistica\u00e7\u00e3o atemporal.<\/p>\n\n\n\n<ul class=\"wp-block-list\">\n<li>Tecidos como linho, veludo e boucl\u00e9, que trazem textura e profundidade ao d\u00e9cor.<\/li>\n\n\n\n<li>Cores neutras quentes, como bege, areia e tons terrosos suaves.<\/li>\n\n\n\n<li>Detalhes em capiton\u00ea discreto ou costuras lineares para um visual contempor\u00e2neo.<\/li>\n<\/ul>\n\n\n\n<p>Essas escolhas refor\u00e7am a sensa\u00e7\u00e3o de acolhimento visual e permitem que o painel estofado integrado se torne o ponto focal do quarto sem pesar na composi\u00e7\u00e3o.<\/p>\n\n\n\n<h2 class=\"wp-block-heading\">Como integrar o painel estofado ao restante da decora\u00e7\u00e3o?<\/h2>\n\n\n\n<p>Para que o painel estofado integrado cumpra seu papel est\u00e9tico, \u00e9 fundamental que ele dialogue com os demais elementos do ambiente. Ilumina\u00e7\u00e3o indireta, mesas de cabeceira embutidas e cores complementares ajudam a criar uma composi\u00e7\u00e3o equilibrada.<\/p>\n\n\n\n<p>A integra\u00e7\u00e3o com marcenaria, ilumina\u00e7\u00e3o c\u00eanica e roupas de cama bem escolhidas potencializa o efeito do painel, transformando o quarto em um <strong>espa\u00e7o sofisticado, funcional e alinhado<\/strong> \u00e0s principais <strong>tend\u00eancias de interiores para os pr\u00f3ximos anos<\/strong>.<\/p>\n","protected":false},"excerpt":{"rendered":"<p>A busca por quartos mais aconchegantes, silenciosos e visualmente integrados est\u00e1 transformando o jeito de pensar o d\u00e9cor residencial, e uma mudan\u00e7a espec\u00edfica vem chamando aten\u00e7\u00e3o em projetos atuais. O painel estofado integrado surge como protagonista absoluto, substituindo cabeceiras tradicionais e criando uma nova leitura est\u00e9tica para o ambiente, com foco em conforto, sofistica\u00e7\u00e3o e [&hellip;]<\/p>\n","protected":false},"author":28,"featured_media":161036,"comment_status":"open","ping_status":"open","sticky":false,"template":"","format":"standard","meta":{"jnews-multi-image_gallery":[],"jnews_single_post":{"format":"standard"},"jnews_primary_category":[],"jnews_social_meta":[],"jnews_override_counter":[],"footnotes":""},"categories":[8691],"tags":[5960,23576,13903,23575],"class_list":["post-161034","post","type-post","status-publish","format-standard","has-post-thumbnail","hentry","category-bem-estar","tag-conforto","tag-decoracao-de-quartos","tag-design-de-interiores","tag-painel-estofado-integrado"],"yoast_head":"<!-- This site is optimized with the Yoast SEO plugin v23.8 - https:\/\/yoast.com\/wordpress\/plugins\/seo\/ -->\n<title>Adeus cabeceiras de cama: esta \u00e9 a nova tend\u00eancia, mais confort\u00e1vel e aconchegante para 2026 - Estado de Minas - Em foco<\/title>\n<meta name=\"description\" content=\"Painel estofado integrado a cama ganha destaque em 2026 ao substituir cabeceiras e criar quartos mais aconchegantes e funcionais.\" \/>\n<meta name=\"robots\" content=\"index, follow, max-snippet:-1, max-image-preview:large, max-video-preview:-1\" \/>\n<link rel=\"canonical\" href=\"https:\/\/www.em.com.br\/emfoco\/2026\/01\/27\/adeus-cabeceiras-de-cama-esta-e-a-nova-tendencia-mais-confortavel-e-aconchegante-para-2026\/\" \/>\n<meta property=\"og:locale\" content=\"pt_BR\" \/>\n<meta property=\"og:type\" content=\"article\" \/>\n<meta property=\"og:title\" content=\"Adeus cabeceiras de cama: esta \u00e9 a nova tend\u00eancia, mais confort\u00e1vel e aconchegante para 2026 - Estado de Minas - Em foco\" \/>\n<meta property=\"og:description\" content=\"Painel estofado integrado a cama ganha destaque em 2026 ao substituir cabeceiras e criar quartos mais aconchegantes e funcionais.\" \/>\n<meta property=\"og:url\" content=\"https:\/\/www.em.com.br\/emfoco\/2026\/01\/27\/adeus-cabeceiras-de-cama-esta-e-a-nova-tendencia-mais-confortavel-e-aconchegante-para-2026\/\" \/>\n<meta property=\"og:site_name\" content=\"Estado de Minas - Em foco\" \/>\n<meta property=\"article:published_time\" content=\"2026-01-27T21:55:00+00:00\" \/>\n<meta property=\"article:modified_time\" content=\"2026-01-27T20:12:28+00:00\" \/>\n<meta property=\"og:image\" content=\"https:\/\/www.em.com.br\/emfoco\/wp-content\/uploads\/2026\/01\/Copia-de-Copia-de-Mural-marrom-2026-01-27T170455.269.jpg\" \/>\n\t<meta property=\"og:image:width\" content=\"1280\" \/>\n\t<meta property=\"og:image:height\" content=\"720\" \/>\n\t<meta property=\"og:image:type\" content=\"image\/jpeg\" \/>\n<meta name=\"author\" content=\"Elis Gabrielle Santos Souza\" \/>\n<meta name=\"twitter:card\" content=\"summary_large_image\" \/>\n<meta name=\"twitter:label1\" content=\"Escrito por\" \/>\n\t<meta name=\"twitter:data1\" content=\"Elis Gabrielle Santos Souza\" \/>\n\t<meta name=\"twitter:label2\" content=\"Est. tempo de leitura\" \/>\n\t<meta name=\"twitter:data2\" content=\"4 minutos\" \/>\n<!-- \/ Yoast SEO plugin. -->","yoast_head_json":{"title":"Adeus cabeceiras de cama: esta \u00e9 a nova tend\u00eancia, mais confort\u00e1vel e aconchegante para 2026 - Estado de Minas - Em foco","description":"Painel estofado integrado a cama ganha destaque em 2026 ao substituir cabeceiras e criar quartos mais aconchegantes e funcionais.","robots":{"index":"index","follow":"follow","max-snippet":"max-snippet:-1","max-image-preview":"max-image-preview:large","max-video-preview":"max-video-preview:-1"},"canonical":"https:\/\/www.em.com.br\/emfoco\/2026\/01\/27\/adeus-cabeceiras-de-cama-esta-e-a-nova-tendencia-mais-confortavel-e-aconchegante-para-2026\/","og_locale":"pt_BR","og_type":"article","og_title":"Adeus cabeceiras de cama: esta \u00e9 a nova tend\u00eancia, mais confort\u00e1vel e aconchegante para 2026 - Estado de Minas - Em foco","og_description":"Painel estofado integrado a cama ganha destaque em 2026 ao substituir cabeceiras e criar quartos mais aconchegantes e funcionais.","og_url":"https:\/\/www.em.com.br\/emfoco\/2026\/01\/27\/adeus-cabeceiras-de-cama-esta-e-a-nova-tendencia-mais-confortavel-e-aconchegante-para-2026\/","og_site_name":"Estado de Minas - Em foco","article_published_time":"2026-01-27T21:55:00+00:00","article_modified_time":"2026-01-27T20:12:28+00:00","og_image":[{"width":1280,"height":720,"url":"https:\/\/www.em.com.br\/emfoco\/wp-content\/uploads\/2026\/01\/Copia-de-Copia-de-Mural-marrom-2026-01-27T170455.269.jpg","type":"image\/jpeg"}],"author":"Elis Gabrielle Santos Souza","twitter_card":"summary_large_image","twitter_misc":{"Escrito por":"Elis Gabrielle Santos Souza","Est. tempo de leitura":"4 minutos"},"schema":{"@context":"https:\/\/schema.org","@graph":[{"@type":"WebPage","@id":"https:\/\/www.em.com.br\/emfoco\/2026\/01\/27\/adeus-cabeceiras-de-cama-esta-e-a-nova-tendencia-mais-confortavel-e-aconchegante-para-2026\/","url":"https:\/\/www.em.com.br\/emfoco\/2026\/01\/27\/adeus-cabeceiras-de-cama-esta-e-a-nova-tendencia-mais-confortavel-e-aconchegante-para-2026\/","name":"Adeus cabeceiras de cama: esta \u00e9 a nova tend\u00eancia, mais confort\u00e1vel e aconchegante para 2026 - Estado de Minas - Em foco","isPartOf":{"@id":"https:\/\/www.em.com.br\/emfoco\/#website"},"primaryImageOfPage":{"@id":"https:\/\/www.em.com.br\/emfoco\/2026\/01\/27\/adeus-cabeceiras-de-cama-esta-e-a-nova-tendencia-mais-confortavel-e-aconchegante-para-2026\/#primaryimage"},"image":{"@id":"https:\/\/www.em.com.br\/emfoco\/2026\/01\/27\/adeus-cabeceiras-de-cama-esta-e-a-nova-tendencia-mais-confortavel-e-aconchegante-para-2026\/#primaryimage"},"thumbnailUrl":"https:\/\/www.em.com.br\/emfoco\/wp-content\/uploads\/2026\/01\/Copia-de-Copia-de-Mural-marrom-2026-01-27T170455.269.jpg","datePublished":"2026-01-27T21:55:00+00:00","dateModified":"2026-01-27T20:12:28+00:00","author":{"@id":"https:\/\/www.em.com.br\/emfoco\/#\/schema\/person\/0c545bffa944f9caa147d776b5f6f1f5"},"description":"Painel estofado integrado a cama ganha destaque em 2026 ao substituir cabeceiras e criar quartos mais aconchegantes e funcionais.","breadcrumb":{"@id":"https:\/\/www.em.com.br\/emfoco\/2026\/01\/27\/adeus-cabeceiras-de-cama-esta-e-a-nova-tendencia-mais-confortavel-e-aconchegante-para-2026\/#breadcrumb"},"inLanguage":"pt-BR","potentialAction":[{"@type":"ReadAction","target":["https:\/\/www.em.com.br\/emfoco\/2026\/01\/27\/adeus-cabeceiras-de-cama-esta-e-a-nova-tendencia-mais-confortavel-e-aconchegante-para-2026\/"]}]},{"@type":"ImageObject","inLanguage":"pt-BR","@id":"https:\/\/www.em.com.br\/emfoco\/2026\/01\/27\/adeus-cabeceiras-de-cama-esta-e-a-nova-tendencia-mais-confortavel-e-aconchegante-para-2026\/#primaryimage","url":"https:\/\/www.em.com.br\/emfoco\/wp-content\/uploads\/2026\/01\/Copia-de-Copia-de-Mural-marrom-2026-01-27T170455.269.jpg","contentUrl":"https:\/\/www.em.com.br\/emfoco\/wp-content\/uploads\/2026\/01\/Copia-de-Copia-de-Mural-marrom-2026-01-27T170455.269.jpg","width":1280,"height":720,"caption":"O painel estofado integrado cria continuidade visual e eleva a sofistica\u00e7\u00e3o do quarto"},{"@type":"BreadcrumbList","@id":"https:\/\/www.em.com.br\/emfoco\/2026\/01\/27\/adeus-cabeceiras-de-cama-esta-e-a-nova-tendencia-mais-confortavel-e-aconchegante-para-2026\/#breadcrumb","itemListElement":[{"@type":"ListItem","position":1,"name":"In\u00edcio","item":"https:\/\/www.em.com.br\/emfoco\/"},{"@type":"ListItem","position":2,"name":"Adeus cabeceiras de cama: esta \u00e9 a nova tend\u00eancia, mais confort\u00e1vel e aconchegante para 2026"}]},{"@type":"WebSite","@id":"https:\/\/www.em.com.br\/emfoco\/#website","url":"https:\/\/www.em.com.br\/emfoco\/","name":"Estado de Minas - Em foco","description":"Acompanhe as \u00faltimas not\u00edcias e fique bem informado sobre tudo o que acontece em Minas Gerais, Brasil e no mundo.","potentialAction":[{"@type":"SearchAction","target":{"@type":"EntryPoint","urlTemplate":"https:\/\/www.em.com.br\/emfoco\/?s={search_term_string}"},"query-input":{"@type":"PropertyValueSpecification","valueRequired":true,"valueName":"search_term_string"}}],"inLanguage":"pt-BR"},{"@type":"Person","@id":"https:\/\/www.em.com.br\/emfoco\/#\/schema\/person\/0c545bffa944f9caa147d776b5f6f1f5","name":"Elis Gabrielle Santos Souza","image":{"@type":"ImageObject","inLanguage":"pt-BR","@id":"https:\/\/www.em.com.br\/emfoco\/#\/schema\/person\/image\/","url":"https:\/\/secure.gravatar.com\/avatar\/1dc86c254cebb74d9c8a14da612c52db?s=96&d=mm&r=g","contentUrl":"https:\/\/secure.gravatar.com\/avatar\/1dc86c254cebb74d9c8a14da612c52db?s=96&d=mm&r=g","caption":"Elis Gabrielle Santos Souza"},"sameAs":["https:\/\/www.em.com.br\/emfoco"],"url":"https:\/\/www.em.com.br\/emfoco\/author\/elis-myth\/"}]}},"_links":{"self":[{"href":"https:\/\/www.em.com.br\/emfoco\/wp-json\/wp\/v2\/posts\/161034","targetHints":{"allow":["GET"]}}],"collection":[{"href":"https:\/\/www.em.com.br\/emfoco\/wp-json\/wp\/v2\/posts"}],"about":[{"href":"https:\/\/www.em.com.br\/emfoco\/wp-json\/wp\/v2\/types\/post"}],"author":[{"embeddable":true,"href":"https:\/\/www.em.com.br\/emfoco\/wp-json\/wp\/v2\/users\/28"}],"replies":[{"embeddable":true,"href":"https:\/\/www.em.com.br\/emfoco\/wp-json\/wp\/v2\/comments?post=161034"}],"version-history":[{"count":1,"href":"https:\/\/www.em.com.br\/emfoco\/wp-json\/wp\/v2\/posts\/161034\/revisions"}],"predecessor-version":[{"id":161040,"href":"https:\/\/www.em.com.br\/emfoco\/wp-json\/wp\/v2\/posts\/161034\/revisions\/161040"}],"wp:featuredmedia":[{"embeddable":true,"href":"https:\/\/www.em.com.br\/emfoco\/wp-json\/wp\/v2\/media\/161036"}],"wp:attachment":[{"href":"https:\/\/www.em.com.br\/emfoco\/wp-json\/wp\/v2\/media?parent=161034"}],"wp:term":[{"taxonomy":"category","embeddable":true,"href":"https:\/\/www.em.com.br\/emfoco\/wp-json\/wp\/v2\/categories?post=161034"},{"taxonomy":"post_tag","embeddable":true,"href":"https:\/\/www.em.com.br\/emfoco\/wp-json\/wp\/v2\/tags?post=161034"}],"curies":[{"name":"wp","href":"https:\/\/api.w.org\/{rel}","templated":true}]}}