{"id":161033,"date":"2026-01-28T08:30:00","date_gmt":"2026-01-28T11:30:00","guid":{"rendered":"https:\/\/www.em.com.br\/emfoco\/?p=161033"},"modified":"2026-01-27T21:39:45","modified_gmt":"2026-01-28T00:39:45","slug":"com-reajuste-de-8-salario-minimo-sobe-para-r-1-78904-comeca-a-ser-pago-em-fevereiro-e-traz-alegria-para-trabalhadores","status":"publish","type":"post","link":"https:\/\/www.em.com.br\/emfoco\/2026\/01\/28\/com-reajuste-de-8-salario-minimo-sobe-para-r-1-78904-comeca-a-ser-pago-em-fevereiro-e-traz-alegria-para-trabalhadores\/","title":{"rendered":"Com reajuste de 8% sal\u00e1rio m\u00ednimo sobe para R$ 1.789,04, come\u00e7a a ser pago em fevereiro e traz alegria para trabalhadores"},"content":{"rendered":"\n<p>O reajuste no&nbsp;<strong>sal\u00e1rio m\u00ednimo regional do Rio Grande do Sul para 2026<\/strong>&nbsp;altera diretamente a remunera\u00e7\u00e3o de milhares de trabalhadores no estado. Com aumento de 8% em rela\u00e7\u00e3o \u00e0 tabela anterior, os novos pisos variam entre R$ 1.789,04 e R$ 2.267,27, de acordo com a atividade exercida, mantendo-se acima do sal\u00e1rio m\u00ednimo nacional, fixado em R$ 1.621,00 para 2026.<\/p>\n\n\n\n<h2 class=\"wp-block-heading\">Como funciona o sal\u00e1rio m\u00ednimo regional do Rio Grande do Sul em 2026<\/h2>\n\n\n\n<p>O piso regional ga\u00facho \u00e9 uma refer\u00eancia obrigat\u00f3ria para empregadores que n\u00e3o possuem piso definido em conven\u00e7\u00e3o, acordo coletivo ou lei federal espec\u00edfica. Ele garante um valor m\u00ednimo diferenciando categorias como empregados dom\u00e9sticos, trabalhadores da agricultura, t\u00e9cnicos de n\u00edvel m\u00e9dio e funcion\u00e1rios de diversos ramos da ind\u00fastria.<\/p>\n\n\n\n<p>Na pr\u00e1tica, o sal\u00e1rio m\u00ednimo regional n\u00e3o substitui o nacional, mas o complementa. Ele s\u00f3 se aplica \u00e0s categorias sem piso pr\u00f3prio, servindo como patamar que n\u00e3o pode ser desrespeitado e que costuma ser ponto de partida em negocia\u00e7\u00f5es trabalhistas e acordos coletivos.<\/p>\n\n\n\n<figure class=\"wp-block-image size-large\"><img loading=\"lazy\" decoding=\"async\" width=\"1024\" height=\"576\" src=\"https:\/\/www.em.com.br\/emfoco\/wp-content\/uploads\/2026\/01\/Gemini_Generated_Image_o7kowfo7kowfo7ko-1-1024x576.png\" alt=\"Novo sal\u00e1rio m\u00ednimo regional do RS em 2026\" class=\"wp-image-161056\" srcset=\"https:\/\/www.em.com.br\/emfoco\/wp-content\/uploads\/2026\/01\/Gemini_Generated_Image_o7kowfo7kowfo7ko-1-1024x576.png 1024w, https:\/\/www.em.com.br\/emfoco\/wp-content\/uploads\/2026\/01\/Gemini_Generated_Image_o7kowfo7kowfo7ko-1-300x169.png 300w, https:\/\/www.em.com.br\/emfoco\/wp-content\/uploads\/2026\/01\/Gemini_Generated_Image_o7kowfo7kowfo7ko-1-768x432.png 768w, https:\/\/www.em.com.br\/emfoco\/wp-content\/uploads\/2026\/01\/Gemini_Generated_Image_o7kowfo7kowfo7ko-1-750x422.png 750w, https:\/\/www.em.com.br\/emfoco\/wp-content\/uploads\/2026\/01\/Gemini_Generated_Image_o7kowfo7kowfo7ko-1-1140x641.png 1140w, https:\/\/www.em.com.br\/emfoco\/wp-content\/uploads\/2026\/01\/Gemini_Generated_Image_o7kowfo7kowfo7ko-1.png 1280w\" sizes=\"auto, (max-width: 1024px) 100vw, 1024px\" \/><figcaption class=\"wp-element-caption\">Novo sal\u00e1rio m\u00ednimo regional do RS em 2026<\/figcaption><\/figure>\n\n\n\n<h2 class=\"wp-block-heading\">Quais s\u00e3o as faixas do sal\u00e1rio m\u00ednimo regional do RS em 2026<\/h2>\n\n\n\n<p>Para 2026, o\u00a0<strong>sal\u00e1rio m\u00ednimo regional do RS<\/strong>\u00a0foi organizado em cinco faixas salariais, cada uma ligada a grupos de atividades econ\u00f4micas. Os novos pisos, que superam o sal\u00e1rio m\u00ednimo nacional de&nbsp;<strong>R$ 1.621,00<\/strong>, s\u00e3o divididos em cinco faixas conforme a categoria profissional:&nbsp;<\/p>\n\n\n\n<ul class=\"wp-block-list\">\n<li><strong>Faixa 1:<\/strong>\u00a0R$ 1.789,04 (ex: agricultura, pecu\u00e1ria, empregados dom\u00e9sticos).<\/li>\n\n\n\n<li><strong>Faixa 2:<\/strong>\u00a0R$ 1.830,13 (ex: ind\u00fastrias do vestu\u00e1rio, cal\u00e7ados e fia\u00e7\u00e3o).<\/li>\n\n\n\n<li><strong>Faixa 3:<\/strong>\u00a0R$ 1.871,50 (ex: ind\u00fastrias de mobili\u00e1rio, constru\u00e7\u00e3o civil e com\u00e9rcio).<\/li>\n\n\n\n<li><strong>Faixa 4:<\/strong>\u00a0R$ 1.945,67 (ex: ind\u00fastrias metal\u00fargicas, gr\u00e1ficas e de minera\u00e7\u00e3o).<\/li>\n\n\n\n<li><strong>Faixa 5:<\/strong>\u00a0R$ 2.267,27 (ex: t\u00e9cnicos de n\u00edvel m\u00e9dio, tanto no setor p\u00fablico quanto no privado).\u00a0<\/li>\n<\/ul>\n\n\n\n<figure class=\"wp-block-image size-large\"><img loading=\"lazy\" decoding=\"async\" width=\"1024\" height=\"576\" src=\"https:\/\/www.em.com.br\/emfoco\/wp-content\/uploads\/2026\/01\/Gemini_Generated_Image_ulci3rulci3rulci-1-1024x576.png\" alt=\"Novo sal\u00e1rio m\u00ednimo regional do RS em 2026\" class=\"wp-image-161037\" srcset=\"https:\/\/www.em.com.br\/emfoco\/wp-content\/uploads\/2026\/01\/Gemini_Generated_Image_ulci3rulci3rulci-1-1024x576.png 1024w, https:\/\/www.em.com.br\/emfoco\/wp-content\/uploads\/2026\/01\/Gemini_Generated_Image_ulci3rulci3rulci-1-300x169.png 300w, https:\/\/www.em.com.br\/emfoco\/wp-content\/uploads\/2026\/01\/Gemini_Generated_Image_ulci3rulci3rulci-1-768x432.png 768w, https:\/\/www.em.com.br\/emfoco\/wp-content\/uploads\/2026\/01\/Gemini_Generated_Image_ulci3rulci3rulci-1-750x422.png 750w, https:\/\/www.em.com.br\/emfoco\/wp-content\/uploads\/2026\/01\/Gemini_Generated_Image_ulci3rulci3rulci-1-1140x641.png 1140w, https:\/\/www.em.com.br\/emfoco\/wp-content\/uploads\/2026\/01\/Gemini_Generated_Image_ulci3rulci3rulci-1.png 1280w\" sizes=\"auto, (max-width: 1024px) 100vw, 1024px\" \/><figcaption class=\"wp-element-caption\">Novo sal\u00e1rio m\u00ednimo regional do RS em 2026<\/figcaption><\/figure>\n\n\n\n<h2 class=\"wp-block-heading\">Quais s\u00e3o as principais diferen\u00e7as entre o piso regional e o sal\u00e1rio m\u00ednimo nacional<\/h2>\n\n\n\n<p>Em 2026, o&nbsp;<strong>piso regional do Rio Grande do Sul<\/strong>&nbsp;permanece acima do sal\u00e1rio m\u00ednimo nacional em todas as faixas. Enquanto o valor federal \u00e9 de R$ 1.621,00, o menor piso estadual parte de R$ 1.789,04, com diferen\u00e7a que pode chegar a mais de R$ 600,00 nas faixas mais altas.<\/p>\n\n\n\n<p>Al\u00e9m da diferen\u00e7a nominal, tamb\u00e9m variam o percentual de reajuste e o alcance de cada regra. Abaixo, veja um resumo dos principais contrastes entre o sal\u00e1rio m\u00ednimo regional ga\u00facho e o piso nacional em 2026:<\/p>\n\n\n\n<ul class=\"wp-block-list\">\n<li><strong>Valores nominais:<\/strong>\u00a0Nacional em 2026: R$ 1.621,00; regional no RS: de R$ 1.789,04 a R$ 2.267,27.<\/li>\n\n\n\n<li><strong>Diferen\u00e7a por faixa:<\/strong>\u00a0Excedente de R$ 168,04 na Faixa 1 e de R$ 646,27 na Faixa 5 em rela\u00e7\u00e3o ao piso federal.<\/li>\n\n\n\n<li><strong>Reajuste aplicado:<\/strong>\u00a06,79% no piso nacional, contra 8% na tabela regional ga\u00facha.<\/li>\n\n\n\n<li><strong>Abrang\u00eancia:<\/strong>\u00a0Piso regional aplicado apenas a categorias sem piso em conven\u00e7\u00e3o ou lei espec\u00edfica.<\/li>\n<\/ul>\n\n\n\n<h2 class=\"wp-block-heading\">Qual \u00e9 a base legal do sal\u00e1rio m\u00ednimo regional do Rio Grande do Sul em 2026<\/h2>\n\n\n\n<p>Os valores em vigor para o\u00a0<strong>sal\u00e1rio m\u00ednimo regional do Rio Grande do Sul em 2026<\/strong>\u00a0foram definidos pela\u00a0<strong><a href=\"https:\/\/diariooficial.rs.gov.br\/resultado?tipoDiario=doe&amp;tipoMateria=Leis&amp;entidade=Atos%20do%20Governador&amp;dataIni=2025-06-11&amp;dataFim=2025-06-11&amp;forceFilter=false\" target=\"_blank\" rel=\"noreferrer noopener\">Lei Estadual n\u00ba 16.311, de 10 de junho de 2025<\/a><\/strong>, sancionada pelo governador Eduardo Leite. A norma entrou em vigor em junho de 2025 e passou a balizar contratos de trabalho de acordo com cada faixa.<\/p>\n\n\n\n<p>A exist\u00eancia desse piso regional \u00e9 autorizada pela\u00a0<strong><a href=\"https:\/\/legislacao.presidencia.gov.br\/ficha\/?\/legisla\/legislacao.nsf\/Viw_Identificacao\/lcp%20103-2000&amp;OpenDocument\" target=\"_blank\" rel=\"noreferrer noopener\">Lei Complementar Federal n\u00ba 103\/2000<\/a><\/strong>, que permite aos estados fixarem valores m\u00ednimos superiores ao sal\u00e1rio m\u00ednimo nacional. A lei estadual permanece v\u00e1lida at\u00e9 que outra seja aprovada, e detalhes atualizados podem ser consultados no portal da Assembleia Legislativa e no Di\u00e1rio Oficial do Estado.<\/p>\n\n\n\n<p>Veja abaixo a tabela com o resuma comparativo com o ano anterior: <\/p>\n\n\n\n<table style=\"width:100%; border-collapse:separate; border-spacing:0; font-family:Tahoma, sans-serif; background:#f3f8f6; border-radius:12px; overflow:hidden;\">\n  <thead>\n    <tr style=\"background:#2fb7a6;\">\n      <th style=\"padding:16px; text-align:left; color:#0f4f48; font-size:16px;\">\n        Crit\u00e9rio\n      <\/th>\n      <th style=\"padding:16px; text-align:left; color:#0f4f48; font-size:16px;\">\n        Sal\u00e1rio nacional (Brasil)\n      <\/th>\n      <th style=\"padding:16px; text-align:left; color:#0f4f48; font-size:16px;\">\n        Sal\u00e1rio regional (RS)\n      <\/th>\n    <\/tr>\n  <\/thead>\n\n  <tbody>\n    <tr style=\"background:#f3f8f6;\">\n      <td style=\"padding:14px; color:#355f5a; font-weight:600;\">\n        Valor em 2026\n      <\/td>\n      <td style=\"padding:14px; color:#355f5a;\">\n        R$ 1.621,00\n      <\/td>\n      <td style=\"padding:14px; color:#355f5a;\">\n        R$ 1.789,04 a R$ 2.267,27\n      <\/td>\n    <\/tr>\n\n    <tr style=\"background:#e3f2ef;\">\n      <td style=\"padding:14px; color:#355f5a; font-weight:600;\">\n        Aumento em 2026\n      <\/td>\n      <td style=\"padding:14px; color:#355f5a;\">\n        6,79%\n      <\/td>\n      <td style=\"padding:14px; color:#355f5a;\">\n        8,00%\n      <\/td>\n    <\/tr>\n\n    <tr style=\"background:#f3f8f6;\">\n      <td style=\"padding:14px; color:#355f5a; font-weight:600;\">\n        Aplica\u00e7\u00e3o\n      <\/td>\n      <td style=\"padding:14px; color:#355f5a;\">\n        Geral para todo o Brasil\n      <\/td>\n      <td style=\"padding:14px; color:#355f5a;\">\n        Categorias espec\u00edficas sem piso pr\u00f3prio no RS\n      <\/td>\n    <\/tr>\n\n    <tr style=\"background:#e3f2ef;\">\n      <td style=\"padding:14px; color:#355f5a; font-weight:600;\">\n        Base legal\n      <\/td>\n      <td style=\"padding:14px; color:#355f5a;\">\n        Decreto federal\n      <\/td>\n      <td style=\"padding:14px; color:#355f5a;\">\n        Lei estadual do RS\n      <\/td>\n    <\/tr>\n  <\/tbody>\n<\/table>\n\n\n\n\n<h2 class=\"wp-block-heading\">Como usar o sal\u00e1rio m\u00ednimo regional na pr\u00e1tica e por que agir agora<\/h2>\n\n\n\n<p>Na rotina trabalhista, o&nbsp;<strong>sal\u00e1rio m\u00ednimo regional do RS<\/strong>&nbsp;serve de base para admiss\u00f5es, reajustes e confer\u00eancia de direitos. O trabalhador precisa identificar sua categoria, verificar a faixa correspondente e comparar o valor registrado em carteira com o piso devido, buscando apoio sindical ou jur\u00eddico se houver pagamento abaixo do m\u00ednimo.<\/p>\n\n\n\n<p>N\u00e3o espere perceber a diferen\u00e7a apenas no fim do m\u00eas: confira hoje mesmo se o seu sal\u00e1rio est\u00e1 alinhado ao piso regional de 2026 e cobre o cumprimento dessas regras com urg\u00eancia. Cada m\u00eas pago abaixo da faixa representa perda real de renda e pode gerar passivos trabalhistas relevantes para empresas, por isso agir agora \u00e9 essencial para proteger seu bolso e sua seguran\u00e7a jur\u00eddica.<\/p>\n","protected":false},"excerpt":{"rendered":"<p>O reajuste no&nbsp;sal\u00e1rio m\u00ednimo regional do Rio Grande do Sul para 2026&nbsp;altera diretamente a remunera\u00e7\u00e3o de milhares de trabalhadores no estado. Com aumento de 8% em rela\u00e7\u00e3o \u00e0 tabela anterior, os novos pisos variam entre R$ 1.789,04 e R$ 2.267,27, de acordo com a atividade exercida, mantendo-se acima do sal\u00e1rio m\u00ednimo nacional, fixado em R$ [&hellip;]<\/p>\n","protected":false},"author":11,"featured_media":161057,"comment_status":"open","ping_status":"open","sticky":false,"template":"","format":"standard","meta":{"jnews-multi-image_gallery":[],"jnews_single_post":{"format":"standard"},"jnews_primary_category":[],"jnews_social_meta":[],"jnews_override_counter":[],"footnotes":""},"categories":[28,1],"tags":[465,23574,1506,717,19853,7493,264],"class_list":["post-161033","post","type-post","status-publish","format-standard","has-post-thumbnail","hentry","category-economia","category-noticias","tag-governo","tag-piso-estadual","tag-rio-grande-do-sul","tag-salario-minimo","tag-salario-minimo-2026","tag-salario-minimo-regional","tag-trabalhadores"],"yoast_head":"<!-- This site is optimized with the Yoast SEO plugin v23.8 - https:\/\/yoast.com\/wordpress\/plugins\/seo\/ -->\n<title>Com reajuste de 8% sal\u00e1rio m\u00ednimo sobe para R$ 1.789,04, come\u00e7a a ser pago em fevereiro e traz alegria para trabalhadores - Estado de Minas - Em foco<\/title>\n<meta name=\"description\" content=\"O novo sal\u00e1rio m\u00ednimo regional do RS define valores acima do piso nacional. Confira as faixas salariais e como isso afeta seu bolso.\" \/>\n<meta name=\"robots\" content=\"index, follow, max-snippet:-1, max-image-preview:large, max-video-preview:-1\" \/>\n<link rel=\"canonical\" href=\"https:\/\/www.em.com.br\/emfoco\/2026\/01\/28\/com-reajuste-de-8-salario-minimo-sobe-para-r-1-78904-comeca-a-ser-pago-em-fevereiro-e-traz-alegria-para-trabalhadores\/\" \/>\n<meta property=\"og:locale\" content=\"pt_BR\" \/>\n<meta property=\"og:type\" content=\"article\" \/>\n<meta property=\"og:title\" content=\"Com reajuste de 8% sal\u00e1rio m\u00ednimo sobe para R$ 1.789,04, come\u00e7a a ser pago em fevereiro e traz alegria para trabalhadores - Estado de Minas - Em foco\" \/>\n<meta property=\"og:description\" content=\"O novo sal\u00e1rio m\u00ednimo regional do RS define valores acima do piso nacional. Confira as faixas salariais e como isso afeta seu bolso.\" \/>\n<meta property=\"og:url\" content=\"https:\/\/www.em.com.br\/emfoco\/2026\/01\/28\/com-reajuste-de-8-salario-minimo-sobe-para-r-1-78904-comeca-a-ser-pago-em-fevereiro-e-traz-alegria-para-trabalhadores\/\" \/>\n<meta property=\"og:site_name\" content=\"Estado de Minas - Em foco\" \/>\n<meta property=\"article:published_time\" content=\"2026-01-28T11:30:00+00:00\" \/>\n<meta property=\"article:modified_time\" content=\"2026-01-28T00:39:45+00:00\" \/>\n<meta property=\"og:image\" content=\"https:\/\/www.em.com.br\/emfoco\/wp-content\/uploads\/2026\/01\/ChatGPT-Image-27-de-jan.-de-2026-18_12_56-1.png\" \/>\n\t<meta property=\"og:image:width\" content=\"1280\" \/>\n\t<meta property=\"og:image:height\" content=\"720\" \/>\n\t<meta property=\"og:image:type\" content=\"image\/png\" \/>\n<meta name=\"author\" content=\"Andre\u0301 Rangel\u00a0\" \/>\n<meta name=\"twitter:card\" content=\"summary_large_image\" \/>\n<meta name=\"twitter:label1\" content=\"Escrito por\" \/>\n\t<meta name=\"twitter:data1\" content=\"Andre\u0301 Rangel\u00a0\" \/>\n\t<meta name=\"twitter:label2\" content=\"Est. tempo de leitura\" \/>\n\t<meta name=\"twitter:data2\" content=\"5 minutos\" \/>\n<!-- \/ Yoast SEO plugin. -->","yoast_head_json":{"title":"Com reajuste de 8% sal\u00e1rio m\u00ednimo sobe para R$ 1.789,04, come\u00e7a a ser pago em fevereiro e traz alegria para trabalhadores - Estado de Minas - Em foco","description":"O novo sal\u00e1rio m\u00ednimo regional do RS define valores acima do piso nacional. Confira as faixas salariais e como isso afeta seu bolso.","robots":{"index":"index","follow":"follow","max-snippet":"max-snippet:-1","max-image-preview":"max-image-preview:large","max-video-preview":"max-video-preview:-1"},"canonical":"https:\/\/www.em.com.br\/emfoco\/2026\/01\/28\/com-reajuste-de-8-salario-minimo-sobe-para-r-1-78904-comeca-a-ser-pago-em-fevereiro-e-traz-alegria-para-trabalhadores\/","og_locale":"pt_BR","og_type":"article","og_title":"Com reajuste de 8% sal\u00e1rio m\u00ednimo sobe para R$ 1.789,04, come\u00e7a a ser pago em fevereiro e traz alegria para trabalhadores - Estado de Minas - Em foco","og_description":"O novo sal\u00e1rio m\u00ednimo regional do RS define valores acima do piso nacional. Confira as faixas salariais e como isso afeta seu bolso.","og_url":"https:\/\/www.em.com.br\/emfoco\/2026\/01\/28\/com-reajuste-de-8-salario-minimo-sobe-para-r-1-78904-comeca-a-ser-pago-em-fevereiro-e-traz-alegria-para-trabalhadores\/","og_site_name":"Estado de Minas - Em foco","article_published_time":"2026-01-28T11:30:00+00:00","article_modified_time":"2026-01-28T00:39:45+00:00","og_image":[{"width":1280,"height":720,"url":"https:\/\/www.em.com.br\/emfoco\/wp-content\/uploads\/2026\/01\/ChatGPT-Image-27-de-jan.-de-2026-18_12_56-1.png","type":"image\/png"}],"author":"Andre\u0301 Rangel\u00a0","twitter_card":"summary_large_image","twitter_misc":{"Escrito por":"Andre\u0301 Rangel\u00a0","Est. tempo de leitura":"5 minutos"},"schema":{"@context":"https:\/\/schema.org","@graph":[{"@type":"WebPage","@id":"https:\/\/www.em.com.br\/emfoco\/2026\/01\/28\/com-reajuste-de-8-salario-minimo-sobe-para-r-1-78904-comeca-a-ser-pago-em-fevereiro-e-traz-alegria-para-trabalhadores\/","url":"https:\/\/www.em.com.br\/emfoco\/2026\/01\/28\/com-reajuste-de-8-salario-minimo-sobe-para-r-1-78904-comeca-a-ser-pago-em-fevereiro-e-traz-alegria-para-trabalhadores\/","name":"Com reajuste de 8% sal\u00e1rio m\u00ednimo sobe para R$ 1.789,04, come\u00e7a a ser pago em fevereiro e traz alegria para trabalhadores - Estado de Minas - Em foco","isPartOf":{"@id":"https:\/\/www.em.com.br\/emfoco\/#website"},"primaryImageOfPage":{"@id":"https:\/\/www.em.com.br\/emfoco\/2026\/01\/28\/com-reajuste-de-8-salario-minimo-sobe-para-r-1-78904-comeca-a-ser-pago-em-fevereiro-e-traz-alegria-para-trabalhadores\/#primaryimage"},"image":{"@id":"https:\/\/www.em.com.br\/emfoco\/2026\/01\/28\/com-reajuste-de-8-salario-minimo-sobe-para-r-1-78904-comeca-a-ser-pago-em-fevereiro-e-traz-alegria-para-trabalhadores\/#primaryimage"},"thumbnailUrl":"https:\/\/www.em.com.br\/emfoco\/wp-content\/uploads\/2026\/01\/ChatGPT-Image-27-de-jan.-de-2026-18_12_56-1.png","datePublished":"2026-01-28T11:30:00+00:00","dateModified":"2026-01-28T00:39:45+00:00","author":{"@id":"https:\/\/www.em.com.br\/emfoco\/#\/schema\/person\/60eda09c1fedf0d6891f4cef4b60b8b8"},"description":"O novo sal\u00e1rio m\u00ednimo regional do RS define valores acima do piso nacional. Confira as faixas salariais e como isso afeta seu bolso.","breadcrumb":{"@id":"https:\/\/www.em.com.br\/emfoco\/2026\/01\/28\/com-reajuste-de-8-salario-minimo-sobe-para-r-1-78904-comeca-a-ser-pago-em-fevereiro-e-traz-alegria-para-trabalhadores\/#breadcrumb"},"inLanguage":"pt-BR","potentialAction":[{"@type":"ReadAction","target":["https:\/\/www.em.com.br\/emfoco\/2026\/01\/28\/com-reajuste-de-8-salario-minimo-sobe-para-r-1-78904-comeca-a-ser-pago-em-fevereiro-e-traz-alegria-para-trabalhadores\/"]}]},{"@type":"ImageObject","inLanguage":"pt-BR","@id":"https:\/\/www.em.com.br\/emfoco\/2026\/01\/28\/com-reajuste-de-8-salario-minimo-sobe-para-r-1-78904-comeca-a-ser-pago-em-fevereiro-e-traz-alegria-para-trabalhadores\/#primaryimage","url":"https:\/\/www.em.com.br\/emfoco\/wp-content\/uploads\/2026\/01\/ChatGPT-Image-27-de-jan.-de-2026-18_12_56-1.png","contentUrl":"https:\/\/www.em.com.br\/emfoco\/wp-content\/uploads\/2026\/01\/ChatGPT-Image-27-de-jan.-de-2026-18_12_56-1.png","width":1280,"height":720,"caption":"Novo sal\u00e1rio m\u00ednimo regional do RS em 2026"},{"@type":"BreadcrumbList","@id":"https:\/\/www.em.com.br\/emfoco\/2026\/01\/28\/com-reajuste-de-8-salario-minimo-sobe-para-r-1-78904-comeca-a-ser-pago-em-fevereiro-e-traz-alegria-para-trabalhadores\/#breadcrumb","itemListElement":[{"@type":"ListItem","position":1,"name":"In\u00edcio","item":"https:\/\/www.em.com.br\/emfoco\/"},{"@type":"ListItem","position":2,"name":"Com reajuste de 8% sal\u00e1rio m\u00ednimo sobe para R$ 1.789,04, come\u00e7a a ser pago em fevereiro e traz alegria para trabalhadores"}]},{"@type":"WebSite","@id":"https:\/\/www.em.com.br\/emfoco\/#website","url":"https:\/\/www.em.com.br\/emfoco\/","name":"Estado de Minas - Em foco","description":"Acompanhe as \u00faltimas not\u00edcias e fique bem informado sobre tudo o que acontece em Minas Gerais, Brasil e no mundo.","potentialAction":[{"@type":"SearchAction","target":{"@type":"EntryPoint","urlTemplate":"https:\/\/www.em.com.br\/emfoco\/?s={search_term_string}"},"query-input":{"@type":"PropertyValueSpecification","valueRequired":true,"valueName":"search_term_string"}}],"inLanguage":"pt-BR"},{"@type":"Person","@id":"https:\/\/www.em.com.br\/emfoco\/#\/schema\/person\/60eda09c1fedf0d6891f4cef4b60b8b8","name":"Andre\u0301 Rangel\u00a0","image":{"@type":"ImageObject","inLanguage":"pt-BR","@id":"https:\/\/www.em.com.br\/emfoco\/#\/schema\/person\/image\/","url":"https:\/\/secure.gravatar.com\/avatar\/6234dc814c77c8ef6d8bba622c787efc?s=96&d=mm&r=g","contentUrl":"https:\/\/secure.gravatar.com\/avatar\/6234dc814c77c8ef6d8bba622c787efc?s=96&d=mm&r=g","caption":"Andre\u0301 Rangel\u00a0"},"url":"https:\/\/www.em.com.br\/emfoco\/author\/luizmyth\/"}]}},"_links":{"self":[{"href":"https:\/\/www.em.com.br\/emfoco\/wp-json\/wp\/v2\/posts\/161033","targetHints":{"allow":["GET"]}}],"collection":[{"href":"https:\/\/www.em.com.br\/emfoco\/wp-json\/wp\/v2\/posts"}],"about":[{"href":"https:\/\/www.em.com.br\/emfoco\/wp-json\/wp\/v2\/types\/post"}],"author":[{"embeddable":true,"href":"https:\/\/www.em.com.br\/emfoco\/wp-json\/wp\/v2\/users\/11"}],"replies":[{"embeddable":true,"href":"https:\/\/www.em.com.br\/emfoco\/wp-json\/wp\/v2\/comments?post=161033"}],"version-history":[{"count":2,"href":"https:\/\/www.em.com.br\/emfoco\/wp-json\/wp\/v2\/posts\/161033\/revisions"}],"predecessor-version":[{"id":161058,"href":"https:\/\/www.em.com.br\/emfoco\/wp-json\/wp\/v2\/posts\/161033\/revisions\/161058"}],"wp:featuredmedia":[{"embeddable":true,"href":"https:\/\/www.em.com.br\/emfoco\/wp-json\/wp\/v2\/media\/161057"}],"wp:attachment":[{"href":"https:\/\/www.em.com.br\/emfoco\/wp-json\/wp\/v2\/media?parent=161033"}],"wp:term":[{"taxonomy":"category","embeddable":true,"href":"https:\/\/www.em.com.br\/emfoco\/wp-json\/wp\/v2\/categories?post=161033"},{"taxonomy":"post_tag","embeddable":true,"href":"https:\/\/www.em.com.br\/emfoco\/wp-json\/wp\/v2\/tags?post=161033"}],"curies":[{"name":"wp","href":"https:\/\/api.w.org\/{rel}","templated":true}]}}