{"id":161029,"date":"2026-01-27T17:55:00","date_gmt":"2026-01-27T20:55:00","guid":{"rendered":"https:\/\/www.em.com.br\/emfoco\/?p=161029"},"modified":"2026-01-27T16:53:23","modified_gmt":"2026-01-27T19:53:23","slug":"o-corte-shag-volta-como-tendencia-moderna-e-promete-dominar-os-saloes-em-fevereiro","status":"publish","type":"post","link":"https:\/\/www.em.com.br\/emfoco\/2026\/01\/27\/o-corte-shag-volta-como-tendencia-moderna-e-promete-dominar-os-saloes-em-fevereiro\/","title":{"rendered":"O corte shag volta como tend\u00eancia moderna e promete dominar os sal\u00f5es em fevereiro"},"content":{"rendered":"\n<p>O <strong>corte shag<\/strong> moderno est\u00e1 de volta com uma<strong> leitura mais sofisticada, leve e f\u00e1cil de manter<\/strong>, e tudo indica que vai dominar os sal\u00f5es em 2026. A gra\u00e7a dessa vers\u00e3o repaginada est\u00e1 no desfiado controlado, na textura natural e nas camadas desconectadas suaves, que criam movimento sem perder o acabamento elegante. <\/p>\n\n\n\n<p>Para quem busca <strong>praticidade com efeito profissional<\/strong>, esse corte entrega volume na medida, valoriza o caimento dos fios e conversa muito bem com rotinas de cuidados realistas, com finaliza\u00e7\u00f5es r\u00e1pidas e resultados bonitos em qualquer ocasi\u00e3o.<\/p>\n\n\n\n<h2 class=\"wp-block-heading\">Por que o shag moderno combina com rotinas corridas e ainda parece \u201cfeito no sal\u00e3o\u201d?<\/h2>\n\n\n\n<p>O diferencial do shag moderno \u00e9 que ele<strong> trabalha a estrutura do cabelo para facilitar o dia a dia<\/strong>. As camadas desconectadas suaves distribuem o volume e diminuem aquela sensa\u00e7\u00e3o de peso nas pontas, enquanto o desfiado controlado evita o aspecto \u201cbagun\u00e7ado\u201d e mant\u00e9m a forma alinhada. Isso significa menos tempo lutando com escova e mais tempo aproveitando o visual com naturalidade.<\/p>\n\n\n\n<p>Al\u00e9m disso, a textura natural \u00e9 a<strong> estrela do acabamento em 2026<\/strong>, e o shag valoriza exatamente isso. Com os produtos certos e uma t\u00e9cnica simples de secagem, o cabelo ganha movimento e defini\u00e7\u00e3o sem esfor\u00e7o excessivo, e o corte permanece bonito mesmo quando voc\u00ea alterna entre ondas, liso com chapinha ou finaliza\u00e7\u00e3o ao ar livre, facilitando os <a href=\"https:\/\/www.sbd.org.br\/cuidados\/higiene-capilar\/\" target=\"_blank\" rel=\"noreferrer noopener\"><strong>cuidados com o cabelo<\/strong><\/a>.<\/p>\n\n\n\n<h2 class=\"wp-block-heading\">Quais s\u00e3o os principais sinais de um shag moderno bem executado?<\/h2>\n\n\n\n<p>Antes de<a href=\"https:\/\/www.em.com.br\/emfoco\/2025\/10\/22\/como-escolher-o-corte-que-valoriza-seu-rosto-em-qualquer-ocasiao\/\" target=\"_blank\" rel=\"noreferrer noopener\"> <strong>escolher o corte<\/strong><\/a>, vale entender<strong> como identificar um shag realmente atual<\/strong>. A proposta n\u00e3o \u00e9 exagerar no desfiado, e sim criar camadas com transi\u00e7\u00f5es bem pensadas, para que o resultado fique leve, moderno e com textura natural. Esse <strong>equil\u00edbrio <\/strong>\u00e9 o que separa um shag repaginado de um corte apenas \u201crepicado\u201d.<\/p>\n\n\n\n<p>Para facilitar, observe estes pontos que costumam aparecer em um shag moderno de alta qualidade:<\/p>\n\n\n\n<ul class=\"wp-block-list\">\n<li><strong>Desfiado controlado:<\/strong> reduz peso e cria movimento sem \u201cesfarelar\u201d as pontas.<\/li>\n\n\n\n<li><strong>Camadas desconectadas suaves:<\/strong> d\u00e3o efeito de volume inteligente, com caimento natural.<\/li>\n\n\n\n<li><strong>Textura natural em evid\u00eancia:<\/strong> ondas e cachos ficam mais definidos, e o liso ganha leveza.<\/li>\n\n\n\n<li><strong>Contorno harmonioso:<\/strong> o corte emoldura o rosto sem endurecer a express\u00e3o.<\/li>\n<\/ul>\n\n\n\n<figure class=\"wp-block-image size-large\"><img loading=\"lazy\" decoding=\"async\" width=\"1024\" height=\"576\" src=\"https:\/\/www.em.com.br\/emfoco\/wp-content\/uploads\/2026\/01\/Copia-de-Copia-de-Mural-marrom-2026-01-27T164414.231-1024x576.jpg\" alt=\"O corte shag volta como tend\u00eancia moderna e promete dominar os sal\u00f5es em fevereiro\" class=\"wp-image-161030\" srcset=\"https:\/\/www.em.com.br\/emfoco\/wp-content\/uploads\/2026\/01\/Copia-de-Copia-de-Mural-marrom-2026-01-27T164414.231-1024x576.jpg 1024w, https:\/\/www.em.com.br\/emfoco\/wp-content\/uploads\/2026\/01\/Copia-de-Copia-de-Mural-marrom-2026-01-27T164414.231-300x169.jpg 300w, https:\/\/www.em.com.br\/emfoco\/wp-content\/uploads\/2026\/01\/Copia-de-Copia-de-Mural-marrom-2026-01-27T164414.231-768x432.jpg 768w, https:\/\/www.em.com.br\/emfoco\/wp-content\/uploads\/2026\/01\/Copia-de-Copia-de-Mural-marrom-2026-01-27T164414.231-750x422.jpg 750w, https:\/\/www.em.com.br\/emfoco\/wp-content\/uploads\/2026\/01\/Copia-de-Copia-de-Mural-marrom-2026-01-27T164414.231-1140x641.jpg 1140w, https:\/\/www.em.com.br\/emfoco\/wp-content\/uploads\/2026\/01\/Copia-de-Copia-de-Mural-marrom-2026-01-27T164414.231.jpg 1280w\" sizes=\"auto, (max-width: 1024px) 100vw, 1024px\" \/><figcaption class=\"wp-element-caption\">Camadas desconectadas suaves criam leveza e valorizam o caimento natural dos fios<\/figcaption><\/figure>\n\n\n\n<h2 class=\"wp-block-heading\">Como adaptar o shag moderno para cada tipo de fio sem perder a textura natural?<\/h2>\n\n\n\n<p>O segredo da adapta\u00e7\u00e3o est\u00e1 em<strong> respeitar a espessura e a densidade do cabelo<\/strong>. Em fios finos, as camadas desconectadas suaves precisam ser mais estrat\u00e9gicas para n\u00e3o reduzir massa demais, preservando um volume bonito e um acabamento encorpado. J\u00e1 em fios grossos, o desfiado controlado ajuda a distribuir o peso e a diminuir o <strong>volume excessivo, criando leveza<\/strong>.<\/p>\n\n\n\n<p>Em<strong> ondulados e cacheados<\/strong>, o shag moderno pode ser o melhor amigo da<strong> defini\u00e7\u00e3o<\/strong>, desde que as camadas sejam constru\u00eddas pensando no encolhimento do fio. Para lisos, a textura natural aparece com finaliza\u00e7\u00f5es simples, como spray texturizador e amassar leve nas pontas, criando um efeito moderno sem esfor\u00e7o e sem rigidez.<\/p>\n\n\n\n<h2 class=\"wp-block-heading\">Quais cuidados e finaliza\u00e7\u00f5es valorizam o desfiado controlado e as camadas suaves?<\/h2>\n\n\n\n<p>Um corte bem pensado <strong>brilha ainda mais quando a finaliza\u00e7\u00e3o respeita a proposta<\/strong>. Como o shag moderno depende da textura natural, o ideal \u00e9 apostar em produtos que tragam defini\u00e7\u00e3o, controle de frizz e movimento, sem pesar. O objetivo \u00e9 deixar as camadas \u201crespirarem\u201d, mantendo o cabelo com cara saud\u00e1vel e toque macio.<\/p>\n\n\n\n<p>Para manter o visual bonito entre lavagens e garantir resultado consistente, siga este combo pr\u00e1tico:<\/p>\n\n\n\n<ul class=\"wp-block-list\">\n<li><strong>Leave-in leve:<\/strong> ajuda no desembara\u00e7o e melhora o caimento das camadas.<\/li>\n\n\n\n<li><strong>Mousse ou creme de pentear na medida:<\/strong> real\u00e7a a textura natural com controle.<\/li>\n\n\n\n<li><strong>Spray texturizador:<\/strong> entrega volume e defini\u00e7\u00e3o com acabamento moderno.<\/li>\n\n\n\n<li><strong>Difusor ou secagem ao ar:<\/strong> preserva o movimento e evita frizz em excesso.<\/li>\n\n\n\n<li><strong>Manuten\u00e7\u00e3o inteligente:<\/strong> aparar pontas e reequilibrar camadas mant\u00e9m o corte sempre bonito.<\/li>\n<\/ul>\n\n\n\n<h2 class=\"wp-block-heading\">O que pedir no sal\u00e3o para garantir camadas desconectadas suaves sem exageros?<\/h2>\n\n\n\n<p>Na hora de conversar com o profissional, clareza faz toda a diferen\u00e7a. Em vez de pedir apenas \u201cshag\u201d, descreva o efeito desejado: <strong>movimento, leveza e textura natural<\/strong>, com desfiado controlado. Esse tipo de orienta\u00e7\u00e3o ajuda a evitar cortes muito agressivos, que podem deixar o cabelo com apar\u00eancia irregular e dif\u00edcil de alinhar.<\/p>\n\n\n\n<p>Tamb\u00e9m \u00e9 importante alinhar como voc\u00ea finaliza o cabelo no dia a dia. Se voc\u00ea prefere praticidade, pe\u00e7a um desenho de camadas desconectadas suaves que funcione com secagem r\u00e1pida e pouca escova. Assim, voc\u00ea sai do sal\u00e3o com um corte que se mant\u00e9m bonito na rotina real, com <strong>visual moderno e acabamento polido<\/strong>.<\/p>\n\n\n\n<p><\/p>\n","protected":false},"excerpt":{"rendered":"<p>O corte shag moderno est\u00e1 de volta com uma leitura mais sofisticada, leve e f\u00e1cil de manter, e tudo indica que vai dominar os sal\u00f5es em 2026. A gra\u00e7a dessa vers\u00e3o repaginada est\u00e1 no desfiado controlado, na textura natural e nas camadas desconectadas suaves, que criam movimento sem perder o acabamento elegante. Para quem busca [&hellip;]<\/p>\n","protected":false},"author":28,"featured_media":161031,"comment_status":"open","ping_status":"open","sticky":false,"template":"","format":"standard","meta":{"jnews-multi-image_gallery":[],"jnews_single_post":{"format":"standard"},"jnews_primary_category":[],"jnews_social_meta":[],"jnews_override_counter":[],"footnotes":""},"categories":[29],"tags":[23572,23573,23571,14636],"class_list":["post-161029","post","type-post","status-publish","format-standard","has-post-thumbnail","hentry","category-entretenimento","tag-camadas-desconectadas","tag-corte-shag","tag-shag-moderno","tag-textura-natural"],"yoast_head":"<!-- This site is optimized with the Yoast SEO plugin v23.8 - https:\/\/yoast.com\/wordpress\/plugins\/seo\/ -->\n<title>O corte shag volta como tend\u00eancia moderna e promete dominar os sal\u00f5es em fevereiro - Estado de Minas - Em foco<\/title>\n<meta name=\"description\" content=\"O corte de cabelo shag \u00e9 tend\u00eancia em 2026 por unir camadas suaves, textura natural e praticidade, com visual leve e acabamento elegante.\" \/>\n<meta name=\"robots\" content=\"index, follow, max-snippet:-1, max-image-preview:large, max-video-preview:-1\" \/>\n<link rel=\"canonical\" href=\"https:\/\/www.em.com.br\/emfoco\/2026\/01\/27\/o-corte-shag-volta-como-tendencia-moderna-e-promete-dominar-os-saloes-em-fevereiro\/\" \/>\n<meta property=\"og:locale\" content=\"pt_BR\" \/>\n<meta property=\"og:type\" content=\"article\" \/>\n<meta property=\"og:title\" content=\"O corte shag volta como tend\u00eancia moderna e promete dominar os sal\u00f5es em fevereiro - Estado de Minas - Em foco\" \/>\n<meta property=\"og:description\" content=\"O corte de cabelo shag \u00e9 tend\u00eancia em 2026 por unir camadas suaves, textura natural e praticidade, com visual leve e acabamento elegante.\" \/>\n<meta property=\"og:url\" content=\"https:\/\/www.em.com.br\/emfoco\/2026\/01\/27\/o-corte-shag-volta-como-tendencia-moderna-e-promete-dominar-os-saloes-em-fevereiro\/\" \/>\n<meta property=\"og:site_name\" content=\"Estado de Minas - Em foco\" \/>\n<meta property=\"article:published_time\" content=\"2026-01-27T20:55:00+00:00\" \/>\n<meta property=\"article:modified_time\" content=\"2026-01-27T19:53:23+00:00\" \/>\n<meta property=\"og:image\" content=\"https:\/\/www.em.com.br\/emfoco\/wp-content\/uploads\/2026\/01\/Copia-de-Copia-de-Mural-marrom-2026-01-27T164350.354.jpg\" \/>\n\t<meta property=\"og:image:width\" content=\"1280\" \/>\n\t<meta property=\"og:image:height\" content=\"720\" \/>\n\t<meta property=\"og:image:type\" content=\"image\/jpeg\" \/>\n<meta name=\"author\" content=\"Elis Gabrielle Santos Souza\" \/>\n<meta name=\"twitter:card\" content=\"summary_large_image\" \/>\n<meta name=\"twitter:label1\" content=\"Escrito por\" \/>\n\t<meta name=\"twitter:data1\" content=\"Elis Gabrielle Santos Souza\" \/>\n\t<meta name=\"twitter:label2\" content=\"Est. tempo de leitura\" \/>\n\t<meta name=\"twitter:data2\" content=\"5 minutos\" \/>\n<!-- \/ Yoast SEO plugin. -->","yoast_head_json":{"title":"O corte shag volta como tend\u00eancia moderna e promete dominar os sal\u00f5es em fevereiro - Estado de Minas - Em foco","description":"O corte de cabelo shag \u00e9 tend\u00eancia em 2026 por unir camadas suaves, textura natural e praticidade, com visual leve e acabamento elegante.","robots":{"index":"index","follow":"follow","max-snippet":"max-snippet:-1","max-image-preview":"max-image-preview:large","max-video-preview":"max-video-preview:-1"},"canonical":"https:\/\/www.em.com.br\/emfoco\/2026\/01\/27\/o-corte-shag-volta-como-tendencia-moderna-e-promete-dominar-os-saloes-em-fevereiro\/","og_locale":"pt_BR","og_type":"article","og_title":"O corte shag volta como tend\u00eancia moderna e promete dominar os sal\u00f5es em fevereiro - Estado de Minas - Em foco","og_description":"O corte de cabelo shag \u00e9 tend\u00eancia em 2026 por unir camadas suaves, textura natural e praticidade, com visual leve e acabamento elegante.","og_url":"https:\/\/www.em.com.br\/emfoco\/2026\/01\/27\/o-corte-shag-volta-como-tendencia-moderna-e-promete-dominar-os-saloes-em-fevereiro\/","og_site_name":"Estado de Minas - Em foco","article_published_time":"2026-01-27T20:55:00+00:00","article_modified_time":"2026-01-27T19:53:23+00:00","og_image":[{"width":1280,"height":720,"url":"https:\/\/www.em.com.br\/emfoco\/wp-content\/uploads\/2026\/01\/Copia-de-Copia-de-Mural-marrom-2026-01-27T164350.354.jpg","type":"image\/jpeg"}],"author":"Elis Gabrielle Santos Souza","twitter_card":"summary_large_image","twitter_misc":{"Escrito por":"Elis Gabrielle Santos Souza","Est. tempo de leitura":"5 minutos"},"schema":{"@context":"https:\/\/schema.org","@graph":[{"@type":"WebPage","@id":"https:\/\/www.em.com.br\/emfoco\/2026\/01\/27\/o-corte-shag-volta-como-tendencia-moderna-e-promete-dominar-os-saloes-em-fevereiro\/","url":"https:\/\/www.em.com.br\/emfoco\/2026\/01\/27\/o-corte-shag-volta-como-tendencia-moderna-e-promete-dominar-os-saloes-em-fevereiro\/","name":"O corte shag volta como tend\u00eancia moderna e promete dominar os sal\u00f5es em fevereiro - Estado de Minas - Em foco","isPartOf":{"@id":"https:\/\/www.em.com.br\/emfoco\/#website"},"primaryImageOfPage":{"@id":"https:\/\/www.em.com.br\/emfoco\/2026\/01\/27\/o-corte-shag-volta-como-tendencia-moderna-e-promete-dominar-os-saloes-em-fevereiro\/#primaryimage"},"image":{"@id":"https:\/\/www.em.com.br\/emfoco\/2026\/01\/27\/o-corte-shag-volta-como-tendencia-moderna-e-promete-dominar-os-saloes-em-fevereiro\/#primaryimage"},"thumbnailUrl":"https:\/\/www.em.com.br\/emfoco\/wp-content\/uploads\/2026\/01\/Copia-de-Copia-de-Mural-marrom-2026-01-27T164350.354.jpg","datePublished":"2026-01-27T20:55:00+00:00","dateModified":"2026-01-27T19:53:23+00:00","author":{"@id":"https:\/\/www.em.com.br\/emfoco\/#\/schema\/person\/0c545bffa944f9caa147d776b5f6f1f5"},"description":"O corte de cabelo shag \u00e9 tend\u00eancia em 2026 por unir camadas suaves, textura natural e praticidade, com visual leve e acabamento elegante.","breadcrumb":{"@id":"https:\/\/www.em.com.br\/emfoco\/2026\/01\/27\/o-corte-shag-volta-como-tendencia-moderna-e-promete-dominar-os-saloes-em-fevereiro\/#breadcrumb"},"inLanguage":"pt-BR","potentialAction":[{"@type":"ReadAction","target":["https:\/\/www.em.com.br\/emfoco\/2026\/01\/27\/o-corte-shag-volta-como-tendencia-moderna-e-promete-dominar-os-saloes-em-fevereiro\/"]}]},{"@type":"ImageObject","inLanguage":"pt-BR","@id":"https:\/\/www.em.com.br\/emfoco\/2026\/01\/27\/o-corte-shag-volta-como-tendencia-moderna-e-promete-dominar-os-saloes-em-fevereiro\/#primaryimage","url":"https:\/\/www.em.com.br\/emfoco\/wp-content\/uploads\/2026\/01\/Copia-de-Copia-de-Mural-marrom-2026-01-27T164350.354.jpg","contentUrl":"https:\/\/www.em.com.br\/emfoco\/wp-content\/uploads\/2026\/01\/Copia-de-Copia-de-Mural-marrom-2026-01-27T164350.354.jpg","width":1280,"height":720,"caption":"O shag moderno entrega movimento e volume equilibrado sem exigir manuten\u00e7\u00e3o complexa"},{"@type":"BreadcrumbList","@id":"https:\/\/www.em.com.br\/emfoco\/2026\/01\/27\/o-corte-shag-volta-como-tendencia-moderna-e-promete-dominar-os-saloes-em-fevereiro\/#breadcrumb","itemListElement":[{"@type":"ListItem","position":1,"name":"In\u00edcio","item":"https:\/\/www.em.com.br\/emfoco\/"},{"@type":"ListItem","position":2,"name":"O corte shag volta como tend\u00eancia moderna e promete dominar os sal\u00f5es em fevereiro"}]},{"@type":"WebSite","@id":"https:\/\/www.em.com.br\/emfoco\/#website","url":"https:\/\/www.em.com.br\/emfoco\/","name":"Estado de Minas - Em foco","description":"Acompanhe as \u00faltimas not\u00edcias e fique bem informado sobre tudo o que acontece em Minas Gerais, Brasil e no mundo.","potentialAction":[{"@type":"SearchAction","target":{"@type":"EntryPoint","urlTemplate":"https:\/\/www.em.com.br\/emfoco\/?s={search_term_string}"},"query-input":{"@type":"PropertyValueSpecification","valueRequired":true,"valueName":"search_term_string"}}],"inLanguage":"pt-BR"},{"@type":"Person","@id":"https:\/\/www.em.com.br\/emfoco\/#\/schema\/person\/0c545bffa944f9caa147d776b5f6f1f5","name":"Elis Gabrielle Santos Souza","image":{"@type":"ImageObject","inLanguage":"pt-BR","@id":"https:\/\/www.em.com.br\/emfoco\/#\/schema\/person\/image\/","url":"https:\/\/secure.gravatar.com\/avatar\/1dc86c254cebb74d9c8a14da612c52db?s=96&d=mm&r=g","contentUrl":"https:\/\/secure.gravatar.com\/avatar\/1dc86c254cebb74d9c8a14da612c52db?s=96&d=mm&r=g","caption":"Elis Gabrielle Santos Souza"},"sameAs":["https:\/\/www.em.com.br\/emfoco"],"url":"https:\/\/www.em.com.br\/emfoco\/author\/elis-myth\/"}]}},"_links":{"self":[{"href":"https:\/\/www.em.com.br\/emfoco\/wp-json\/wp\/v2\/posts\/161029","targetHints":{"allow":["GET"]}}],"collection":[{"href":"https:\/\/www.em.com.br\/emfoco\/wp-json\/wp\/v2\/posts"}],"about":[{"href":"https:\/\/www.em.com.br\/emfoco\/wp-json\/wp\/v2\/types\/post"}],"author":[{"embeddable":true,"href":"https:\/\/www.em.com.br\/emfoco\/wp-json\/wp\/v2\/users\/28"}],"replies":[{"embeddable":true,"href":"https:\/\/www.em.com.br\/emfoco\/wp-json\/wp\/v2\/comments?post=161029"}],"version-history":[{"count":1,"href":"https:\/\/www.em.com.br\/emfoco\/wp-json\/wp\/v2\/posts\/161029\/revisions"}],"predecessor-version":[{"id":161032,"href":"https:\/\/www.em.com.br\/emfoco\/wp-json\/wp\/v2\/posts\/161029\/revisions\/161032"}],"wp:featuredmedia":[{"embeddable":true,"href":"https:\/\/www.em.com.br\/emfoco\/wp-json\/wp\/v2\/media\/161031"}],"wp:attachment":[{"href":"https:\/\/www.em.com.br\/emfoco\/wp-json\/wp\/v2\/media?parent=161029"}],"wp:term":[{"taxonomy":"category","embeddable":true,"href":"https:\/\/www.em.com.br\/emfoco\/wp-json\/wp\/v2\/categories?post=161029"},{"taxonomy":"post_tag","embeddable":true,"href":"https:\/\/www.em.com.br\/emfoco\/wp-json\/wp\/v2\/tags?post=161029"}],"curies":[{"name":"wp","href":"https:\/\/api.w.org\/{rel}","templated":true}]}}