{"id":161025,"date":"2026-01-27T17:15:00","date_gmt":"2026-01-27T20:15:00","guid":{"rendered":"https:\/\/www.em.com.br\/emfoco\/?p=161025"},"modified":"2026-01-27T16:37:11","modified_gmt":"2026-01-27T19:37:11","slug":"o-corte-com-franja-cortininha-volta-como-tendencia-forte-e-vai-dominar-os-saloes-em-2026","status":"publish","type":"post","link":"https:\/\/www.em.com.br\/emfoco\/2026\/01\/27\/o-corte-com-franja-cortininha-volta-como-tendencia-forte-e-vai-dominar-os-saloes-em-2026\/","title":{"rendered":"O corte com franja cortininha volta como tend\u00eancia forte e vai dominar os sal\u00f5es em 2026"},"content":{"rendered":"\n<p>A <strong>franja cortininha<\/strong> retorna com <strong>for\u00e7a total e se consolida como uma das escolhas mais estrat\u00e9gicas <\/strong>para quem busca renovar o visual sem abrir m\u00e3o da harmonia facial. Em <strong>2026<\/strong>, esse estilo ganha <strong>destaque por valorizar o rosto<\/strong>, trazer leveza ao corte e favorecer diferentes texturas de cabelo. Mais do que uma tend\u00eancia est\u00e9tica, a franja cortininha se conecta diretamente com autoestima, bem estar e equil\u00edbrio da imagem pessoal.<\/p>\n\n\n\n<h2 class=\"wp-block-heading\">Por que a franja cortininha voltou com tanta for\u00e7a em 2026?<\/h2>\n\n\n\n<p>A<strong> popularidade da franja cortininha<\/strong> cresce porque ela entrega um visual moderno <strong>aliado a praticidade no dia a dia<\/strong>. O corte dialoga com rotinas ativas, treinos, compromissos profissionais e momentos de autocuidado, sem exigir manuten\u00e7\u00f5es complexas. Essa versatilidade faz com que ela se encaixe perfeitamente em estilos de vida mais din\u00e2micos.<\/p>\n\n\n\n<p>Al\u00e9m disso, a busca por uma <strong>apar\u00eancia natural e funcional<\/strong> impulsiona escolhas que respeitam o movimento do cabelo e o formato do rosto. A franja cortininha atende exatamente a esse desejo, pois cria uma moldura facial suave e adapt\u00e1vel, favorecendo tanto <a href=\"https:\/\/www.em.com.br\/emfoco\/2026\/01\/17\/como-ter-cabelos-lisos-e-sedosos-sem-usar-chapinha-todos-os-dias\/\" target=\"_blank\" rel=\"noreferrer noopener\">cabelos lisos<\/a> quanto ondulados e cacheados.<\/p>\n\n\n\n<h2 class=\"wp-block-heading\">Como a franja cortininha contribui para o equil\u00edbrio das propor\u00e7\u00f5es do rosto?<\/h2>\n\n\n\n<p>Um dos grandes diferenciais da franja cortininha est\u00e1 na <strong>capacidade de harmonizar as propor\u00e7\u00f5es faciais<\/strong>. Ela atua como um recurso visual que suaviza \u00e2ngulos, alonga ou encurta visualmente o rosto e destaca pontos fortes como olhos e ma\u00e7\u00e3s do rosto. Essa adapta\u00e7\u00e3o faz toda a diferen\u00e7a no resultado final.<\/p>\n\n\n\n<p>Para entender melhor como esse efeito acontece na pr\u00e1tica, vale observar os principais<strong> benef\u00edcios est\u00e9ticos proporcionados pelo corte<\/strong>. Cada detalhe da franja \u00e9 pensado para criar equil\u00edbrio e fluidez no visual.<\/p>\n\n\n\n<ul class=\"wp-block-list\">\n<li>Ajuda a suavizar testas mais largas de forma natural;<\/li>\n\n\n\n<li>Valoriza o contorno do rosto com efeito de face framing;<\/li>\n\n\n\n<li>Cria sensa\u00e7\u00e3o de simetria e leveza na express\u00e3o facial.<\/li>\n<\/ul>\n\n\n\n<figure class=\"wp-block-image size-large\"><img loading=\"lazy\" decoding=\"async\" width=\"1024\" height=\"576\" src=\"https:\/\/www.em.com.br\/emfoco\/wp-content\/uploads\/2026\/01\/Copia-de-Copia-de-Mural-marrom-2026-01-27T163156.277-1024x576.jpg\" alt=\"O corte com franja cortininha volta como tend\u00eancia forte e vai dominar os sal\u00f5es em 2026\" class=\"wp-image-161026\" srcset=\"https:\/\/www.em.com.br\/emfoco\/wp-content\/uploads\/2026\/01\/Copia-de-Copia-de-Mural-marrom-2026-01-27T163156.277-1024x576.jpg 1024w, https:\/\/www.em.com.br\/emfoco\/wp-content\/uploads\/2026\/01\/Copia-de-Copia-de-Mural-marrom-2026-01-27T163156.277-300x169.jpg 300w, https:\/\/www.em.com.br\/emfoco\/wp-content\/uploads\/2026\/01\/Copia-de-Copia-de-Mural-marrom-2026-01-27T163156.277-768x432.jpg 768w, https:\/\/www.em.com.br\/emfoco\/wp-content\/uploads\/2026\/01\/Copia-de-Copia-de-Mural-marrom-2026-01-27T163156.277-750x422.jpg 750w, https:\/\/www.em.com.br\/emfoco\/wp-content\/uploads\/2026\/01\/Copia-de-Copia-de-Mural-marrom-2026-01-27T163156.277-1140x641.jpg 1140w, https:\/\/www.em.com.br\/emfoco\/wp-content\/uploads\/2026\/01\/Copia-de-Copia-de-Mural-marrom-2026-01-27T163156.277.jpg 1280w\" sizes=\"auto, (max-width: 1024px) 100vw, 1024px\" \/><figcaption class=\"wp-element-caption\">O corte cria uma moldura suave que valoriza diferentes formatos de rosto<\/figcaption><\/figure>\n\n\n\n<h2 class=\"wp-block-heading\">Quais estilos de cabelo combinam melhor com a franja cortininha?<\/h2>\n\n\n\n<p>A franja cortininha se destaca por sua<strong> adapta\u00e7\u00e3o a diferentes comprimentos <\/strong>e propostas de corte. Desde fios longos at\u00e9 m\u00e9dios e curtos, ela se ajusta facilmente, mantendo a est\u00e9tica equilibrada e funcional. Essa flexibilidade contribui para sua presen\u00e7a constante nos sal\u00f5es.<\/p>\n\n\n\n<p>Antes de escolher o estilo ideal, \u00e9 importante compreender como a franja dialoga com cada tipo de cabelo e rotina. Alguns formatos se beneficiam ainda mais desse acabamento estrat\u00e9gico.<\/p>\n\n\n\n<ul class=\"wp-block-list\">\n<li>Cabelos longos ganham movimento e leveza ao redor do rosto;<\/li>\n\n\n\n<li>Cortes m\u00e9dios ficam mais modernos e com visual saud\u00e1vel;<\/li>\n\n\n\n<li>Fios ondulados e cacheados recebem defini\u00e7\u00e3o sem pesar.<\/li>\n<\/ul>\n\n\n\n<h2 class=\"wp-block-heading\">Como manter a franja cortininha alinhada com uma rotina ativa?<\/h2>\n\n\n\n<p>Manter a franja cortininha bonita e funcional \u00e9 simples quando<strong> integrada a <a href=\"https:\/\/www.who.int\/news-room\/fact-sheets\/detail\/self-care-health-interventions\" target=\"_blank\" rel=\"noreferrer noopener\">h\u00e1bitos de autocuidado<\/a><\/strong>. Pequenos ajustes na finaliza\u00e7\u00e3o e na escolha de produtos ajudam a preservar o formato, mesmo ap\u00f3s treinos, atividades f\u00edsicas ou longos per\u00edodos fora de casa.<\/p>\n\n\n\n<p>Secagens r\u00e1pidas, uso moderado de finalizadores leves e cortes de<strong> manuten\u00e7\u00e3o espa\u00e7ados<\/strong> tornam a franja uma aliada da praticidade. Dessa forma, o visual permanece equilibrado, saud\u00e1vel e alinhado com uma rotina que prioriza<strong> movimento, bem-estar e confian\u00e7a<\/strong>.<\/p>\n","protected":false},"excerpt":{"rendered":"<p>A franja cortininha retorna com for\u00e7a total e se consolida como uma das escolhas mais estrat\u00e9gicas para quem busca renovar o visual sem abrir m\u00e3o da harmonia facial. Em 2026, esse estilo ganha destaque por valorizar o rosto, trazer leveza ao corte e favorecer diferentes texturas de cabelo. Mais do que uma tend\u00eancia est\u00e9tica, a [&hellip;]<\/p>\n","protected":false},"author":28,"featured_media":161027,"comment_status":"open","ping_status":"open","sticky":false,"template":"","format":"standard","meta":{"jnews-multi-image_gallery":[],"jnews_single_post":{"format":"standard"},"jnews_primary_category":[],"jnews_social_meta":[],"jnews_override_counter":[],"footnotes":""},"categories":[29],"tags":[4906,5280,19071,23570],"class_list":["post-161025","post","type-post","status-publish","format-standard","has-post-thumbnail","hentry","category-entretenimento","tag-corte-de-cabelo","tag-estetica","tag-franja-cortininha","tag-harmonia-facial"],"yoast_head":"<!-- This site is optimized with the Yoast SEO plugin v23.8 - https:\/\/yoast.com\/wordpress\/plugins\/seo\/ -->\n<title>O corte com franja cortininha volta como tend\u00eancia forte e vai dominar os sal\u00f5es em 2026 - Estado de Minas - Em foco<\/title>\n<meta name=\"description\" content=\"Franja cortininha se firma em 2026 como op\u00e7\u00e3o vers\u00e1til que valoriza o rosto, traz leveza ao visual e combina com rotinas ativas.\" \/>\n<meta name=\"robots\" content=\"index, follow, max-snippet:-1, max-image-preview:large, max-video-preview:-1\" \/>\n<link rel=\"canonical\" href=\"https:\/\/www.em.com.br\/emfoco\/2026\/01\/27\/o-corte-com-franja-cortininha-volta-como-tendencia-forte-e-vai-dominar-os-saloes-em-2026\/\" \/>\n<meta property=\"og:locale\" content=\"pt_BR\" \/>\n<meta property=\"og:type\" content=\"article\" \/>\n<meta property=\"og:title\" content=\"O corte com franja cortininha volta como tend\u00eancia forte e vai dominar os sal\u00f5es em 2026 - Estado de Minas - Em foco\" \/>\n<meta property=\"og:description\" content=\"Franja cortininha se firma em 2026 como op\u00e7\u00e3o vers\u00e1til que valoriza o rosto, traz leveza ao visual e combina com rotinas ativas.\" \/>\n<meta property=\"og:url\" content=\"https:\/\/www.em.com.br\/emfoco\/2026\/01\/27\/o-corte-com-franja-cortininha-volta-como-tendencia-forte-e-vai-dominar-os-saloes-em-2026\/\" \/>\n<meta property=\"og:site_name\" content=\"Estado de Minas - Em foco\" \/>\n<meta property=\"article:published_time\" content=\"2026-01-27T20:15:00+00:00\" \/>\n<meta property=\"article:modified_time\" content=\"2026-01-27T19:37:11+00:00\" \/>\n<meta property=\"og:image\" content=\"https:\/\/www.em.com.br\/emfoco\/wp-content\/uploads\/2026\/01\/Copia-de-Copia-de-Mural-marrom-2026-01-27T163111.491.jpg\" \/>\n\t<meta property=\"og:image:width\" content=\"1280\" \/>\n\t<meta property=\"og:image:height\" content=\"720\" \/>\n\t<meta property=\"og:image:type\" content=\"image\/jpeg\" \/>\n<meta name=\"author\" content=\"Elis Gabrielle Santos Souza\" \/>\n<meta name=\"twitter:card\" content=\"summary_large_image\" \/>\n<meta name=\"twitter:label1\" content=\"Escrito por\" \/>\n\t<meta name=\"twitter:data1\" content=\"Elis Gabrielle Santos Souza\" \/>\n\t<meta name=\"twitter:label2\" content=\"Est. tempo de leitura\" \/>\n\t<meta name=\"twitter:data2\" content=\"4 minutos\" \/>\n<!-- \/ Yoast SEO plugin. -->","yoast_head_json":{"title":"O corte com franja cortininha volta como tend\u00eancia forte e vai dominar os sal\u00f5es em 2026 - Estado de Minas - Em foco","description":"Franja cortininha se firma em 2026 como op\u00e7\u00e3o vers\u00e1til que valoriza o rosto, traz leveza ao visual e combina com rotinas ativas.","robots":{"index":"index","follow":"follow","max-snippet":"max-snippet:-1","max-image-preview":"max-image-preview:large","max-video-preview":"max-video-preview:-1"},"canonical":"https:\/\/www.em.com.br\/emfoco\/2026\/01\/27\/o-corte-com-franja-cortininha-volta-como-tendencia-forte-e-vai-dominar-os-saloes-em-2026\/","og_locale":"pt_BR","og_type":"article","og_title":"O corte com franja cortininha volta como tend\u00eancia forte e vai dominar os sal\u00f5es em 2026 - Estado de Minas - Em foco","og_description":"Franja cortininha se firma em 2026 como op\u00e7\u00e3o vers\u00e1til que valoriza o rosto, traz leveza ao visual e combina com rotinas ativas.","og_url":"https:\/\/www.em.com.br\/emfoco\/2026\/01\/27\/o-corte-com-franja-cortininha-volta-como-tendencia-forte-e-vai-dominar-os-saloes-em-2026\/","og_site_name":"Estado de Minas - Em foco","article_published_time":"2026-01-27T20:15:00+00:00","article_modified_time":"2026-01-27T19:37:11+00:00","og_image":[{"width":1280,"height":720,"url":"https:\/\/www.em.com.br\/emfoco\/wp-content\/uploads\/2026\/01\/Copia-de-Copia-de-Mural-marrom-2026-01-27T163111.491.jpg","type":"image\/jpeg"}],"author":"Elis Gabrielle Santos Souza","twitter_card":"summary_large_image","twitter_misc":{"Escrito por":"Elis Gabrielle Santos Souza","Est. tempo de leitura":"4 minutos"},"schema":{"@context":"https:\/\/schema.org","@graph":[{"@type":"WebPage","@id":"https:\/\/www.em.com.br\/emfoco\/2026\/01\/27\/o-corte-com-franja-cortininha-volta-como-tendencia-forte-e-vai-dominar-os-saloes-em-2026\/","url":"https:\/\/www.em.com.br\/emfoco\/2026\/01\/27\/o-corte-com-franja-cortininha-volta-como-tendencia-forte-e-vai-dominar-os-saloes-em-2026\/","name":"O corte com franja cortininha volta como tend\u00eancia forte e vai dominar os sal\u00f5es em 2026 - Estado de Minas - Em foco","isPartOf":{"@id":"https:\/\/www.em.com.br\/emfoco\/#website"},"primaryImageOfPage":{"@id":"https:\/\/www.em.com.br\/emfoco\/2026\/01\/27\/o-corte-com-franja-cortininha-volta-como-tendencia-forte-e-vai-dominar-os-saloes-em-2026\/#primaryimage"},"image":{"@id":"https:\/\/www.em.com.br\/emfoco\/2026\/01\/27\/o-corte-com-franja-cortininha-volta-como-tendencia-forte-e-vai-dominar-os-saloes-em-2026\/#primaryimage"},"thumbnailUrl":"https:\/\/www.em.com.br\/emfoco\/wp-content\/uploads\/2026\/01\/Copia-de-Copia-de-Mural-marrom-2026-01-27T163111.491.jpg","datePublished":"2026-01-27T20:15:00+00:00","dateModified":"2026-01-27T19:37:11+00:00","author":{"@id":"https:\/\/www.em.com.br\/emfoco\/#\/schema\/person\/0c545bffa944f9caa147d776b5f6f1f5"},"description":"Franja cortininha se firma em 2026 como op\u00e7\u00e3o vers\u00e1til que valoriza o rosto, traz leveza ao visual e combina com rotinas ativas.","breadcrumb":{"@id":"https:\/\/www.em.com.br\/emfoco\/2026\/01\/27\/o-corte-com-franja-cortininha-volta-como-tendencia-forte-e-vai-dominar-os-saloes-em-2026\/#breadcrumb"},"inLanguage":"pt-BR","potentialAction":[{"@type":"ReadAction","target":["https:\/\/www.em.com.br\/emfoco\/2026\/01\/27\/o-corte-com-franja-cortininha-volta-como-tendencia-forte-e-vai-dominar-os-saloes-em-2026\/"]}]},{"@type":"ImageObject","inLanguage":"pt-BR","@id":"https:\/\/www.em.com.br\/emfoco\/2026\/01\/27\/o-corte-com-franja-cortininha-volta-como-tendencia-forte-e-vai-dominar-os-saloes-em-2026\/#primaryimage","url":"https:\/\/www.em.com.br\/emfoco\/wp-content\/uploads\/2026\/01\/Copia-de-Copia-de-Mural-marrom-2026-01-27T163111.491.jpg","contentUrl":"https:\/\/www.em.com.br\/emfoco\/wp-content\/uploads\/2026\/01\/Copia-de-Copia-de-Mural-marrom-2026-01-27T163111.491.jpg","width":1280,"height":720,"caption":"A franja cortininha une modernidade, praticidade e equil\u00edbrio da imagem pessoal"},{"@type":"BreadcrumbList","@id":"https:\/\/www.em.com.br\/emfoco\/2026\/01\/27\/o-corte-com-franja-cortininha-volta-como-tendencia-forte-e-vai-dominar-os-saloes-em-2026\/#breadcrumb","itemListElement":[{"@type":"ListItem","position":1,"name":"In\u00edcio","item":"https:\/\/www.em.com.br\/emfoco\/"},{"@type":"ListItem","position":2,"name":"O corte com franja cortininha volta como tend\u00eancia forte e vai dominar os sal\u00f5es em 2026"}]},{"@type":"WebSite","@id":"https:\/\/www.em.com.br\/emfoco\/#website","url":"https:\/\/www.em.com.br\/emfoco\/","name":"Estado de Minas - Em foco","description":"Acompanhe as \u00faltimas not\u00edcias e fique bem informado sobre tudo o que acontece em Minas Gerais, Brasil e no mundo.","potentialAction":[{"@type":"SearchAction","target":{"@type":"EntryPoint","urlTemplate":"https:\/\/www.em.com.br\/emfoco\/?s={search_term_string}"},"query-input":{"@type":"PropertyValueSpecification","valueRequired":true,"valueName":"search_term_string"}}],"inLanguage":"pt-BR"},{"@type":"Person","@id":"https:\/\/www.em.com.br\/emfoco\/#\/schema\/person\/0c545bffa944f9caa147d776b5f6f1f5","name":"Elis Gabrielle Santos Souza","image":{"@type":"ImageObject","inLanguage":"pt-BR","@id":"https:\/\/www.em.com.br\/emfoco\/#\/schema\/person\/image\/","url":"https:\/\/secure.gravatar.com\/avatar\/1dc86c254cebb74d9c8a14da612c52db?s=96&d=mm&r=g","contentUrl":"https:\/\/secure.gravatar.com\/avatar\/1dc86c254cebb74d9c8a14da612c52db?s=96&d=mm&r=g","caption":"Elis Gabrielle Santos Souza"},"sameAs":["https:\/\/www.em.com.br\/emfoco"],"url":"https:\/\/www.em.com.br\/emfoco\/author\/elis-myth\/"}]}},"_links":{"self":[{"href":"https:\/\/www.em.com.br\/emfoco\/wp-json\/wp\/v2\/posts\/161025","targetHints":{"allow":["GET"]}}],"collection":[{"href":"https:\/\/www.em.com.br\/emfoco\/wp-json\/wp\/v2\/posts"}],"about":[{"href":"https:\/\/www.em.com.br\/emfoco\/wp-json\/wp\/v2\/types\/post"}],"author":[{"embeddable":true,"href":"https:\/\/www.em.com.br\/emfoco\/wp-json\/wp\/v2\/users\/28"}],"replies":[{"embeddable":true,"href":"https:\/\/www.em.com.br\/emfoco\/wp-json\/wp\/v2\/comments?post=161025"}],"version-history":[{"count":1,"href":"https:\/\/www.em.com.br\/emfoco\/wp-json\/wp\/v2\/posts\/161025\/revisions"}],"predecessor-version":[{"id":161028,"href":"https:\/\/www.em.com.br\/emfoco\/wp-json\/wp\/v2\/posts\/161025\/revisions\/161028"}],"wp:featuredmedia":[{"embeddable":true,"href":"https:\/\/www.em.com.br\/emfoco\/wp-json\/wp\/v2\/media\/161027"}],"wp:attachment":[{"href":"https:\/\/www.em.com.br\/emfoco\/wp-json\/wp\/v2\/media?parent=161025"}],"wp:term":[{"taxonomy":"category","embeddable":true,"href":"https:\/\/www.em.com.br\/emfoco\/wp-json\/wp\/v2\/categories?post=161025"},{"taxonomy":"post_tag","embeddable":true,"href":"https:\/\/www.em.com.br\/emfoco\/wp-json\/wp\/v2\/tags?post=161025"}],"curies":[{"name":"wp","href":"https:\/\/api.w.org\/{rel}","templated":true}]}}