{"id":161016,"date":"2026-01-27T16:55:00","date_gmt":"2026-01-27T19:55:00","guid":{"rendered":"https:\/\/www.em.com.br\/emfoco\/?p=161016"},"modified":"2026-01-27T16:00:31","modified_gmt":"2026-01-27T19:00:31","slug":"adeus-as-unhas-longas-de-sempre-a-nova-tendencia-minimalista-que-deixa-as-maos-elegantes-e-vai-bombar-em-2026","status":"publish","type":"post","link":"https:\/\/www.em.com.br\/emfoco\/2026\/01\/27\/adeus-as-unhas-longas-de-sempre-a-nova-tendencia-minimalista-que-deixa-as-maos-elegantes-e-vai-bombar-em-2026\/","title":{"rendered":"Adeus \u00e0s unhas longas de sempre: a nova tend\u00eancia minimalista que deixa as m\u00e3os elegantes e vai bombar em 2026"},"content":{"rendered":"\n<p>Em <strong>2026<\/strong>, a beleza das m\u00e3os ganha uma virada inteligente: <strong>menos excesso e mais inten\u00e7\u00e3o<\/strong> com as <strong>unhas minimalistas<\/strong>. As unhas longas tradicionais perdem espa\u00e7o para um visual leve, limpo e sofisticado, que combina com rotina corrida, treinos e autocuidado. O minimalismo na est\u00e9tica n\u00e3o significa \u201csem gra\u00e7a\u201d, significa escolher detalhes que valorizam o formato natural, a sa\u00fade da unha e uma eleg\u00e2ncia que dura mais do que uma moda passageira.<\/p>\n\n\n\n<h2 class=\"wp-block-heading\">Por que o minimalismo nas unhas virou o visual mais desejado para 2026?<\/h2>\n\n\n\n<p>O <strong>conceito de minimalismo na est\u00e9tica <\/strong>cresce porque entrega aquilo que todo mundo quer: <strong>acabamento impec\u00e1vel <\/strong>com manuten\u00e7\u00e3o simples. Em vez de camadas e volumes, o foco vai para cut\u00edculas bem cuidadas, superf\u00edcie nivelada e brilho saud\u00e1vel, criando um resultado chique sem esfor\u00e7o.<\/p>\n\n\n\n<p>Al\u00e9m disso, a<strong> tend\u00eancia conversa com <a href=\"https:\/\/www.em.com.br\/emfoco\/2026\/01\/26\/a-psicologia-explica-7-atitudes-comuns-que-pessoas-felizes-evitam-para-preservar-o-bem-estar\/\" target=\"_blank\" rel=\"noreferrer noopener\">bem-estar<\/a> e praticidade<\/strong>. Para quem treina, digita, dirige e vive com as m\u00e3os ativas, unhas mais curtas e naturais reduzem quebras, desconfortos e sujeira acumulada, mantendo a apar\u00eancia elegante no dia a dia.<\/p>\n\n\n\n<h2 class=\"wp-block-heading\">Quais estilos de unha minimalistas deixam as m\u00e3os mais elegantes?<\/h2>\n\n\n\n<p>Os<strong> estilos de unha minimalistas<\/strong> se destacam por valorizar <strong>propor\u00e7\u00e3o e harmonia<\/strong>. O segredo est\u00e1 em escolher um formato que alongue visualmente os dedos e uma finaliza\u00e7\u00e3o que pare\u00e7a \u201cnaturalmente perfeita\u201d, com cores suaves e linhas discretas.<\/p>\n\n\n\n<p>Para visualizar o que mais aparece nos sal\u00f5es e nas redes, veja op\u00e7\u00f5es que funcionam para diferentes gostos e rotinas, sempre com aquela est\u00e9tica limpa que chama aten\u00e7\u00e3o pela delicadeza:<\/p>\n\n\n\n<ul class=\"wp-block-list\">\n<li><strong>Nude leitoso<\/strong>, efeito uniforme que suaviza e ilumina as m\u00e3os;<\/li>\n\n\n\n<li><strong>Micro francesinha<\/strong>, ponta fin\u00edssima que entrega classe sem exagero;<\/li>\n\n\n\n<li><strong>Blush nails<\/strong>, degrad\u00ea rosado que imita a cor natural da unha;<\/li>\n\n\n\n<li><strong>Glazed discreto<\/strong>, brilho espelhado suave para um ar sofisticado;<\/li>\n\n\n\n<li><strong>Negative space<\/strong>, detalhes vazados com linhas minimalistas e modernas.<\/li>\n<\/ul>\n\n\n\n<figure class=\"wp-block-image size-large\"><img loading=\"lazy\" decoding=\"async\" width=\"1024\" height=\"576\" src=\"https:\/\/www.em.com.br\/emfoco\/wp-content\/uploads\/2026\/01\/Copia-de-Copia-de-Mural-marrom-2026-01-27T155549.253-1024x576.jpg\" alt=\"Adeus \u00e0s unhas longas de sempre: a nova tend\u00eancia minimalista que deixa as m\u00e3os elegantes e vai bombar em 2026\" class=\"wp-image-161018\" srcset=\"https:\/\/www.em.com.br\/emfoco\/wp-content\/uploads\/2026\/01\/Copia-de-Copia-de-Mural-marrom-2026-01-27T155549.253-1024x576.jpg 1024w, https:\/\/www.em.com.br\/emfoco\/wp-content\/uploads\/2026\/01\/Copia-de-Copia-de-Mural-marrom-2026-01-27T155549.253-300x169.jpg 300w, https:\/\/www.em.com.br\/emfoco\/wp-content\/uploads\/2026\/01\/Copia-de-Copia-de-Mural-marrom-2026-01-27T155549.253-768x432.jpg 768w, https:\/\/www.em.com.br\/emfoco\/wp-content\/uploads\/2026\/01\/Copia-de-Copia-de-Mural-marrom-2026-01-27T155549.253-750x422.jpg 750w, https:\/\/www.em.com.br\/emfoco\/wp-content\/uploads\/2026\/01\/Copia-de-Copia-de-Mural-marrom-2026-01-27T155549.253-1140x641.jpg 1140w, https:\/\/www.em.com.br\/emfoco\/wp-content\/uploads\/2026\/01\/Copia-de-Copia-de-Mural-marrom-2026-01-27T155549.253.jpg 1280w\" sizes=\"auto, (max-width: 1024px) 100vw, 1024px\" \/><figcaption class=\"wp-element-caption\">Cores suaves e acabamentos discretos definem a est\u00e9tica das m\u00e3os em 2026Cores suaves e acabamentos discretos definem a est\u00e9tica das m\u00e3os em 2026<\/figcaption><\/figure>\n\n\n\n<h2 class=\"wp-block-heading\">Como adaptar o visual minimalista para quem treina e vive em movimento?<\/h2>\n\n\n\n<p>Quem faz <strong>muscula\u00e7\u00e3o, corrida, bike ou funcional<\/strong> costuma sentir a diferen\u00e7a nas m\u00e3os. <strong>Unhas longas atrapalham a pegada<\/strong>, aumentam o risco de lascar e podem incomodar no uso de luvas. O minimalismo entra como aliado, porque prioriza resist\u00eancia e conforto sem abrir m\u00e3o de estilo.<\/p>\n\n\n\n<p>Para manter o visual alinhado mesmo com treinos frequentes, algumas escolhas simples fazem toda a diferen\u00e7a na durabilidade e na apar\u00eancia das unhas, da semana corrida at\u00e9 o fim de semana:<\/p>\n\n\n\n<ul class=\"wp-block-list\">\n<li><strong>Prefira comprimento curto<\/strong> e formato arredondado ou squoval, que quebra menos.<\/li>\n\n\n\n<li><strong>Invista em base fortalecedora<\/strong> e top coat de brilho para selar e proteger.<\/li>\n\n\n\n<li><strong>Hidrate cut\u00edculas<\/strong> diariamente com \u00f3leo, principalmente ap\u00f3s lavar as m\u00e3os.<\/li>\n\n\n\n<li><strong>Use luvas<\/strong> em treinos de peso para reduzir atrito e impacto nas unhas.<\/li>\n\n\n\n<li><strong>Evite acetona em excesso<\/strong>, trocando por removedor suave quando poss\u00edvel.<\/li>\n<\/ul>\n\n\n\n<h2 class=\"wp-block-heading\">Quais cores e acabamentos combinam com o minimalismo sem ficar sem personalidade?<\/h2>\n\n\n\n<p><strong>Minimalismo n\u00e3o \u00e9 sin\u00f4nimo de apagado<\/strong>. Ele funciona como uma<strong> moldura elegante, e a personalidade aparece em escolhas sutis<\/strong>, como um tom espec\u00edfico de nude, um brilho diferente ou um detalhe quase impercept\u00edvel. O resultado fica moderno, fotog\u00eanico e muito f\u00e1cil de combinar com qualquer look.<\/p>\n\n\n\n<p>Os acabamentos mais fortes para 2026 s\u00e3o aqueles que parecem \u201ccaros\u201d pela simplicidade. Nudes quentes e frios, rosados transparentes, branco leitoso e cinza bem clarinho entram com for\u00e7a, enquanto o brilho v\u00edtreo e o semi fosco ganham espa\u00e7o por valorizarem a textura natural.<\/p>\n\n\n\n<h2 class=\"wp-block-heading\">Como manter unhas minimalistas bonitas por mais tempo no dia a dia?<\/h2>\n\n\n\n<p>Para o estilo minimalista funcionar de verdade, a<strong> <a href=\"https:\/\/sbdrj.org.br\/as-unhas-dizem-muito-sobre-sua-saude-saiba-o-porque\/\" target=\"_blank\" rel=\"noreferrer noopener\">sa\u00fade da unha<\/a> \u00e9 a base<\/strong>. Rotina de hidrata\u00e7\u00e3o, alimenta\u00e7\u00e3o equilibrada e h\u00e1bitos simples, como usar creme para m\u00e3os, ajudam a manter o aspecto polido por mais tempo, com menos lascas e menos ressecamento.<\/p>\n\n\n\n<p>Na manuten\u00e7\u00e3o, o foco \u00e9 const\u00e2ncia, n\u00e3o exagero. Uma<strong> esmalta\u00e7\u00e3o leve<\/strong>, com refor\u00e7o do top coat a cada dois ou tr\u00eas dias, j\u00e1 renova o brilho e estende a durabilidade. Com isso, o visual continua <strong>elegante, pr\u00e1tico e pronto para acompanhar 2026<\/strong> com m\u00e3os bonitas em qualquer situa\u00e7\u00e3o.<\/p>\n","protected":false},"excerpt":{"rendered":"<p>Em 2026, a beleza das m\u00e3os ganha uma virada inteligente: menos excesso e mais inten\u00e7\u00e3o com as unhas minimalistas. As unhas longas tradicionais perdem espa\u00e7o para um visual leve, limpo e sofisticado, que combina com rotina corrida, treinos e autocuidado. O minimalismo na est\u00e9tica n\u00e3o significa \u201csem gra\u00e7a\u201d, significa escolher detalhes que valorizam o formato [&hellip;]<\/p>\n","protected":false},"author":28,"featured_media":161017,"comment_status":"open","ping_status":"open","sticky":false,"template":"","format":"standard","meta":{"jnews-multi-image_gallery":[],"jnews_single_post":{"format":"standard"},"jnews_primary_category":[],"jnews_social_meta":[],"jnews_override_counter":[],"footnotes":""},"categories":[29],"tags":[5280,4945,5354,5019],"class_list":["post-161016","post","type-post","status-publish","format-standard","has-post-thumbnail","hentry","category-entretenimento","tag-estetica","tag-minimalismo","tag-unhas","tag-unhas-naturais"],"yoast_head":"<!-- This site is optimized with the Yoast SEO plugin v23.8 - https:\/\/yoast.com\/wordpress\/plugins\/seo\/ -->\n<title>Adeus \u00e0s unhas longas de sempre: a nova tend\u00eancia minimalista que deixa as m\u00e3os elegantes e vai bombar em 2026 - Estado de Minas - Em foco<\/title>\n<meta name=\"description\" content=\"Em 2026, unhas minimalistas ganham destaque com visual leve, elegante e pr\u00e1tico, valorizando sa\u00fade, rotina ativa e sofistica\u00e7\u00e3o.\" \/>\n<meta name=\"robots\" content=\"index, follow, max-snippet:-1, max-image-preview:large, max-video-preview:-1\" \/>\n<link rel=\"canonical\" href=\"https:\/\/www.em.com.br\/emfoco\/2026\/01\/27\/adeus-as-unhas-longas-de-sempre-a-nova-tendencia-minimalista-que-deixa-as-maos-elegantes-e-vai-bombar-em-2026\/\" \/>\n<meta property=\"og:locale\" content=\"pt_BR\" \/>\n<meta property=\"og:type\" content=\"article\" \/>\n<meta property=\"og:title\" content=\"Adeus \u00e0s unhas longas de sempre: a nova tend\u00eancia minimalista que deixa as m\u00e3os elegantes e vai bombar em 2026 - Estado de Minas - Em foco\" \/>\n<meta property=\"og:description\" content=\"Em 2026, unhas minimalistas ganham destaque com visual leve, elegante e pr\u00e1tico, valorizando sa\u00fade, rotina ativa e sofistica\u00e7\u00e3o.\" \/>\n<meta property=\"og:url\" content=\"https:\/\/www.em.com.br\/emfoco\/2026\/01\/27\/adeus-as-unhas-longas-de-sempre-a-nova-tendencia-minimalista-que-deixa-as-maos-elegantes-e-vai-bombar-em-2026\/\" \/>\n<meta property=\"og:site_name\" content=\"Estado de Minas - Em foco\" \/>\n<meta property=\"article:published_time\" content=\"2026-01-27T19:55:00+00:00\" \/>\n<meta property=\"article:modified_time\" content=\"2026-01-27T19:00:31+00:00\" \/>\n<meta property=\"og:image\" content=\"https:\/\/www.em.com.br\/emfoco\/wp-content\/uploads\/2026\/01\/Copia-de-Copia-de-Mural-marrom-2026-01-27T155246.260.jpg\" \/>\n\t<meta property=\"og:image:width\" content=\"1280\" \/>\n\t<meta property=\"og:image:height\" content=\"720\" \/>\n\t<meta property=\"og:image:type\" content=\"image\/jpeg\" \/>\n<meta name=\"author\" content=\"Elis Gabrielle Santos Souza\" \/>\n<meta name=\"twitter:card\" content=\"summary_large_image\" \/>\n<meta name=\"twitter:label1\" content=\"Escrito por\" \/>\n\t<meta name=\"twitter:data1\" content=\"Elis Gabrielle Santos Souza\" \/>\n\t<meta name=\"twitter:label2\" content=\"Est. tempo de leitura\" \/>\n\t<meta name=\"twitter:data2\" content=\"5 minutos\" \/>\n<!-- \/ Yoast SEO plugin. -->","yoast_head_json":{"title":"Adeus \u00e0s unhas longas de sempre: a nova tend\u00eancia minimalista que deixa as m\u00e3os elegantes e vai bombar em 2026 - Estado de Minas - Em foco","description":"Em 2026, unhas minimalistas ganham destaque com visual leve, elegante e pr\u00e1tico, valorizando sa\u00fade, rotina ativa e sofistica\u00e7\u00e3o.","robots":{"index":"index","follow":"follow","max-snippet":"max-snippet:-1","max-image-preview":"max-image-preview:large","max-video-preview":"max-video-preview:-1"},"canonical":"https:\/\/www.em.com.br\/emfoco\/2026\/01\/27\/adeus-as-unhas-longas-de-sempre-a-nova-tendencia-minimalista-que-deixa-as-maos-elegantes-e-vai-bombar-em-2026\/","og_locale":"pt_BR","og_type":"article","og_title":"Adeus \u00e0s unhas longas de sempre: a nova tend\u00eancia minimalista que deixa as m\u00e3os elegantes e vai bombar em 2026 - Estado de Minas - Em foco","og_description":"Em 2026, unhas minimalistas ganham destaque com visual leve, elegante e pr\u00e1tico, valorizando sa\u00fade, rotina ativa e sofistica\u00e7\u00e3o.","og_url":"https:\/\/www.em.com.br\/emfoco\/2026\/01\/27\/adeus-as-unhas-longas-de-sempre-a-nova-tendencia-minimalista-que-deixa-as-maos-elegantes-e-vai-bombar-em-2026\/","og_site_name":"Estado de Minas - Em foco","article_published_time":"2026-01-27T19:55:00+00:00","article_modified_time":"2026-01-27T19:00:31+00:00","og_image":[{"width":1280,"height":720,"url":"https:\/\/www.em.com.br\/emfoco\/wp-content\/uploads\/2026\/01\/Copia-de-Copia-de-Mural-marrom-2026-01-27T155246.260.jpg","type":"image\/jpeg"}],"author":"Elis Gabrielle Santos Souza","twitter_card":"summary_large_image","twitter_misc":{"Escrito por":"Elis Gabrielle Santos Souza","Est. tempo de leitura":"5 minutos"},"schema":{"@context":"https:\/\/schema.org","@graph":[{"@type":"WebPage","@id":"https:\/\/www.em.com.br\/emfoco\/2026\/01\/27\/adeus-as-unhas-longas-de-sempre-a-nova-tendencia-minimalista-que-deixa-as-maos-elegantes-e-vai-bombar-em-2026\/","url":"https:\/\/www.em.com.br\/emfoco\/2026\/01\/27\/adeus-as-unhas-longas-de-sempre-a-nova-tendencia-minimalista-que-deixa-as-maos-elegantes-e-vai-bombar-em-2026\/","name":"Adeus \u00e0s unhas longas de sempre: a nova tend\u00eancia minimalista que deixa as m\u00e3os elegantes e vai bombar em 2026 - Estado de Minas - Em foco","isPartOf":{"@id":"https:\/\/www.em.com.br\/emfoco\/#website"},"primaryImageOfPage":{"@id":"https:\/\/www.em.com.br\/emfoco\/2026\/01\/27\/adeus-as-unhas-longas-de-sempre-a-nova-tendencia-minimalista-que-deixa-as-maos-elegantes-e-vai-bombar-em-2026\/#primaryimage"},"image":{"@id":"https:\/\/www.em.com.br\/emfoco\/2026\/01\/27\/adeus-as-unhas-longas-de-sempre-a-nova-tendencia-minimalista-que-deixa-as-maos-elegantes-e-vai-bombar-em-2026\/#primaryimage"},"thumbnailUrl":"https:\/\/www.em.com.br\/emfoco\/wp-content\/uploads\/2026\/01\/Copia-de-Copia-de-Mural-marrom-2026-01-27T155246.260.jpg","datePublished":"2026-01-27T19:55:00+00:00","dateModified":"2026-01-27T19:00:31+00:00","author":{"@id":"https:\/\/www.em.com.br\/emfoco\/#\/schema\/person\/0c545bffa944f9caa147d776b5f6f1f5"},"description":"Em 2026, unhas minimalistas ganham destaque com visual leve, elegante e pr\u00e1tico, valorizando sa\u00fade, rotina ativa e sofistica\u00e7\u00e3o.","breadcrumb":{"@id":"https:\/\/www.em.com.br\/emfoco\/2026\/01\/27\/adeus-as-unhas-longas-de-sempre-a-nova-tendencia-minimalista-que-deixa-as-maos-elegantes-e-vai-bombar-em-2026\/#breadcrumb"},"inLanguage":"pt-BR","potentialAction":[{"@type":"ReadAction","target":["https:\/\/www.em.com.br\/emfoco\/2026\/01\/27\/adeus-as-unhas-longas-de-sempre-a-nova-tendencia-minimalista-que-deixa-as-maos-elegantes-e-vai-bombar-em-2026\/"]}]},{"@type":"ImageObject","inLanguage":"pt-BR","@id":"https:\/\/www.em.com.br\/emfoco\/2026\/01\/27\/adeus-as-unhas-longas-de-sempre-a-nova-tendencia-minimalista-que-deixa-as-maos-elegantes-e-vai-bombar-em-2026\/#primaryimage","url":"https:\/\/www.em.com.br\/emfoco\/wp-content\/uploads\/2026\/01\/Copia-de-Copia-de-Mural-marrom-2026-01-27T155246.260.jpg","contentUrl":"https:\/\/www.em.com.br\/emfoco\/wp-content\/uploads\/2026\/01\/Copia-de-Copia-de-Mural-marrom-2026-01-27T155246.260.jpg","width":1280,"height":720,"caption":"O minimalismo nas unhas prioriza sa\u00fade, praticidade e eleg\u00e2ncia duradoura"},{"@type":"BreadcrumbList","@id":"https:\/\/www.em.com.br\/emfoco\/2026\/01\/27\/adeus-as-unhas-longas-de-sempre-a-nova-tendencia-minimalista-que-deixa-as-maos-elegantes-e-vai-bombar-em-2026\/#breadcrumb","itemListElement":[{"@type":"ListItem","position":1,"name":"In\u00edcio","item":"https:\/\/www.em.com.br\/emfoco\/"},{"@type":"ListItem","position":2,"name":"Adeus \u00e0s unhas longas de sempre: a nova tend\u00eancia minimalista que deixa as m\u00e3os elegantes e vai bombar em 2026"}]},{"@type":"WebSite","@id":"https:\/\/www.em.com.br\/emfoco\/#website","url":"https:\/\/www.em.com.br\/emfoco\/","name":"Estado de Minas - Em foco","description":"Acompanhe as \u00faltimas not\u00edcias e fique bem informado sobre tudo o que acontece em Minas Gerais, Brasil e no mundo.","potentialAction":[{"@type":"SearchAction","target":{"@type":"EntryPoint","urlTemplate":"https:\/\/www.em.com.br\/emfoco\/?s={search_term_string}"},"query-input":{"@type":"PropertyValueSpecification","valueRequired":true,"valueName":"search_term_string"}}],"inLanguage":"pt-BR"},{"@type":"Person","@id":"https:\/\/www.em.com.br\/emfoco\/#\/schema\/person\/0c545bffa944f9caa147d776b5f6f1f5","name":"Elis Gabrielle Santos Souza","image":{"@type":"ImageObject","inLanguage":"pt-BR","@id":"https:\/\/www.em.com.br\/emfoco\/#\/schema\/person\/image\/","url":"https:\/\/secure.gravatar.com\/avatar\/1dc86c254cebb74d9c8a14da612c52db?s=96&d=mm&r=g","contentUrl":"https:\/\/secure.gravatar.com\/avatar\/1dc86c254cebb74d9c8a14da612c52db?s=96&d=mm&r=g","caption":"Elis Gabrielle Santos Souza"},"sameAs":["https:\/\/www.em.com.br\/emfoco"],"url":"https:\/\/www.em.com.br\/emfoco\/author\/elis-myth\/"}]}},"_links":{"self":[{"href":"https:\/\/www.em.com.br\/emfoco\/wp-json\/wp\/v2\/posts\/161016","targetHints":{"allow":["GET"]}}],"collection":[{"href":"https:\/\/www.em.com.br\/emfoco\/wp-json\/wp\/v2\/posts"}],"about":[{"href":"https:\/\/www.em.com.br\/emfoco\/wp-json\/wp\/v2\/types\/post"}],"author":[{"embeddable":true,"href":"https:\/\/www.em.com.br\/emfoco\/wp-json\/wp\/v2\/users\/28"}],"replies":[{"embeddable":true,"href":"https:\/\/www.em.com.br\/emfoco\/wp-json\/wp\/v2\/comments?post=161016"}],"version-history":[{"count":1,"href":"https:\/\/www.em.com.br\/emfoco\/wp-json\/wp\/v2\/posts\/161016\/revisions"}],"predecessor-version":[{"id":161019,"href":"https:\/\/www.em.com.br\/emfoco\/wp-json\/wp\/v2\/posts\/161016\/revisions\/161019"}],"wp:featuredmedia":[{"embeddable":true,"href":"https:\/\/www.em.com.br\/emfoco\/wp-json\/wp\/v2\/media\/161017"}],"wp:attachment":[{"href":"https:\/\/www.em.com.br\/emfoco\/wp-json\/wp\/v2\/media?parent=161016"}],"wp:term":[{"taxonomy":"category","embeddable":true,"href":"https:\/\/www.em.com.br\/emfoco\/wp-json\/wp\/v2\/categories?post=161016"},{"taxonomy":"post_tag","embeddable":true,"href":"https:\/\/www.em.com.br\/emfoco\/wp-json\/wp\/v2\/tags?post=161016"}],"curies":[{"name":"wp","href":"https:\/\/api.w.org\/{rel}","templated":true}]}}