{"id":160985,"date":"2026-01-28T12:15:00","date_gmt":"2026-01-28T15:15:00","guid":{"rendered":"https:\/\/www.em.com.br\/emfoco\/?p=160985"},"modified":"2026-01-27T16:35:07","modified_gmt":"2026-01-27T19:35:07","slug":"adeus-farinha-e-o-acucar-como-fazer-as-melhores-panquecas-saudaveis-que-nao-grudam-e-ficam-maravilhosas","status":"publish","type":"post","link":"https:\/\/www.em.com.br\/emfoco\/2026\/01\/28\/adeus-farinha-e-o-acucar-como-fazer-as-melhores-panquecas-saudaveis-que-nao-grudam-e-ficam-maravilhosas\/","title":{"rendered":"Adeus farinha e o a\u00e7\u00facar: como fazer as melhores panquecas saud\u00e1veis \u200b\u200bque n\u00e3o grudam e ficam maravilhosas"},"content":{"rendered":"\n<p>Preparar panquecas sem farinha de trigo e sem a\u00e7\u00facar refinado j\u00e1 n\u00e3o \u00e9 coisa de dieta radical. Hoje, essa vers\u00e3o mais leve virou uma op\u00e7\u00e3o pr\u00e1tica para um caf\u00e9 da manh\u00e3 nutritivo, com ingredientes simples, textura macia e mais controle sobre o que entra no prato, mantendo o prazer de comer bem sem pesar na consci\u00eancia.<\/p>\n\n\n\n<h2 class=\"wp-block-heading\">Como manter sabor e textura em panquecas sem trigo e sem a\u00e7\u00facar refinado<\/h2>\n\n\n\n<p>Ao substituir o trigo e o a\u00e7\u00facar, muita gente teme perder o sabor ou ficar com uma massa que gruda na frigideira. Com alguns ajustes na receita e na forma de preparo, \u00e9 poss\u00edvel obter panquecas douradas, macias por dentro e f\u00e1ceis de virar, bem parecidas com as vers\u00f5es tradicionais.<\/p>\n\n\n\n<p>A propor\u00e7\u00e3o adequada de farinhas alternativas, a umidade correta e um breve tempo de descanso da massa fazem toda a diferen\u00e7a. Assim, voc\u00ea garante uma massa male\u00e1vel, que cozinha por igual e n\u00e3o esfarela na hora de virar.<\/p>\n\n\n\n<figure class=\"wp-block-image\"><img decoding=\"async\" src=\"https:\/\/www.em.com.br\/emfoco\/wp-content\/uploads\/2025\/11\/panquecas-_1762189288142-1024x576.jpg\" alt=\"\"\/><figcaption class=\"wp-element-caption\">A receita pr\u00e1tica que virou febre entre quem busca leveza e sabor &#8211; Cr\u00e9ditos: depositphotos.com \/ Alexey_Arz<\/figcaption><\/figure>\n\n\n\n<h2 class=\"wp-block-heading\">Como \u00e9 feita a base das panquecas sem farinha de trigo e sem a\u00e7\u00facar<\/h2>\n\n\n\n<p>A base destas\u00a0<strong><a href=\"https:\/\/www.em.com.br\/emfoco\/2025\/12\/13\/como-preparar-uma-torre-de-panquecas-a-receita-saborosa-fresca-e-colorida-para-o-natal\/\" target=\"_blank\" rel=\"noreferrer noopener\">panquecas <\/a>sem farinha e sem a\u00e7\u00facar<\/strong>\u00a0mistura farinha de arroz, farinha de aveia e f\u00e9cula de mandioca. A farinha de arroz traz leveza, a aveia adiciona fibras e a f\u00e9cula de mandioca oferece elasticidade, aproximando a mordida da vers\u00e3o feita com trigo.<\/p>\n\n\n\n<p>Para cada por\u00e7\u00e3o, costuma-se usar cerca: <\/p>\n\n\n\n<ul class=\"wp-block-list\">\n<li>100 gramas de farinha de arroz<\/li>\n\n\n\n<li>50 gramas de farinha de aveia<\/li>\n\n\n\n<li>50 gramas de f\u00e9cula de mandioca<\/li>\n\n\n\n<li>15 gramas de fermento em p\u00f3<\/li>\n\n\n\n<li>2 ovos<\/li>\n\n\n\n<li>30 gramas de mistura de sementes<\/li>\n\n\n\n<li>Uma pitada de sal<\/li>\n\n\n\n<li>\u00c1gua<\/li>\n<\/ul>\n\n\n\n<h2 class=\"wp-block-heading\">Qual \u00e9 o passo a passo pr\u00e1tico para preparar a massa perfeita<\/h2>\n\n\n\n<p>O processo de preparo das\u00a0<strong>panquecas saud\u00e1veis <\/strong>\u00e9 direto e pode ser seguido mesmo por quem tem pouca pr\u00e1tica na cozinha. A receita se organiza em etapas simples, que garantem uma massa homog\u00eanea e panquecas que n\u00e3o grudam na frigideira quando bem executadas.<\/p>\n\n\n\n<ol class=\"wp-block-list\">\n<li><strong>Mistura dos ingredientes secos<\/strong>: em uma tigela, colocar farinha de arroz, farinha de aveia, f\u00e9cula de mandioca, fermento em p\u00f3, uma pitada de sal e cerca de 30 g de mix de sementes (como linha\u00e7a, chia, gergelim ou girassol). Misturar bem para que tudo fique distribu\u00eddo de forma uniforme.<\/li>\n\n\n\n<li><strong>Adi\u00e7\u00e3o dos ovos<\/strong>: quebrar 2 ovos sobre a mistura seca e incorporar com colher, fouet ou garfo at\u00e9 formar uma massa espessa. Essa etapa ajuda a criar a estrutura b\u00e1sica da panqueca, unindo as farinhas.<\/li>\n\n\n\n<li><strong>Acerto da textura com \u00e1gua<\/strong>: adicionar \u00e1gua aos poucos, mexendo sempre, at\u00e9 obter uma consist\u00eancia lisa, fluida, mas n\u00e3o excessivamente l\u00edquida. A textura ideal lembra uma massa tradicional de panquecas, que escorre da colher em fio cont\u00ednuo.<\/li>\n\n\n\n<li><strong>Repouso da massa<\/strong>: deixar descansar alguns minutos em temperatura ambiente. Esse tempo permite que as farinhas e a f\u00e9cula absorvam melhor o l\u00edquido, resultando em uma massa mais est\u00e1vel e f\u00e1cil de espalhar na frigideira.<\/li>\n\n\n\n<li><strong>Cozimento na frigideira<\/strong>: aquecer uma frigideira antiaderente em fogo m\u00e9dio e, se necess\u00e1rio, untar levemente com \u00f3leo ou manteiga. Despejar pequenas por\u00e7\u00f5es da massa, formando discos. Cozinhar at\u00e9 aparecerem bolhas na superf\u00edcie e as bordas ficarem firmes; ent\u00e3o virar com esp\u00e1tula e dourar o outro lado.<\/li>\n<\/ol>\n\n\n\n<figure class=\"wp-block-image\"><img decoding=\"async\" src=\"https:\/\/www.em.com.br\/emfoco\/wp-content\/uploads\/2025\/11\/panquecas-_1762189344966-1024x576.jpg\" alt=\"\"\/><figcaption class=\"wp-element-caption\">Uma maneira leve e deliciosa de fazer panquecas sem culpa &#8211; Cr\u00e9ditos: depositphotos.com \/ iava777<\/figcaption><\/figure>\n\n\n\n<h2 class=\"wp-block-heading\">Como evitar que as panquecas grudem na frigideira<\/h2>\n\n\n\n<p>Um dos maiores desafios ao fazer&nbsp;<strong>panquecas sem a\u00e7\u00facar e sem trigo<\/strong>&nbsp;\u00e9 evitar que grudem na frigideira. Uma boa panela antiaderente, pr\u00e9-aquecida em fogo m\u00e9dio e levemente untada, j\u00e1 resolve boa parte do problema e ajuda a manter o formato das panquecas.<\/p>\n\n\n\n<p>Alguns cuidados simples deixam o processo mais f\u00e1cil e garantem panquecas douradas e inteiras, prontas para receber recheios doces ou salgados:<\/p>\n\n\n\n<ul class=\"wp-block-list\">\n<li>Pr\u00e9-aquecer bem a frigideira antes de colocar a massa.<\/li>\n\n\n\n<li>Usar apenas uma camada fina de gordura para untar.<\/li>\n\n\n\n<li>Despejar por\u00e7\u00f5es pequenas de massa e espalhar suavemente.<\/li>\n\n\n\n<li>Aguardar as bordas firmarem e surgirem bolhas antes de virar.<\/li>\n\n\n\n<li>Virar com esp\u00e1tula larga, em movimento firme e r\u00e1pido.<\/li>\n<\/ul>\n\n\n\n<h2 class=\"wp-block-heading\">Quais s\u00e3o os benef\u00edcios e como incluir essas panquecas no dia a dia<\/h2>\n\n\n\n<p>Essas panquecas<strong> saud\u00e1veis sem farinha e a\u00e7\u00facar<\/strong>\u00a0se encaixam bem em estilos de vida que buscam controlar picos de <a href=\"https:\/\/www.ufmg.br\/ciencianoar\/wp-content\/uploads\/2018\/11\/CPT-07-13.pdf\" target=\"_blank\" rel=\"noreferrer noopener\">glicemia<\/a>, variar o consumo de cereais ou reduzir o gl\u00faten. As sementes adicionam gorduras boas e fibras, aumentando a saciedade e tornando o caf\u00e9 da manh\u00e3 ou lanche da tarde mais completo e equilibrado.<\/p>\n\n\n\n<p>Voc\u00ea pode servir as panquecas com frutas frescas, iogurte natural ou pastas de oleaginosas sem a\u00e7\u00facar, ou optar por recheios salgados como frango desfiado, legumes refogados ou queijos magros. Comece a testar hoje mesmo essa receita na sua rotina: escolha seus toppings favoritos, prepare uma por\u00e7\u00e3o agora e sinta, na pr\u00e1tica, como \u00e9 poss\u00edvel comer melhor sem abrir m\u00e3o do sabor.<\/p>\n","protected":false},"excerpt":{"rendered":"<p>Preparar panquecas sem farinha de trigo e sem a\u00e7\u00facar refinado j\u00e1 n\u00e3o \u00e9 coisa de dieta radical. Hoje, essa vers\u00e3o mais leve virou uma op\u00e7\u00e3o pr\u00e1tica para um caf\u00e9 da manh\u00e3 nutritivo, com ingredientes simples, textura macia e mais controle sobre o que entra no prato, mantendo o prazer de comer bem sem pesar na [&hellip;]<\/p>\n","protected":false},"author":11,"featured_media":161008,"comment_status":"open","ping_status":"open","sticky":false,"template":"","format":"standard","meta":{"jnews-multi-image_gallery":[],"jnews_single_post":{"format":"standard"},"jnews_primary_category":[],"jnews_social_meta":[],"jnews_override_counter":[],"footnotes":""},"categories":[8819,1],"tags":[12802,3440,20645,23564,23563],"class_list":["post-160985","post","type-post","status-publish","format-standard","has-post-thumbnail","hentry","category-curiosidades","category-noticias","tag-panqueca","tag-receita","tag-saudavel-2","tag-sem-acucar-refinado","tag-sem-farinha-de-trigo"],"yoast_head":"<!-- This site is optimized with the Yoast SEO plugin v23.8 - https:\/\/yoast.com\/wordpress\/plugins\/seo\/ -->\n<title>Adeus farinha e o a\u00e7\u00facar: como fazer as melhores panquecas saud\u00e1veis \u200b\u200bque n\u00e3o grudam e ficam maravilhosas - Estado de Minas - Em foco<\/title>\n<meta name=\"description\" content=\"A panqueca sem farinha de trigo e sem a\u00e7\u00facar refinado \u00e9 f\u00e1cil de preparar, macia e perfeita para um caf\u00e9 da manh\u00e3 mais equilibrado.\" \/>\n<meta name=\"robots\" content=\"index, follow, max-snippet:-1, max-image-preview:large, max-video-preview:-1\" \/>\n<link rel=\"canonical\" href=\"https:\/\/www.em.com.br\/emfoco\/2026\/01\/28\/adeus-farinha-e-o-acucar-como-fazer-as-melhores-panquecas-saudaveis-que-nao-grudam-e-ficam-maravilhosas\/\" \/>\n<meta property=\"og:locale\" content=\"pt_BR\" \/>\n<meta property=\"og:type\" content=\"article\" \/>\n<meta property=\"og:title\" content=\"Adeus farinha e o a\u00e7\u00facar: como fazer as melhores panquecas saud\u00e1veis \u200b\u200bque n\u00e3o grudam e ficam maravilhosas - Estado de Minas - Em foco\" \/>\n<meta property=\"og:description\" content=\"A panqueca sem farinha de trigo e sem a\u00e7\u00facar refinado \u00e9 f\u00e1cil de preparar, macia e perfeita para um caf\u00e9 da manh\u00e3 mais equilibrado.\" \/>\n<meta property=\"og:url\" content=\"https:\/\/www.em.com.br\/emfoco\/2026\/01\/28\/adeus-farinha-e-o-acucar-como-fazer-as-melhores-panquecas-saudaveis-que-nao-grudam-e-ficam-maravilhosas\/\" \/>\n<meta property=\"og:site_name\" content=\"Estado de Minas - Em foco\" \/>\n<meta property=\"article:published_time\" content=\"2026-01-28T15:15:00+00:00\" \/>\n<meta property=\"article:modified_time\" content=\"2026-01-27T19:35:07+00:00\" \/>\n<meta property=\"og:image\" content=\"https:\/\/www.em.com.br\/emfoco\/wp-content\/uploads\/2026\/01\/panquecas-_1769538399177.jpg\" \/>\n\t<meta property=\"og:image:width\" content=\"1280\" \/>\n\t<meta property=\"og:image:height\" content=\"720\" \/>\n\t<meta property=\"og:image:type\" content=\"image\/jpeg\" \/>\n<meta name=\"author\" content=\"Andre\u0301 Rangel\u00a0\" \/>\n<meta name=\"twitter:card\" content=\"summary_large_image\" \/>\n<meta name=\"twitter:label1\" content=\"Escrito por\" \/>\n\t<meta name=\"twitter:data1\" content=\"Andre\u0301 Rangel\u00a0\" \/>\n\t<meta name=\"twitter:label2\" content=\"Est. tempo de leitura\" \/>\n\t<meta name=\"twitter:data2\" content=\"5 minutos\" \/>\n<!-- \/ Yoast SEO plugin. -->","yoast_head_json":{"title":"Adeus farinha e o a\u00e7\u00facar: como fazer as melhores panquecas saud\u00e1veis \u200b\u200bque n\u00e3o grudam e ficam maravilhosas - Estado de Minas - Em foco","description":"A panqueca sem farinha de trigo e sem a\u00e7\u00facar refinado \u00e9 f\u00e1cil de preparar, macia e perfeita para um caf\u00e9 da manh\u00e3 mais equilibrado.","robots":{"index":"index","follow":"follow","max-snippet":"max-snippet:-1","max-image-preview":"max-image-preview:large","max-video-preview":"max-video-preview:-1"},"canonical":"https:\/\/www.em.com.br\/emfoco\/2026\/01\/28\/adeus-farinha-e-o-acucar-como-fazer-as-melhores-panquecas-saudaveis-que-nao-grudam-e-ficam-maravilhosas\/","og_locale":"pt_BR","og_type":"article","og_title":"Adeus farinha e o a\u00e7\u00facar: como fazer as melhores panquecas saud\u00e1veis \u200b\u200bque n\u00e3o grudam e ficam maravilhosas - Estado de Minas - Em foco","og_description":"A panqueca sem farinha de trigo e sem a\u00e7\u00facar refinado \u00e9 f\u00e1cil de preparar, macia e perfeita para um caf\u00e9 da manh\u00e3 mais equilibrado.","og_url":"https:\/\/www.em.com.br\/emfoco\/2026\/01\/28\/adeus-farinha-e-o-acucar-como-fazer-as-melhores-panquecas-saudaveis-que-nao-grudam-e-ficam-maravilhosas\/","og_site_name":"Estado de Minas - Em foco","article_published_time":"2026-01-28T15:15:00+00:00","article_modified_time":"2026-01-27T19:35:07+00:00","og_image":[{"width":1280,"height":720,"url":"https:\/\/www.em.com.br\/emfoco\/wp-content\/uploads\/2026\/01\/panquecas-_1769538399177.jpg","type":"image\/jpeg"}],"author":"Andre\u0301 Rangel\u00a0","twitter_card":"summary_large_image","twitter_misc":{"Escrito por":"Andre\u0301 Rangel\u00a0","Est. tempo de leitura":"5 minutos"},"schema":{"@context":"https:\/\/schema.org","@graph":[{"@type":"WebPage","@id":"https:\/\/www.em.com.br\/emfoco\/2026\/01\/28\/adeus-farinha-e-o-acucar-como-fazer-as-melhores-panquecas-saudaveis-que-nao-grudam-e-ficam-maravilhosas\/","url":"https:\/\/www.em.com.br\/emfoco\/2026\/01\/28\/adeus-farinha-e-o-acucar-como-fazer-as-melhores-panquecas-saudaveis-que-nao-grudam-e-ficam-maravilhosas\/","name":"Adeus farinha e o a\u00e7\u00facar: como fazer as melhores panquecas saud\u00e1veis \u200b\u200bque n\u00e3o grudam e ficam maravilhosas - Estado de Minas - Em foco","isPartOf":{"@id":"https:\/\/www.em.com.br\/emfoco\/#website"},"primaryImageOfPage":{"@id":"https:\/\/www.em.com.br\/emfoco\/2026\/01\/28\/adeus-farinha-e-o-acucar-como-fazer-as-melhores-panquecas-saudaveis-que-nao-grudam-e-ficam-maravilhosas\/#primaryimage"},"image":{"@id":"https:\/\/www.em.com.br\/emfoco\/2026\/01\/28\/adeus-farinha-e-o-acucar-como-fazer-as-melhores-panquecas-saudaveis-que-nao-grudam-e-ficam-maravilhosas\/#primaryimage"},"thumbnailUrl":"https:\/\/www.em.com.br\/emfoco\/wp-content\/uploads\/2026\/01\/panquecas-_1769538399177.jpg","datePublished":"2026-01-28T15:15:00+00:00","dateModified":"2026-01-27T19:35:07+00:00","author":{"@id":"https:\/\/www.em.com.br\/emfoco\/#\/schema\/person\/60eda09c1fedf0d6891f4cef4b60b8b8"},"description":"A panqueca sem farinha de trigo e sem a\u00e7\u00facar refinado \u00e9 f\u00e1cil de preparar, macia e perfeita para um caf\u00e9 da manh\u00e3 mais equilibrado.","breadcrumb":{"@id":"https:\/\/www.em.com.br\/emfoco\/2026\/01\/28\/adeus-farinha-e-o-acucar-como-fazer-as-melhores-panquecas-saudaveis-que-nao-grudam-e-ficam-maravilhosas\/#breadcrumb"},"inLanguage":"pt-BR","potentialAction":[{"@type":"ReadAction","target":["https:\/\/www.em.com.br\/emfoco\/2026\/01\/28\/adeus-farinha-e-o-acucar-como-fazer-as-melhores-panquecas-saudaveis-que-nao-grudam-e-ficam-maravilhosas\/"]}]},{"@type":"ImageObject","inLanguage":"pt-BR","@id":"https:\/\/www.em.com.br\/emfoco\/2026\/01\/28\/adeus-farinha-e-o-acucar-como-fazer-as-melhores-panquecas-saudaveis-que-nao-grudam-e-ficam-maravilhosas\/#primaryimage","url":"https:\/\/www.em.com.br\/emfoco\/wp-content\/uploads\/2026\/01\/panquecas-_1769538399177.jpg","contentUrl":"https:\/\/www.em.com.br\/emfoco\/wp-content\/uploads\/2026\/01\/panquecas-_1769538399177.jpg","width":1280,"height":720,"caption":"Essa panqueca leve est\u00e1 mudando o caf\u00e9 da manh\u00e3 - Cr\u00e9ditos: depositphotos.com \/ Kris.Rad"},{"@type":"BreadcrumbList","@id":"https:\/\/www.em.com.br\/emfoco\/2026\/01\/28\/adeus-farinha-e-o-acucar-como-fazer-as-melhores-panquecas-saudaveis-que-nao-grudam-e-ficam-maravilhosas\/#breadcrumb","itemListElement":[{"@type":"ListItem","position":1,"name":"In\u00edcio","item":"https:\/\/www.em.com.br\/emfoco\/"},{"@type":"ListItem","position":2,"name":"Adeus farinha e o a\u00e7\u00facar: como fazer as melhores panquecas saud\u00e1veis \u200b\u200bque n\u00e3o grudam e ficam maravilhosas"}]},{"@type":"WebSite","@id":"https:\/\/www.em.com.br\/emfoco\/#website","url":"https:\/\/www.em.com.br\/emfoco\/","name":"Estado de Minas - Em foco","description":"Acompanhe as \u00faltimas not\u00edcias e fique bem informado sobre tudo o que acontece em Minas Gerais, Brasil e no mundo.","potentialAction":[{"@type":"SearchAction","target":{"@type":"EntryPoint","urlTemplate":"https:\/\/www.em.com.br\/emfoco\/?s={search_term_string}"},"query-input":{"@type":"PropertyValueSpecification","valueRequired":true,"valueName":"search_term_string"}}],"inLanguage":"pt-BR"},{"@type":"Person","@id":"https:\/\/www.em.com.br\/emfoco\/#\/schema\/person\/60eda09c1fedf0d6891f4cef4b60b8b8","name":"Andre\u0301 Rangel\u00a0","image":{"@type":"ImageObject","inLanguage":"pt-BR","@id":"https:\/\/www.em.com.br\/emfoco\/#\/schema\/person\/image\/","url":"https:\/\/secure.gravatar.com\/avatar\/6234dc814c77c8ef6d8bba622c787efc?s=96&d=mm&r=g","contentUrl":"https:\/\/secure.gravatar.com\/avatar\/6234dc814c77c8ef6d8bba622c787efc?s=96&d=mm&r=g","caption":"Andre\u0301 Rangel\u00a0"},"url":"https:\/\/www.em.com.br\/emfoco\/author\/luizmyth\/"}]}},"_links":{"self":[{"href":"https:\/\/www.em.com.br\/emfoco\/wp-json\/wp\/v2\/posts\/160985","targetHints":{"allow":["GET"]}}],"collection":[{"href":"https:\/\/www.em.com.br\/emfoco\/wp-json\/wp\/v2\/posts"}],"about":[{"href":"https:\/\/www.em.com.br\/emfoco\/wp-json\/wp\/v2\/types\/post"}],"author":[{"embeddable":true,"href":"https:\/\/www.em.com.br\/emfoco\/wp-json\/wp\/v2\/users\/11"}],"replies":[{"embeddable":true,"href":"https:\/\/www.em.com.br\/emfoco\/wp-json\/wp\/v2\/comments?post=160985"}],"version-history":[{"count":3,"href":"https:\/\/www.em.com.br\/emfoco\/wp-json\/wp\/v2\/posts\/160985\/revisions"}],"predecessor-version":[{"id":161009,"href":"https:\/\/www.em.com.br\/emfoco\/wp-json\/wp\/v2\/posts\/160985\/revisions\/161009"}],"wp:featuredmedia":[{"embeddable":true,"href":"https:\/\/www.em.com.br\/emfoco\/wp-json\/wp\/v2\/media\/161008"}],"wp:attachment":[{"href":"https:\/\/www.em.com.br\/emfoco\/wp-json\/wp\/v2\/media?parent=160985"}],"wp:term":[{"taxonomy":"category","embeddable":true,"href":"https:\/\/www.em.com.br\/emfoco\/wp-json\/wp\/v2\/categories?post=160985"},{"taxonomy":"post_tag","embeddable":true,"href":"https:\/\/www.em.com.br\/emfoco\/wp-json\/wp\/v2\/tags?post=160985"}],"curies":[{"name":"wp","href":"https:\/\/api.w.org\/{rel}","templated":true}]}}