{"id":160902,"date":"2026-01-27T20:15:00","date_gmt":"2026-01-27T23:15:00","guid":{"rendered":"https:\/\/www.em.com.br\/emfoco\/?p=160902"},"modified":"2026-01-27T14:55:37","modified_gmt":"2026-01-27T17:55:37","slug":"novas-luzes-de-freio-a-partir-de-julho-de-2026-deixam-os-carros-mais-seguros-mas-afetam-a-privacidade-de-motoristas","status":"publish","type":"post","link":"https:\/\/www.em.com.br\/emfoco\/2026\/01\/27\/novas-luzes-de-freio-a-partir-de-julho-de-2026-deixam-os-carros-mais-seguros-mas-afetam-a-privacidade-de-motoristas\/","title":{"rendered":"Novas luzes de freio a partir de julho de 2026 deixam os carros mais seguros, mas afetam a privacidade de motoristas"},"content":{"rendered":"\n<h1 class=\"wp-block-heading\">&nbsp;<\/h1>\n\n\n\n<p><strong>As novas luzes de freio a partir de julho de 2026<\/strong> v\u00e3o mudar a forma como os carros avisam os ve\u00edculos que v\u00eam atr\u00e1s e fazem parte de um pacote de regras europeias de seguran\u00e7a mais r\u00edgidas. <strong>Os carros modernos<\/strong> v\u00e3o ficar ainda mais seguros, mas, em troca, v\u00e3o gerar mais dados sobre voc\u00ea \u2013 o que significa menos privacidade.<\/p>\n\n\n\n<ul class=\"wp-block-list\">\n<li>Carros novos v\u00e3o ter luzes de freio piscando em caso de freada forte acima de 50 km\/h<\/li>\n\n\n\n<li>A partir de 2026 tamb\u00e9m ser\u00e1 obrigat\u00f3ria a \u201ccaixa-preta\u201d e a prepara\u00e7\u00e3o para bloqueador de igni\u00e7\u00e3o por \u00e1lcool<\/li>\n\n\n\n<li>Os carros ficam mais seguros, mas viram cada vez mais \u201ccoletadores de dados\u201d sobre o motorista<\/li>\n<\/ul>\n\n\n\n<h2 class=\"wp-block-heading\">O que exatamente muda nas novas luzes de freio a partir de julho de 2026?<\/h2>\n\n\n\n<p><strong>As novas luzes de freio a partir de 2026<\/strong> ter\u00e3o de piscar v\u00e1rias vezes por segundo na <strong><a href=\"https:\/\/european-union.europa.eu\/index_pt\" target=\"_blank\" rel=\"noreferrer noopener\">Uni\u00e3o Europeia<\/a><\/strong> quando o motorista der uma freada muito forte, em velocidades acima de 50 km\/h. <strong>Essa luz de freio piscando<\/strong> indica claramente que o carro est\u00e1 perdendo velocidade de forma brusca, e n\u00e3o apenas reduzindo gradualmente.<\/p>\n\n\n\n<p><strong>Quando o carro para depois de uma freada de emerg\u00eancia<\/strong>, o ve\u00edculo liga automaticamente o pisca-alerta. <strong>A regra da Uni\u00e3o Europeia<\/strong> quer reduzir as chances de quem vem atr\u00e1s reagir tarde demais em situa\u00e7\u00f5es de risco, como engarrafamentos repentinos, animais na pista ou ve\u00edculos que param de repente.<\/p>\n\n\n\n<h2 class=\"wp-block-heading\">Por que a Uni\u00e3o Europeia est\u00e1 introduzindo luzes de freio piscando?<\/h2>\n\n\n\n<p><strong>Luzes de freio piscando<\/strong> aumentam muito a visibilidade de uma freada de emerg\u00eancia, especialmente em alta velocidade e com pouca visibilidade, como em chuva forte ou neblina. Um sinal vermelho forte, piscando rapidamente, chama mais aten\u00e7\u00e3o do que luzes acesas de forma cont\u00ednua em uma estrada movimentada.<\/p>\n\n\n\n<p><strong>Organiza\u00e7\u00f5es de seguran\u00e7a no tr\u00e2nsito<\/strong> apontam que muitos engavetamentos ocorrem porque o motorista demora a perceber a intensidade da freada \u00e0 frente. Para reduzir esse risco, a nova regra das luzes de freio se soma a outros sistemas, como frenagem autom\u00e1tica de emerg\u00eancia e avisos de colis\u00e3o iminente. Em alguns pa\u00edses europeus, testes de campo j\u00e1 indicaram redu\u00e7\u00e3o de colis\u00f5es traseiras em vias r\u00e1pidas quando sinais luminosos mais claros de emerg\u00eancia s\u00e3o adotados.<\/p>\n\n\n\n<h2 class=\"wp-block-heading\">Como essas novas luzes de freio funcionam na pr\u00e1tica?<\/h2>\n\n\n\n<p><strong>O novo sistema de luz de freio<\/strong> usa sensores que medem constantemente a press\u00e3o do freio, a desacelera\u00e7\u00e3o do carro e a velocidade. Somente em uma freada muito forte, acima de 50 km\/h, o carro ativa o modo de piscar r\u00e1pido na luz de freio traseira, evitando \u201calarme falso\u201d em redu\u00e7\u00f5es leves.<\/p>\n\n\n\n<p><strong>Se o carro chega a parar completamente<\/strong>, o pisca-alerta \u00e9 ligado automaticamente, enquanto a luz de freio volta ao modo normal ou se apaga quando voc\u00ea tira o p\u00e9 do pedal. Quando voc\u00ea volta a andar, o sistema desliga sozinho o <a href=\"https:\/\/www.em.com.br\/emfoco\/2025\/03\/21\/voce-sabia-que-o-uso-errado-do-pisca-alerta-pode-te-custar-uma-multa-pesada-entenda\/\" target=\"_blank\" rel=\"noreferrer noopener\"><strong>pisca-alerta<\/strong><\/a> e retorna ao modo padr\u00e3o de ilumina\u00e7\u00e3o.<\/p>\n\n\n\n<figure class=\"wp-block-image size-large\"><img loading=\"lazy\" decoding=\"async\" width=\"1024\" height=\"576\" src=\"https:\/\/www.em.com.br\/emfoco\/wp-content\/uploads\/2026\/01\/Copia-de-Copia-de-Mural-marrom-2026-01-27T133838.394-1024x576.jpg\" alt=\"Novas luzes de freio a partir de julho de 2026 deixam os carros mais seguros, mas afetam a privacidade de motoristas\" class=\"wp-image-160932\" srcset=\"https:\/\/www.em.com.br\/emfoco\/wp-content\/uploads\/2026\/01\/Copia-de-Copia-de-Mural-marrom-2026-01-27T133838.394-1024x576.jpg 1024w, https:\/\/www.em.com.br\/emfoco\/wp-content\/uploads\/2026\/01\/Copia-de-Copia-de-Mural-marrom-2026-01-27T133838.394-300x169.jpg 300w, https:\/\/www.em.com.br\/emfoco\/wp-content\/uploads\/2026\/01\/Copia-de-Copia-de-Mural-marrom-2026-01-27T133838.394-768x432.jpg 768w, https:\/\/www.em.com.br\/emfoco\/wp-content\/uploads\/2026\/01\/Copia-de-Copia-de-Mural-marrom-2026-01-27T133838.394-750x422.jpg 750w, https:\/\/www.em.com.br\/emfoco\/wp-content\/uploads\/2026\/01\/Copia-de-Copia-de-Mural-marrom-2026-01-27T133838.394-1140x641.jpg 1140w, https:\/\/www.em.com.br\/emfoco\/wp-content\/uploads\/2026\/01\/Copia-de-Copia-de-Mural-marrom-2026-01-27T133838.394.jpg 1280w\" sizes=\"auto, (max-width: 1024px) 100vw, 1024px\" \/><figcaption class=\"wp-element-caption\">A medida busca reduzir colis\u00f5es traseiras em situa\u00e7\u00f5es de emerg\u00eancia<\/figcaption><\/figure>\n\n\n\n<h2 class=\"wp-block-heading\">Quais carros ser\u00e3o obrigados a ter essas novas luzes de freio?<\/h2>\n\n\n\n<p><strong>Carros novos a partir de julho de 2026<\/strong>, que forem aprovados para uso na Uni\u00e3o Europeia, ter\u00e3o que ter esse sistema de luz de freio piscando como equipamento de f\u00e1brica. Isso vale para a maioria dos carros de passeio e ve\u00edculos comerciais leves novos homologados ap\u00f3s a entrada em vigor da regra.<\/p>\n\n\n\n<p><strong>Carros que j\u00e1 est\u00e3o circulando<\/strong> n\u00e3o precisam ser adaptados. Em muitos pa\u00edses, n\u00e3o \u00e9 permitido instalar por conta pr\u00f3pria uma fun\u00e7\u00e3o de piscar nas luzes de freio, j\u00e1 que a ilumina\u00e7\u00e3o veicular \u00e9 fortemente regulada. Em caso de d\u00favida, \u00e9 importante consultar o \u00f3rg\u00e3o de tr\u00e2nsito local ou uma oficina especializada.<\/p>\n\n\n\n<h2 class=\"wp-block-heading\">O que voc\u00ea percebe, como motorista, com essa nova regra das luzes de freio?<\/h2>\n\n\n\n<p><strong>Se voc\u00ea dirige um carro novo<\/strong>, vai notar que, em uma freada de emerg\u00eancia, a luz de freio traseira come\u00e7a a piscar forte automaticamente. Se o ve\u00edculo parar completamente, o pisca-alerta liga sem que voc\u00ea precise tocar no bot\u00e3o, dando um aviso claro de perigo para quem vem atr\u00e1s.<\/p>\n\n\n\n<p><strong>Se voc\u00ea estiver dirigindo atr\u00e1s de um carro com esse sistema<\/strong>, ver\u00e1 mais vezes luzes de freio piscando ou pisca-alerta acendendo repentinamente em casos de filas ou tr\u00e2nsito parando r\u00e1pido. Esse sinal expl\u00edcito indica que voc\u00ea tamb\u00e9m deve frear com for\u00e7a e aumentar a dist\u00e2ncia de seguran\u00e7a imediatamente.<\/p>\n\n\n\n<h2 class=\"wp-block-heading\">Quais s\u00e3o as novas regras de seguran\u00e7a da Uni\u00e3o Europeia e impactos nos testes de colis\u00e3o?<\/h2>\n\n\n\n<p><strong>Al\u00e9m da obriga\u00e7\u00e3o das novas luzes de freio<\/strong>, a Uni\u00e3o Europeia est\u00e1 tornando os testes de colis\u00e3o e as exig\u00eancias de seguran\u00e7a mais rigorosos. Os carros novos ser\u00e3o avaliados em mais tipos de acidentes, incluindo cen\u00e1rios complexos que envolvem pedestres e ciclistas.<\/p>\n\n\n\n<p><strong>As montadoras ter\u00e3o que<\/strong> refor\u00e7ar a estrutura dos ve\u00edculos e incluir mais sistemas inteligentes de assist\u00eancia ao motorista. Isso eleva o n\u00edvel de prote\u00e7\u00e3o, mas tamb\u00e9m pode aumentar os custos de desenvolvimento e, consequentemente, o pre\u00e7o final dos autom\u00f3veis.<\/p>\n\n\n\n<h2 class=\"wp-block-heading\">O que \u00e9 a \u201ccaixa-preta\u201d dos carros novos a partir de 2026?<\/h2>\n\n\n\n<p><strong>A caixa-preta do carro<\/strong>, chamada de registrador de dados de evento (Event Data Recorder), ser\u00e1 obrigat\u00f3ria em novos modelos na Uni\u00e3o Europeia a partir de julho de 2026. Ela registra automaticamente o que acontece instantes antes, durante e logo depois de um acidente.<\/p>\n\n\n\n<p><strong>Informa\u00e7\u00f5es como velocidade<\/strong>, quanto o pedal do freio foi pressionado, o \u00e2ngulo do volante e o uso de cintos ficam gravadas por um per\u00edodo curto. Em caso de batida, autoridades ou peritos podem acessar esses dados t\u00e9cnicos para reconstruir o acidente com mais precis\u00e3o.<\/p>\n\n\n\n<figure class=\"wp-block-image size-large\"><img loading=\"lazy\" decoding=\"async\" width=\"1024\" height=\"576\" src=\"https:\/\/www.em.com.br\/emfoco\/wp-content\/uploads\/2026\/01\/Copia-de-Copia-de-Mural-marrom-2026-01-27T134317.300-1024x576.jpg\" alt=\"Novas luzes de freio a partir de julho de 2026 deixam os carros mais seguros, mas afetam a privacidade de motoristas\" class=\"wp-image-160936\" srcset=\"https:\/\/www.em.com.br\/emfoco\/wp-content\/uploads\/2026\/01\/Copia-de-Copia-de-Mural-marrom-2026-01-27T134317.300-1024x576.jpg 1024w, https:\/\/www.em.com.br\/emfoco\/wp-content\/uploads\/2026\/01\/Copia-de-Copia-de-Mural-marrom-2026-01-27T134317.300-300x169.jpg 300w, https:\/\/www.em.com.br\/emfoco\/wp-content\/uploads\/2026\/01\/Copia-de-Copia-de-Mural-marrom-2026-01-27T134317.300-768x432.jpg 768w, https:\/\/www.em.com.br\/emfoco\/wp-content\/uploads\/2026\/01\/Copia-de-Copia-de-Mural-marrom-2026-01-27T134317.300-750x422.jpg 750w, https:\/\/www.em.com.br\/emfoco\/wp-content\/uploads\/2026\/01\/Copia-de-Copia-de-Mural-marrom-2026-01-27T134317.300-1140x641.jpg 1140w, https:\/\/www.em.com.br\/emfoco\/wp-content\/uploads\/2026\/01\/Copia-de-Copia-de-Mural-marrom-2026-01-27T134317.300.jpg 1280w\" sizes=\"auto, (max-width: 1024px) 100vw, 1024px\" \/><figcaption class=\"wp-element-caption\">A obrigatoriedade da caixa-preta amplia a precis\u00e3o na an\u00e1lise de acidentes<\/figcaption><\/figure>\n\n\n\n<h2 class=\"wp-block-heading\">Que dados esse registrador de eventos grava e quem pode acess\u00e1-los?<\/h2>\n\n\n\n<p><strong>A caixa-preta registra<\/strong> principalmente informa\u00e7\u00f5es t\u00e9cnicas sobre a condu\u00e7\u00e3o, e n\u00e3o um hist\u00f3rico completo da viagem como faz uma c\u00e2mera. Em geral, ela guarda apenas segundos ou poucos minutos ao redor do impacto, seguindo padr\u00f5es definidos por reguladores.<\/p>\n\n\n\n<p>Entre os dados monitorados est\u00e3o par\u00e2metros que ajudam a esclarecer responsabilidades em um acidente, o que desperta d\u00favidas sobre privacidade e uso indevido. De forma geral, os registros podem incluir:<\/p>\n\n\n\n<ul class=\"wp-block-list\">\n<li>Velocidade do ve\u00edculo e acelera\u00e7\u00e3o\/desacelera\u00e7\u00e3o<\/li>\n\n\n\n<li>Posi\u00e7\u00e3o do acelerador e press\u00e3o no pedal do freio<\/li>\n\n\n\n<li>\u00c2ngulo do volante e acionamento de sistemas de seguran\u00e7a<\/li>\n\n\n\n<li>Uso de cintos de seguran\u00e7a e status de airbags<\/li>\n<\/ul>\n\n\n\n<h2 class=\"wp-block-heading\">Como funciona a prepara\u00e7\u00e3o para bloqueador de igni\u00e7\u00e3o por \u00e1lcool nos carros modernos?<\/h2>\n\n\n\n<p><strong>Carros novos tamb\u00e9m v\u00e3o receber<\/strong> uma prepara\u00e7\u00e3o t\u00e9cnica para o bloqueador de igni\u00e7\u00e3o por \u00e1lcool, mesmo que o dispositivo ainda n\u00e3o esteja instalado. A eletr\u00f4nica do ve\u00edculo ser\u00e1 projetada para permitir a conex\u00e3o futura de um aparelho que mede o n\u00edvel de \u00e1lcool do motorista.<\/p>\n\n\n\n<p><strong>Os governos podem<\/strong> exigir esse bloqueador para motoristas reincidentes em infra\u00e7\u00f5es ligadas \u00e0 bebida, como alternativa ou complemento \u00e0 suspens\u00e3o da carteira. Com a prepara\u00e7\u00e3o pr\u00e9via, o carro n\u00e3o precisa sofrer grandes modifica\u00e7\u00f5es para receber o sistema quando necess\u00e1rio.<\/p>\n\n\n\n<h2 class=\"wp-block-heading\">O carro fica mais seguro, mas a sua privacidade diminui?<\/h2>\n\n\n\n<p><strong>Com luzes de freio piscando<\/strong>, caixa-preta e prepara\u00e7\u00e3o para bloqueador de igni\u00e7\u00e3o por \u00e1lcool, o carro fica mais seguro e \u201cinteligente\u201d. Ao mesmo tempo, cresce a preocupa\u00e7\u00e3o de que o ve\u00edculo vire um \u201ccoletador de dados sobre rodas\u201d, registrando cada vez mais aspectos do seu jeito de dirigir.<\/p>\n\n\n\n<p><strong>Informa\u00e7\u00f5es sobre velocidade e comportamento ao volante<\/strong> podem interessar a seguradoras, locadoras, frotas corporativas e at\u00e9 \u00f3rg\u00e3os p\u00fablicos. Mesmo com leis como o GDPR na Europa, muitos motoristas temem que usos mais invasivos desses dados se tornem comuns, como perfis de risco detalhados para seguros ou an\u00e1lise de rotas e hor\u00e1rios.<\/p>\n\n\n\n<h2 class=\"wp-block-heading\">\u00c9 poss\u00edvel proteger melhor a sua privacidade usando um carro antigo?<\/h2>\n\n\n\n<p><strong>Quem busca o m\u00e1ximo de privacidade<\/strong> muitas vezes escolhe de prop\u00f3sito um carro mais antigo, sem conex\u00e3o constante \u00e0 internet ou sistemas avan\u00e7ados de registro. Esse tipo de ve\u00edculo coleta bem menos dados e raramente envia algo automaticamente para fora do carro.<\/p>\n\n\n\n<p><strong>Por outro lado<\/strong>, carros antigos costumam ter menos recursos de seguran\u00e7a ativa, como frenagem autom\u00e1tica, assistentes de faixa e prote\u00e7\u00e3o adicional a pedestres. Na pr\u00e1tica, voc\u00ea acaba trocando parte da seguran\u00e7a oferecida por tecnologias modernas por mais anonimato e simplicidade no dia a dia.<\/p>\n\n\n\n<h2 class=\"wp-block-heading\">Como voc\u00ea pode lidar melhor com os dados do seu carro?<\/h2>\n\n\n\n<p><strong>Como motorista, voc\u00ea pode<\/strong> usar de forma mais consciente as fun\u00e7\u00f5es digitais para reduzir o impacto sobre sua privacidade. \u00c9 importante explorar o menu do ve\u00edculo e dos aplicativos associados para limitar o compartilhamento de dados quando poss\u00edvel.<\/p>\n\n\n\n<p>Antes e depois da compra de um carro, vale perguntar claramente sobre pol\u00edticas de dados. Algumas pr\u00e1ticas ajudam a manter maior controle:<\/p>\n\n\n\n<ul class=\"wp-block-list\">\n<li>Rever configura\u00e7\u00f5es de conectividade, perfis de usu\u00e1rio e telemetria<\/li>\n\n\n\n<li>Desativar envio de dados a apps e servi\u00e7os que voc\u00ea n\u00e3o utiliza<\/li>\n\n\n\n<li>Ler, ao menos de forma resumida, a pol\u00edtica de privacidade da montadora<\/li>\n\n\n\n<li>Apagar perfis e hist\u00f3ricos ao vender ou devolver o ve\u00edculo<\/li>\n<\/ul>\n\n\n\n<h2 class=\"wp-block-heading\">O que essas novas regras significam para voc\u00ea como motorista?<\/h2>\n\n\n\n<p><strong>As novas obriga\u00e7\u00f5es da Uni\u00e3o Europeia<\/strong> sobre luzes de freio, caixa-preta e prepara\u00e7\u00e3o para bloqueador de igni\u00e7\u00e3o por \u00e1lcool tornam o tr\u00e2nsito mais seguro e as situa\u00e7\u00f5es de emerg\u00eancia mais claras. Voc\u00ea se beneficia especialmente em momentos cr\u00edticos, em que cada fra\u00e7\u00e3o de segundo pode evitar um acidente grave.<\/p>\n\n\n\n<p><strong>Em compensa\u00e7\u00e3o<\/strong>, voc\u00ea precisa pensar mais sobre quem pode acessar informa\u00e7\u00f5es sobre como dirige. Escolher com aten\u00e7\u00e3o o carro, revisar as op\u00e7\u00f5es de privacidade e entender quais dados s\u00e3o coletados permite encontrar um equil\u00edbrio entre seguran\u00e7a, conforto e o n\u00edvel de exposi\u00e7\u00e3o com o qual voc\u00ea se sente \u00e0 vontade.<\/p>\n\n\n\n<ul class=\"wp-block-list\">\n<li><strong>Novas luzes de freio a partir de julho de 2026<\/strong> trazem sinais piscando e pisca-alerta autom\u00e1tico para destacar freios de emerg\u00eancia<\/li>\n\n\n\n<li><strong>Caixas-pretas obrigat\u00f3rias e prepara\u00e7\u00e3o para bloqueador de igni\u00e7\u00e3o por \u00e1lcool<\/strong> aumentam a seguran\u00e7a, mas tamb\u00e9m a coleta de dados sobre motoristas<\/li>\n\n\n\n<li><strong>Os motoristas precisam escolher de forma consciente<\/strong> entre aproveitar sistemas modernos de assist\u00eancia e o n\u00edvel de privacidade e controle de dados que desejam manter<\/li>\n<\/ul>\n\n\n\n<p>No fim, n\u00e3o se trata de temer a tecnologia, mas de aprender a us\u00e1-la a seu favor: quanto mais voc\u00ea entender os recursos de seguran\u00e7a e as consequ\u00eancias para a sua privacidade, mais preparado estar\u00e1 para tomar decis\u00f5es inteligentes ao escolher, configurar e dirigir o seu pr\u00f3ximo carro.<\/p>\n","protected":false},"excerpt":{"rendered":"<p>&nbsp; As novas luzes de freio a partir de julho de 2026 v\u00e3o mudar a forma como os carros avisam os ve\u00edculos que v\u00eam atr\u00e1s e fazem parte de um pacote de regras europeias de seguran\u00e7a mais r\u00edgidas. Os carros modernos v\u00e3o ficar ainda mais seguros, mas, em troca, v\u00e3o gerar mais dados sobre voc\u00ea [&hellip;]<\/p>\n","protected":false},"author":28,"featured_media":160931,"comment_status":"open","ping_status":"open","sticky":false,"template":"","format":"standard","meta":{"jnews-multi-image_gallery":[],"jnews_single_post":{"format":"standard"},"jnews_primary_category":[],"jnews_social_meta":[],"jnews_override_counter":[],"footnotes":""},"categories":[1],"tags":[23547,850,2094,7823],"class_list":["post-160902","post","type-post","status-publish","format-standard","has-post-thumbnail","hentry","category-noticias","tag-caixa-preta","tag-privacidade","tag-seguranca-veicular","tag-uniao-europeia"],"yoast_head":"<!-- This site is optimized with the Yoast SEO plugin v23.8 - https:\/\/yoast.com\/wordpress\/plugins\/seo\/ -->\n<title>Novas luzes de freio a partir de julho de 2026 deixam os carros mais seguros, mas afetam a privacidade de motoristas - Estado de Minas - Em foco<\/title>\n<meta name=\"description\" content=\"Novas regras da UE exigem luzes de freio piscantes, caixa-preta e preparo para bloqueador de \u00e1lcool, aumentando seguran\u00e7a e coleta de dados.\" \/>\n<meta name=\"robots\" content=\"index, follow, max-snippet:-1, max-image-preview:large, max-video-preview:-1\" \/>\n<link rel=\"canonical\" href=\"https:\/\/www.em.com.br\/emfoco\/2026\/01\/27\/novas-luzes-de-freio-a-partir-de-julho-de-2026-deixam-os-carros-mais-seguros-mas-afetam-a-privacidade-de-motoristas\/\" \/>\n<meta property=\"og:locale\" content=\"pt_BR\" \/>\n<meta property=\"og:type\" content=\"article\" \/>\n<meta property=\"og:title\" content=\"Novas luzes de freio a partir de julho de 2026 deixam os carros mais seguros, mas afetam a privacidade de motoristas - Estado de Minas - Em foco\" \/>\n<meta property=\"og:description\" content=\"Novas regras da UE exigem luzes de freio piscantes, caixa-preta e preparo para bloqueador de \u00e1lcool, aumentando seguran\u00e7a e coleta de dados.\" \/>\n<meta property=\"og:url\" content=\"https:\/\/www.em.com.br\/emfoco\/2026\/01\/27\/novas-luzes-de-freio-a-partir-de-julho-de-2026-deixam-os-carros-mais-seguros-mas-afetam-a-privacidade-de-motoristas\/\" \/>\n<meta property=\"og:site_name\" content=\"Estado de Minas - Em foco\" \/>\n<meta property=\"article:published_time\" content=\"2026-01-27T23:15:00+00:00\" \/>\n<meta property=\"article:modified_time\" content=\"2026-01-27T17:55:37+00:00\" \/>\n<meta property=\"og:image\" content=\"https:\/\/www.em.com.br\/emfoco\/wp-content\/uploads\/2026\/01\/Copia-de-Copia-de-Mural-marrom-2026-01-27T133733.952.jpg\" \/>\n\t<meta property=\"og:image:width\" content=\"1280\" \/>\n\t<meta property=\"og:image:height\" content=\"720\" \/>\n\t<meta property=\"og:image:type\" content=\"image\/jpeg\" \/>\n<meta name=\"author\" content=\"Elis Gabrielle Santos Souza\" \/>\n<meta name=\"twitter:card\" content=\"summary_large_image\" \/>\n<meta name=\"twitter:label1\" content=\"Escrito por\" \/>\n\t<meta name=\"twitter:data1\" content=\"Elis Gabrielle Santos Souza\" \/>\n\t<meta name=\"twitter:label2\" content=\"Est. tempo de leitura\" \/>\n\t<meta name=\"twitter:data2\" content=\"10 minutos\" \/>\n<!-- \/ Yoast SEO plugin. -->","yoast_head_json":{"title":"Novas luzes de freio a partir de julho de 2026 deixam os carros mais seguros, mas afetam a privacidade de motoristas - Estado de Minas - Em foco","description":"Novas regras da UE exigem luzes de freio piscantes, caixa-preta e preparo para bloqueador de \u00e1lcool, aumentando seguran\u00e7a e coleta de dados.","robots":{"index":"index","follow":"follow","max-snippet":"max-snippet:-1","max-image-preview":"max-image-preview:large","max-video-preview":"max-video-preview:-1"},"canonical":"https:\/\/www.em.com.br\/emfoco\/2026\/01\/27\/novas-luzes-de-freio-a-partir-de-julho-de-2026-deixam-os-carros-mais-seguros-mas-afetam-a-privacidade-de-motoristas\/","og_locale":"pt_BR","og_type":"article","og_title":"Novas luzes de freio a partir de julho de 2026 deixam os carros mais seguros, mas afetam a privacidade de motoristas - Estado de Minas - Em foco","og_description":"Novas regras da UE exigem luzes de freio piscantes, caixa-preta e preparo para bloqueador de \u00e1lcool, aumentando seguran\u00e7a e coleta de dados.","og_url":"https:\/\/www.em.com.br\/emfoco\/2026\/01\/27\/novas-luzes-de-freio-a-partir-de-julho-de-2026-deixam-os-carros-mais-seguros-mas-afetam-a-privacidade-de-motoristas\/","og_site_name":"Estado de Minas - Em foco","article_published_time":"2026-01-27T23:15:00+00:00","article_modified_time":"2026-01-27T17:55:37+00:00","og_image":[{"width":1280,"height":720,"url":"https:\/\/www.em.com.br\/emfoco\/wp-content\/uploads\/2026\/01\/Copia-de-Copia-de-Mural-marrom-2026-01-27T133733.952.jpg","type":"image\/jpeg"}],"author":"Elis Gabrielle Santos Souza","twitter_card":"summary_large_image","twitter_misc":{"Escrito por":"Elis Gabrielle Santos Souza","Est. tempo de leitura":"10 minutos"},"schema":{"@context":"https:\/\/schema.org","@graph":[{"@type":"WebPage","@id":"https:\/\/www.em.com.br\/emfoco\/2026\/01\/27\/novas-luzes-de-freio-a-partir-de-julho-de-2026-deixam-os-carros-mais-seguros-mas-afetam-a-privacidade-de-motoristas\/","url":"https:\/\/www.em.com.br\/emfoco\/2026\/01\/27\/novas-luzes-de-freio-a-partir-de-julho-de-2026-deixam-os-carros-mais-seguros-mas-afetam-a-privacidade-de-motoristas\/","name":"Novas luzes de freio a partir de julho de 2026 deixam os carros mais seguros, mas afetam a privacidade de motoristas - Estado de Minas - Em foco","isPartOf":{"@id":"https:\/\/www.em.com.br\/emfoco\/#website"},"primaryImageOfPage":{"@id":"https:\/\/www.em.com.br\/emfoco\/2026\/01\/27\/novas-luzes-de-freio-a-partir-de-julho-de-2026-deixam-os-carros-mais-seguros-mas-afetam-a-privacidade-de-motoristas\/#primaryimage"},"image":{"@id":"https:\/\/www.em.com.br\/emfoco\/2026\/01\/27\/novas-luzes-de-freio-a-partir-de-julho-de-2026-deixam-os-carros-mais-seguros-mas-afetam-a-privacidade-de-motoristas\/#primaryimage"},"thumbnailUrl":"https:\/\/www.em.com.br\/emfoco\/wp-content\/uploads\/2026\/01\/Copia-de-Copia-de-Mural-marrom-2026-01-27T133733.952.jpg","datePublished":"2026-01-27T23:15:00+00:00","dateModified":"2026-01-27T17:55:37+00:00","author":{"@id":"https:\/\/www.em.com.br\/emfoco\/#\/schema\/person\/0c545bffa944f9caa147d776b5f6f1f5"},"description":"Novas regras da UE exigem luzes de freio piscantes, caixa-preta e preparo para bloqueador de \u00e1lcool, aumentando seguran\u00e7a e coleta de dados.","breadcrumb":{"@id":"https:\/\/www.em.com.br\/emfoco\/2026\/01\/27\/novas-luzes-de-freio-a-partir-de-julho-de-2026-deixam-os-carros-mais-seguros-mas-afetam-a-privacidade-de-motoristas\/#breadcrumb"},"inLanguage":"pt-BR","potentialAction":[{"@type":"ReadAction","target":["https:\/\/www.em.com.br\/emfoco\/2026\/01\/27\/novas-luzes-de-freio-a-partir-de-julho-de-2026-deixam-os-carros-mais-seguros-mas-afetam-a-privacidade-de-motoristas\/"]}]},{"@type":"ImageObject","inLanguage":"pt-BR","@id":"https:\/\/www.em.com.br\/emfoco\/2026\/01\/27\/novas-luzes-de-freio-a-partir-de-julho-de-2026-deixam-os-carros-mais-seguros-mas-afetam-a-privacidade-de-motoristas\/#primaryimage","url":"https:\/\/www.em.com.br\/emfoco\/wp-content\/uploads\/2026\/01\/Copia-de-Copia-de-Mural-marrom-2026-01-27T133733.952.jpg","contentUrl":"https:\/\/www.em.com.br\/emfoco\/wp-content\/uploads\/2026\/01\/Copia-de-Copia-de-Mural-marrom-2026-01-27T133733.952.jpg","width":1280,"height":720,"caption":"A partir de julho de 2026, carros novos na UE ter\u00e3o luzes de freio piscando em frenagens fortes"},{"@type":"BreadcrumbList","@id":"https:\/\/www.em.com.br\/emfoco\/2026\/01\/27\/novas-luzes-de-freio-a-partir-de-julho-de-2026-deixam-os-carros-mais-seguros-mas-afetam-a-privacidade-de-motoristas\/#breadcrumb","itemListElement":[{"@type":"ListItem","position":1,"name":"In\u00edcio","item":"https:\/\/www.em.com.br\/emfoco\/"},{"@type":"ListItem","position":2,"name":"Novas luzes de freio a partir de julho de 2026 deixam os carros mais seguros, mas afetam a privacidade de motoristas"}]},{"@type":"WebSite","@id":"https:\/\/www.em.com.br\/emfoco\/#website","url":"https:\/\/www.em.com.br\/emfoco\/","name":"Estado de Minas - Em foco","description":"Acompanhe as \u00faltimas not\u00edcias e fique bem informado sobre tudo o que acontece em Minas Gerais, Brasil e no mundo.","potentialAction":[{"@type":"SearchAction","target":{"@type":"EntryPoint","urlTemplate":"https:\/\/www.em.com.br\/emfoco\/?s={search_term_string}"},"query-input":{"@type":"PropertyValueSpecification","valueRequired":true,"valueName":"search_term_string"}}],"inLanguage":"pt-BR"},{"@type":"Person","@id":"https:\/\/www.em.com.br\/emfoco\/#\/schema\/person\/0c545bffa944f9caa147d776b5f6f1f5","name":"Elis Gabrielle Santos Souza","image":{"@type":"ImageObject","inLanguage":"pt-BR","@id":"https:\/\/www.em.com.br\/emfoco\/#\/schema\/person\/image\/","url":"https:\/\/secure.gravatar.com\/avatar\/1dc86c254cebb74d9c8a14da612c52db?s=96&d=mm&r=g","contentUrl":"https:\/\/secure.gravatar.com\/avatar\/1dc86c254cebb74d9c8a14da612c52db?s=96&d=mm&r=g","caption":"Elis Gabrielle Santos Souza"},"sameAs":["https:\/\/www.em.com.br\/emfoco"],"url":"https:\/\/www.em.com.br\/emfoco\/author\/elis-myth\/"}]}},"_links":{"self":[{"href":"https:\/\/www.em.com.br\/emfoco\/wp-json\/wp\/v2\/posts\/160902","targetHints":{"allow":["GET"]}}],"collection":[{"href":"https:\/\/www.em.com.br\/emfoco\/wp-json\/wp\/v2\/posts"}],"about":[{"href":"https:\/\/www.em.com.br\/emfoco\/wp-json\/wp\/v2\/types\/post"}],"author":[{"embeddable":true,"href":"https:\/\/www.em.com.br\/emfoco\/wp-json\/wp\/v2\/users\/28"}],"replies":[{"embeddable":true,"href":"https:\/\/www.em.com.br\/emfoco\/wp-json\/wp\/v2\/comments?post=160902"}],"version-history":[{"count":1,"href":"https:\/\/www.em.com.br\/emfoco\/wp-json\/wp\/v2\/posts\/160902\/revisions"}],"predecessor-version":[{"id":160937,"href":"https:\/\/www.em.com.br\/emfoco\/wp-json\/wp\/v2\/posts\/160902\/revisions\/160937"}],"wp:featuredmedia":[{"embeddable":true,"href":"https:\/\/www.em.com.br\/emfoco\/wp-json\/wp\/v2\/media\/160931"}],"wp:attachment":[{"href":"https:\/\/www.em.com.br\/emfoco\/wp-json\/wp\/v2\/media?parent=160902"}],"wp:term":[{"taxonomy":"category","embeddable":true,"href":"https:\/\/www.em.com.br\/emfoco\/wp-json\/wp\/v2\/categories?post=160902"},{"taxonomy":"post_tag","embeddable":true,"href":"https:\/\/www.em.com.br\/emfoco\/wp-json\/wp\/v2\/tags?post=160902"}],"curies":[{"name":"wp","href":"https:\/\/api.w.org\/{rel}","templated":true}]}}