{"id":160861,"date":"2026-01-28T16:45:00","date_gmt":"2026-01-28T19:45:00","guid":{"rendered":"https:\/\/www.em.com.br\/emfoco\/?p=160861"},"modified":"2026-01-27T16:41:44","modified_gmt":"2026-01-27T19:41:44","slug":"esqueca-o-quarto-branco-veja-3-combinacoes-tendencias-para-2026-e-que-trazem-mais-conforto","status":"publish","type":"post","link":"https:\/\/www.em.com.br\/emfoco\/2026\/01\/28\/esqueca-o-quarto-branco-veja-3-combinacoes-tendencias-para-2026-e-que-trazem-mais-conforto\/","title":{"rendered":"Esque\u00e7a o quarto branco: veja 3 combina\u00e7\u00f5es tend\u00eancias para 2026 e que trazem mais conforto"},"content":{"rendered":"\n<p>Escolher as cores do quarto deixou de ser s\u00f3 um detalhe est\u00e9tico e hoje \u00e9 parte importante da rotina de descanso: estudos de comportamento visual e relatos de profissionais de arquitetura e design mostram que certos tons deixam o ambiente mais acolhedor, enquanto outros criam uma atmosfera fria, pouco convidativa ao sono, como costuma acontecer com o branco puro quando usado em excesso.<\/p>\n\n\n\n<h2 class=\"wp-block-heading\">Branco em excesso atrapalha o descanso<\/h2>\n\n\n\n<p>A cor branca, principalmente em sua vers\u00e3o mais pura e brilhante, reflete muita luz e pode deixar o quarto com \u201ccara\u201d de consult\u00f3rio ou escrit\u00f3rio. \u00c0 noite, com as l\u00e2mpadas acesas, essa claridade intensa estimula em vez de acalmar, o que \u00e9 pouco funcional para quem tem dificuldade em desacelerar.<\/p>\n\n\n\n<p>Al\u00e9m disso, um ambiente totalmente branco \u2014 <a href=\"https:\/\/www.em.com.br\/emfoco\/2026\/01\/23\/renove-as-paredes-da-sua-casa-sem-obras-estas-sao-as-alternativas-que-serao-tendencia-em-2026\/\" target=\"_blank\" rel=\"noreferrer noopener\">paredes<\/a>, teto, portas e roupas de cama \u2014 pode transmitir limpeza, mas tamb\u00e9m sensa\u00e7\u00e3o de vazio e dist\u00e2ncia. Falta profundidade, varia\u00e7\u00e3o de tons e acolhimento; por isso, o uso de cores mais quentes, texturas naturais e combina\u00e7\u00f5es suaves tende a criar um clima mais humano e confort\u00e1vel para dormir.<\/p>\n\n\n\n<iframe loading=\"lazy\" src=\"https:\/\/assets.pinterest.com\/ext\/embed.html?id=300544975154672791\" height=\"445\" width=\"345\" frameborder=\"0\" scrolling=\"no\" ><\/iframe>\n\n\n\n<h2 class=\"wp-block-heading\">O que \u00e9 paleta de cores para dormit\u00f3rio<\/h2>\n\n\n\n<p>Ao falar de cor para quarto, o foco deve ser a paleta de cores para dormit\u00f3rio, ou seja, o conjunto de tons que define a identidade visual do espa\u00e7o. Em vez de um \u00fanico tom dominante, muitos arquitetos combinam uma base neutra suave, uma cor de apoio mais marcante e materiais que tragam sensa\u00e7\u00e3o de calor.<\/p>\n\n\n\n<p>As paletas mais recomendadas para um quarto relaxante evitam contrastes fortes, como branco puro com preto intenso ou cores fluorescentes. Varia\u00e7\u00f5es de bege, cinza claro, tons terrosos, verdes suaves e brancos levemente quebrados deixam a luz circular com menos dureza visual, favorecendo leitura, descanso e sono.<\/p>\n\n\n\n<h2 class=\"wp-block-heading\">As melhores combina\u00e7\u00f5es de cores para o quarto<\/h2>\n\n\n\n<p>Algumas combina\u00e7\u00f5es se repetem em projetos atuais justamente por equilibrar luminosidade e aconchego, sem deixar o quarto pesado ou escuro demais. S\u00e3o op\u00e7\u00f5es vers\u00e1teis, f\u00e1ceis de adaptar a diferentes estilos, desde o minimalista ao mais cl\u00e1ssico.<\/p>\n\n\n\n<ol class=\"wp-block-list\">\n<li><strong>Bege quente, branco suave e madeira clara<\/strong>: nessa combina\u00e7\u00e3o, o bege quente entra como base principal nas paredes ou em uma delas, criando um fundo calmo. O branco suave (off-white) aparece em rodap\u00e9s, portas, teto ou roupa de cama, garantindo claridade sem o impacto do branco puro, enquanto a madeira clara em cabeceira, criado-mudo ou piso traz textura e conforto.<\/li>\n\n\n\n<li><strong>Cinza perolado com azul profundo e toques met\u00e1licos<\/strong>: o cinza perolado funciona como neutro delicado, mais leve que o cinza-escuro, e o azul profundo, como azul-petr\u00f3leo, pode aparecer em uma parede de destaque, almofadas ou mantas, dando profundidade ao espa\u00e7o. Pequenos detalhes met\u00e1licos em dourado ou champanhe, em lumin\u00e1rias, puxadores ou molduras, acrescentam um ar sofisticado sem exagero.<\/li>\n\n\n\n<li><strong>Verde oliva, tons areia e branco off-white<\/strong>: para quem busca sensa\u00e7\u00e3o de natureza e serenidade, o verde oliva em uma parede ou pe\u00e7as de destaque \u00e9 uma escolha frequente. Ele se soma a tons areia em tapetes, cortinas ou colchas, criando uma base terrosa agrad\u00e1vel, enquanto o branco off-white completa a paleta em tetos e detalhes, mantendo a claridade sem pesar.<\/li>\n<\/ol>\n\n\n\n<figure class=\"wp-block-image size-large\"><img loading=\"lazy\" decoding=\"async\" width=\"1024\" height=\"576\" src=\"https:\/\/www.em.com.br\/emfoco\/wp-content\/uploads\/2026\/01\/Gemini_Generated_Image_ehs3wiehs3wiehs3-1-1024x576.png\" alt=\"Essas combina\u00e7\u00f5es de cores ajudam a transformar o quarto em ref\u00fagio\" class=\"wp-image-160964\" srcset=\"https:\/\/www.em.com.br\/emfoco\/wp-content\/uploads\/2026\/01\/Gemini_Generated_Image_ehs3wiehs3wiehs3-1-1024x576.png 1024w, https:\/\/www.em.com.br\/emfoco\/wp-content\/uploads\/2026\/01\/Gemini_Generated_Image_ehs3wiehs3wiehs3-1-300x169.png 300w, https:\/\/www.em.com.br\/emfoco\/wp-content\/uploads\/2026\/01\/Gemini_Generated_Image_ehs3wiehs3wiehs3-1-768x432.png 768w, https:\/\/www.em.com.br\/emfoco\/wp-content\/uploads\/2026\/01\/Gemini_Generated_Image_ehs3wiehs3wiehs3-1-750x422.png 750w, https:\/\/www.em.com.br\/emfoco\/wp-content\/uploads\/2026\/01\/Gemini_Generated_Image_ehs3wiehs3wiehs3-1-1140x641.png 1140w, https:\/\/www.em.com.br\/emfoco\/wp-content\/uploads\/2026\/01\/Gemini_Generated_Image_ehs3wiehs3wiehs3-1.png 1280w\" sizes=\"auto, (max-width: 1024px) 100vw, 1024px\" \/><figcaption class=\"wp-element-caption\">Essas combina\u00e7\u00f5es de cores ajudam a transformar o quarto em ref\u00fagio<\/figcaption><\/figure>\n\n\n\n<h2 class=\"wp-block-heading\">Como aplicar a paleta de cores no dia a dia<\/h2>\n\n\n\n<p>Definir a paleta \u00e9 s\u00f3 o primeiro passo: a forma de aplica\u00e7\u00e3o muda totalmente o resultado final. Uma boa estrat\u00e9gia \u00e9 usar a cor mais suave como base das paredes e reservar o tom mais marcante para pequenos pontos de destaque, evitando excesso e cansa\u00e7o visual.<\/p>\n\n\n\n<p>Para ajudar a colocar isso em pr\u00e1tica, vale seguir algumas diretrizes simples que conectam cores, materiais e ilumina\u00e7\u00e3o, garantindo um quarto mais funcional e relaxante:<\/p>\n\n\n\n<ul class=\"wp-block-list\">\n<li><strong>Paredes:<\/strong>\u00a0priorizar tons claros e quentes, como bege suave, cinza perolado ou branco off-white.<\/li>\n\n\n\n<li><strong>Parede de destaque:<\/strong>\u00a0usar verde oliva, azul profundo ou outro tom mais escuro apenas em uma superf\u00edcie.<\/li>\n\n\n\n<li><strong>M\u00f3veis:<\/strong>\u00a0escolher madeira clara ou m\u00e9dia, que aquece o ambiente sem escurecer demais.<\/li>\n\n\n\n<li><strong>Roupas de cama:<\/strong>\u00a0combinar pe\u00e7as lisas em tons neutros com poucos elementos coloridos e texturas naturais.<\/li>\n\n\n\n<li><strong>Ilumina\u00e7\u00e3o:<\/strong>\u00a0optar por l\u00e2mpadas de temperatura de cor mais quente para refor\u00e7ar a proposta de relaxamento.<\/li>\n<\/ul>\n\n\n\n<iframe loading=\"lazy\" src=\"https:\/\/assets.pinterest.com\/ext\/embed.html?id=802766702350076072\" height=\"714\" width=\"345\" frameborder=\"0\" scrolling=\"no\" ><\/iframe>\n\n\n\n<h2 class=\"wp-block-heading\">Transforme agora seu quarto em um ref\u00fagio de descanso<\/h2>\n\n\n\n<p>No fim, a escolha das cores do quarto \u00e9 decisiva para facilitar a transi\u00e7\u00e3o do ritmo acelerado do dia para um estado real de repouso. Tonalidades suaves, brancos menos intensos, materiais naturais e pontos de cor bem dosados ajudam a criar um ambiente sereno, que acolhe o corpo e a mente todas as noites.<\/p>\n\n\n\n<p>N\u00e3o adie essa mudan\u00e7a: reveja hoje mesmo as cores das paredes, da roupa de cama e da <a href=\"https:\/\/www.youtube.com\/watch?v=7wCmG19R0zw\" target=\"_blank\" rel=\"noreferrer noopener\">ilumina\u00e7\u00e3o <\/a>e comece a ajustar sua paleta para um clima mais calmo. Cada pequena altera\u00e7\u00e3o pode melhorar a qualidade do seu sono e transformar seu dormit\u00f3rio em um verdadeiro ref\u00fagio di\u00e1rio de recupera\u00e7\u00e3o e bem-estar.<\/p>\n","protected":false},"excerpt":{"rendered":"<p>Escolher as cores do quarto deixou de ser s\u00f3 um detalhe est\u00e9tico e hoje \u00e9 parte importante da rotina de descanso: estudos de comportamento visual e relatos de profissionais de arquitetura e design mostram que certos tons deixam o ambiente mais acolhedor, enquanto outros criam uma atmosfera fria, pouco convidativa ao sono, como costuma acontecer [&hellip;]<\/p>\n","protected":false},"author":11,"featured_media":160965,"comment_status":"open","ping_status":"open","sticky":false,"template":"","format":"standard","meta":{"jnews-multi-image_gallery":[],"jnews_single_post":{"format":"standard"},"jnews_primary_category":[],"jnews_social_meta":[],"jnews_override_counter":[],"footnotes":""},"categories":[8819,1],"tags":[4687,464,23557,13874,23558],"class_list":["post-160861","post","type-post","status-publish","format-standard","has-post-thumbnail","hentry","category-curiosidades","category-noticias","tag-decoracao","tag-descanso","tag-paleta-de-cores","tag-quarto","tag-quartos-mais-confortaveis"],"yoast_head":"<!-- This site is optimized with the Yoast SEO plugin v23.8 - https:\/\/yoast.com\/wordpress\/plugins\/seo\/ -->\n<title>Esque\u00e7a o quarto branco: veja 3 combina\u00e7\u00f5es tend\u00eancias para 2026 e que trazem mais conforto - Estado de Minas - Em foco<\/title>\n<meta name=\"description\" content=\"O uso excessivo do branco no quarto pode prejudicar o descanso. Veja quais cores criam um ambiente mais acolhedor.\" \/>\n<meta name=\"robots\" content=\"index, follow, max-snippet:-1, max-image-preview:large, max-video-preview:-1\" \/>\n<link rel=\"canonical\" href=\"https:\/\/www.em.com.br\/emfoco\/2026\/01\/28\/esqueca-o-quarto-branco-veja-3-combinacoes-tendencias-para-2026-e-que-trazem-mais-conforto\/\" \/>\n<meta property=\"og:locale\" content=\"pt_BR\" \/>\n<meta property=\"og:type\" content=\"article\" \/>\n<meta property=\"og:title\" content=\"Esque\u00e7a o quarto branco: veja 3 combina\u00e7\u00f5es tend\u00eancias para 2026 e que trazem mais conforto - Estado de Minas - Em foco\" \/>\n<meta property=\"og:description\" content=\"O uso excessivo do branco no quarto pode prejudicar o descanso. Veja quais cores criam um ambiente mais acolhedor.\" \/>\n<meta property=\"og:url\" content=\"https:\/\/www.em.com.br\/emfoco\/2026\/01\/28\/esqueca-o-quarto-branco-veja-3-combinacoes-tendencias-para-2026-e-que-trazem-mais-conforto\/\" \/>\n<meta property=\"og:site_name\" content=\"Estado de Minas - Em foco\" \/>\n<meta property=\"article:published_time\" content=\"2026-01-28T19:45:00+00:00\" \/>\n<meta property=\"article:modified_time\" content=\"2026-01-27T19:41:44+00:00\" \/>\n<meta property=\"og:image\" content=\"https:\/\/www.em.com.br\/emfoco\/wp-content\/uploads\/2026\/01\/ChatGPT-Image-27-de-jan.-de-2026-14_21_16-1.png\" \/>\n\t<meta property=\"og:image:width\" content=\"1280\" \/>\n\t<meta property=\"og:image:height\" content=\"720\" \/>\n\t<meta property=\"og:image:type\" content=\"image\/png\" \/>\n<meta name=\"author\" content=\"Andre\u0301 Rangel\u00a0\" \/>\n<meta name=\"twitter:card\" content=\"summary_large_image\" \/>\n<meta name=\"twitter:label1\" content=\"Escrito por\" \/>\n\t<meta name=\"twitter:data1\" content=\"Andre\u0301 Rangel\u00a0\" \/>\n\t<meta name=\"twitter:label2\" content=\"Est. tempo de leitura\" \/>\n\t<meta name=\"twitter:data2\" content=\"5 minutos\" \/>\n<!-- \/ Yoast SEO plugin. -->","yoast_head_json":{"title":"Esque\u00e7a o quarto branco: veja 3 combina\u00e7\u00f5es tend\u00eancias para 2026 e que trazem mais conforto - Estado de Minas - Em foco","description":"O uso excessivo do branco no quarto pode prejudicar o descanso. Veja quais cores criam um ambiente mais acolhedor.","robots":{"index":"index","follow":"follow","max-snippet":"max-snippet:-1","max-image-preview":"max-image-preview:large","max-video-preview":"max-video-preview:-1"},"canonical":"https:\/\/www.em.com.br\/emfoco\/2026\/01\/28\/esqueca-o-quarto-branco-veja-3-combinacoes-tendencias-para-2026-e-que-trazem-mais-conforto\/","og_locale":"pt_BR","og_type":"article","og_title":"Esque\u00e7a o quarto branco: veja 3 combina\u00e7\u00f5es tend\u00eancias para 2026 e que trazem mais conforto - Estado de Minas - Em foco","og_description":"O uso excessivo do branco no quarto pode prejudicar o descanso. Veja quais cores criam um ambiente mais acolhedor.","og_url":"https:\/\/www.em.com.br\/emfoco\/2026\/01\/28\/esqueca-o-quarto-branco-veja-3-combinacoes-tendencias-para-2026-e-que-trazem-mais-conforto\/","og_site_name":"Estado de Minas - Em foco","article_published_time":"2026-01-28T19:45:00+00:00","article_modified_time":"2026-01-27T19:41:44+00:00","og_image":[{"width":1280,"height":720,"url":"https:\/\/www.em.com.br\/emfoco\/wp-content\/uploads\/2026\/01\/ChatGPT-Image-27-de-jan.-de-2026-14_21_16-1.png","type":"image\/png"}],"author":"Andre\u0301 Rangel\u00a0","twitter_card":"summary_large_image","twitter_misc":{"Escrito por":"Andre\u0301 Rangel\u00a0","Est. tempo de leitura":"5 minutos"},"schema":{"@context":"https:\/\/schema.org","@graph":[{"@type":"WebPage","@id":"https:\/\/www.em.com.br\/emfoco\/2026\/01\/28\/esqueca-o-quarto-branco-veja-3-combinacoes-tendencias-para-2026-e-que-trazem-mais-conforto\/","url":"https:\/\/www.em.com.br\/emfoco\/2026\/01\/28\/esqueca-o-quarto-branco-veja-3-combinacoes-tendencias-para-2026-e-que-trazem-mais-conforto\/","name":"Esque\u00e7a o quarto branco: veja 3 combina\u00e7\u00f5es tend\u00eancias para 2026 e que trazem mais conforto - Estado de Minas - Em foco","isPartOf":{"@id":"https:\/\/www.em.com.br\/emfoco\/#website"},"primaryImageOfPage":{"@id":"https:\/\/www.em.com.br\/emfoco\/2026\/01\/28\/esqueca-o-quarto-branco-veja-3-combinacoes-tendencias-para-2026-e-que-trazem-mais-conforto\/#primaryimage"},"image":{"@id":"https:\/\/www.em.com.br\/emfoco\/2026\/01\/28\/esqueca-o-quarto-branco-veja-3-combinacoes-tendencias-para-2026-e-que-trazem-mais-conforto\/#primaryimage"},"thumbnailUrl":"https:\/\/www.em.com.br\/emfoco\/wp-content\/uploads\/2026\/01\/ChatGPT-Image-27-de-jan.-de-2026-14_21_16-1.png","datePublished":"2026-01-28T19:45:00+00:00","dateModified":"2026-01-27T19:41:44+00:00","author":{"@id":"https:\/\/www.em.com.br\/emfoco\/#\/schema\/person\/60eda09c1fedf0d6891f4cef4b60b8b8"},"description":"O uso excessivo do branco no quarto pode prejudicar o descanso. Veja quais cores criam um ambiente mais acolhedor.","breadcrumb":{"@id":"https:\/\/www.em.com.br\/emfoco\/2026\/01\/28\/esqueca-o-quarto-branco-veja-3-combinacoes-tendencias-para-2026-e-que-trazem-mais-conforto\/#breadcrumb"},"inLanguage":"pt-BR","potentialAction":[{"@type":"ReadAction","target":["https:\/\/www.em.com.br\/emfoco\/2026\/01\/28\/esqueca-o-quarto-branco-veja-3-combinacoes-tendencias-para-2026-e-que-trazem-mais-conforto\/"]}]},{"@type":"ImageObject","inLanguage":"pt-BR","@id":"https:\/\/www.em.com.br\/emfoco\/2026\/01\/28\/esqueca-o-quarto-branco-veja-3-combinacoes-tendencias-para-2026-e-que-trazem-mais-conforto\/#primaryimage","url":"https:\/\/www.em.com.br\/emfoco\/wp-content\/uploads\/2026\/01\/ChatGPT-Image-27-de-jan.-de-2026-14_21_16-1.png","contentUrl":"https:\/\/www.em.com.br\/emfoco\/wp-content\/uploads\/2026\/01\/ChatGPT-Image-27-de-jan.-de-2026-14_21_16-1.png","width":1280,"height":720,"caption":"Essa mudan\u00e7a na cor das paredes faz diferen\u00e7a"},{"@type":"BreadcrumbList","@id":"https:\/\/www.em.com.br\/emfoco\/2026\/01\/28\/esqueca-o-quarto-branco-veja-3-combinacoes-tendencias-para-2026-e-que-trazem-mais-conforto\/#breadcrumb","itemListElement":[{"@type":"ListItem","position":1,"name":"In\u00edcio","item":"https:\/\/www.em.com.br\/emfoco\/"},{"@type":"ListItem","position":2,"name":"Esque\u00e7a o quarto branco: veja 3 combina\u00e7\u00f5es tend\u00eancias para 2026 e que trazem mais conforto"}]},{"@type":"WebSite","@id":"https:\/\/www.em.com.br\/emfoco\/#website","url":"https:\/\/www.em.com.br\/emfoco\/","name":"Estado de Minas - Em foco","description":"Acompanhe as \u00faltimas not\u00edcias e fique bem informado sobre tudo o que acontece em Minas Gerais, Brasil e no mundo.","potentialAction":[{"@type":"SearchAction","target":{"@type":"EntryPoint","urlTemplate":"https:\/\/www.em.com.br\/emfoco\/?s={search_term_string}"},"query-input":{"@type":"PropertyValueSpecification","valueRequired":true,"valueName":"search_term_string"}}],"inLanguage":"pt-BR"},{"@type":"Person","@id":"https:\/\/www.em.com.br\/emfoco\/#\/schema\/person\/60eda09c1fedf0d6891f4cef4b60b8b8","name":"Andre\u0301 Rangel\u00a0","image":{"@type":"ImageObject","inLanguage":"pt-BR","@id":"https:\/\/www.em.com.br\/emfoco\/#\/schema\/person\/image\/","url":"https:\/\/secure.gravatar.com\/avatar\/6234dc814c77c8ef6d8bba622c787efc?s=96&d=mm&r=g","contentUrl":"https:\/\/secure.gravatar.com\/avatar\/6234dc814c77c8ef6d8bba622c787efc?s=96&d=mm&r=g","caption":"Andre\u0301 Rangel\u00a0"},"url":"https:\/\/www.em.com.br\/emfoco\/author\/luizmyth\/"}]}},"_links":{"self":[{"href":"https:\/\/www.em.com.br\/emfoco\/wp-json\/wp\/v2\/posts\/160861","targetHints":{"allow":["GET"]}}],"collection":[{"href":"https:\/\/www.em.com.br\/emfoco\/wp-json\/wp\/v2\/posts"}],"about":[{"href":"https:\/\/www.em.com.br\/emfoco\/wp-json\/wp\/v2\/types\/post"}],"author":[{"embeddable":true,"href":"https:\/\/www.em.com.br\/emfoco\/wp-json\/wp\/v2\/users\/11"}],"replies":[{"embeddable":true,"href":"https:\/\/www.em.com.br\/emfoco\/wp-json\/wp\/v2\/comments?post=160861"}],"version-history":[{"count":2,"href":"https:\/\/www.em.com.br\/emfoco\/wp-json\/wp\/v2\/posts\/160861\/revisions"}],"predecessor-version":[{"id":160968,"href":"https:\/\/www.em.com.br\/emfoco\/wp-json\/wp\/v2\/posts\/160861\/revisions\/160968"}],"wp:featuredmedia":[{"embeddable":true,"href":"https:\/\/www.em.com.br\/emfoco\/wp-json\/wp\/v2\/media\/160965"}],"wp:attachment":[{"href":"https:\/\/www.em.com.br\/emfoco\/wp-json\/wp\/v2\/media?parent=160861"}],"wp:term":[{"taxonomy":"category","embeddable":true,"href":"https:\/\/www.em.com.br\/emfoco\/wp-json\/wp\/v2\/categories?post=160861"},{"taxonomy":"post_tag","embeddable":true,"href":"https:\/\/www.em.com.br\/emfoco\/wp-json\/wp\/v2\/tags?post=160861"}],"curies":[{"name":"wp","href":"https:\/\/api.w.org\/{rel}","templated":true}]}}