{"id":160836,"date":"2026-01-28T19:25:00","date_gmt":"2026-01-28T22:25:00","guid":{"rendered":"https:\/\/www.em.com.br\/emfoco\/?p=160836"},"modified":"2026-01-27T16:43:09","modified_gmt":"2026-01-27T19:43:09","slug":"melhores-dias-para-cortar-o-cabelo-em-fevereiro-de-2026-quando-cortar-para-crescer-forte-e-com-brilho","status":"publish","type":"post","link":"https:\/\/www.em.com.br\/emfoco\/2026\/01\/28\/melhores-dias-para-cortar-o-cabelo-em-fevereiro-de-2026-quando-cortar-para-crescer-forte-e-com-brilho\/","title":{"rendered":"Melhores dias para cortar o cabelo em fevereiro de 2026: quando cortar para crescer forte e com brilho"},"content":{"rendered":"\n<p>O calend\u00e1rio lunar de fevereiro de 2026 vem despertando interesse entre quem, na Col\u00f4mbia, gosta de alinhar rotina de beleza com astrologia, usando cada fase da Lua como refer\u00eancia para fortalecer o cabelo, estimular o crescimento e manter o brilho, mesmo sem comprova\u00e7\u00e3o cient\u00edfica definitiva, mas ainda assim influenciando a agenda de muitos sal\u00f5es.<\/p>\n\n\n\n<h2 class=\"wp-block-heading\">Calend\u00e1rio lunar de fevereiro de 2026 para cabelo<\/h2>\n\n\n\n<p>O <a href=\"https:\/\/portal.inmet.gov.br\/paginas\/luas\" target=\"_blank\" rel=\"noreferrer noopener\">calend\u00e1rio lunar <\/a>de fevereiro de 2026 \u00e9 usado como guia para escolher o melhor dia para cortar o cabelo, conforme o objetivo: mais volume, crescimento r\u00e1pido ou preserva\u00e7\u00e3o da estrutura dos fios. A tradi\u00e7\u00e3o se soma aos cuidados convencionais, sem substitu\u00ed-los.<\/p>\n\n\n\n<p>De forma resumida, as cren\u00e7as mais difundidas sobre fevereiro de 2026 se organizam assim:<\/p>\n\n\n\n<ul class=\"wp-block-list\">\n<li><strong>1 de fevereiro de 2026 \u2013 Lua cheia:<\/strong>\u00a0indicada para quem busca mais volume, brilho e apar\u00eancia de fios mais encorpados.<\/li>\n\n\n\n<li><strong>17 de fevereiro de 2026 \u2013 Lua nova:<\/strong>\u00a0apontada como fase menos favor\u00e1vel para cortes, especialmente para cabelos fragilizados.<\/li>\n\n\n\n<li><strong>24 de fevereiro de 2026 \u2013 Quarto crescente:<\/strong>\u00a0associada ao crescimento r\u00e1pido e ao fortalecimento do fio em forma\u00e7\u00e3o.<\/li>\n<\/ul>\n\n\n\n<figure class=\"wp-block-image size-large\"><img loading=\"lazy\" decoding=\"async\" width=\"1024\" height=\"576\" src=\"https:\/\/www.em.com.br\/emfoco\/wp-content\/uploads\/2026\/01\/Gemini_Generated_Image_4cuoz74cuoz74cuo-1-1024x576.png\" alt=\"Sal\u00f5es j\u00e1 seguem o calend\u00e1rio lunar de fevereiro de 2026\" class=\"wp-image-160933\" srcset=\"https:\/\/www.em.com.br\/emfoco\/wp-content\/uploads\/2026\/01\/Gemini_Generated_Image_4cuoz74cuoz74cuo-1-1024x576.png 1024w, https:\/\/www.em.com.br\/emfoco\/wp-content\/uploads\/2026\/01\/Gemini_Generated_Image_4cuoz74cuoz74cuo-1-300x169.png 300w, https:\/\/www.em.com.br\/emfoco\/wp-content\/uploads\/2026\/01\/Gemini_Generated_Image_4cuoz74cuoz74cuo-1-768x432.png 768w, https:\/\/www.em.com.br\/emfoco\/wp-content\/uploads\/2026\/01\/Gemini_Generated_Image_4cuoz74cuoz74cuo-1-750x422.png 750w, https:\/\/www.em.com.br\/emfoco\/wp-content\/uploads\/2026\/01\/Gemini_Generated_Image_4cuoz74cuoz74cuo-1-1140x641.png 1140w, https:\/\/www.em.com.br\/emfoco\/wp-content\/uploads\/2026\/01\/Gemini_Generated_Image_4cuoz74cuoz74cuo-1.png 1280w\" sizes=\"auto, (max-width: 1024px) 100vw, 1024px\" \/><figcaption class=\"wp-element-caption\">Sal\u00f5es j\u00e1 seguem o calend\u00e1rio lunar de fevereiro de 2026<\/figcaption><\/figure>\n\n\n\n<h2 class=\"wp-block-heading\">Melhores dias para cortar o cabelo em fevereiro de 2026<\/h2>\n\n\n\n<p>Dentro do calend\u00e1rio lunar de fevereiro de 2026, dois momentos se destacam para quem deseja fios mais fortes e com melhor apar\u00eancia geral: a Lua cheia de 1\u00ba de fevereiro e o quarto crescente de 24 de fevereiro. Segundo a tradi\u00e7\u00e3o, essas datas concentram a energia favor\u00e1vel ao fortalecimento e ao desenvolvimento acelerado do cabelo.<\/p>\n\n\n\n<p>Na pr\u00e1tica, costuma-se fortalecer e dar corpo aos fios em Lua cheia, estimular o crescimento mais r\u00e1pido no quarto crescente e recorrer \u00e0 Lua minguante para manter cortes curtos por mais tempo, sempre combinando o corte com hidrata\u00e7\u00f5es, nutri\u00e7\u00f5es e prote\u00e7\u00e3o t\u00e9rmica adequadas.<\/p>\n\n\n\n<h2 class=\"wp-block-heading\">Que dia cortar o cabelo para que cres\u00e7a mais r\u00e1pido<\/h2>\n\n\n\n<p>Quando o objetivo \u00e9 acelerar o crescimento, o quarto crescente \u00e9 o foco. Em fevereiro de 2026, a data mais citada \u00e9 24 de fevereiro, quando muitas pessoas acreditam que a energia lunar favorece a atividade dos fol\u00edculos, ajudando o cabelo a ganhar cent\u00edmetros de forma mais constante.<\/p>\n\n\n\n<p>Nesse dia, s\u00e3o comuns cortes leves para remover pontas duplas, ajustes em cortes m\u00e9dios ou longos que precisam crescer com equil\u00edbrio e o in\u00edcio de tratamentos de fortalecimento, como cronogramas capilares e protocolos para queda, potencializando o efeito da agenda lunar com cuidados cont\u00ednuos.<\/p>\n\n\n\n<figure class=\"wp-block-image size-large\"><img loading=\"lazy\" decoding=\"async\" width=\"1024\" height=\"576\" src=\"https:\/\/www.em.com.br\/emfoco\/wp-content\/uploads\/2026\/01\/Gemini_Generated_Image_3o6opd3o6opd3o6o-1-1024x576.png\" alt=\"Calend\u00e1rio lunar de fevereiro de 2026\" class=\"wp-image-160935\" srcset=\"https:\/\/www.em.com.br\/emfoco\/wp-content\/uploads\/2026\/01\/Gemini_Generated_Image_3o6opd3o6opd3o6o-1-1024x576.png 1024w, https:\/\/www.em.com.br\/emfoco\/wp-content\/uploads\/2026\/01\/Gemini_Generated_Image_3o6opd3o6opd3o6o-1-300x169.png 300w, https:\/\/www.em.com.br\/emfoco\/wp-content\/uploads\/2026\/01\/Gemini_Generated_Image_3o6opd3o6opd3o6o-1-768x432.png 768w, https:\/\/www.em.com.br\/emfoco\/wp-content\/uploads\/2026\/01\/Gemini_Generated_Image_3o6opd3o6opd3o6o-1-750x422.png 750w, https:\/\/www.em.com.br\/emfoco\/wp-content\/uploads\/2026\/01\/Gemini_Generated_Image_3o6opd3o6opd3o6o-1-1140x641.png 1140w, https:\/\/www.em.com.br\/emfoco\/wp-content\/uploads\/2026\/01\/Gemini_Generated_Image_3o6opd3o6opd3o6o-1.png 1280w\" sizes=\"auto, (max-width: 1024px) 100vw, 1024px\" \/><figcaption class=\"wp-element-caption\">Calend\u00e1rio lunar de fevereiro de 2026<\/figcaption><\/figure>\n\n\n\n<h2 class=\"wp-block-heading\">Por que a Lua cheia de fevereiro de 2026 \u00e9 ligada a volume e brilho<\/h2>\n\n\n\n<p>A <a href=\"https:\/\/www.em.com.br\/emfoco\/2025\/09\/10\/a-proxima-lua-cheia-pode-mudar-suas-decisoes-financeiras\/\" target=\"_blank\" rel=\"noreferrer noopener\">Lua cheia <\/a>de 1\u00ba de fevereiro de 2026 \u00e9 vista como a principal data para quem busca mais corpo e luminosidade nos fios. Essa fase \u00e9 associada, na tradi\u00e7\u00e3o popular, a renova\u00e7\u00e3o e vigor, atraindo pessoas com cabelo fino, fr\u00e1gil ou opaco.<\/p>\n\n\n\n<p>O corte em Lua cheia costuma ser indicado para cabelos que perderam densidade, para fios sem brilho e para quem deseja potencializar m\u00e1scaras nutritivas, \u00f3leos e ampolas de tratamento, sob a cren\u00e7a de que a fibra estaria mais preparada para reter nutrientes e ganhar vitalidade visual.<\/p>\n\n\n\n<h2 class=\"wp-block-heading\">Como usar as fases da Lua no cuidado capilar de forma pr\u00e1tica<\/h2>\n\n\n\n<p>O uso do calend\u00e1rio lunar para cortar o cabelo segue uma l\u00f3gica simples: Lua nova \u00e9 vista como fase de baixa energia, o quarto crescente \u00e9 associado ao crescimento r\u00e1pido, a Lua cheia a volume e resist\u00eancia, e o quarto minguante \u00e0 desacelera\u00e7\u00e3o do crescimento, \u00fatil para manter cortes por mais tempo.<\/p>\n\n\n\n<p>Se deseja testar essa tradi\u00e7\u00e3o, escolha a fase que mais combina com sua meta capilar, agende o corte ainda para fevereiro de 2026 e una o ritual lunar a um bom profissional, produtos de qualidade e uma rotina de cuidados consistente, aproveitando o momento para transformar o visual com inten\u00e7\u00e3o e sem adiar seus planos.<\/p>\n","protected":false},"excerpt":{"rendered":"<p>O calend\u00e1rio lunar de fevereiro de 2026 vem despertando interesse entre quem, na Col\u00f4mbia, gosta de alinhar rotina de beleza com astrologia, usando cada fase da Lua como refer\u00eancia para fortalecer o cabelo, estimular o crescimento e manter o brilho, mesmo sem comprova\u00e7\u00e3o cient\u00edfica definitiva, mas ainda assim influenciando a agenda de muitos sal\u00f5es. Calend\u00e1rio [&hellip;]<\/p>\n","protected":false},"author":11,"featured_media":160934,"comment_status":"open","ping_status":"open","sticky":false,"template":"","format":"standard","meta":{"jnews-multi-image_gallery":[],"jnews_single_post":{"format":"standard"},"jnews_primary_category":[],"jnews_social_meta":[],"jnews_override_counter":[],"footnotes":""},"categories":[8819,1],"tags":[4905,23549,17865,23548,19808],"class_list":["post-160836","post","type-post","status-publish","format-standard","has-post-thumbnail","hentry","category-curiosidades","category-noticias","tag-cabelo","tag-calendario-lunar","tag-cortar-o-cabelo","tag-cortar-o-cabelo-pela-lua","tag-melhor-dia-para-cortar-o-cabelo"],"yoast_head":"<!-- This site is optimized with the Yoast SEO plugin v23.8 - https:\/\/yoast.com\/wordpress\/plugins\/seo\/ -->\n<title>Melhores dias para cortar o cabelo em fevereiro de 2026: quando cortar para crescer forte e com brilho - Estado de Minas - Em foco<\/title>\n<meta name=\"description\" content=\"Veja o calend\u00e1rio lunar de fevereiro de 2026 e descubra os melhores dias para cortar o cabelo e estimular crescimento e brilho.\" \/>\n<meta name=\"robots\" content=\"index, follow, max-snippet:-1, max-image-preview:large, max-video-preview:-1\" \/>\n<link rel=\"canonical\" href=\"https:\/\/www.em.com.br\/emfoco\/2026\/01\/28\/melhores-dias-para-cortar-o-cabelo-em-fevereiro-de-2026-quando-cortar-para-crescer-forte-e-com-brilho\/\" \/>\n<meta property=\"og:locale\" content=\"pt_BR\" \/>\n<meta property=\"og:type\" content=\"article\" \/>\n<meta property=\"og:title\" content=\"Melhores dias para cortar o cabelo em fevereiro de 2026: quando cortar para crescer forte e com brilho - Estado de Minas - Em foco\" \/>\n<meta property=\"og:description\" content=\"Veja o calend\u00e1rio lunar de fevereiro de 2026 e descubra os melhores dias para cortar o cabelo e estimular crescimento e brilho.\" \/>\n<meta property=\"og:url\" content=\"https:\/\/www.em.com.br\/emfoco\/2026\/01\/28\/melhores-dias-para-cortar-o-cabelo-em-fevereiro-de-2026-quando-cortar-para-crescer-forte-e-com-brilho\/\" \/>\n<meta property=\"og:site_name\" content=\"Estado de Minas - Em foco\" \/>\n<meta property=\"article:published_time\" content=\"2026-01-28T22:25:00+00:00\" \/>\n<meta property=\"article:modified_time\" content=\"2026-01-27T19:43:09+00:00\" \/>\n<meta property=\"og:image\" content=\"https:\/\/www.em.com.br\/emfoco\/wp-content\/uploads\/2026\/01\/ChatGPT-Image-27-de-jan.-de-2026-13_40_31-1.png\" \/>\n\t<meta property=\"og:image:width\" content=\"1280\" \/>\n\t<meta property=\"og:image:height\" content=\"720\" \/>\n\t<meta property=\"og:image:type\" content=\"image\/png\" \/>\n<meta name=\"author\" content=\"Andre\u0301 Rangel\u00a0\" \/>\n<meta name=\"twitter:card\" content=\"summary_large_image\" \/>\n<meta name=\"twitter:label1\" content=\"Escrito por\" \/>\n\t<meta name=\"twitter:data1\" content=\"Andre\u0301 Rangel\u00a0\" \/>\n\t<meta name=\"twitter:label2\" content=\"Est. tempo de leitura\" \/>\n\t<meta name=\"twitter:data2\" content=\"5 minutos\" \/>\n<!-- \/ Yoast SEO plugin. -->","yoast_head_json":{"title":"Melhores dias para cortar o cabelo em fevereiro de 2026: quando cortar para crescer forte e com brilho - Estado de Minas - Em foco","description":"Veja o calend\u00e1rio lunar de fevereiro de 2026 e descubra os melhores dias para cortar o cabelo e estimular crescimento e brilho.","robots":{"index":"index","follow":"follow","max-snippet":"max-snippet:-1","max-image-preview":"max-image-preview:large","max-video-preview":"max-video-preview:-1"},"canonical":"https:\/\/www.em.com.br\/emfoco\/2026\/01\/28\/melhores-dias-para-cortar-o-cabelo-em-fevereiro-de-2026-quando-cortar-para-crescer-forte-e-com-brilho\/","og_locale":"pt_BR","og_type":"article","og_title":"Melhores dias para cortar o cabelo em fevereiro de 2026: quando cortar para crescer forte e com brilho - Estado de Minas - Em foco","og_description":"Veja o calend\u00e1rio lunar de fevereiro de 2026 e descubra os melhores dias para cortar o cabelo e estimular crescimento e brilho.","og_url":"https:\/\/www.em.com.br\/emfoco\/2026\/01\/28\/melhores-dias-para-cortar-o-cabelo-em-fevereiro-de-2026-quando-cortar-para-crescer-forte-e-com-brilho\/","og_site_name":"Estado de Minas - Em foco","article_published_time":"2026-01-28T22:25:00+00:00","article_modified_time":"2026-01-27T19:43:09+00:00","og_image":[{"width":1280,"height":720,"url":"https:\/\/www.em.com.br\/emfoco\/wp-content\/uploads\/2026\/01\/ChatGPT-Image-27-de-jan.-de-2026-13_40_31-1.png","type":"image\/png"}],"author":"Andre\u0301 Rangel\u00a0","twitter_card":"summary_large_image","twitter_misc":{"Escrito por":"Andre\u0301 Rangel\u00a0","Est. tempo de leitura":"5 minutos"},"schema":{"@context":"https:\/\/schema.org","@graph":[{"@type":"WebPage","@id":"https:\/\/www.em.com.br\/emfoco\/2026\/01\/28\/melhores-dias-para-cortar-o-cabelo-em-fevereiro-de-2026-quando-cortar-para-crescer-forte-e-com-brilho\/","url":"https:\/\/www.em.com.br\/emfoco\/2026\/01\/28\/melhores-dias-para-cortar-o-cabelo-em-fevereiro-de-2026-quando-cortar-para-crescer-forte-e-com-brilho\/","name":"Melhores dias para cortar o cabelo em fevereiro de 2026: quando cortar para crescer forte e com brilho - Estado de Minas - Em foco","isPartOf":{"@id":"https:\/\/www.em.com.br\/emfoco\/#website"},"primaryImageOfPage":{"@id":"https:\/\/www.em.com.br\/emfoco\/2026\/01\/28\/melhores-dias-para-cortar-o-cabelo-em-fevereiro-de-2026-quando-cortar-para-crescer-forte-e-com-brilho\/#primaryimage"},"image":{"@id":"https:\/\/www.em.com.br\/emfoco\/2026\/01\/28\/melhores-dias-para-cortar-o-cabelo-em-fevereiro-de-2026-quando-cortar-para-crescer-forte-e-com-brilho\/#primaryimage"},"thumbnailUrl":"https:\/\/www.em.com.br\/emfoco\/wp-content\/uploads\/2026\/01\/ChatGPT-Image-27-de-jan.-de-2026-13_40_31-1.png","datePublished":"2026-01-28T22:25:00+00:00","dateModified":"2026-01-27T19:43:09+00:00","author":{"@id":"https:\/\/www.em.com.br\/emfoco\/#\/schema\/person\/60eda09c1fedf0d6891f4cef4b60b8b8"},"description":"Veja o calend\u00e1rio lunar de fevereiro de 2026 e descubra os melhores dias para cortar o cabelo e estimular crescimento e brilho.","breadcrumb":{"@id":"https:\/\/www.em.com.br\/emfoco\/2026\/01\/28\/melhores-dias-para-cortar-o-cabelo-em-fevereiro-de-2026-quando-cortar-para-crescer-forte-e-com-brilho\/#breadcrumb"},"inLanguage":"pt-BR","potentialAction":[{"@type":"ReadAction","target":["https:\/\/www.em.com.br\/emfoco\/2026\/01\/28\/melhores-dias-para-cortar-o-cabelo-em-fevereiro-de-2026-quando-cortar-para-crescer-forte-e-com-brilho\/"]}]},{"@type":"ImageObject","inLanguage":"pt-BR","@id":"https:\/\/www.em.com.br\/emfoco\/2026\/01\/28\/melhores-dias-para-cortar-o-cabelo-em-fevereiro-de-2026-quando-cortar-para-crescer-forte-e-com-brilho\/#primaryimage","url":"https:\/\/www.em.com.br\/emfoco\/wp-content\/uploads\/2026\/01\/ChatGPT-Image-27-de-jan.-de-2026-13_40_31-1.png","contentUrl":"https:\/\/www.em.com.br\/emfoco\/wp-content\/uploads\/2026\/01\/ChatGPT-Image-27-de-jan.-de-2026-13_40_31-1.png","width":1280,"height":720,"caption":"Sal\u00f5es j\u00e1 seguem o calend\u00e1rio lunar de fevereiro de 2026"},{"@type":"BreadcrumbList","@id":"https:\/\/www.em.com.br\/emfoco\/2026\/01\/28\/melhores-dias-para-cortar-o-cabelo-em-fevereiro-de-2026-quando-cortar-para-crescer-forte-e-com-brilho\/#breadcrumb","itemListElement":[{"@type":"ListItem","position":1,"name":"In\u00edcio","item":"https:\/\/www.em.com.br\/emfoco\/"},{"@type":"ListItem","position":2,"name":"Melhores dias para cortar o cabelo em fevereiro de 2026: quando cortar para crescer forte e com brilho"}]},{"@type":"WebSite","@id":"https:\/\/www.em.com.br\/emfoco\/#website","url":"https:\/\/www.em.com.br\/emfoco\/","name":"Estado de Minas - Em foco","description":"Acompanhe as \u00faltimas not\u00edcias e fique bem informado sobre tudo o que acontece em Minas Gerais, Brasil e no mundo.","potentialAction":[{"@type":"SearchAction","target":{"@type":"EntryPoint","urlTemplate":"https:\/\/www.em.com.br\/emfoco\/?s={search_term_string}"},"query-input":{"@type":"PropertyValueSpecification","valueRequired":true,"valueName":"search_term_string"}}],"inLanguage":"pt-BR"},{"@type":"Person","@id":"https:\/\/www.em.com.br\/emfoco\/#\/schema\/person\/60eda09c1fedf0d6891f4cef4b60b8b8","name":"Andre\u0301 Rangel\u00a0","image":{"@type":"ImageObject","inLanguage":"pt-BR","@id":"https:\/\/www.em.com.br\/emfoco\/#\/schema\/person\/image\/","url":"https:\/\/secure.gravatar.com\/avatar\/6234dc814c77c8ef6d8bba622c787efc?s=96&d=mm&r=g","contentUrl":"https:\/\/secure.gravatar.com\/avatar\/6234dc814c77c8ef6d8bba622c787efc?s=96&d=mm&r=g","caption":"Andre\u0301 Rangel\u00a0"},"url":"https:\/\/www.em.com.br\/emfoco\/author\/luizmyth\/"}]}},"_links":{"self":[{"href":"https:\/\/www.em.com.br\/emfoco\/wp-json\/wp\/v2\/posts\/160836","targetHints":{"allow":["GET"]}}],"collection":[{"href":"https:\/\/www.em.com.br\/emfoco\/wp-json\/wp\/v2\/posts"}],"about":[{"href":"https:\/\/www.em.com.br\/emfoco\/wp-json\/wp\/v2\/types\/post"}],"author":[{"embeddable":true,"href":"https:\/\/www.em.com.br\/emfoco\/wp-json\/wp\/v2\/users\/11"}],"replies":[{"embeddable":true,"href":"https:\/\/www.em.com.br\/emfoco\/wp-json\/wp\/v2\/comments?post=160836"}],"version-history":[{"count":3,"href":"https:\/\/www.em.com.br\/emfoco\/wp-json\/wp\/v2\/posts\/160836\/revisions"}],"predecessor-version":[{"id":160940,"href":"https:\/\/www.em.com.br\/emfoco\/wp-json\/wp\/v2\/posts\/160836\/revisions\/160940"}],"wp:featuredmedia":[{"embeddable":true,"href":"https:\/\/www.em.com.br\/emfoco\/wp-json\/wp\/v2\/media\/160934"}],"wp:attachment":[{"href":"https:\/\/www.em.com.br\/emfoco\/wp-json\/wp\/v2\/media?parent=160836"}],"wp:term":[{"taxonomy":"category","embeddable":true,"href":"https:\/\/www.em.com.br\/emfoco\/wp-json\/wp\/v2\/categories?post=160836"},{"taxonomy":"post_tag","embeddable":true,"href":"https:\/\/www.em.com.br\/emfoco\/wp-json\/wp\/v2\/tags?post=160836"}],"curies":[{"name":"wp","href":"https:\/\/api.w.org\/{rel}","templated":true}]}}