{"id":160733,"date":"2026-01-27T14:50:00","date_gmt":"2026-01-27T17:50:00","guid":{"rendered":"https:\/\/www.em.com.br\/emfoco\/?p=160733"},"modified":"2026-01-27T14:45:04","modified_gmt":"2026-01-27T17:45:04","slug":"a-lei-do-registro-civil-foi-revogada-e-a-nova-decisao-historica-permite-que-as-criancas-escolham-a-ordem-de-seus-sobrenomes","status":"publish","type":"post","link":"https:\/\/www.em.com.br\/emfoco\/2026\/01\/27\/a-lei-do-registro-civil-foi-revogada-e-a-nova-decisao-historica-permite-que-as-criancas-escolham-a-ordem-de-seus-sobrenomes\/","title":{"rendered":"A lei do Registro Civil foi revogada e a nova decis\u00e3o hist\u00f3rica permite que as crian\u00e7as escolham a ordem de seus sobrenomes"},"content":{"rendered":"\n<p><strong>A lei do Registro Civil foi revogada<\/strong> em ponto crucial ao permitir que as fam\u00edlias mexicanas escolham livremente a ordem dos sobrenomes de suas crian\u00e7as, o que muda de forma profunda a <strong>situa\u00e7\u00e3o jur\u00eddica<\/strong> de pais, m\u00e3es e rec\u00e9m-nascidos. Essa mudan\u00e7a, reconhecida pela Suprema Corte de Justi\u00e7a do M\u00e9xico, refor\u00e7a a igualdade entre homens e mulheres, protege a identidade da fam\u00edlia e afeta diretamente a interpreta\u00e7\u00e3o da <strong>Lei do Registro Civil<\/strong> e do pr\u00f3prio <strong>Registro Civil<\/strong> como uma garantia de direitos b\u00e1sicos.<\/p>\n\n\n\n<ul class=\"wp-block-list\">\n<li>Como a decis\u00e3o hist\u00f3rica da Suprema Corte muda a pr\u00e1tica tradicional de escolha de sobrenomes<\/li>\n\n\n\n<li>Quais s\u00e3o as principais consequ\u00eancias legais para fam\u00edlias, cart\u00f3rios e registros p\u00fablicos<\/li>\n\n\n\n<li>Por que essa mudan\u00e7a fortalece direitos das crian\u00e7as e a igualdade entre pai e m\u00e3e<\/li>\n<\/ul>\n\n\n\n<h2 class=\"wp-block-heading\">Como a decis\u00e3o da Suprema Corte muda a situa\u00e7\u00e3o jur\u00eddica no Registro Civil?<\/h2>\n\n\n\n<p><strong>A decis\u00e3o hist\u00f3rica da Suprema Corte<\/strong> ao declarar inconstitucional a regra que colocava automaticamente o sobrenome do pai em primeiro lugar, acaba com uma pr\u00e1tica baseada em tratamento desigual entre homem e mulher. A Corte usou princ\u00edpios de direitos humanos, como igualdade e proibi\u00e7\u00e3o de discrimina\u00e7\u00e3o, mostrando a for\u00e7a da Constitui\u00e7\u00e3o na prote\u00e7\u00e3o das pessoas.<\/p>\n\n\n\n<p><strong>Na pr\u00e1tica da Lei do Registro Civil<\/strong> a revoga\u00e7\u00e3o dessa parte r\u00edgida cria um novo jeito de atender as fam\u00edlias nos cart\u00f3rios, que agora s\u00e3o obrigados a respeitar o acordo entre pai e m\u00e3e sobre a ordem dos sobrenomes. Se n\u00e3o houver acordo, o conflito deve ser resolvido pensando no que \u00e9 melhor para a crian\u00e7a e, se necess\u00e1rio, por uma decis\u00e3o de juiz bem explicada.<\/p>\n\n\n\n<p>Em outras palavras, o que antes era autom\u00e1tico e imposto pela lei passa a ser uma escolha da fam\u00edlia, sempre levando em conta o respeito entre os pais e o bem-estar da crian\u00e7a. Em alguns estados, legisla\u00e7\u00f5es locais j\u00e1 come\u00e7aram a ser ajustadas para incorporar expressamente esse entendimento da Suprema Corte.<\/p>\n\n\n\n<h2 class=\"wp-block-heading\">Quais impactos essa mudan\u00e7a traz para o direito ao nome e \u00e0 identidade?<\/h2>\n\n\n\n<p><strong>O direito ao nome da crian\u00e7a<\/strong> fica mais completo, porque deixa de ser apenas uma formalidade na certid\u00e3o e passa a mostrar melhor a realidade da fam\u00edlia e dos la\u00e7os afetivos. A ordem dos <strong>sobrenomes<\/strong> passa a mostrar hist\u00f3rias, rela\u00e7\u00f5es e escolhas da fam\u00edlia, tornando o registro um reflexo mais fiel da identidade da crian\u00e7a e de seu lugar na sociedade.<\/p>\n\n\n\n<p><strong>Do ponto de vista da identidade da fam\u00edlia<\/strong> a nova interpreta\u00e7\u00e3o da <strong>Lei do Registro Civil<\/strong> reconhece que pai e m\u00e3e t\u00eam a mesma import\u00e2ncia perante a lei, valorizando tanto o sobrenome da m\u00e3e quanto o do pai. A decis\u00e3o conversa com acordos internacionais, como a Conven\u00e7\u00e3o sobre os Direitos da Crian\u00e7a, que garante nome, filia\u00e7\u00e3o e prote\u00e7\u00e3o dos v\u00ednculos familiares.<\/p>\n\n\n\n<p><em>Dica r\u00e1pida<\/em>: ao analisar um caso concreto, \u00e9 importante ver se a ordem dos <strong>sobrenomes<\/strong> respeita a vontade verdadeira da fam\u00edlia e o melhor interesse da crian\u00e7a, e n\u00e3o apenas um costume antigo. Operadores do direito devem registrar em ata ou peti\u00e7\u00f5es a manifesta\u00e7\u00e3o expressa dessa vontade, para evitar futuros questionamentos.<\/p>\n\n\n\n<figure class=\"wp-block-image size-large\"><img loading=\"lazy\" decoding=\"async\" width=\"1024\" height=\"576\" src=\"https:\/\/www.em.com.br\/emfoco\/wp-content\/uploads\/2026\/01\/Copia-de-Copia-de-Mural-marrom-2026-01-27T105752.348-1024x576.jpg\" alt=\"A lei do Registro Civil foi revogada e a nova decis\u00e3o hist\u00f3rica permite que as crian\u00e7as escolham a ordem de seus sobrenomes\" class=\"wp-image-160752\" srcset=\"https:\/\/www.em.com.br\/emfoco\/wp-content\/uploads\/2026\/01\/Copia-de-Copia-de-Mural-marrom-2026-01-27T105752.348-1024x576.jpg 1024w, https:\/\/www.em.com.br\/emfoco\/wp-content\/uploads\/2026\/01\/Copia-de-Copia-de-Mural-marrom-2026-01-27T105752.348-300x169.jpg 300w, https:\/\/www.em.com.br\/emfoco\/wp-content\/uploads\/2026\/01\/Copia-de-Copia-de-Mural-marrom-2026-01-27T105752.348-768x432.jpg 768w, https:\/\/www.em.com.br\/emfoco\/wp-content\/uploads\/2026\/01\/Copia-de-Copia-de-Mural-marrom-2026-01-27T105752.348-750x422.jpg 750w, https:\/\/www.em.com.br\/emfoco\/wp-content\/uploads\/2026\/01\/Copia-de-Copia-de-Mural-marrom-2026-01-27T105752.348-1140x641.jpg 1140w, https:\/\/www.em.com.br\/emfoco\/wp-content\/uploads\/2026\/01\/Copia-de-Copia-de-Mural-marrom-2026-01-27T105752.348.jpg 1280w\" sizes=\"auto, (max-width: 1024px) 100vw, 1024px\" \/><figcaption class=\"wp-element-caption\">A decis\u00e3o amplia a prote\u00e7\u00e3o do direito ao nome e \u00e0 identidade da crian\u00e7a<\/figcaption><\/figure>\n\n\n\n<h2 class=\"wp-block-heading\">Como a nova regra influencia cart\u00f3rios e procedimentos de registro?<\/h2>\n\n\n\n<p><strong>Nos cart\u00f3rios de <a href=\"https:\/\/consulmex.sre.gob.mx\/reinounido\/index.php\/es\/mexicanos\/registro-civil#:~:text=Ya%20puedes%20obtener%20una%20copia,cita%20previa%20para%20estos%20tr%C3%A1mites.\" target=\"_blank\" rel=\"noreferrer noopener\">Registro Civil<\/a><\/strong> a decis\u00e3o da Suprema Corte obriga a revisar formul\u00e1rios, orienta\u00e7\u00f5es internas e treinamento dos funcion\u00e1rios, porque a antiga regra fixa j\u00e1 n\u00e3o vale mais. O atendimento precisa mudar para perguntar aos pais qual ordem de <strong>sobrenomes<\/strong> eles querem colocar, registrar essa escolha de forma clara e evitar que se use, automaticamente, um modelo pronto s\u00f3 com o sobrenome do pai em primeiro lugar.<\/p>\n\n\n\n<p><strong>Em termos de procedimento<\/strong> essa mudan\u00e7a pede cuidado com a seguran\u00e7a jur\u00eddica, inclusive para lidar com poss\u00edveis brigas ou diferen\u00e7as de opini\u00e3o entre pai e m\u00e3e. Quando houver conflito, a solu\u00e7\u00e3o deve seguir princ\u00edpios da Constitui\u00e7\u00e3o, como igualdade entre homens e mulheres e prote\u00e7\u00e3o total da crian\u00e7a, e n\u00e3o simplesmente repetir a antiga regra da <strong>Lei do Registro Civil<\/strong>.<\/p>\n\n\n\n<p>Para entender melhor o que essa mudan\u00e7a representa no dia a dia, vale observar os principais ajustes que \u00f3rg\u00e3os p\u00fablicos e fam\u00edlias v\u00e3o precisar fazer na pr\u00e1tica:<\/p>\n\n\n\n<ul class=\"wp-block-list\">\n<li>Revis\u00e3o dos modelos de certid\u00f5es e sistemas eletr\u00f4nicos que antes usavam uma ordem autom\u00e1tica de sobrenomes<\/li>\n\n\n\n<li>Atualiza\u00e7\u00e3o de manuais internos para que os atendentes do <strong>Registro Civil<\/strong> respeitem a escolha da fam\u00edlia<\/li>\n\n\n\n<li>Orienta\u00e7\u00e3o de pais e m\u00e3es sobre como a ordem dos <strong>sobrenomes<\/strong> pode influenciar documentos futuros da crian\u00e7a, como escola, sa\u00fade e documentos de identidade<\/li>\n\n\n\n<li>Cria\u00e7\u00e3o de regras e passos claros para casos em que pai e m\u00e3e n\u00e3o entram em acordo, com possibilidade de envio para media\u00e7\u00e3o ou para decis\u00e3o de um juiz<\/li>\n<\/ul>\n\n\n\n<h2 class=\"wp-block-heading\">O que essa decis\u00e3o representa para igualdade de g\u00eanero e tradi\u00e7\u00e3o jur\u00eddica?<\/h2>\n\n\n\n<p><strong>A revoga\u00e7\u00e3o do modelo r\u00edgido da Lei do Registro Civil<\/strong> tem um significado simb\u00f3lico muito forte, porque enfrenta uma tradi\u00e7\u00e3o antiga baseada na ideia de que o sobrenome do pai vem sempre em primeiro lugar. Ao permitir que a ordem dos <strong>sobrenomes<\/strong> seja escolhida livremente, a Suprema Corte afirma que costumes hist\u00f3ricos n\u00e3o podem pesar mais do que direitos fundamentais e a liberdade da fam\u00edlia.<\/p>\n\n\n\n<p><strong>Quanto \u00e0 igualdade entre homens e mulheres<\/strong> o novo entendimento impede que o sobrenome do pai seja visto como mais importante que o da m\u00e3e, o que ajuda a equilibrar as rela\u00e7\u00f5es familiares tamb\u00e9m no plano jur\u00eddico. Essa mudan\u00e7a influencia discuss\u00f5es sobre discrimina\u00e7\u00e3o, liberdade de escolha dentro da fam\u00edlia e constru\u00e7\u00e3o da identidade das crian\u00e7as, podendo orientar decis\u00f5es futuras em assuntos ligados \u00e0 fam\u00edlia, filia\u00e7\u00e3o e <strong>registro civil<\/strong>.<\/p>\n\n\n\n<p><em>Aten\u00e7\u00e3o<\/em>: essa decis\u00e3o n\u00e3o pro\u00edbe que a fam\u00edlia escolha o sobrenome do pai em primeiro lugar; ela apenas impede que essa op\u00e7\u00e3o seja a \u00fanica forma aceita pela lei. Em contextos de disputa judicial, a fundamenta\u00e7\u00e3o deve demonstrar por que a ordem escolhida atende melhor ao projeto familiar e ao desenvolvimento da crian\u00e7a.<\/p>\n\n\n\n<h2 class=\"wp-block-heading\">Por que a escolha da ordem dos sobrenomes fortalece a prote\u00e7\u00e3o da crian\u00e7a?<\/h2>\n\n\n\n<p><strong>Quando a crian\u00e7a pode ter sua identidade constru\u00edda<\/strong> com base em uma escolha consciente dos pais, o sistema jur\u00eddico reconhece que o nome faz parte da dignidade da pessoa. A ordem dos <strong>sobrenomes<\/strong> pode influenciar la\u00e7os de afeto, reconhecimento social e sentimento de pertencimento, temas centrais para a prote\u00e7\u00e3o da inf\u00e2ncia e para evitar discrimina\u00e7\u00f5es no futuro.<\/p>\n\n\n\n<p><strong>A nova situa\u00e7\u00e3o jur\u00eddica<\/strong> tamb\u00e9m abre espa\u00e7o para diferentes tipos de fam\u00edlia, que fogem do modelo tradicional, e impede que o Estado imponha uma hierarquia simb\u00f3lica entre pai e m\u00e3e. Essa flexibilidade torna o <strong>Registro Civil<\/strong> mais pr\u00f3ximo da realidade atual, em que a diversidade de fam\u00edlias e a igualdade de g\u00eanero s\u00e3o vistos como pontos b\u00e1sicos que devem ser respeitados.<\/p>\n\n\n\n<p>Para quem trabalha com an\u00e1lise jur\u00eddica de fam\u00edlias e registros p\u00fablicos, alguns efeitos pr\u00e1ticos dessa decis\u00e3o merecem acompanhamento de perto:<\/p>\n\n\n\n<ul class=\"wp-block-list\">\n<li>Poss\u00edveis pedidos para mudar registros antigos, para colocar a ordem dos <strong>sobrenomes<\/strong> de acordo com a vontade atual da fam\u00edlia<\/li>\n\n\n\n<li>Decis\u00f5es de ju\u00edzes em casos em que pai e m\u00e3e n\u00e3o chegam a um acordo sobre a ordem escolhida<\/li>\n\n\n\n<li>Influ\u00eancia dessa decis\u00e3o do M\u00e9xico em debates de outros pa\u00edses com tradi\u00e7\u00e3o parecida na forma de registrar sobrenomes<\/li>\n\n\n\n<li>Avalia\u00e7\u00e3o de impactos em pol\u00edticas p\u00fablicas de registro e em estat\u00edsticas oficiais de nascimentos<\/li>\n<\/ul>\n\n\n\n<p><strong>Leia tamb\u00e9m: <a href=\"https:\/\/www.em.com.br\/nacional\/2025\/08\/7237425-pais-escolhem-novo-nome-para-bebe-mas-cartorio-se-recusa-a-fazer-alteracao.html\" target=\"_blank\" rel=\"noreferrer noopener\">Pais escolhem novo nome para beb\u00ea, mas cart\u00f3rio se recusa a fazer altera\u00e7\u00e3o<\/a><\/strong><\/p>\n\n\n\n<h2 class=\"wp-block-heading\">A nova realidade jur\u00eddica dos sobrenomes refor\u00e7a direitos fundamentais?<\/h2>\n\n\n\n<p>Ao reunir igualdade de g\u00eanero, liberdade familiar e prote\u00e7\u00e3o integral da inf\u00e2ncia, a nova regra sobre sobrenomes transforma o simples ato de registrar um nascimento em um verdadeiro exerc\u00edcio de cidadania e afirma\u00e7\u00e3o de direitos. Mais do que uma mudan\u00e7a burocr\u00e1tica, trata-se de um marco que reposiciona o Registro Civil como porta de entrada para o reconhecimento jur\u00eddico da dignidade de cada crian\u00e7a.<\/p>\n\n\n\n<ul class=\"wp-block-list\">\n<li>A <strong>revoga\u00e7\u00e3o parcial da Lei do Registro Civil<\/strong> e a decis\u00e3o da Suprema Corte acabaram com a imposi\u00e7\u00e3o autom\u00e1tica do sobrenome do pai em primeiro lugar, fortalecendo a igualdade entre pai e m\u00e3e;<\/li>\n\n\n\n<li>A possibilidade de escolher a ordem dos <strong>sobrenomes<\/strong> valoriza o direito ao nome, a identidade da fam\u00edlia e a prote\u00e7\u00e3o da crian\u00e7a no \u00e2mbito do <strong>Registro Civil;<\/strong><\/li>\n\n\n\n<li>A nova <strong>situa\u00e7\u00e3o jur\u00eddica<\/strong> exige atualiza\u00e7\u00e3o dos procedimentos nos cart\u00f3rios, interpreta\u00e7\u00e3o da Constitui\u00e7\u00e3o de forma coerente e aten\u00e7\u00e3o constante aos efeitos dessa mudan\u00e7a na vida das fam\u00edlias.<\/li>\n<\/ul>\n\n\n\n<p>Em s\u00edntese, quem atua com direito de fam\u00edlia, pol\u00edticas p\u00fablicas ou atendimento em cart\u00f3rios precisa enxergar esse avan\u00e7o como oportunidade de humanizar o registro de nascimentos, garantindo que cada certid\u00e3o reflita, com seguran\u00e7a jur\u00eddica, a hist\u00f3ria, os v\u00ednculos e a igualdade que a Constitui\u00e7\u00e3o promete a todas as crian\u00e7as.<\/p>\n","protected":false},"excerpt":{"rendered":"<p>A lei do Registro Civil foi revogada em ponto crucial ao permitir que as fam\u00edlias mexicanas escolham livremente a ordem dos sobrenomes de suas crian\u00e7as, o que muda de forma profunda a situa\u00e7\u00e3o jur\u00eddica de pais, m\u00e3es e rec\u00e9m-nascidos. Essa mudan\u00e7a, reconhecida pela Suprema Corte de Justi\u00e7a do M\u00e9xico, refor\u00e7a a igualdade entre homens e [&hellip;]<\/p>\n","protected":false},"author":28,"featured_media":160745,"comment_status":"open","ping_status":"open","sticky":false,"template":"","format":"standard","meta":{"jnews-multi-image_gallery":[],"jnews_single_post":{"format":"standard"},"jnews_primary_category":[],"jnews_social_meta":[],"jnews_override_counter":[],"footnotes":""},"categories":[1],"tags":[23514,8649,11338,23515],"class_list":["post-160733","post","type-post","status-publish","format-standard","has-post-thumbnail","hentry","category-noticias","tag-igualdade-de-genero-2","tag-registro-civil","tag-sobrenomes","tag-suprema-corte"],"yoast_head":"<!-- This site is optimized with the Yoast SEO plugin v23.8 - https:\/\/yoast.com\/wordpress\/plugins\/seo\/ -->\n<title>A lei do Registro Civil foi revogada e a nova decis\u00e3o hist\u00f3rica permite que as crian\u00e7as escolham a ordem de seus sobrenomes - Estado de Minas - Em foco<\/title>\n<meta name=\"description\" content=\"Decis\u00e3o da Suprema Corte do M\u00e9xico permite escolher a ordem dos sobrenomes, refor\u00e7a igualdade de g\u00eanero e muda pr\u00e1ticas do Registro Civil.\" \/>\n<meta name=\"robots\" content=\"index, follow, max-snippet:-1, max-image-preview:large, max-video-preview:-1\" \/>\n<link rel=\"canonical\" href=\"https:\/\/www.em.com.br\/emfoco\/2026\/01\/27\/a-lei-do-registro-civil-foi-revogada-e-a-nova-decisao-historica-permite-que-as-criancas-escolham-a-ordem-de-seus-sobrenomes\/\" \/>\n<meta property=\"og:locale\" content=\"pt_BR\" \/>\n<meta property=\"og:type\" content=\"article\" \/>\n<meta property=\"og:title\" content=\"A lei do Registro Civil foi revogada e a nova decis\u00e3o hist\u00f3rica permite que as crian\u00e7as escolham a ordem de seus sobrenomes - Estado de Minas - Em foco\" \/>\n<meta property=\"og:description\" content=\"Decis\u00e3o da Suprema Corte do M\u00e9xico permite escolher a ordem dos sobrenomes, refor\u00e7a igualdade de g\u00eanero e muda pr\u00e1ticas do Registro Civil.\" \/>\n<meta property=\"og:url\" content=\"https:\/\/www.em.com.br\/emfoco\/2026\/01\/27\/a-lei-do-registro-civil-foi-revogada-e-a-nova-decisao-historica-permite-que-as-criancas-escolham-a-ordem-de-seus-sobrenomes\/\" \/>\n<meta property=\"og:site_name\" content=\"Estado de Minas - Em foco\" \/>\n<meta property=\"article:published_time\" content=\"2026-01-27T17:50:00+00:00\" \/>\n<meta property=\"article:modified_time\" content=\"2026-01-27T17:45:04+00:00\" \/>\n<meta property=\"og:image\" content=\"https:\/\/www.em.com.br\/emfoco\/wp-content\/uploads\/2026\/01\/Copia-de-Copia-de-Mural-marrom-2026-01-27T105310.621.jpg\" \/>\n\t<meta property=\"og:image:width\" content=\"1280\" \/>\n\t<meta property=\"og:image:height\" content=\"720\" \/>\n\t<meta property=\"og:image:type\" content=\"image\/jpeg\" \/>\n<meta name=\"author\" content=\"Elis Gabrielle Santos Souza\" \/>\n<meta name=\"twitter:card\" content=\"summary_large_image\" \/>\n<meta name=\"twitter:label1\" content=\"Escrito por\" \/>\n\t<meta name=\"twitter:data1\" content=\"Elis Gabrielle Santos Souza\" \/>\n\t<meta name=\"twitter:label2\" content=\"Est. tempo de leitura\" \/>\n\t<meta name=\"twitter:data2\" content=\"9 minutos\" \/>\n<!-- \/ Yoast SEO plugin. -->","yoast_head_json":{"title":"A lei do Registro Civil foi revogada e a nova decis\u00e3o hist\u00f3rica permite que as crian\u00e7as escolham a ordem de seus sobrenomes - Estado de Minas - Em foco","description":"Decis\u00e3o da Suprema Corte do M\u00e9xico permite escolher a ordem dos sobrenomes, refor\u00e7a igualdade de g\u00eanero e muda pr\u00e1ticas do Registro Civil.","robots":{"index":"index","follow":"follow","max-snippet":"max-snippet:-1","max-image-preview":"max-image-preview:large","max-video-preview":"max-video-preview:-1"},"canonical":"https:\/\/www.em.com.br\/emfoco\/2026\/01\/27\/a-lei-do-registro-civil-foi-revogada-e-a-nova-decisao-historica-permite-que-as-criancas-escolham-a-ordem-de-seus-sobrenomes\/","og_locale":"pt_BR","og_type":"article","og_title":"A lei do Registro Civil foi revogada e a nova decis\u00e3o hist\u00f3rica permite que as crian\u00e7as escolham a ordem de seus sobrenomes - Estado de Minas - Em foco","og_description":"Decis\u00e3o da Suprema Corte do M\u00e9xico permite escolher a ordem dos sobrenomes, refor\u00e7a igualdade de g\u00eanero e muda pr\u00e1ticas do Registro Civil.","og_url":"https:\/\/www.em.com.br\/emfoco\/2026\/01\/27\/a-lei-do-registro-civil-foi-revogada-e-a-nova-decisao-historica-permite-que-as-criancas-escolham-a-ordem-de-seus-sobrenomes\/","og_site_name":"Estado de Minas - Em foco","article_published_time":"2026-01-27T17:50:00+00:00","article_modified_time":"2026-01-27T17:45:04+00:00","og_image":[{"width":1280,"height":720,"url":"https:\/\/www.em.com.br\/emfoco\/wp-content\/uploads\/2026\/01\/Copia-de-Copia-de-Mural-marrom-2026-01-27T105310.621.jpg","type":"image\/jpeg"}],"author":"Elis Gabrielle Santos Souza","twitter_card":"summary_large_image","twitter_misc":{"Escrito por":"Elis Gabrielle Santos Souza","Est. tempo de leitura":"9 minutos"},"schema":{"@context":"https:\/\/schema.org","@graph":[{"@type":"WebPage","@id":"https:\/\/www.em.com.br\/emfoco\/2026\/01\/27\/a-lei-do-registro-civil-foi-revogada-e-a-nova-decisao-historica-permite-que-as-criancas-escolham-a-ordem-de-seus-sobrenomes\/","url":"https:\/\/www.em.com.br\/emfoco\/2026\/01\/27\/a-lei-do-registro-civil-foi-revogada-e-a-nova-decisao-historica-permite-que-as-criancas-escolham-a-ordem-de-seus-sobrenomes\/","name":"A lei do Registro Civil foi revogada e a nova decis\u00e3o hist\u00f3rica permite que as crian\u00e7as escolham a ordem de seus sobrenomes - Estado de Minas - Em foco","isPartOf":{"@id":"https:\/\/www.em.com.br\/emfoco\/#website"},"primaryImageOfPage":{"@id":"https:\/\/www.em.com.br\/emfoco\/2026\/01\/27\/a-lei-do-registro-civil-foi-revogada-e-a-nova-decisao-historica-permite-que-as-criancas-escolham-a-ordem-de-seus-sobrenomes\/#primaryimage"},"image":{"@id":"https:\/\/www.em.com.br\/emfoco\/2026\/01\/27\/a-lei-do-registro-civil-foi-revogada-e-a-nova-decisao-historica-permite-que-as-criancas-escolham-a-ordem-de-seus-sobrenomes\/#primaryimage"},"thumbnailUrl":"https:\/\/www.em.com.br\/emfoco\/wp-content\/uploads\/2026\/01\/Copia-de-Copia-de-Mural-marrom-2026-01-27T105310.621.jpg","datePublished":"2026-01-27T17:50:00+00:00","dateModified":"2026-01-27T17:45:04+00:00","author":{"@id":"https:\/\/www.em.com.br\/emfoco\/#\/schema\/person\/0c545bffa944f9caa147d776b5f6f1f5"},"description":"Decis\u00e3o da Suprema Corte do M\u00e9xico permite escolher a ordem dos sobrenomes, refor\u00e7a igualdade de g\u00eanero e muda pr\u00e1ticas do Registro Civil.","breadcrumb":{"@id":"https:\/\/www.em.com.br\/emfoco\/2026\/01\/27\/a-lei-do-registro-civil-foi-revogada-e-a-nova-decisao-historica-permite-que-as-criancas-escolham-a-ordem-de-seus-sobrenomes\/#breadcrumb"},"inLanguage":"pt-BR","potentialAction":[{"@type":"ReadAction","target":["https:\/\/www.em.com.br\/emfoco\/2026\/01\/27\/a-lei-do-registro-civil-foi-revogada-e-a-nova-decisao-historica-permite-que-as-criancas-escolham-a-ordem-de-seus-sobrenomes\/"]}]},{"@type":"ImageObject","inLanguage":"pt-BR","@id":"https:\/\/www.em.com.br\/emfoco\/2026\/01\/27\/a-lei-do-registro-civil-foi-revogada-e-a-nova-decisao-historica-permite-que-as-criancas-escolham-a-ordem-de-seus-sobrenomes\/#primaryimage","url":"https:\/\/www.em.com.br\/emfoco\/wp-content\/uploads\/2026\/01\/Copia-de-Copia-de-Mural-marrom-2026-01-27T105310.621.jpg","contentUrl":"https:\/\/www.em.com.br\/emfoco\/wp-content\/uploads\/2026\/01\/Copia-de-Copia-de-Mural-marrom-2026-01-27T105310.621.jpg","width":1280,"height":720,"caption":"A mudan\u00e7a fortalece a igualdade jur\u00eddica entre pai e m\u00e3e no registro de nascimento"},{"@type":"BreadcrumbList","@id":"https:\/\/www.em.com.br\/emfoco\/2026\/01\/27\/a-lei-do-registro-civil-foi-revogada-e-a-nova-decisao-historica-permite-que-as-criancas-escolham-a-ordem-de-seus-sobrenomes\/#breadcrumb","itemListElement":[{"@type":"ListItem","position":1,"name":"In\u00edcio","item":"https:\/\/www.em.com.br\/emfoco\/"},{"@type":"ListItem","position":2,"name":"A lei do Registro Civil foi revogada e a nova decis\u00e3o hist\u00f3rica permite que as crian\u00e7as escolham a ordem de seus sobrenomes"}]},{"@type":"WebSite","@id":"https:\/\/www.em.com.br\/emfoco\/#website","url":"https:\/\/www.em.com.br\/emfoco\/","name":"Estado de Minas - Em foco","description":"Acompanhe as \u00faltimas not\u00edcias e fique bem informado sobre tudo o que acontece em Minas Gerais, Brasil e no mundo.","potentialAction":[{"@type":"SearchAction","target":{"@type":"EntryPoint","urlTemplate":"https:\/\/www.em.com.br\/emfoco\/?s={search_term_string}"},"query-input":{"@type":"PropertyValueSpecification","valueRequired":true,"valueName":"search_term_string"}}],"inLanguage":"pt-BR"},{"@type":"Person","@id":"https:\/\/www.em.com.br\/emfoco\/#\/schema\/person\/0c545bffa944f9caa147d776b5f6f1f5","name":"Elis Gabrielle Santos Souza","image":{"@type":"ImageObject","inLanguage":"pt-BR","@id":"https:\/\/www.em.com.br\/emfoco\/#\/schema\/person\/image\/","url":"https:\/\/secure.gravatar.com\/avatar\/1dc86c254cebb74d9c8a14da612c52db?s=96&d=mm&r=g","contentUrl":"https:\/\/secure.gravatar.com\/avatar\/1dc86c254cebb74d9c8a14da612c52db?s=96&d=mm&r=g","caption":"Elis Gabrielle Santos Souza"},"sameAs":["https:\/\/www.em.com.br\/emfoco"],"url":"https:\/\/www.em.com.br\/emfoco\/author\/elis-myth\/"}]}},"_links":{"self":[{"href":"https:\/\/www.em.com.br\/emfoco\/wp-json\/wp\/v2\/posts\/160733","targetHints":{"allow":["GET"]}}],"collection":[{"href":"https:\/\/www.em.com.br\/emfoco\/wp-json\/wp\/v2\/posts"}],"about":[{"href":"https:\/\/www.em.com.br\/emfoco\/wp-json\/wp\/v2\/types\/post"}],"author":[{"embeddable":true,"href":"https:\/\/www.em.com.br\/emfoco\/wp-json\/wp\/v2\/users\/28"}],"replies":[{"embeddable":true,"href":"https:\/\/www.em.com.br\/emfoco\/wp-json\/wp\/v2\/comments?post=160733"}],"version-history":[{"count":1,"href":"https:\/\/www.em.com.br\/emfoco\/wp-json\/wp\/v2\/posts\/160733\/revisions"}],"predecessor-version":[{"id":160756,"href":"https:\/\/www.em.com.br\/emfoco\/wp-json\/wp\/v2\/posts\/160733\/revisions\/160756"}],"wp:featuredmedia":[{"embeddable":true,"href":"https:\/\/www.em.com.br\/emfoco\/wp-json\/wp\/v2\/media\/160745"}],"wp:attachment":[{"href":"https:\/\/www.em.com.br\/emfoco\/wp-json\/wp\/v2\/media?parent=160733"}],"wp:term":[{"taxonomy":"category","embeddable":true,"href":"https:\/\/www.em.com.br\/emfoco\/wp-json\/wp\/v2\/categories?post=160733"},{"taxonomy":"post_tag","embeddable":true,"href":"https:\/\/www.em.com.br\/emfoco\/wp-json\/wp\/v2\/tags?post=160733"}],"curies":[{"name":"wp","href":"https:\/\/api.w.org\/{rel}","templated":true}]}}