{"id":160657,"date":"2026-01-28T17:45:00","date_gmt":"2026-01-28T20:45:00","guid":{"rendered":"https:\/\/www.em.com.br\/emfoco\/?p=160657"},"modified":"2026-01-27T16:42:10","modified_gmt":"2026-01-27T19:42:10","slug":"o-aparelho-que-voce-deve-absolutamente-desligar-da-tomada-durante-tempestades-para-evitar-danos","status":"publish","type":"post","link":"https:\/\/www.em.com.br\/emfoco\/2026\/01\/28\/o-aparelho-que-voce-deve-absolutamente-desligar-da-tomada-durante-tempestades-para-evitar-danos\/","title":{"rendered":"O aparelho que voc\u00ea deve absolutamente desligar da tomada durante tempestades para evitar danos"},"content":{"rendered":"\n<p>Durante per\u00edodos de tempestades fortes, com muitos raios e oscila\u00e7\u00f5es na rede el\u00e9trica, cresce o risco de que televisores modernos sofram danos s\u00e9rios e definitivos. Como s\u00e3o aparelhos cheios de componentes eletr\u00f4nicos sens\u00edveis, qualquer pico ou instabilidade de energia pode gerar preju\u00edzos altos e, em muitos casos, inviabilizar o reparo.<\/p>\n\n\n\n<h2 class=\"wp-block-heading\">Por que a prote\u00e7\u00e3o do televisor em tempestades \u00e9 t\u00e3o importante<\/h2>\n\n\n\n<p>Televisores LED, QLED e OLED usam placas eletr\u00f4nicas de alta densidade, fontes internas compactas e circuitos de controle que n\u00e3o suportam bem varia\u00e7\u00f5es bruscas de energia. Em chuvas intensas, com descargas atmosf\u00e9ricas e quedas de luz, a rede sofre picos de tens\u00e3o, quedas repentinas e microcortes sucessivos.<\/p>\n\n\n\n<p>Esses fen\u00f4menos podem queimar a placa principal, danificar a fonte de alimenta\u00e7\u00e3o ou comprometer capacitores e outros componentes internos. Muitas vezes o custo das pe\u00e7as e da m\u00e3o de obra chega perto do valor de um aparelho novo, tornando o preju\u00edzo praticamente inevit\u00e1vel se n\u00e3o houver preven\u00e7\u00e3o.<\/p>\n\n\n\n<figure class=\"wp-block-image\"><img decoding=\"async\" src=\"https:\/\/www.em.com.br\/emfoco\/wp-content\/uploads\/2025\/11\/Gemini_Generated_Image_nczk7cnczk7cnczk-1-1024x576.png\" alt=\"\"\/><figcaption class=\"wp-element-caption\">Sua TV pode queimar sem um \u00fanico raio atingir sua casa<\/figcaption><\/figure>\n\n\n\n<h2 class=\"wp-block-heading\">Quais s\u00e3o os principais riscos el\u00e9tricos para televisores<\/h2>\n\n\n\n<p>Quando a rede el\u00e9trica \u00e9 afetada por uma tempestade, diferentes eventos podem ocorrer isoladamente ou em conjunto, elevando muito o risco de dano irrevers\u00edvel ao televisor. Mesmo que o aparelho volte a funcionar, falhas internas podem surgir com o tempo e encurtar a vida \u00fatil.<\/p>\n\n\n\n<p>Os problemas mais comuns para televisores em per\u00edodos de temporais intensos incluem:<\/p>\n\n\n\n<ul class=\"wp-block-list\">\n<li><strong>Picos de tens\u00e3o<\/strong>\u00a0\u2013 aumentos s\u00fabitos de voltagem, muitas vezes ligados a raios pr\u00f3ximos, que superam a capacidade de isolamento dos componentes internos.<\/li>\n\n\n\n<li><strong>Quedas bruscas e retorno da energia<\/strong>\u00a0\u2013 desligamentos repentinos seguidos de religamento, gerando estresse na fonte interna e nas placas.<\/li>\n\n\n\n<li><strong>Microcortes sucessivos<\/strong>\u00a0\u2013 interrup\u00e7\u00f5es r\u00e1pidas que fazem o aparelho ligar e desligar v\u00e1rias vezes em sequ\u00eancia, acelerando o desgaste eletr\u00f4nico.<\/li>\n<\/ul>\n\n\n\n<h2 class=\"wp-block-heading\">Desligar no controle \u00e9 suficiente para proteger o televisor<\/h2>\n\n\n\n<p><a href=\"https:\/\/www.em.com.br\/emfoco\/2025\/10\/10\/desligar-estes-aparelhos-em-casa-pode-poupar-mais-de-100-reais-no-fim-do-mes\/\" target=\"_blank\" rel=\"noreferrer noopener\">Desligar o aparelho<\/a> apenas pelo controle remoto n\u00e3o oferece prote\u00e7\u00e3o real contra surtos el\u00e9tricos, pois a fonte continua conectada \u00e0 tomada enquanto o cabo estiver plugado. A energia segue chegando ao televisor, mantendo todos os riscos em caso de descargas atmosf\u00e9ricas ou grandes oscila\u00e7\u00f5es.<\/p>\n\n\n\n<p>Por isso, para proteger o televisor em tempestades, \u00e9 essencial desconectar fisicamente todas as liga\u00e7\u00f5es que possam conduzir picos de tens\u00e3o. Isso inclui retirar o plugue da tomada, desconectar o cabo de antena ou TV por assinatura e remover cabos HDMI ligados a consoles, receptores ou outros equipamentos.<\/p>\n\n\n\n<figure class=\"wp-block-image\"><img decoding=\"async\" src=\"https:\/\/www.em.com.br\/emfoco\/wp-content\/uploads\/2025\/09\/retirar-da-tomada_1758060379564-1024x576.jpg\" alt=\"\"\/><figcaption class=\"wp-element-caption\">Retire os eletrodom\u00e9sticos da tomada &#8211; Cr\u00e9ditos: depositphotos.com \/ lightkeeper<\/figcaption><\/figure>\n\n\n\n<h2 class=\"wp-block-heading\">Como estabilizadores, filtros de linha e UPS ajudam na prote\u00e7\u00e3o<\/h2>\n\n\n\n<p>Estabilizadores, filtros de linha e sistemas de energia ininterrupta (UPS) podem reduzir parte do risco, mas n\u00e3o s\u00e3o blindagem absoluta contra raios. Eles ajudam a atenuar oscila\u00e7\u00f5es moderadas e quedas r\u00e1pidas de energia, desde que sejam modelos de boa qualidade e em conformidade com normas t\u00e9cnicas.<\/p>\n\n\n\n<p>Dispositivos com varistores certificados, filtros adequados e projetos bem dimensionados colaboram na prote\u00e7\u00e3o de televisores e outros eletr\u00f4nicos sens\u00edveis. Ainda assim, t\u00e9cnicos tratam esses recursos como complementares: em tempestades fortes, a medida mais segura continua sendo desligar e retirar todos os cabos da tomada e das demais conex\u00f5es.<\/p>\n\n\n\n<h2 class=\"wp-block-heading\">Quais outros aparelhos s\u00e3o sens\u00edveis e como agir em tempestades<\/h2>\n\n\n\n<p>Al\u00e9m do televisor, v\u00e1rios equipamentos interligados por HDMI, <a href=\"https:\/\/www.lsi.usp.br\/~acacio\/CCNA_Cap06Mod01.pdf\" target=\"_blank\" rel=\"noreferrer noopener\">Ethernet <\/a>ou cabo coaxial tamb\u00e9m s\u00e3o altamente vulner\u00e1veis a surtos de tens\u00e3o. Quando um deles \u00e9 atingido, \u00e9 comum ocorrer um efeito em cadeia, danificando m\u00faltiplos dispositivos ao mesmo tempo.<\/p>\n\n\n\n<p>Em per\u00edodos de temporais intensos, desligue completamente e tire da tomada todos os aparelhos mais sens\u00edveis e conectados entre si, como modems e roteadores, consoles de videogame, decodificadores de TV e sistemas de \u00e1udio. Adote essa rotina preventiva agora mesmo: um minuto para desconectar tudo pode evitar a perda definitiva de seus equipamentos e um preju\u00edzo financeiro dif\u00edcil de absorver.<\/p>\n","protected":false},"excerpt":{"rendered":"<p>Durante per\u00edodos de tempestades fortes, com muitos raios e oscila\u00e7\u00f5es na rede el\u00e9trica, cresce o risco de que televisores modernos sofram danos s\u00e9rios e definitivos. Como s\u00e3o aparelhos cheios de componentes eletr\u00f4nicos sens\u00edveis, qualquer pico ou instabilidade de energia pode gerar preju\u00edzos altos e, em muitos casos, inviabilizar o reparo. Por que a prote\u00e7\u00e3o do [&hellip;]<\/p>\n","protected":false},"author":11,"featured_media":101794,"comment_status":"open","ping_status":"open","sticky":false,"template":"","format":"standard","meta":{"jnews-multi-image_gallery":[],"jnews_single_post":{"format":"standard"},"jnews_primary_category":[],"jnews_social_meta":[],"jnews_override_counter":[],"footnotes":""},"categories":[1,4204],"tags":[19398,1166,20890,17403,23501,1009],"class_list":["post-160657","post","type-post","status-publish","format-standard","has-post-thumbnail","hentry","category-noticias","category-tecnologia","tag-eletrodomestico-2","tag-incendio","tag-picos-de-energia","tag-queda-de-energia","tag-queimar-sua-tv","tag-tempestades"],"yoast_head":"<!-- This site is optimized with the Yoast SEO plugin v23.8 - https:\/\/yoast.com\/wordpress\/plugins\/seo\/ -->\n<title>O aparelho que voc\u00ea deve absolutamente desligar da tomada durante tempestades para evitar danos - Estado de Minas - Em foco<\/title>\n<meta name=\"description\" content=\"Tempestades causam picos de energia que podem queimar sua TV. Veja como proteger seu aparelho e evitar preju\u00edzo.\" \/>\n<meta name=\"robots\" content=\"index, follow, max-snippet:-1, max-image-preview:large, max-video-preview:-1\" \/>\n<link rel=\"canonical\" href=\"https:\/\/www.em.com.br\/emfoco\/2026\/01\/28\/o-aparelho-que-voce-deve-absolutamente-desligar-da-tomada-durante-tempestades-para-evitar-danos\/\" \/>\n<meta property=\"og:locale\" content=\"pt_BR\" \/>\n<meta property=\"og:type\" content=\"article\" \/>\n<meta property=\"og:title\" content=\"O aparelho que voc\u00ea deve absolutamente desligar da tomada durante tempestades para evitar danos - Estado de Minas - Em foco\" \/>\n<meta property=\"og:description\" content=\"Tempestades causam picos de energia que podem queimar sua TV. Veja como proteger seu aparelho e evitar preju\u00edzo.\" \/>\n<meta property=\"og:url\" content=\"https:\/\/www.em.com.br\/emfoco\/2026\/01\/28\/o-aparelho-que-voce-deve-absolutamente-desligar-da-tomada-durante-tempestades-para-evitar-danos\/\" \/>\n<meta property=\"og:site_name\" content=\"Estado de Minas - Em foco\" \/>\n<meta property=\"article:published_time\" content=\"2026-01-28T20:45:00+00:00\" \/>\n<meta property=\"article:modified_time\" content=\"2026-01-27T19:42:10+00:00\" \/>\n<meta property=\"og:image\" content=\"https:\/\/www.em.com.br\/emfoco\/wp-content\/uploads\/2025\/09\/tomada-fogo_1757341196605.jpg\" \/>\n\t<meta property=\"og:image:width\" content=\"1280\" \/>\n\t<meta property=\"og:image:height\" content=\"720\" \/>\n\t<meta property=\"og:image:type\" content=\"image\/jpeg\" \/>\n<meta name=\"author\" content=\"Andre\u0301 Rangel\u00a0\" \/>\n<meta name=\"twitter:card\" content=\"summary_large_image\" \/>\n<meta name=\"twitter:label1\" content=\"Escrito por\" \/>\n\t<meta name=\"twitter:data1\" content=\"Andre\u0301 Rangel\u00a0\" \/>\n\t<meta name=\"twitter:label2\" content=\"Est. tempo de leitura\" \/>\n\t<meta name=\"twitter:data2\" content=\"4 minutos\" \/>\n<!-- \/ Yoast SEO plugin. -->","yoast_head_json":{"title":"O aparelho que voc\u00ea deve absolutamente desligar da tomada durante tempestades para evitar danos - Estado de Minas - Em foco","description":"Tempestades causam picos de energia que podem queimar sua TV. Veja como proteger seu aparelho e evitar preju\u00edzo.","robots":{"index":"index","follow":"follow","max-snippet":"max-snippet:-1","max-image-preview":"max-image-preview:large","max-video-preview":"max-video-preview:-1"},"canonical":"https:\/\/www.em.com.br\/emfoco\/2026\/01\/28\/o-aparelho-que-voce-deve-absolutamente-desligar-da-tomada-durante-tempestades-para-evitar-danos\/","og_locale":"pt_BR","og_type":"article","og_title":"O aparelho que voc\u00ea deve absolutamente desligar da tomada durante tempestades para evitar danos - Estado de Minas - Em foco","og_description":"Tempestades causam picos de energia que podem queimar sua TV. Veja como proteger seu aparelho e evitar preju\u00edzo.","og_url":"https:\/\/www.em.com.br\/emfoco\/2026\/01\/28\/o-aparelho-que-voce-deve-absolutamente-desligar-da-tomada-durante-tempestades-para-evitar-danos\/","og_site_name":"Estado de Minas - Em foco","article_published_time":"2026-01-28T20:45:00+00:00","article_modified_time":"2026-01-27T19:42:10+00:00","og_image":[{"width":1280,"height":720,"url":"https:\/\/www.em.com.br\/emfoco\/wp-content\/uploads\/2025\/09\/tomada-fogo_1757341196605.jpg","type":"image\/jpeg"}],"author":"Andre\u0301 Rangel\u00a0","twitter_card":"summary_large_image","twitter_misc":{"Escrito por":"Andre\u0301 Rangel\u00a0","Est. tempo de leitura":"4 minutos"},"schema":{"@context":"https:\/\/schema.org","@graph":[{"@type":"WebPage","@id":"https:\/\/www.em.com.br\/emfoco\/2026\/01\/28\/o-aparelho-que-voce-deve-absolutamente-desligar-da-tomada-durante-tempestades-para-evitar-danos\/","url":"https:\/\/www.em.com.br\/emfoco\/2026\/01\/28\/o-aparelho-que-voce-deve-absolutamente-desligar-da-tomada-durante-tempestades-para-evitar-danos\/","name":"O aparelho que voc\u00ea deve absolutamente desligar da tomada durante tempestades para evitar danos - Estado de Minas - Em foco","isPartOf":{"@id":"https:\/\/www.em.com.br\/emfoco\/#website"},"primaryImageOfPage":{"@id":"https:\/\/www.em.com.br\/emfoco\/2026\/01\/28\/o-aparelho-que-voce-deve-absolutamente-desligar-da-tomada-durante-tempestades-para-evitar-danos\/#primaryimage"},"image":{"@id":"https:\/\/www.em.com.br\/emfoco\/2026\/01\/28\/o-aparelho-que-voce-deve-absolutamente-desligar-da-tomada-durante-tempestades-para-evitar-danos\/#primaryimage"},"thumbnailUrl":"https:\/\/www.em.com.br\/emfoco\/wp-content\/uploads\/2025\/09\/tomada-fogo_1757341196605.jpg","datePublished":"2026-01-28T20:45:00+00:00","dateModified":"2026-01-27T19:42:10+00:00","author":{"@id":"https:\/\/www.em.com.br\/emfoco\/#\/schema\/person\/60eda09c1fedf0d6891f4cef4b60b8b8"},"description":"Tempestades causam picos de energia que podem queimar sua TV. Veja como proteger seu aparelho e evitar preju\u00edzo.","breadcrumb":{"@id":"https:\/\/www.em.com.br\/emfoco\/2026\/01\/28\/o-aparelho-que-voce-deve-absolutamente-desligar-da-tomada-durante-tempestades-para-evitar-danos\/#breadcrumb"},"inLanguage":"pt-BR","potentialAction":[{"@type":"ReadAction","target":["https:\/\/www.em.com.br\/emfoco\/2026\/01\/28\/o-aparelho-que-voce-deve-absolutamente-desligar-da-tomada-durante-tempestades-para-evitar-danos\/"]}]},{"@type":"ImageObject","inLanguage":"pt-BR","@id":"https:\/\/www.em.com.br\/emfoco\/2026\/01\/28\/o-aparelho-que-voce-deve-absolutamente-desligar-da-tomada-durante-tempestades-para-evitar-danos\/#primaryimage","url":"https:\/\/www.em.com.br\/emfoco\/wp-content\/uploads\/2025\/09\/tomada-fogo_1757341196605.jpg","contentUrl":"https:\/\/www.em.com.br\/emfoco\/wp-content\/uploads\/2025\/09\/tomada-fogo_1757341196605.jpg","width":1280,"height":720,"caption":"Pequenos h\u00e1bitos podem tornar sua casa mais segura - Cr\u00e9ditos: depositphotos.com \/ Chonthicha"},{"@type":"BreadcrumbList","@id":"https:\/\/www.em.com.br\/emfoco\/2026\/01\/28\/o-aparelho-que-voce-deve-absolutamente-desligar-da-tomada-durante-tempestades-para-evitar-danos\/#breadcrumb","itemListElement":[{"@type":"ListItem","position":1,"name":"In\u00edcio","item":"https:\/\/www.em.com.br\/emfoco\/"},{"@type":"ListItem","position":2,"name":"O aparelho que voc\u00ea deve absolutamente desligar da tomada durante tempestades para evitar danos"}]},{"@type":"WebSite","@id":"https:\/\/www.em.com.br\/emfoco\/#website","url":"https:\/\/www.em.com.br\/emfoco\/","name":"Estado de Minas - Em foco","description":"Acompanhe as \u00faltimas not\u00edcias e fique bem informado sobre tudo o que acontece em Minas Gerais, Brasil e no mundo.","potentialAction":[{"@type":"SearchAction","target":{"@type":"EntryPoint","urlTemplate":"https:\/\/www.em.com.br\/emfoco\/?s={search_term_string}"},"query-input":{"@type":"PropertyValueSpecification","valueRequired":true,"valueName":"search_term_string"}}],"inLanguage":"pt-BR"},{"@type":"Person","@id":"https:\/\/www.em.com.br\/emfoco\/#\/schema\/person\/60eda09c1fedf0d6891f4cef4b60b8b8","name":"Andre\u0301 Rangel\u00a0","image":{"@type":"ImageObject","inLanguage":"pt-BR","@id":"https:\/\/www.em.com.br\/emfoco\/#\/schema\/person\/image\/","url":"https:\/\/secure.gravatar.com\/avatar\/6234dc814c77c8ef6d8bba622c787efc?s=96&d=mm&r=g","contentUrl":"https:\/\/secure.gravatar.com\/avatar\/6234dc814c77c8ef6d8bba622c787efc?s=96&d=mm&r=g","caption":"Andre\u0301 Rangel\u00a0"},"url":"https:\/\/www.em.com.br\/emfoco\/author\/luizmyth\/"}]}},"_links":{"self":[{"href":"https:\/\/www.em.com.br\/emfoco\/wp-json\/wp\/v2\/posts\/160657","targetHints":{"allow":["GET"]}}],"collection":[{"href":"https:\/\/www.em.com.br\/emfoco\/wp-json\/wp\/v2\/posts"}],"about":[{"href":"https:\/\/www.em.com.br\/emfoco\/wp-json\/wp\/v2\/types\/post"}],"author":[{"embeddable":true,"href":"https:\/\/www.em.com.br\/emfoco\/wp-json\/wp\/v2\/users\/11"}],"replies":[{"embeddable":true,"href":"https:\/\/www.em.com.br\/emfoco\/wp-json\/wp\/v2\/comments?post=160657"}],"version-history":[{"count":4,"href":"https:\/\/www.em.com.br\/emfoco\/wp-json\/wp\/v2\/posts\/160657\/revisions"}],"predecessor-version":[{"id":160726,"href":"https:\/\/www.em.com.br\/emfoco\/wp-json\/wp\/v2\/posts\/160657\/revisions\/160726"}],"wp:featuredmedia":[{"embeddable":true,"href":"https:\/\/www.em.com.br\/emfoco\/wp-json\/wp\/v2\/media\/101794"}],"wp:attachment":[{"href":"https:\/\/www.em.com.br\/emfoco\/wp-json\/wp\/v2\/media?parent=160657"}],"wp:term":[{"taxonomy":"category","embeddable":true,"href":"https:\/\/www.em.com.br\/emfoco\/wp-json\/wp\/v2\/categories?post=160657"},{"taxonomy":"post_tag","embeddable":true,"href":"https:\/\/www.em.com.br\/emfoco\/wp-json\/wp\/v2\/tags?post=160657"}],"curies":[{"name":"wp","href":"https:\/\/api.w.org\/{rel}","templated":true}]}}