{"id":160655,"date":"2026-01-28T16:05:00","date_gmt":"2026-01-28T19:05:00","guid":{"rendered":"https:\/\/www.em.com.br\/emfoco\/?p=160655"},"modified":"2026-01-27T16:41:28","modified_gmt":"2026-01-27T19:41:28","slug":"a-arquitetura-entrou-no-roteiro-de-viagem-veja-os-destinos-que-vao-se-destacar-em-2026","status":"publish","type":"post","link":"https:\/\/www.em.com.br\/emfoco\/2026\/01\/28\/a-arquitetura-entrou-no-roteiro-de-viagem-veja-os-destinos-que-vao-se-destacar-em-2026\/","title":{"rendered":"A arquitetura entrou no roteiro de viagem: veja os destinos que v\u00e3o se destacar em 2026"},"content":{"rendered":"\n<p>Entre tantos crit\u00e9rios para escolher um pr\u00f3ximo destino, a arquitetura passou a ganhar destaque nos planos de viagem para 2026. Em vez de buscar s\u00f3 paisagens famosas ou compras, muitos viajantes passaram a mirar cidades onde o desenho urbano, os pr\u00e9dios e os espa\u00e7os p\u00fablicos transformam a forma de caminhar, observar e sentir o lugar, fazendo do roteiro uma esp\u00e9cie de mapa visual e tamb\u00e9m um laborat\u00f3rio de novos modos de vida.<\/p>\n\n\n\n<h2 class=\"wp-block-heading\">Por que a arquitetura influencia tanto a escolha dos destinos<\/h2>\n\n\n\n<p>A busca por\u00a0<strong>destinos arquitet\u00f4nicos<\/strong>\u00a0cresceu \u00e0 medida que mais pessoas se interessam por planejamento urbano, sustentabilidade e mem\u00f3ria hist\u00f3rica. Em muitos casos, a arquitetura funciona como s\u00edntese da identidade local, revelando como a sociedade lida com o passado, organiza o presente e projeta o futuro.<\/p>\n\n\n\n<p>Um pr\u00e9dio hist\u00f3rico restaurado, uma ponte contempor\u00e2nea ou um bairro requalificado podem dizer tanto quanto um museu tradicional. Em <a href=\"https:\/\/www.em.com.br\/emfoco\/2026\/01\/21\/como-e-a-vida-em-uma-das-mais-bonitas-cidades-do-brasil\/\" target=\"_blank\" rel=\"noreferrer noopener\">cidades <\/a>como <strong>Berlim<\/strong>, <strong>Barcelona <\/strong>ou <strong>Seul<\/strong>, o visitante sente na pr\u00e1tica como pol\u00edticas urbanas e decis\u00f5es de projeto impactam o cotidiano, ampliando o repert\u00f3rio visual e gerando novas reflex\u00f5es sobre o lugar de origem.<\/p>\n\n\n\n<figure class=\"wp-block-image size-large\"><img loading=\"lazy\" decoding=\"async\" width=\"1024\" height=\"576\" src=\"https:\/\/www.em.com.br\/emfoco\/wp-content\/uploads\/2026\/01\/ChatGPT-Image-27-de-jan.-de-2026-10_14_03-1-1024x576.png\" alt=\"Essas cidades transformam a viagem em uma experi\u00eancia urbana \u00fanica\" class=\"wp-image-160723\" srcset=\"https:\/\/www.em.com.br\/emfoco\/wp-content\/uploads\/2026\/01\/ChatGPT-Image-27-de-jan.-de-2026-10_14_03-1-1024x576.png 1024w, https:\/\/www.em.com.br\/emfoco\/wp-content\/uploads\/2026\/01\/ChatGPT-Image-27-de-jan.-de-2026-10_14_03-1-300x169.png 300w, https:\/\/www.em.com.br\/emfoco\/wp-content\/uploads\/2026\/01\/ChatGPT-Image-27-de-jan.-de-2026-10_14_03-1-768x432.png 768w, https:\/\/www.em.com.br\/emfoco\/wp-content\/uploads\/2026\/01\/ChatGPT-Image-27-de-jan.-de-2026-10_14_03-1-750x422.png 750w, https:\/\/www.em.com.br\/emfoco\/wp-content\/uploads\/2026\/01\/ChatGPT-Image-27-de-jan.-de-2026-10_14_03-1-1140x641.png 1140w, https:\/\/www.em.com.br\/emfoco\/wp-content\/uploads\/2026\/01\/ChatGPT-Image-27-de-jan.-de-2026-10_14_03-1.png 1280w\" sizes=\"auto, (max-width: 1024px) 100vw, 1024px\" \/><figcaption class=\"wp-element-caption\">Essas cidades transformam a viagem em uma experi\u00eancia urbana \u00fanica<\/figcaption><\/figure>\n\n\n\n<h2 class=\"wp-block-heading\">Quais cidades se destacam em arquitetura e viagens em 2026<\/h2>\n\n\n\n<p>Nos planos de viagem para 2026, aparecem com frequ\u00eancia cidades onde&nbsp;<strong>arquitetura, viagens e urbanismo<\/strong>&nbsp;caminham juntos. Algumas se firmaram como refer\u00eancias em design urbano; outras surpreendem pela forma como dialogam com a natureza ou pela rela\u00e7\u00e3o intensa com a hist\u00f3ria recente.<\/p>\n\n\n\n<p>Esses destinos oferecem experi\u00eancias que v\u00e3o al\u00e9m do cart\u00e3o-postal, permitindo caminhar por bairros redesenhados, frentes mar\u00edtimas renovadas e centros hist\u00f3ricos requalificados. Abaixo, alguns exemplos de cidades que ajudam a experimentar diferentes modelos de cidade:<\/p>\n\n\n\n<ul class=\"wp-block-list\">\n<li><strong>Aman, Jord\u00e2nia<\/strong>: marcada pela pedra e pela luz do deserto, com paisagem arquitet\u00f4nica serena e integrada ao relevo, ideal para um ritmo mais pausado.<\/li>\n\n\n\n<li><strong>Berlim, Alemanha<\/strong>: verdadeiro laborat\u00f3rio de reconstru\u00e7\u00e3o e mem\u00f3ria, com edif\u00edcios contempor\u00e2neos convivendo com marcos do s\u00e9culo XX.<\/li>\n\n\n\n<li><strong>Barcelona, Espanha<\/strong>: une modernismo, design urbano e mobilidade, em um percurso que vai de Gaud\u00ed aos superblocks e novos espa\u00e7os p\u00fablicos.<\/li>\n\n\n\n<li><strong>Copenhague, Dinamarca<\/strong>: refer\u00eancia global em urbanismo voltado ao bem-estar, priorizando bicicletas, \u00e1reas verdes e vida comunit\u00e1ria.<\/li>\n\n\n\n<li><strong>Nova York, Estados Unidos<\/strong>: \u201cmuseu urbano\u201d a c\u00e9u aberto, com arranha-c\u00e9us hist\u00f3ricos, torres recentes e interven\u00e7\u00f5es como o High Line.<\/li>\n\n\n\n<li><strong>Reiquiavique, Isl\u00e2ndia<\/strong>: constru\u00e7\u00f5es condicionadas pelo clima rigoroso, mostrando como o design protege e enquadra a natureza.<\/li>\n\n\n\n<li><strong>Seul, Coreia do Sul<\/strong>: mistura bairros tradicionais, tecnologia e arranha-c\u00e9us em constante transforma\u00e7\u00e3o, em uma arquitetura em movimento.<\/li>\n\n\n\n<li><strong>S\u00eddney, Austr\u00e1lia<\/strong>: rela\u00e7\u00e3o intensa entre edif\u00edcios ic\u00f4nicos e frente mar\u00edtima, onde cidade, \u00e1gua e luz se fundem em um s\u00f3 cen\u00e1rio.<\/li>\n\n\n\n<li><strong>Singapura<\/strong>: s\u00edmbolo de um futuro poss\u00edvel, com jardins verticais, urbanismo inteligente e solu\u00e7\u00f5es de sustentabilidade no cotidiano.<\/li>\n\n\n\n<li><strong>T\u00f3quio, Jap\u00e3o<\/strong>: combina templos ancestrais, minimalismo e estruturas futuristas, criando contrastes visuais marcantes.<\/li>\n\n\n\n<li><strong>Val\u00eancia, Espanha<\/strong>: destaca-se com a Cidade das Artes e das Ci\u00eancias, que redesenha a imagem urbana com formas escult\u00f3ricas e uso marcante da \u00e1gua.<\/li>\n<\/ul>\n\n\n\n<figure class=\"wp-block-image size-large\"><img loading=\"lazy\" decoding=\"async\" width=\"1024\" height=\"576\" src=\"https:\/\/www.em.com.br\/emfoco\/wp-content\/uploads\/2026\/01\/ChatGPT-Image-27-de-jan.-de-2026-10_15_57-1-1024x576.png\" alt=\"Essas cidades transformam a viagem em uma experi\u00eancia urbana \u00fanica\" class=\"wp-image-160724\" srcset=\"https:\/\/www.em.com.br\/emfoco\/wp-content\/uploads\/2026\/01\/ChatGPT-Image-27-de-jan.-de-2026-10_15_57-1-1024x576.png 1024w, https:\/\/www.em.com.br\/emfoco\/wp-content\/uploads\/2026\/01\/ChatGPT-Image-27-de-jan.-de-2026-10_15_57-1-300x169.png 300w, https:\/\/www.em.com.br\/emfoco\/wp-content\/uploads\/2026\/01\/ChatGPT-Image-27-de-jan.-de-2026-10_15_57-1-768x432.png 768w, https:\/\/www.em.com.br\/emfoco\/wp-content\/uploads\/2026\/01\/ChatGPT-Image-27-de-jan.-de-2026-10_15_57-1-750x422.png 750w, https:\/\/www.em.com.br\/emfoco\/wp-content\/uploads\/2026\/01\/ChatGPT-Image-27-de-jan.-de-2026-10_15_57-1-1140x641.png 1140w, https:\/\/www.em.com.br\/emfoco\/wp-content\/uploads\/2026\/01\/ChatGPT-Image-27-de-jan.-de-2026-10_15_57-1.png 1280w\" sizes=\"auto, (max-width: 1024px) 100vw, 1024px\" \/><figcaption class=\"wp-element-caption\">Essas cidades transformam a viagem em uma experi\u00eancia urbana \u00fanica<\/figcaption><\/figure>\n\n\n\n<h2 class=\"wp-block-heading\">Como usar a arquitetura para montar um roteiro de viagem eficiente<\/h2>\n\n\n\n<p>Ao organizar um roteiro focado em&nbsp;<strong>arquitetura e viagens<\/strong>, muitos viajantes v\u00e3o al\u00e9m das atra\u00e7\u00f5es populares e incluem percursos que revelam o desenho da cidade. Uma forma simples de come\u00e7ar \u00e9 escolher um eixo tem\u00e1tico e, a partir dele, selecionar bairros, edif\u00edcios e espa\u00e7os p\u00fablicos que fa\u00e7am sentido.<\/p>\n\n\n\n<p>Definir um foco ajuda a transformar o mapa tur\u00edstico em um percurso de observa\u00e7\u00e3o urbana mais atento e coerente. Assim, cada deslocamento passa a ter prop\u00f3sito, conectando hist\u00f3ria, cotidiano e novas solu\u00e7\u00f5es urbanas que podem inspirar mudan\u00e7as pessoais.<\/p>\n\n\n\n<h2 class=\"wp-block-heading\">Quais passos seguir para explorar melhor a arquitetura em cada destino<\/h2>\n\n\n\n<p>Para mergulhar na arquitetura local, vale pensar no roteiro como uma sequ\u00eancia de experi\u00eancias urbanas em diferentes escalas. Dos \u00edcones mais famosos aos espa\u00e7os de uso cotidiano, cada parada ajuda a entender como as pessoas vivem, convivem e se deslocam pela cidade.<\/p>\n\n\n\n<ol class=\"wp-block-list\">\n<li><strong>Definir um foco<\/strong>: pode ser arquitetura hist\u00f3rica, projetos sustent\u00e1veis, urbanismo contempor\u00e2neo, integra\u00e7\u00e3o com a natureza ou requalifica\u00e7\u00e3o de \u00e1reas industriais.<\/li>\n\n\n\n<li><strong>Organizar os trajetos<\/strong>: marcar no mapa as constru\u00e7\u00f5es-chave e planejar percursos a p\u00e9, de bicicleta ou transporte p\u00fablico para sentir melhor a escala urbana.<\/li>\n\n\n\n<li><strong>Incluir diferentes hor\u00e1rios<\/strong>: observar o mesmo lugar em momentos distintos do dia para perceber luz, sombras e usos variados do espa\u00e7o.<\/li>\n\n\n\n<li><strong>Combinar \u00edcones e cotidiano<\/strong>: al\u00e9m de obras famosas, incluir mercados, pra\u00e7as de bairro e conjuntos habitacionais que mostram a vida real.<\/li>\n\n\n\n<li><strong>Registrar refer\u00eancias<\/strong>: anotar impress\u00f5es, fotografar detalhes e registrar materiais e solu\u00e7\u00f5es para servir de inspira\u00e7\u00e3o futura.<\/li>\n<\/ol>\n\n\n\n<p>Selecionamos o v\u00eddeo do canal <strong><a href=\"https:\/\/www.youtube.com\/@semmapa\" target=\"_blank\" rel=\"noreferrer noopener\">Sem Mapa<\/a><\/strong> que faz sucesso no YouTube e fala sobre alguns destinos com arquitetura impressionante para visitar na Europa:<\/p>\n\n\n\n<figure class=\"wp-block-embed is-type-video is-provider-youtube wp-block-embed-youtube wp-embed-aspect-16-9 wp-has-aspect-ratio\"><div class=\"wp-block-embed__wrapper\">\n<div class=\"jeg_video_container jeg_video_content\"><iframe loading=\"lazy\" title=\"15 Cidades Europeias com a Arquitetura Mais Impressionante para Visitar\" width=\"500\" height=\"281\" src=\"https:\/\/www.youtube.com\/embed\/ks-5emJJ5xQ?feature=oembed\" frameborder=\"0\" allow=\"accelerometer; autoplay; clipboard-write; encrypted-media; gyroscope; picture-in-picture; web-share\" referrerpolicy=\"strict-origin-when-cross-origin\" allowfullscreen><\/iframe><\/div>\n<\/div><\/figure>\n\n\n\n<h2 class=\"wp-block-heading\">Como a arquitetura transforma o sentido das viagens e o seu pr\u00f3ximo passo<\/h2>\n\n\n\n<p>Quando a arquitetura entra no centro do planejamento, viajar deixa de ser apenas deslocamento geogr\u00e1fico e se torna um exerc\u00edcio de percep\u00e7\u00e3o ativa. Cidades como Copenhague, Singapura ou Val\u00eancia mostram como o desenho do espa\u00e7o estimula bem-estar, conviv\u00eancia e at\u00e9 decis\u00f5es de mudan\u00e7a de vida, enquanto Berlim ou Reiquiavique refor\u00e7am a for\u00e7a da mem\u00f3ria e do di\u00e1logo com o ambiente natural.<\/p>\n\n\n\n<p>Ao escolher agora seus destinos para 2026 com esse olhar mais atento, voc\u00ea n\u00e3o leva apenas lembran\u00e7as visuais, mas tamb\u00e9m novas ideias sobre como quer viver e habitar. N\u00e3o adie esse movimento: comece hoje a mapear cidades, marcar refer\u00eancias e montar um roteiro que provoque transforma\u00e7\u00e3o real na sua rotina e no seu jeito de enxergar o mundo.<\/p>\n\n\n\n<p><\/p>\n","protected":false},"excerpt":{"rendered":"<p>Entre tantos crit\u00e9rios para escolher um pr\u00f3ximo destino, a arquitetura passou a ganhar destaque nos planos de viagem para 2026. Em vez de buscar s\u00f3 paisagens famosas ou compras, muitos viajantes passaram a mirar cidades onde o desenho urbano, os pr\u00e9dios e os espa\u00e7os p\u00fablicos transformam a forma de caminhar, observar e sentir o lugar, [&hellip;]<\/p>\n","protected":false},"author":11,"featured_media":160722,"comment_status":"open","ping_status":"open","sticky":false,"template":"","format":"standard","meta":{"jnews-multi-image_gallery":[],"jnews_single_post":{"format":"standard"},"jnews_primary_category":[],"jnews_social_meta":[],"jnews_override_counter":[],"footnotes":""},"categories":[26,1],"tags":[247,183,23498,23497,23499,1128],"class_list":["post-160655","post","type-post","status-publish","format-standard","has-post-thumbnail","hentry","category-cidades","category-noticias","tag-arquitetura","tag-cidades","tag-destinos-arquitetonicos","tag-experiencia-de-viajar","tag-planeje-sua-viagem","tag-viagem"],"yoast_head":"<!-- This site is optimized with the Yoast SEO plugin v23.8 - https:\/\/yoast.com\/wordpress\/plugins\/seo\/ -->\n<title>A arquitetura entrou no roteiro de viagem: veja os destinos que v\u00e3o se destacar em 2026 - Estado de Minas - Em foco<\/title>\n<meta name=\"description\" content=\"Arquitetura virou crit\u00e9rio de viagem em 2026. Conhe\u00e7a cidades onde o desenho urbano transforma a experi\u00eancia de viajar.\" \/>\n<meta name=\"robots\" content=\"index, follow, max-snippet:-1, max-image-preview:large, max-video-preview:-1\" \/>\n<link rel=\"canonical\" href=\"https:\/\/www.em.com.br\/emfoco\/2026\/01\/28\/a-arquitetura-entrou-no-roteiro-de-viagem-veja-os-destinos-que-vao-se-destacar-em-2026\/\" \/>\n<meta property=\"og:locale\" content=\"pt_BR\" \/>\n<meta property=\"og:type\" content=\"article\" \/>\n<meta property=\"og:title\" content=\"A arquitetura entrou no roteiro de viagem: veja os destinos que v\u00e3o se destacar em 2026 - Estado de Minas - Em foco\" \/>\n<meta property=\"og:description\" content=\"Arquitetura virou crit\u00e9rio de viagem em 2026. Conhe\u00e7a cidades onde o desenho urbano transforma a experi\u00eancia de viajar.\" \/>\n<meta property=\"og:url\" content=\"https:\/\/www.em.com.br\/emfoco\/2026\/01\/28\/a-arquitetura-entrou-no-roteiro-de-viagem-veja-os-destinos-que-vao-se-destacar-em-2026\/\" \/>\n<meta property=\"og:site_name\" content=\"Estado de Minas - Em foco\" \/>\n<meta property=\"article:published_time\" content=\"2026-01-28T19:05:00+00:00\" \/>\n<meta property=\"article:modified_time\" content=\"2026-01-27T19:41:28+00:00\" \/>\n<meta property=\"og:image\" content=\"https:\/\/www.em.com.br\/emfoco\/wp-content\/uploads\/2026\/01\/Gemini_Generated_Image_7s8up17s8up17s8u-1.png\" \/>\n\t<meta property=\"og:image:width\" content=\"1280\" \/>\n\t<meta property=\"og:image:height\" content=\"720\" \/>\n\t<meta property=\"og:image:type\" content=\"image\/png\" \/>\n<meta name=\"author\" content=\"Andre\u0301 Rangel\u00a0\" \/>\n<meta name=\"twitter:card\" content=\"summary_large_image\" \/>\n<meta name=\"twitter:label1\" content=\"Escrito por\" \/>\n\t<meta name=\"twitter:data1\" content=\"Andre\u0301 Rangel\u00a0\" \/>\n\t<meta name=\"twitter:label2\" content=\"Est. tempo de leitura\" \/>\n\t<meta name=\"twitter:data2\" content=\"6 minutos\" \/>\n<!-- \/ Yoast SEO plugin. -->","yoast_head_json":{"title":"A arquitetura entrou no roteiro de viagem: veja os destinos que v\u00e3o se destacar em 2026 - Estado de Minas - Em foco","description":"Arquitetura virou crit\u00e9rio de viagem em 2026. Conhe\u00e7a cidades onde o desenho urbano transforma a experi\u00eancia de viajar.","robots":{"index":"index","follow":"follow","max-snippet":"max-snippet:-1","max-image-preview":"max-image-preview:large","max-video-preview":"max-video-preview:-1"},"canonical":"https:\/\/www.em.com.br\/emfoco\/2026\/01\/28\/a-arquitetura-entrou-no-roteiro-de-viagem-veja-os-destinos-que-vao-se-destacar-em-2026\/","og_locale":"pt_BR","og_type":"article","og_title":"A arquitetura entrou no roteiro de viagem: veja os destinos que v\u00e3o se destacar em 2026 - Estado de Minas - Em foco","og_description":"Arquitetura virou crit\u00e9rio de viagem em 2026. Conhe\u00e7a cidades onde o desenho urbano transforma a experi\u00eancia de viajar.","og_url":"https:\/\/www.em.com.br\/emfoco\/2026\/01\/28\/a-arquitetura-entrou-no-roteiro-de-viagem-veja-os-destinos-que-vao-se-destacar-em-2026\/","og_site_name":"Estado de Minas - Em foco","article_published_time":"2026-01-28T19:05:00+00:00","article_modified_time":"2026-01-27T19:41:28+00:00","og_image":[{"width":1280,"height":720,"url":"https:\/\/www.em.com.br\/emfoco\/wp-content\/uploads\/2026\/01\/Gemini_Generated_Image_7s8up17s8up17s8u-1.png","type":"image\/png"}],"author":"Andre\u0301 Rangel\u00a0","twitter_card":"summary_large_image","twitter_misc":{"Escrito por":"Andre\u0301 Rangel\u00a0","Est. tempo de leitura":"6 minutos"},"schema":{"@context":"https:\/\/schema.org","@graph":[{"@type":"WebPage","@id":"https:\/\/www.em.com.br\/emfoco\/2026\/01\/28\/a-arquitetura-entrou-no-roteiro-de-viagem-veja-os-destinos-que-vao-se-destacar-em-2026\/","url":"https:\/\/www.em.com.br\/emfoco\/2026\/01\/28\/a-arquitetura-entrou-no-roteiro-de-viagem-veja-os-destinos-que-vao-se-destacar-em-2026\/","name":"A arquitetura entrou no roteiro de viagem: veja os destinos que v\u00e3o se destacar em 2026 - Estado de Minas - Em foco","isPartOf":{"@id":"https:\/\/www.em.com.br\/emfoco\/#website"},"primaryImageOfPage":{"@id":"https:\/\/www.em.com.br\/emfoco\/2026\/01\/28\/a-arquitetura-entrou-no-roteiro-de-viagem-veja-os-destinos-que-vao-se-destacar-em-2026\/#primaryimage"},"image":{"@id":"https:\/\/www.em.com.br\/emfoco\/2026\/01\/28\/a-arquitetura-entrou-no-roteiro-de-viagem-veja-os-destinos-que-vao-se-destacar-em-2026\/#primaryimage"},"thumbnailUrl":"https:\/\/www.em.com.br\/emfoco\/wp-content\/uploads\/2026\/01\/Gemini_Generated_Image_7s8up17s8up17s8u-1.png","datePublished":"2026-01-28T19:05:00+00:00","dateModified":"2026-01-27T19:41:28+00:00","author":{"@id":"https:\/\/www.em.com.br\/emfoco\/#\/schema\/person\/60eda09c1fedf0d6891f4cef4b60b8b8"},"description":"Arquitetura virou crit\u00e9rio de viagem em 2026. Conhe\u00e7a cidades onde o desenho urbano transforma a experi\u00eancia de viajar.","breadcrumb":{"@id":"https:\/\/www.em.com.br\/emfoco\/2026\/01\/28\/a-arquitetura-entrou-no-roteiro-de-viagem-veja-os-destinos-que-vao-se-destacar-em-2026\/#breadcrumb"},"inLanguage":"pt-BR","potentialAction":[{"@type":"ReadAction","target":["https:\/\/www.em.com.br\/emfoco\/2026\/01\/28\/a-arquitetura-entrou-no-roteiro-de-viagem-veja-os-destinos-que-vao-se-destacar-em-2026\/"]}]},{"@type":"ImageObject","inLanguage":"pt-BR","@id":"https:\/\/www.em.com.br\/emfoco\/2026\/01\/28\/a-arquitetura-entrou-no-roteiro-de-viagem-veja-os-destinos-que-vao-se-destacar-em-2026\/#primaryimage","url":"https:\/\/www.em.com.br\/emfoco\/wp-content\/uploads\/2026\/01\/Gemini_Generated_Image_7s8up17s8up17s8u-1.png","contentUrl":"https:\/\/www.em.com.br\/emfoco\/wp-content\/uploads\/2026\/01\/Gemini_Generated_Image_7s8up17s8up17s8u-1.png","width":1280,"height":720,"caption":"Essas cidades transformam a viagem em uma experi\u00eancia urbana \u00fanica"},{"@type":"BreadcrumbList","@id":"https:\/\/www.em.com.br\/emfoco\/2026\/01\/28\/a-arquitetura-entrou-no-roteiro-de-viagem-veja-os-destinos-que-vao-se-destacar-em-2026\/#breadcrumb","itemListElement":[{"@type":"ListItem","position":1,"name":"In\u00edcio","item":"https:\/\/www.em.com.br\/emfoco\/"},{"@type":"ListItem","position":2,"name":"A arquitetura entrou no roteiro de viagem: veja os destinos que v\u00e3o se destacar em 2026"}]},{"@type":"WebSite","@id":"https:\/\/www.em.com.br\/emfoco\/#website","url":"https:\/\/www.em.com.br\/emfoco\/","name":"Estado de Minas - Em foco","description":"Acompanhe as \u00faltimas not\u00edcias e fique bem informado sobre tudo o que acontece em Minas Gerais, Brasil e no mundo.","potentialAction":[{"@type":"SearchAction","target":{"@type":"EntryPoint","urlTemplate":"https:\/\/www.em.com.br\/emfoco\/?s={search_term_string}"},"query-input":{"@type":"PropertyValueSpecification","valueRequired":true,"valueName":"search_term_string"}}],"inLanguage":"pt-BR"},{"@type":"Person","@id":"https:\/\/www.em.com.br\/emfoco\/#\/schema\/person\/60eda09c1fedf0d6891f4cef4b60b8b8","name":"Andre\u0301 Rangel\u00a0","image":{"@type":"ImageObject","inLanguage":"pt-BR","@id":"https:\/\/www.em.com.br\/emfoco\/#\/schema\/person\/image\/","url":"https:\/\/secure.gravatar.com\/avatar\/6234dc814c77c8ef6d8bba622c787efc?s=96&d=mm&r=g","contentUrl":"https:\/\/secure.gravatar.com\/avatar\/6234dc814c77c8ef6d8bba622c787efc?s=96&d=mm&r=g","caption":"Andre\u0301 Rangel\u00a0"},"url":"https:\/\/www.em.com.br\/emfoco\/author\/luizmyth\/"}]}},"_links":{"self":[{"href":"https:\/\/www.em.com.br\/emfoco\/wp-json\/wp\/v2\/posts\/160655","targetHints":{"allow":["GET"]}}],"collection":[{"href":"https:\/\/www.em.com.br\/emfoco\/wp-json\/wp\/v2\/posts"}],"about":[{"href":"https:\/\/www.em.com.br\/emfoco\/wp-json\/wp\/v2\/types\/post"}],"author":[{"embeddable":true,"href":"https:\/\/www.em.com.br\/emfoco\/wp-json\/wp\/v2\/users\/11"}],"replies":[{"embeddable":true,"href":"https:\/\/www.em.com.br\/emfoco\/wp-json\/wp\/v2\/comments?post=160655"}],"version-history":[{"count":3,"href":"https:\/\/www.em.com.br\/emfoco\/wp-json\/wp\/v2\/posts\/160655\/revisions"}],"predecessor-version":[{"id":160725,"href":"https:\/\/www.em.com.br\/emfoco\/wp-json\/wp\/v2\/posts\/160655\/revisions\/160725"}],"wp:featuredmedia":[{"embeddable":true,"href":"https:\/\/www.em.com.br\/emfoco\/wp-json\/wp\/v2\/media\/160722"}],"wp:attachment":[{"href":"https:\/\/www.em.com.br\/emfoco\/wp-json\/wp\/v2\/media?parent=160655"}],"wp:term":[{"taxonomy":"category","embeddable":true,"href":"https:\/\/www.em.com.br\/emfoco\/wp-json\/wp\/v2\/categories?post=160655"},{"taxonomy":"post_tag","embeddable":true,"href":"https:\/\/www.em.com.br\/emfoco\/wp-json\/wp\/v2\/tags?post=160655"}],"curies":[{"name":"wp","href":"https:\/\/api.w.org\/{rel}","templated":true}]}}