{"id":160653,"date":"2026-01-28T12:45:00","date_gmt":"2026-01-28T15:45:00","guid":{"rendered":"https:\/\/www.em.com.br\/emfoco\/?p=160653"},"modified":"2026-01-27T16:35:37","modified_gmt":"2026-01-27T19:35:37","slug":"toda-mulher-com-mais-de-30-anos-deveria-conhecer-essa-rotina-antienvelhecimento","status":"publish","type":"post","link":"https:\/\/www.em.com.br\/emfoco\/2026\/01\/28\/toda-mulher-com-mais-de-30-anos-deveria-conhecer-essa-rotina-antienvelhecimento\/","title":{"rendered":"Toda mulher com mais de 30 anos deveria conhecer essa rotina antienvelhecimento"},"content":{"rendered":"\n<p>A partir dos 30 anos, a pele do rosto come\u00e7a a mudar de forma constante: a renova\u00e7\u00e3o celular desacelera, a hidrata\u00e7\u00e3o natural cai e as primeiras linhas aparecem com mais nitidez. Nesse momento, montar uma rotina de cuidados pr\u00e1tica, consistente e adequada ao seu ritmo de vida deixa de ser apenas est\u00e9tica e passa a ser uma estrat\u00e9gia inteligente para preservar a sa\u00fade e o aspecto jovem da pele no longo prazo.<\/p>\n\n\n\n<h2 class=\"wp-block-heading\">Por que a rotina de cuidados muda depois dos 30 anos<\/h2>\n\n\n\n<p>A partir dessa idade, o organismo reduz gradualmente a produ\u00e7\u00e3o de col\u00e1geno, elastina e <a href=\"https:\/\/www.em.com.br\/emfoco\/2025\/10\/17\/receita-de-acido-hialuronico-com-casca-de-ovo-para-uma-pele-mais-firme\/\" target=\"_blank\" rel=\"noreferrer noopener\">\u00e1cido hialur\u00f4nico<\/a>, essenciais para firmeza, elasticidade e vi\u00e7o. A pele pode ficar mais fina, menos resistente e mais suscet\u00edvel a sinais de cansa\u00e7o e perda de luminosidade.<\/p>\n\n\n\n<p>Somam-se a isso anos de exposi\u00e7\u00e3o solar, polui\u00e7\u00e3o, estresse e noites mal dormidas, que come\u00e7am a aparecer com mais clareza no rosto. Por isso, uma rotina de anti-idade bem planejada passa a focar em hidrata\u00e7\u00e3o profunda, est\u00edmulo \u00e0 renova\u00e7\u00e3o celular e prote\u00e7\u00e3o di\u00e1ria constante.<\/p>\n\n\n\n<figure class=\"wp-block-image\"><img decoding=\"async\" src=\"https:\/\/www.em.com.br\/emfoco\/wp-content\/uploads\/2025\/11\/Gemini_Generated_Image_1xeu9m1xeu9m1xeu-1-1024x576.png\" alt=\"\"\/><figcaption class=\"wp-element-caption\">Cuidados importantes com a pele do rosto<\/figcaption><\/figure>\n\n\n\n<h2 class=\"wp-block-heading\">Como funciona uma rotina anti-idade di\u00e1ria simples ap\u00f3s os 30<\/h2>\n\n\n\n<p>Uma rotina anti-idade a partir dos 30 n\u00e3o precisa ser cheia de etapas para trazer resultado; o mais importante \u00e9 a regularidade. Os produtos devem considerar o tipo de pele, necessidades espec\u00edficas e textura preferida, para garantir conforto e ades\u00e3o no dia a dia.<\/p>\n\n\n\n<p>De forma geral, uma sequ\u00eancia di\u00e1ria pode incluir cuidados b\u00e1sicos e eficientes, que atuam em limpeza, hidrata\u00e7\u00e3o, tratamento e prote\u00e7\u00e3o, ajudando a suavizar linhas finas, uniformizar a textura e diminuir a sensa\u00e7\u00e3o de ressecamento.<\/p>\n\n\n\n<ul class=\"wp-block-list\">\n<li><strong>Limpeza suave<\/strong>\u00a0\u2013 remove sujeira, oleosidade e res\u00edduos sem ressecar a pele.<\/li>\n\n\n\n<li><strong>Hidrata\u00e7\u00e3o<\/strong>\u00a0\u2013 cremes ou lo\u00e7\u00f5es que rep\u00f5em \u00e1gua e lip\u00eddios, deixando a pele flex\u00edvel.<\/li>\n\n\n\n<li><strong>Produtos anti-idade<\/strong>\u00a0\u2013 f\u00f3rmulas com \u00f3leos nutritivos, antioxidantes e ativos renovadores.<\/li>\n\n\n\n<li><strong>Prote\u00e7\u00e3o solar<\/strong>\u00a0\u2013 filtro com FPS adequado, usado todos os dias, fa\u00e7a sol ou chuva.<\/li>\n<\/ul>\n\n\n\n<h2 class=\"wp-block-heading\">Como montar uma rotina de anti-idade para o dia<\/h2>\n\n\n\n<p>No per\u00edodo da manh\u00e3, a rotina anti-idade ap\u00f3s os 30 prioriza conforto e prote\u00e7\u00e3o contra as agress\u00f5es externas. Um limpador facial suave prepara a pele para receber o hidratante, que oferece nutri\u00e7\u00e3o, maciez e ajuda a suavizar pequenas linhas de ressecamento.<\/p>\n\n\n\n<p>Muitos cremes diurnos anti-idade combinam \u00f3leos vegetais, extratos bot\u00e2nicos e antioxidantes para manter a pele nutrida e com apar\u00eancia descansada. A etapa de dia sempre se encerra com protetor solar, essencial para evitar manchas, retardar rugas mais marcadas e prevenir envelhecimento precoce.<\/p>\n\n\n\n<h2 class=\"wp-block-heading\">Como cuidar da pele \u00e0 noite e dar aten\u00e7\u00e3o a olhos e l\u00e1bios<\/h2>\n\n\n\n<p>\u00c0 noite, a pele entra em um processo mais intenso de repara\u00e7\u00e3o, por isso a rotina noturna foca em regenera\u00e7\u00e3o e nutri\u00e7\u00e3o prolongada. Ap\u00f3s a limpeza do rosto, entram em cena s\u00e9runs e cremes mais ricos, que recuperam a hidrata\u00e7\u00e3o e apoiam a renova\u00e7\u00e3o natural durante o sono.<\/p>\n\n\n\n<p>A \u00e1rea dos olhos e os l\u00e1bios merecem cuidados espec\u00edficos, pois t\u00eam pele mais delicada e tend\u00eancia ao ressecamento. Produtos pr\u00f3prios para essas regi\u00f5es ajudam a suavizar linhas, sinais de cansa\u00e7o e perda de volume, contribuindo para uma apar\u00eancia geral mais descansada e uniforme.<\/p>\n\n\n\n<p>Selecionamos o v\u00eddeo da <a href=\"https:\/\/www.youtube.com\/@DraGreiceMoraes\" target=\"_blank\" rel=\"noreferrer noopener\">Dra. Greice Moraes <\/a>que faz sucesso no YouTube com suas dicas de autocuidado e fala sobre o que usar na rotina antirrugas:<\/p>\n\n\n\n<figure class=\"wp-block-embed is-type-video is-provider-youtube wp-block-embed-youtube wp-embed-aspect-16-9 wp-has-aspect-ratio\"><div class=\"wp-block-embed__wrapper\">\n<div class=\"jeg_video_container jeg_video_content\"><iframe loading=\"lazy\" title=\"Rotina ANTIRRUGAS com Principia \u2013 O Que Usar aos 25, 35, 45 e 55+ |  Dra. Greice Moraes\" width=\"500\" height=\"281\" src=\"https:\/\/www.youtube.com\/embed\/HNfWyBNLvzY?feature=oembed\" frameborder=\"0\" allow=\"accelerometer; autoplay; clipboard-write; encrypted-media; gyroscope; picture-in-picture; web-share\" referrerpolicy=\"strict-origin-when-cross-origin\" allowfullscreen><\/iframe><\/div>\n<\/div><\/figure>\n\n\n\n<h2 class=\"wp-block-heading\">Como tornar a rotina anti-idade um h\u00e1bito duradouro<\/h2>\n\n\n\n<p>Para que a rotina de anti-idade ap\u00f3s os 30 funcione de verdade, ela precisa se encaixar no seu estilo de vida e caber no seu tempo real, sem complica\u00e7\u00f5es. Separe alguns minutos pela manh\u00e3 e \u00e0 noite, observe como a pele reage e fa\u00e7a ajustes de textura e f\u00f3rmulas sempre que necess\u00e1rio.<\/p>\n\n\n\n<p>N\u00e3o adie o cuidado com a sua pele: comece hoje a incluir limpeza suave, hidrata\u00e7\u00e3o, tratamento espec\u00edfico e protetor solar todos os dias. Quanto antes voc\u00ea tornar essa rotina um h\u00e1bito est\u00e1vel, maiores ser\u00e3o as chances de manter uma pele com aspecto saud\u00e1vel, luminoso e jovem pelos pr\u00f3ximos anos\u2014o melhor resultado \u00e9 sempre o que voc\u00ea come\u00e7a agora.<\/p>\n\n\n\n<p><\/p>\n","protected":false},"excerpt":{"rendered":"<p>A partir dos 30 anos, a pele do rosto come\u00e7a a mudar de forma constante: a renova\u00e7\u00e3o celular desacelera, a hidrata\u00e7\u00e3o natural cai e as primeiras linhas aparecem com mais nitidez. Nesse momento, montar uma rotina de cuidados pr\u00e1tica, consistente e adequada ao seu ritmo de vida deixa de ser apenas est\u00e9tica e passa a [&hellip;]<\/p>\n","protected":false},"author":11,"featured_media":141583,"comment_status":"open","ping_status":"open","sticky":false,"template":"","format":"standard","meta":{"jnews-multi-image_gallery":[],"jnews_single_post":{"format":"standard"},"jnews_primary_category":[],"jnews_social_meta":[],"jnews_override_counter":[],"footnotes":""},"categories":[8819,1],"tags":[11053,4941,3337,23496,23495],"class_list":["post-160653","post","type-post","status-publish","format-standard","has-post-thumbnail","hentry","category-curiosidades","category-noticias","tag-cuidar-da-pele","tag-hidratacao","tag-limpeza","tag-pele-envelhece-apos-os-30","tag-rotina-anti-idade"],"yoast_head":"<!-- This site is optimized with the Yoast SEO plugin v23.8 - https:\/\/yoast.com\/wordpress\/plugins\/seo\/ -->\n<title>Toda mulher com mais de 30 anos deveria conhecer essa rotina antienvelhecimento - Estado de Minas - Em foco<\/title>\n<meta name=\"description\" content=\"Ap\u00f3s os 30, a pele muda. Veja como montar uma rotina anti-idade simples, eficaz e f\u00e1cil de manter no dia a dia.\" \/>\n<meta name=\"robots\" content=\"index, follow, max-snippet:-1, max-image-preview:large, max-video-preview:-1\" \/>\n<link rel=\"canonical\" href=\"https:\/\/www.em.com.br\/emfoco\/2026\/01\/28\/toda-mulher-com-mais-de-30-anos-deveria-conhecer-essa-rotina-antienvelhecimento\/\" \/>\n<meta property=\"og:locale\" content=\"pt_BR\" \/>\n<meta property=\"og:type\" content=\"article\" \/>\n<meta property=\"og:title\" content=\"Toda mulher com mais de 30 anos deveria conhecer essa rotina antienvelhecimento - Estado de Minas - Em foco\" \/>\n<meta property=\"og:description\" content=\"Ap\u00f3s os 30, a pele muda. Veja como montar uma rotina anti-idade simples, eficaz e f\u00e1cil de manter no dia a dia.\" \/>\n<meta property=\"og:url\" content=\"https:\/\/www.em.com.br\/emfoco\/2026\/01\/28\/toda-mulher-com-mais-de-30-anos-deveria-conhecer-essa-rotina-antienvelhecimento\/\" \/>\n<meta property=\"og:site_name\" content=\"Estado de Minas - Em foco\" \/>\n<meta property=\"article:published_time\" content=\"2026-01-28T15:45:00+00:00\" \/>\n<meta property=\"article:modified_time\" content=\"2026-01-27T19:35:37+00:00\" \/>\n<meta property=\"og:image\" content=\"https:\/\/www.em.com.br\/emfoco\/wp-content\/uploads\/2025\/12\/Gemini_Generated_Image_r7og6gr7og6gr7og-1.png\" \/>\n\t<meta property=\"og:image:width\" content=\"1280\" \/>\n\t<meta property=\"og:image:height\" content=\"720\" \/>\n\t<meta property=\"og:image:type\" content=\"image\/png\" \/>\n<meta name=\"author\" content=\"Andre\u0301 Rangel\u00a0\" \/>\n<meta name=\"twitter:card\" content=\"summary_large_image\" \/>\n<meta name=\"twitter:label1\" content=\"Escrito por\" \/>\n\t<meta name=\"twitter:data1\" content=\"Andre\u0301 Rangel\u00a0\" \/>\n\t<meta name=\"twitter:label2\" content=\"Est. tempo de leitura\" \/>\n\t<meta name=\"twitter:data2\" content=\"5 minutos\" \/>\n<!-- \/ Yoast SEO plugin. -->","yoast_head_json":{"title":"Toda mulher com mais de 30 anos deveria conhecer essa rotina antienvelhecimento - Estado de Minas - Em foco","description":"Ap\u00f3s os 30, a pele muda. Veja como montar uma rotina anti-idade simples, eficaz e f\u00e1cil de manter no dia a dia.","robots":{"index":"index","follow":"follow","max-snippet":"max-snippet:-1","max-image-preview":"max-image-preview:large","max-video-preview":"max-video-preview:-1"},"canonical":"https:\/\/www.em.com.br\/emfoco\/2026\/01\/28\/toda-mulher-com-mais-de-30-anos-deveria-conhecer-essa-rotina-antienvelhecimento\/","og_locale":"pt_BR","og_type":"article","og_title":"Toda mulher com mais de 30 anos deveria conhecer essa rotina antienvelhecimento - Estado de Minas - Em foco","og_description":"Ap\u00f3s os 30, a pele muda. Veja como montar uma rotina anti-idade simples, eficaz e f\u00e1cil de manter no dia a dia.","og_url":"https:\/\/www.em.com.br\/emfoco\/2026\/01\/28\/toda-mulher-com-mais-de-30-anos-deveria-conhecer-essa-rotina-antienvelhecimento\/","og_site_name":"Estado de Minas - Em foco","article_published_time":"2026-01-28T15:45:00+00:00","article_modified_time":"2026-01-27T19:35:37+00:00","og_image":[{"width":1280,"height":720,"url":"https:\/\/www.em.com.br\/emfoco\/wp-content\/uploads\/2025\/12\/Gemini_Generated_Image_r7og6gr7og6gr7og-1.png","type":"image\/png"}],"author":"Andre\u0301 Rangel\u00a0","twitter_card":"summary_large_image","twitter_misc":{"Escrito por":"Andre\u0301 Rangel\u00a0","Est. tempo de leitura":"5 minutos"},"schema":{"@context":"https:\/\/schema.org","@graph":[{"@type":"WebPage","@id":"https:\/\/www.em.com.br\/emfoco\/2026\/01\/28\/toda-mulher-com-mais-de-30-anos-deveria-conhecer-essa-rotina-antienvelhecimento\/","url":"https:\/\/www.em.com.br\/emfoco\/2026\/01\/28\/toda-mulher-com-mais-de-30-anos-deveria-conhecer-essa-rotina-antienvelhecimento\/","name":"Toda mulher com mais de 30 anos deveria conhecer essa rotina antienvelhecimento - Estado de Minas - Em foco","isPartOf":{"@id":"https:\/\/www.em.com.br\/emfoco\/#website"},"primaryImageOfPage":{"@id":"https:\/\/www.em.com.br\/emfoco\/2026\/01\/28\/toda-mulher-com-mais-de-30-anos-deveria-conhecer-essa-rotina-antienvelhecimento\/#primaryimage"},"image":{"@id":"https:\/\/www.em.com.br\/emfoco\/2026\/01\/28\/toda-mulher-com-mais-de-30-anos-deveria-conhecer-essa-rotina-antienvelhecimento\/#primaryimage"},"thumbnailUrl":"https:\/\/www.em.com.br\/emfoco\/wp-content\/uploads\/2025\/12\/Gemini_Generated_Image_r7og6gr7og6gr7og-1.png","datePublished":"2026-01-28T15:45:00+00:00","dateModified":"2026-01-27T19:35:37+00:00","author":{"@id":"https:\/\/www.em.com.br\/emfoco\/#\/schema\/person\/60eda09c1fedf0d6891f4cef4b60b8b8"},"description":"Ap\u00f3s os 30, a pele muda. Veja como montar uma rotina anti-idade simples, eficaz e f\u00e1cil de manter no dia a dia.","breadcrumb":{"@id":"https:\/\/www.em.com.br\/emfoco\/2026\/01\/28\/toda-mulher-com-mais-de-30-anos-deveria-conhecer-essa-rotina-antienvelhecimento\/#breadcrumb"},"inLanguage":"pt-BR","potentialAction":[{"@type":"ReadAction","target":["https:\/\/www.em.com.br\/emfoco\/2026\/01\/28\/toda-mulher-com-mais-de-30-anos-deveria-conhecer-essa-rotina-antienvelhecimento\/"]}]},{"@type":"ImageObject","inLanguage":"pt-BR","@id":"https:\/\/www.em.com.br\/emfoco\/2026\/01\/28\/toda-mulher-com-mais-de-30-anos-deveria-conhecer-essa-rotina-antienvelhecimento\/#primaryimage","url":"https:\/\/www.em.com.br\/emfoco\/wp-content\/uploads\/2025\/12\/Gemini_Generated_Image_r7og6gr7og6gr7og-1.png","contentUrl":"https:\/\/www.em.com.br\/emfoco\/wp-content\/uploads\/2025\/12\/Gemini_Generated_Image_r7og6gr7og6gr7og-1.png","width":1280,"height":720,"caption":"No ver\u00e3o sua pele pede ajuda todos os dias"},{"@type":"BreadcrumbList","@id":"https:\/\/www.em.com.br\/emfoco\/2026\/01\/28\/toda-mulher-com-mais-de-30-anos-deveria-conhecer-essa-rotina-antienvelhecimento\/#breadcrumb","itemListElement":[{"@type":"ListItem","position":1,"name":"In\u00edcio","item":"https:\/\/www.em.com.br\/emfoco\/"},{"@type":"ListItem","position":2,"name":"Toda mulher com mais de 30 anos deveria conhecer essa rotina antienvelhecimento"}]},{"@type":"WebSite","@id":"https:\/\/www.em.com.br\/emfoco\/#website","url":"https:\/\/www.em.com.br\/emfoco\/","name":"Estado de Minas - Em foco","description":"Acompanhe as \u00faltimas not\u00edcias e fique bem informado sobre tudo o que acontece em Minas Gerais, Brasil e no mundo.","potentialAction":[{"@type":"SearchAction","target":{"@type":"EntryPoint","urlTemplate":"https:\/\/www.em.com.br\/emfoco\/?s={search_term_string}"},"query-input":{"@type":"PropertyValueSpecification","valueRequired":true,"valueName":"search_term_string"}}],"inLanguage":"pt-BR"},{"@type":"Person","@id":"https:\/\/www.em.com.br\/emfoco\/#\/schema\/person\/60eda09c1fedf0d6891f4cef4b60b8b8","name":"Andre\u0301 Rangel\u00a0","image":{"@type":"ImageObject","inLanguage":"pt-BR","@id":"https:\/\/www.em.com.br\/emfoco\/#\/schema\/person\/image\/","url":"https:\/\/secure.gravatar.com\/avatar\/6234dc814c77c8ef6d8bba622c787efc?s=96&d=mm&r=g","contentUrl":"https:\/\/secure.gravatar.com\/avatar\/6234dc814c77c8ef6d8bba622c787efc?s=96&d=mm&r=g","caption":"Andre\u0301 Rangel\u00a0"},"url":"https:\/\/www.em.com.br\/emfoco\/author\/luizmyth\/"}]}},"_links":{"self":[{"href":"https:\/\/www.em.com.br\/emfoco\/wp-json\/wp\/v2\/posts\/160653","targetHints":{"allow":["GET"]}}],"collection":[{"href":"https:\/\/www.em.com.br\/emfoco\/wp-json\/wp\/v2\/posts"}],"about":[{"href":"https:\/\/www.em.com.br\/emfoco\/wp-json\/wp\/v2\/types\/post"}],"author":[{"embeddable":true,"href":"https:\/\/www.em.com.br\/emfoco\/wp-json\/wp\/v2\/users\/11"}],"replies":[{"embeddable":true,"href":"https:\/\/www.em.com.br\/emfoco\/wp-json\/wp\/v2\/comments?post=160653"}],"version-history":[{"count":3,"href":"https:\/\/www.em.com.br\/emfoco\/wp-json\/wp\/v2\/posts\/160653\/revisions"}],"predecessor-version":[{"id":160710,"href":"https:\/\/www.em.com.br\/emfoco\/wp-json\/wp\/v2\/posts\/160653\/revisions\/160710"}],"wp:featuredmedia":[{"embeddable":true,"href":"https:\/\/www.em.com.br\/emfoco\/wp-json\/wp\/v2\/media\/141583"}],"wp:attachment":[{"href":"https:\/\/www.em.com.br\/emfoco\/wp-json\/wp\/v2\/media?parent=160653"}],"wp:term":[{"taxonomy":"category","embeddable":true,"href":"https:\/\/www.em.com.br\/emfoco\/wp-json\/wp\/v2\/categories?post=160653"},{"taxonomy":"post_tag","embeddable":true,"href":"https:\/\/www.em.com.br\/emfoco\/wp-json\/wp\/v2\/tags?post=160653"}],"curies":[{"name":"wp","href":"https:\/\/api.w.org\/{rel}","templated":true}]}}