{"id":160645,"date":"2026-01-28T06:05:00","date_gmt":"2026-01-28T09:05:00","guid":{"rendered":"https:\/\/www.em.com.br\/emfoco\/?p=160645"},"modified":"2026-01-27T16:31:34","modified_gmt":"2026-01-27T19:31:34","slug":"esse-e-o-erro-mais-comum-cometido-por-corredores-iniciantes","status":"publish","type":"post","link":"https:\/\/www.em.com.br\/emfoco\/2026\/01\/28\/esse-e-o-erro-mais-comum-cometido-por-corredores-iniciantes\/","title":{"rendered":"Esse \u00e9 o erro mais comum cometido por corredores iniciantes"},"content":{"rendered":"\n<p>O interesse pela&nbsp;<strong>corrida<\/strong>&nbsp;cresceu muito nos \u00faltimos anos, especialmente ap\u00f3s os per\u00edodos de isolamento social. Em muitas cidades, \u00e9 comum ver grupos de corredores ocupando parques, avenidas e pistas ao amanhecer ou no fim do dia, transformando a corrida em um momento de autocuidado, socializa\u00e7\u00e3o e supera\u00e7\u00e3o pessoal, mas tamb\u00e9m levantando d\u00favidas sobre como come\u00e7ar com seguran\u00e7a e consist\u00eancia.<\/p>\n\n\n\n<h2 class=\"wp-block-heading\">O que \u00e9 corrida e por que tantas pessoas aderiram a esse esporte?<\/h2>\n\n\n\n<p>A\u00a0<strong><a href=\"https:\/\/www.em.com.br\/emfoco\/2025\/12\/28\/antes-de-calcar-o-tenis-em-2026-leia-isso-ou-voce-pode-desistir-da-corrida-em-menos-de-30-dias\/\" target=\"_blank\" rel=\"noreferrer noopener\">corrida<\/a><\/strong>, seja em rua, pista ou esteira \u00e9 mais do que queimar calorias, a corrida passou a ser uma ferramenta de organiza\u00e7\u00e3o da rotina, gest\u00e3o do estresse e cuidado com a sa\u00fade f\u00edsica e mental.<\/p>\n\n\n\n<p>O baixo custo inicial \u2014 muitas vezes basta um t\u00eanis e um local seguro \u2014 ajudou a popularizar o esporte. Ap\u00f3s 2020, correr ganhou um significado de liberdade e retomada da vida ao ar livre, impulsionado tamb\u00e9m por grupos de corrida, maior participa\u00e7\u00e3o feminina e o uso de redes sociais e aplicativos para registrar treinos e conquistas.<\/p>\n\n\n\n<figure class=\"wp-block-image\"><img decoding=\"async\" src=\"https:\/\/www.em.com.br\/emfoco\/wp-content\/uploads\/2025\/05\/tenis-corrida_1747688667433-1024x576.jpg\" alt=\"\"\/><figcaption class=\"wp-element-caption\">Corrida cresce no Brasil e vira h\u00e1bito de sa\u00fade e equil\u00edbrio &#8211; Cr\u00e9ditos: depositphotos.com \/ Kzenon<\/figcaption><\/figure>\n\n\n\n<h2 class=\"wp-block-heading\">Como come\u00e7ar na corrida para iniciantes com seguran\u00e7a?<\/h2>\n\n\n\n<p>Para quem est\u00e1 dando os primeiros passos, a principal recomenda\u00e7\u00e3o \u00e9 avan\u00e7ar de forma gradual, combinando caminhada e trote leve nas primeiras semanas. Assim, m\u00fasculos, articula\u00e7\u00f5es e sistema cardiovascular se adaptam sem sobrecarga, tornando a experi\u00eancia mais prazerosa e sustent\u00e1vel.<\/p>\n\n\n\n<p>Profissionais de educa\u00e7\u00e3o f\u00edsica refor\u00e7am que n\u00e3o \u00e9 necess\u00e1rio correr todos os dias. Treinar de duas a tr\u00eas vezes por semana j\u00e1 \u00e9 suficiente para criar base, desde que exista regularidade e respeito aos sinais do corpo, como dores persistentes e cansa\u00e7o excessivo.<\/p>\n\n\n\n<h2 class=\"wp-block-heading\">Por que o treino de for\u00e7a \u00e9 essencial para corredores?<\/h2>\n\n\n\n<p>O treino de for\u00e7a \u00e9 parte central de um programa de&nbsp;<strong>corrida<\/strong>&nbsp;bem estruturado. Ele n\u00e3o serve apenas para ganhar massa muscular, mas para corrigir desequil\u00edbrios, estabilizar articula\u00e7\u00f5es e suportar melhor o impacto repetitivo da corrida, especialmente em quadris, gl\u00fateos, regi\u00e3o central do corpo (core) e posteriores de coxa.<\/p>\n\n\n\n<p>Para complementar a corrida com fortalecimento de forma pr\u00e1tica, alguns tipos de exerc\u00edcios costumam ser priorizados por treinadores e fisioterapeutas esportivos:<\/p>\n\n\n\n<ul class=\"wp-block-list\">\n<li>Exerc\u00edcios com peso do corpo, como agachamentos, avan\u00e7os e pranchas.<\/li>\n\n\n\n<li>Uso moderado de cargas em aparelhos ou pesos livres, com orienta\u00e7\u00e3o profissional.<\/li>\n\n\n\n<li>Trabalho de mobilidade e alongamentos espec\u00edficos para tornozelos, quadris e coluna.<\/li>\n<\/ul>\n\n\n\n<h2 class=\"wp-block-heading\">Como estruturar um plano de treino de corrida eficiente?<\/h2>\n\n\n\n<p>N\u00e3o existe um \u00fanico plano de&nbsp;<strong>treino de corrida<\/strong>&nbsp;que sirva para todos, mas alguns princ\u00edpios s\u00e3o consenso: const\u00e2ncia, progress\u00e3o moderada de volume e varia\u00e7\u00e3o de intensidade. Isso vale tanto para provas de 5 km e 10 km quanto para meias maratonas e maratonas.<\/p>\n\n\n\n<p>Definir um objetivo claro, organizar a semana com dias leves, treinos um pouco mais intensos e momentos de descanso ou fortalecimento faz diferen\u00e7a na evolu\u00e7\u00e3o. Para dist\u00e2ncias longas, \u00e9 ideal planejar com meses de anteced\u00eancia, com fases de base, constru\u00e7\u00e3o, pico e redu\u00e7\u00e3o de carga, preferencialmente com acompanhamento profissional.<\/p>\n\n\n\n<p>Selecionamos para voc\u00ea o v\u00eddeo do <a href=\"https:\/\/www.youtube.com\/@drauziovarella\" target=\"_blank\" rel=\"noreferrer noopener\">Dr. Drauzio Varella<\/a> que faz muito sucesso nas redes sociais com seus ensinamentos e fala sobre corrida e disciplina:<\/p>\n\n\n\n<figure class=\"wp-block-embed is-type-video is-provider-youtube wp-block-embed-youtube wp-embed-aspect-16-9 wp-has-aspect-ratio\"><div class=\"wp-block-embed__wrapper\">\n<div class=\"jeg_video_container jeg_video_content\"><iframe loading=\"lazy\" title=\"Corrida para iniciantes: como come\u00e7ar a correr?\" width=\"500\" height=\"281\" src=\"https:\/\/www.youtube.com\/embed\/5FJoqhlszTI?feature=oembed\" frameborder=\"0\" allow=\"accelerometer; autoplay; clipboard-write; encrypted-media; gyroscope; picture-in-picture; web-share\" referrerpolicy=\"strict-origin-when-cross-origin\" allowfullscreen><\/iframe><\/div>\n<\/div><\/figure>\n\n\n\n<h2 class=\"wp-block-heading\">Como manter a corrida sustent\u00e1vel e transformar o ato de correr em estilo de vida?<\/h2>\n\n\n\n<p>O desempenho na corrida depende da soma de fatores: bom sono, alimenta\u00e7\u00e3o equilibrada, hidrata\u00e7\u00e3o adequada, fortalecimento, progress\u00e3o gradual de volume e uso correto de t\u00eanis e roupas. Esse conjunto reduz o risco de les\u00f5es, melhora a recupera\u00e7\u00e3o e torna a&nbsp;<strong>corrida<\/strong>&nbsp;uma pr\u00e1tica que pode acompanhar voc\u00ea por muitos anos.<\/p>\n\n\n\n<p>Se voc\u00ea est\u00e1 pensando em come\u00e7ar ou voltar a correr, n\u00e3o espere o \u201cmomento perfeito\u201d: escolha um objetivo simples, organize sua semana ainda hoje e busque orienta\u00e7\u00e3o profissional o quanto antes. Dar o primeiro passo agora pode ser exatamente o que falta para transformar sua rotina, sua sa\u00fade e sua rela\u00e7\u00e3o com o pr\u00f3prio corpo.<\/p>\n","protected":false},"excerpt":{"rendered":"<p>O interesse pela&nbsp;corrida&nbsp;cresceu muito nos \u00faltimos anos, especialmente ap\u00f3s os per\u00edodos de isolamento social. Em muitas cidades, \u00e9 comum ver grupos de corredores ocupando parques, avenidas e pistas ao amanhecer ou no fim do dia, transformando a corrida em um momento de autocuidado, socializa\u00e7\u00e3o e supera\u00e7\u00e3o pessoal, mas tamb\u00e9m levantando d\u00favidas sobre como come\u00e7ar com [&hellip;]<\/p>\n","protected":false},"author":11,"featured_media":97965,"comment_status":"open","ping_status":"open","sticky":false,"template":"","format":"standard","meta":{"jnews-multi-image_gallery":[],"jnews_single_post":{"format":"standard"},"jnews_primary_category":[],"jnews_social_meta":[],"jnews_override_counter":[],"footnotes":""},"categories":[1,9053],"tags":[256,1286,4955,415,11369],"class_list":["post-160645","post","type-post","status-publish","format-standard","has-post-thumbnail","hentry","category-noticias","category-saude","tag-beneficios","tag-corrida","tag-exercicio-fisico","tag-saude","tag-saude-fisica-e-mental"],"yoast_head":"<!-- This site is optimized with the Yoast SEO plugin v23.8 - https:\/\/yoast.com\/wordpress\/plugins\/seo\/ -->\n<title>Esse \u00e9 o erro mais comum cometido por corredores iniciantes - Estado de Minas - Em foco<\/title>\n<meta name=\"description\" content=\"A corrida virou aliada da sa\u00fade f\u00edsica e mental. Veja como come\u00e7ar com seguran\u00e7a e manter const\u00e2ncia no dia a dia.\" \/>\n<meta name=\"robots\" content=\"index, follow, max-snippet:-1, max-image-preview:large, max-video-preview:-1\" \/>\n<link rel=\"canonical\" href=\"https:\/\/www.em.com.br\/emfoco\/2026\/01\/28\/esse-e-o-erro-mais-comum-cometido-por-corredores-iniciantes\/\" \/>\n<meta property=\"og:locale\" content=\"pt_BR\" \/>\n<meta property=\"og:type\" content=\"article\" \/>\n<meta property=\"og:title\" content=\"Esse \u00e9 o erro mais comum cometido por corredores iniciantes - Estado de Minas - Em foco\" \/>\n<meta property=\"og:description\" content=\"A corrida virou aliada da sa\u00fade f\u00edsica e mental. Veja como come\u00e7ar com seguran\u00e7a e manter const\u00e2ncia no dia a dia.\" \/>\n<meta property=\"og:url\" content=\"https:\/\/www.em.com.br\/emfoco\/2026\/01\/28\/esse-e-o-erro-mais-comum-cometido-por-corredores-iniciantes\/\" \/>\n<meta property=\"og:site_name\" content=\"Estado de Minas - Em foco\" \/>\n<meta property=\"article:published_time\" content=\"2026-01-28T09:05:00+00:00\" \/>\n<meta property=\"article:modified_time\" content=\"2026-01-27T19:31:34+00:00\" \/>\n<meta property=\"og:image\" content=\"https:\/\/www.em.com.br\/emfoco\/wp-content\/uploads\/2025\/08\/passeando-com-o-cachorro_1756482435538.jpg\" \/>\n\t<meta property=\"og:image:width\" content=\"1280\" \/>\n\t<meta property=\"og:image:height\" content=\"720\" \/>\n\t<meta property=\"og:image:type\" content=\"image\/jpeg\" \/>\n<meta name=\"author\" content=\"Andre\u0301 Rangel\u00a0\" \/>\n<meta name=\"twitter:card\" content=\"summary_large_image\" \/>\n<meta name=\"twitter:label1\" content=\"Escrito por\" \/>\n\t<meta name=\"twitter:data1\" content=\"Andre\u0301 Rangel\u00a0\" \/>\n\t<meta name=\"twitter:label2\" content=\"Est. tempo de leitura\" \/>\n\t<meta name=\"twitter:data2\" content=\"4 minutos\" \/>\n<!-- \/ Yoast SEO plugin. -->","yoast_head_json":{"title":"Esse \u00e9 o erro mais comum cometido por corredores iniciantes - Estado de Minas - Em foco","description":"A corrida virou aliada da sa\u00fade f\u00edsica e mental. Veja como come\u00e7ar com seguran\u00e7a e manter const\u00e2ncia no dia a dia.","robots":{"index":"index","follow":"follow","max-snippet":"max-snippet:-1","max-image-preview":"max-image-preview:large","max-video-preview":"max-video-preview:-1"},"canonical":"https:\/\/www.em.com.br\/emfoco\/2026\/01\/28\/esse-e-o-erro-mais-comum-cometido-por-corredores-iniciantes\/","og_locale":"pt_BR","og_type":"article","og_title":"Esse \u00e9 o erro mais comum cometido por corredores iniciantes - Estado de Minas - Em foco","og_description":"A corrida virou aliada da sa\u00fade f\u00edsica e mental. Veja como come\u00e7ar com seguran\u00e7a e manter const\u00e2ncia no dia a dia.","og_url":"https:\/\/www.em.com.br\/emfoco\/2026\/01\/28\/esse-e-o-erro-mais-comum-cometido-por-corredores-iniciantes\/","og_site_name":"Estado de Minas - Em foco","article_published_time":"2026-01-28T09:05:00+00:00","article_modified_time":"2026-01-27T19:31:34+00:00","og_image":[{"width":1280,"height":720,"url":"https:\/\/www.em.com.br\/emfoco\/wp-content\/uploads\/2025\/08\/passeando-com-o-cachorro_1756482435538.jpg","type":"image\/jpeg"}],"author":"Andre\u0301 Rangel\u00a0","twitter_card":"summary_large_image","twitter_misc":{"Escrito por":"Andre\u0301 Rangel\u00a0","Est. tempo de leitura":"4 minutos"},"schema":{"@context":"https:\/\/schema.org","@graph":[{"@type":"WebPage","@id":"https:\/\/www.em.com.br\/emfoco\/2026\/01\/28\/esse-e-o-erro-mais-comum-cometido-por-corredores-iniciantes\/","url":"https:\/\/www.em.com.br\/emfoco\/2026\/01\/28\/esse-e-o-erro-mais-comum-cometido-por-corredores-iniciantes\/","name":"Esse \u00e9 o erro mais comum cometido por corredores iniciantes - Estado de Minas - Em foco","isPartOf":{"@id":"https:\/\/www.em.com.br\/emfoco\/#website"},"primaryImageOfPage":{"@id":"https:\/\/www.em.com.br\/emfoco\/2026\/01\/28\/esse-e-o-erro-mais-comum-cometido-por-corredores-iniciantes\/#primaryimage"},"image":{"@id":"https:\/\/www.em.com.br\/emfoco\/2026\/01\/28\/esse-e-o-erro-mais-comum-cometido-por-corredores-iniciantes\/#primaryimage"},"thumbnailUrl":"https:\/\/www.em.com.br\/emfoco\/wp-content\/uploads\/2025\/08\/passeando-com-o-cachorro_1756482435538.jpg","datePublished":"2026-01-28T09:05:00+00:00","dateModified":"2026-01-27T19:31:34+00:00","author":{"@id":"https:\/\/www.em.com.br\/emfoco\/#\/schema\/person\/60eda09c1fedf0d6891f4cef4b60b8b8"},"description":"A corrida virou aliada da sa\u00fade f\u00edsica e mental. Veja como come\u00e7ar com seguran\u00e7a e manter const\u00e2ncia no dia a dia.","breadcrumb":{"@id":"https:\/\/www.em.com.br\/emfoco\/2026\/01\/28\/esse-e-o-erro-mais-comum-cometido-por-corredores-iniciantes\/#breadcrumb"},"inLanguage":"pt-BR","potentialAction":[{"@type":"ReadAction","target":["https:\/\/www.em.com.br\/emfoco\/2026\/01\/28\/esse-e-o-erro-mais-comum-cometido-por-corredores-iniciantes\/"]}]},{"@type":"ImageObject","inLanguage":"pt-BR","@id":"https:\/\/www.em.com.br\/emfoco\/2026\/01\/28\/esse-e-o-erro-mais-comum-cometido-por-corredores-iniciantes\/#primaryimage","url":"https:\/\/www.em.com.br\/emfoco\/wp-content\/uploads\/2025\/08\/passeando-com-o-cachorro_1756482435538.jpg","contentUrl":"https:\/\/www.em.com.br\/emfoco\/wp-content\/uploads\/2025\/08\/passeando-com-o-cachorro_1756482435538.jpg","width":1280,"height":720,"caption":"Corrida cresce no Brasil e vira h\u00e1bito de sa\u00fade e equil\u00edbrio - Cr\u00e9ditos: depositphotos.com \/ blasbike"},{"@type":"BreadcrumbList","@id":"https:\/\/www.em.com.br\/emfoco\/2026\/01\/28\/esse-e-o-erro-mais-comum-cometido-por-corredores-iniciantes\/#breadcrumb","itemListElement":[{"@type":"ListItem","position":1,"name":"In\u00edcio","item":"https:\/\/www.em.com.br\/emfoco\/"},{"@type":"ListItem","position":2,"name":"Esse \u00e9 o erro mais comum cometido por corredores iniciantes"}]},{"@type":"WebSite","@id":"https:\/\/www.em.com.br\/emfoco\/#website","url":"https:\/\/www.em.com.br\/emfoco\/","name":"Estado de Minas - Em foco","description":"Acompanhe as \u00faltimas not\u00edcias e fique bem informado sobre tudo o que acontece em Minas Gerais, Brasil e no mundo.","potentialAction":[{"@type":"SearchAction","target":{"@type":"EntryPoint","urlTemplate":"https:\/\/www.em.com.br\/emfoco\/?s={search_term_string}"},"query-input":{"@type":"PropertyValueSpecification","valueRequired":true,"valueName":"search_term_string"}}],"inLanguage":"pt-BR"},{"@type":"Person","@id":"https:\/\/www.em.com.br\/emfoco\/#\/schema\/person\/60eda09c1fedf0d6891f4cef4b60b8b8","name":"Andre\u0301 Rangel\u00a0","image":{"@type":"ImageObject","inLanguage":"pt-BR","@id":"https:\/\/www.em.com.br\/emfoco\/#\/schema\/person\/image\/","url":"https:\/\/secure.gravatar.com\/avatar\/6234dc814c77c8ef6d8bba622c787efc?s=96&d=mm&r=g","contentUrl":"https:\/\/secure.gravatar.com\/avatar\/6234dc814c77c8ef6d8bba622c787efc?s=96&d=mm&r=g","caption":"Andre\u0301 Rangel\u00a0"},"url":"https:\/\/www.em.com.br\/emfoco\/author\/luizmyth\/"}]}},"_links":{"self":[{"href":"https:\/\/www.em.com.br\/emfoco\/wp-json\/wp\/v2\/posts\/160645","targetHints":{"allow":["GET"]}}],"collection":[{"href":"https:\/\/www.em.com.br\/emfoco\/wp-json\/wp\/v2\/posts"}],"about":[{"href":"https:\/\/www.em.com.br\/emfoco\/wp-json\/wp\/v2\/types\/post"}],"author":[{"embeddable":true,"href":"https:\/\/www.em.com.br\/emfoco\/wp-json\/wp\/v2\/users\/11"}],"replies":[{"embeddable":true,"href":"https:\/\/www.em.com.br\/emfoco\/wp-json\/wp\/v2\/comments?post=160645"}],"version-history":[{"count":3,"href":"https:\/\/www.em.com.br\/emfoco\/wp-json\/wp\/v2\/posts\/160645\/revisions"}],"predecessor-version":[{"id":160702,"href":"https:\/\/www.em.com.br\/emfoco\/wp-json\/wp\/v2\/posts\/160645\/revisions\/160702"}],"wp:featuredmedia":[{"embeddable":true,"href":"https:\/\/www.em.com.br\/emfoco\/wp-json\/wp\/v2\/media\/97965"}],"wp:attachment":[{"href":"https:\/\/www.em.com.br\/emfoco\/wp-json\/wp\/v2\/media?parent=160645"}],"wp:term":[{"taxonomy":"category","embeddable":true,"href":"https:\/\/www.em.com.br\/emfoco\/wp-json\/wp\/v2\/categories?post=160645"},{"taxonomy":"post_tag","embeddable":true,"href":"https:\/\/www.em.com.br\/emfoco\/wp-json\/wp\/v2\/tags?post=160645"}],"curies":[{"name":"wp","href":"https:\/\/api.w.org\/{rel}","templated":true}]}}