{"id":160631,"date":"2026-01-28T07:55:00","date_gmt":"2026-01-28T10:55:00","guid":{"rendered":"https:\/\/www.em.com.br\/emfoco\/?p=160631"},"modified":"2026-01-27T16:33:03","modified_gmt":"2026-01-27T19:33:03","slug":"se-voce-repete-essas-frases-vale-prestar-atencao-palavras-que-revelam-quando-alguem-nao-esta-feliz","status":"publish","type":"post","link":"https:\/\/www.em.com.br\/emfoco\/2026\/01\/28\/se-voce-repete-essas-frases-vale-prestar-atencao-palavras-que-revelam-quando-alguem-nao-esta-feliz\/","title":{"rendered":"Se voc\u00ea repete essas frases, vale prestar aten\u00e7\u00e3o: palavras que revelam quando algu\u00e9m n\u00e3o est\u00e1 feliz"},"content":{"rendered":"\n<p>A forma como falamos sobre n\u00f3s mesmos, nossas rela\u00e7\u00f5es e nossos planos diz muito sobre nosso bem-estar emocional. Quando certos padr\u00f5es negativos de linguagem se repetem, as chamadas&nbsp;<strong>frases de pessoas infelizes<\/strong>&nbsp;podem revelar sofrimento, inseguran\u00e7a e baixa autoestima, mesmo sem uma queixa direta de tristeza ou des\u00e2nimo.<\/p>\n\n\n\n<h2 class=\"wp-block-heading\">O que s\u00e3o frases de pessoas infelizes<\/h2>\n\n\n\n<p>O termo&nbsp;<strong>frases de pessoas infelizes<\/strong>&nbsp;n\u00e3o \u00e9 um r\u00f3tulo definitivo, mas um conjunto de express\u00f5es comuns em quem vive algum tipo de dor emocional. Elas costumam revelar desesperan\u00e7a, autocr\u00edtica intensa, medo de errar, vitimiza\u00e7\u00e3o ou uma vis\u00e3o muito negativa sobre o futuro.<\/p>\n\n\n\n<p>Em vez de descrever s\u00f3 um momento ruim, essas frases acabam se tornando um retrato repetido de como a pessoa se enxerga. Muitas surgem de experi\u00eancias passadas, cren\u00e7as antigas e h\u00e1bitos mentais autom\u00e1ticos, que v\u00e3o moldando o jeito de pensar, sentir e se relacionar.<\/p>\n\n\n\n<figure class=\"wp-block-image size-large\"><img loading=\"lazy\" decoding=\"async\" width=\"1024\" height=\"576\" src=\"https:\/\/www.em.com.br\/emfoco\/wp-content\/uploads\/2026\/01\/ChatGPT-Image-27-de-jan.-de-2026-09_56_46-1-1024x576.png\" alt=\"As frases mais comuns entre pessoas insatisfeitas com a vida\" class=\"wp-image-160689\" srcset=\"https:\/\/www.em.com.br\/emfoco\/wp-content\/uploads\/2026\/01\/ChatGPT-Image-27-de-jan.-de-2026-09_56_46-1-1024x576.png 1024w, https:\/\/www.em.com.br\/emfoco\/wp-content\/uploads\/2026\/01\/ChatGPT-Image-27-de-jan.-de-2026-09_56_46-1-300x169.png 300w, https:\/\/www.em.com.br\/emfoco\/wp-content\/uploads\/2026\/01\/ChatGPT-Image-27-de-jan.-de-2026-09_56_46-1-768x432.png 768w, https:\/\/www.em.com.br\/emfoco\/wp-content\/uploads\/2026\/01\/ChatGPT-Image-27-de-jan.-de-2026-09_56_46-1-750x422.png 750w, https:\/\/www.em.com.br\/emfoco\/wp-content\/uploads\/2026\/01\/ChatGPT-Image-27-de-jan.-de-2026-09_56_46-1-1140x641.png 1140w, https:\/\/www.em.com.br\/emfoco\/wp-content\/uploads\/2026\/01\/ChatGPT-Image-27-de-jan.-de-2026-09_56_46-1.png 1280w\" sizes=\"auto, (max-width: 1024px) 100vw, 1024px\" \/><figcaption class=\"wp-element-caption\">As frases mais comuns entre pessoas insatisfeitas com a vida<\/figcaption><\/figure>\n\n\n\n<h2 class=\"wp-block-heading\">Quais s\u00e3o as frases de pessoas infelizes mais comuns<\/h2>\n\n\n\n<p>Apesar de cada pessoa ter uma hist\u00f3ria \u00fanica, existem\u00a0<strong>padr\u00f5es de frases de pessoas infelizes<\/strong>\u00a0que aparecem em diferentes contextos. Elas podem envolver <a href=\"https:\/\/prp.unicamp.br\/inscricao-congresso\/resumos\/2022P19566A36072O191.pdf\" target=\"_blank\" rel=\"noreferrer noopener\">autodesvaloriza\u00e7\u00e3o<\/a>, pessimismo, compara\u00e7\u00e3o constante, foco em erros do passado ou sensa\u00e7\u00e3o de que nada muda.<\/p>\n\n\n\n<p>Esses padr\u00f5es ficam mais preocupantes quando se tornam frequentes em v\u00e1rias situa\u00e7\u00f5es, e n\u00e3o apenas em dias ruins. Entre os exemplos mais comuns, podemos destacar:<\/p>\n\n\n\n<table style=\"width:100%; border-collapse:separate; border-spacing:0 14px; font-family:Arial, sans-serif; background:#f4f8f7;\">\n  <thead>\n    <tr style=\"background:#6a9dfc;\">\n      <th style=\"padding:16px; text-align:left; color:#243a73; font-size:16px;\">\n        Tipo de frase\n      <\/th>\n      <th style=\"padding:16px; text-align:left; color:#243a73; font-size:16px;\">\n        Exemplo comum\n      <\/th>\n      <th style=\"padding:16px; text-align:left; color:#243a73; font-size:16px;\">\n        O que revela internamente\n      <\/th>\n      <th style=\"padding:16px; text-align:left; color:#243a73; font-size:16px;\">\n        Caminho de mudan\u00e7a\n      <\/th>\n    <\/tr>\n  <\/thead>\n\n  <tbody>\n    <tr style=\"background:#ffffff;\">\n      <td style=\"padding:14px; color:#4a5d8a; font-weight:600;\">\n        Autocr\u00edtica destrutiva\n      <\/td>\n      <td style=\"padding:14px; color:#4a5d8a;\">\n        \u201cN\u00e3o sou suficiente\u201d, \u201cVou falhar\u201d\n      <\/td>\n      <td style=\"padding:14px; color:#4a5d8a;\">\n        Baixa autoestima e sensa\u00e7\u00e3o constante de inadequa\u00e7\u00e3o\n      <\/td>\n      <td style=\"padding:14px; color:#4a5d8a;\">\n        Desenvolver autocompaix\u00e3o e reconhecer pequenas conquistas di\u00e1rias\n      <\/td>\n    <\/tr>\n\n    <tr style=\"background:#eef3ff;\">\n      <td style=\"padding:14px; color:#4a5d8a; font-weight:600;\">\n        Pessimismo antecipado\n      <\/td>\n      <td style=\"padding:14px; color:#4a5d8a;\">\n        \u201cSe algo pode dar errado, vai acontecer comigo\u201d\n      <\/td>\n      <td style=\"padding:14px; color:#4a5d8a;\">\n        Expectativa cont\u00ednua de fracasso e frustra\u00e7\u00e3o\n      <\/td>\n      <td style=\"padding:14px; color:#4a5d8a;\">\n        Questionar pensamentos autom\u00e1ticos e buscar evid\u00eancias reais\n      <\/td>\n    <\/tr>\n\n    <tr style=\"background:#ffffff;\">\n      <td style=\"padding:14px; color:#4a5d8a; font-weight:600;\">\n        Compara\u00e7\u00e3o excessiva\n      <\/td>\n      <td style=\"padding:14px; color:#4a5d8a;\">\n        \u201cTodo mundo est\u00e1 melhor do que eu\u201d\n      <\/td>\n      <td style=\"padding:14px; color:#4a5d8a;\">\n        Sentimento de inferioridade e desvaloriza\u00e7\u00e3o pessoal\n      <\/td>\n      <td style=\"padding:14px; color:#4a5d8a;\">\n        Reduzir compara\u00e7\u00f5es e respeitar a pr\u00f3pria hist\u00f3ria e ritmo\n      <\/td>\n    <\/tr>\n\n    <tr style=\"background:#eef3ff;\">\n      <td style=\"padding:14px; color:#4a5d8a; font-weight:600;\">\n        Apego ao passado\n      <\/td>\n      <td style=\"padding:14px; color:#4a5d8a;\">\n        \u201cSempre arruino tudo\u201d, \u201cSe ao menos eu n\u00e3o tivesse feito aquilo\u201d\n      <\/td>\n      <td style=\"padding:14px; color:#4a5d8a;\">\n        Culpa recorrente e dificuldade de seguir em frente\n      <\/td>\n      <td style=\"padding:14px; color:#4a5d8a;\">\n        Aprender com erros sem se definir por eles, focando no presente\n      <\/td>\n    <\/tr>\n\n    <tr style=\"background:#ffffff;\">\n      <td style=\"padding:14px; color:#4a5d8a; font-weight:600;\">\n        Vitimiza\u00e7\u00e3o constante\n      <\/td>\n      <td style=\"padding:14px; color:#4a5d8a;\">\n        \u201c\u00c9 culpa do meu ex se eu n\u00e3o confio em ningu\u00e9m\u201d\n      <\/td>\n      <td style=\"padding:14px; color:#4a5d8a;\">\n        Depend\u00eancia emocional e sensa\u00e7\u00e3o de impot\u00eancia\n      <\/td>\n      <td style=\"padding:14px; color:#4a5d8a;\">\n        Reconhecer feridas, mas assumir responsabilidade pela pr\u00f3pria cura\n      <\/td>\n    <\/tr>\n\n    <tr style=\"background:#eef3ff;\">\n      <td style=\"padding:14px; color:#4a5d8a; font-weight:600;\">\n        Medo de tentar\n      <\/td>\n      <td style=\"padding:14px; color:#4a5d8a;\">\n        \u201cMelhor nem tentar para n\u00e3o me frustrar\u201d\n      <\/td>\n      <td style=\"padding:14px; color:#4a5d8a;\">\n        Paralisa\u00e7\u00e3o diante de riscos e desafios\n      <\/td>\n      <td style=\"padding:14px; color:#4a5d8a;\">\n        Enxergar o erro como aprendizado e avan\u00e7ar em pequenos passos\n      <\/td>\n    <\/tr>\n  <\/tbody>\n<\/table>\n\n\n\n\n<h2 class=\"wp-block-heading\">Como frases de pessoas infelizes afetam a rotina<\/h2>\n\n\n\n<p>A repeti\u00e7\u00e3o de&nbsp;<strong>frases de pessoas infelizes<\/strong>&nbsp;alimenta um ciclo dif\u00edcil de romper: quanto mais a pessoa se descreve de forma negativa, mais acredita nessa vers\u00e3o de si. Isso impacta escolhas, como evitar oportunidades, interromper rela\u00e7\u00f5es por desconfian\u00e7a ou desistir de metas antes de tentar.<\/p>\n\n\n\n<p>No dia a dia, isso pode levar algu\u00e9m a n\u00e3o se candidatar a uma vaga de trabalho, evitar encontros por medo de julgamento ou recusar elogios por ach\u00e1-los falsos. O corpo tamb\u00e9m responde: sono ruim, tens\u00e3o muscular, <a href=\"https:\/\/www.em.com.br\/emfoco\/2026\/01\/27\/o-mineral-essencial-que-reduz-cansaco-e-regula-o-metabolismo\/\" target=\"_blank\" rel=\"noreferrer noopener\">cansa\u00e7o <\/a>e dificuldade de concentra\u00e7\u00e3o s\u00e3o comuns em quem vive sob um di\u00e1logo interno cr\u00edtico e pessimista.<\/p>\n\n\n\n<h2 class=\"wp-block-heading\">Como mudar o padr\u00e3o de frases de pessoas infelizes<\/h2>\n\n\n\n<p>Mudar o jeito de falar n\u00e3o \u00e9 fingir que est\u00e1 tudo bem, nem repetir frases positivas sem sentir. A proposta \u00e9 construir uma linguagem mais equilibrada, que reconhe\u00e7a problemas, mas tamb\u00e9m enxergue recursos, conquistas e chances de recome\u00e7o.<\/p>\n\n\n\n<p>Alguns passos pr\u00e1ticos ajudam a observar e transformar&nbsp;<strong>frases de pessoas infelizes<\/strong>&nbsp;em pensamentos mais realistas e acolhedores:<\/p>\n\n\n\n<figure class=\"wp-block-image size-large\"><img loading=\"lazy\" decoding=\"async\" width=\"1024\" height=\"576\" src=\"https:\/\/www.em.com.br\/emfoco\/wp-content\/uploads\/2026\/01\/Gemini_Generated_Image_dbcn3ldbcn3ldbcn-1-1-1024x576.png\" alt=\"As frases mais comuns entre pessoas insatisfeitas com a vida\" class=\"wp-image-160640\" srcset=\"https:\/\/www.em.com.br\/emfoco\/wp-content\/uploads\/2026\/01\/Gemini_Generated_Image_dbcn3ldbcn3ldbcn-1-1-1024x576.png 1024w, https:\/\/www.em.com.br\/emfoco\/wp-content\/uploads\/2026\/01\/Gemini_Generated_Image_dbcn3ldbcn3ldbcn-1-1-300x169.png 300w, https:\/\/www.em.com.br\/emfoco\/wp-content\/uploads\/2026\/01\/Gemini_Generated_Image_dbcn3ldbcn3ldbcn-1-1-768x432.png 768w, https:\/\/www.em.com.br\/emfoco\/wp-content\/uploads\/2026\/01\/Gemini_Generated_Image_dbcn3ldbcn3ldbcn-1-1-750x422.png 750w, https:\/\/www.em.com.br\/emfoco\/wp-content\/uploads\/2026\/01\/Gemini_Generated_Image_dbcn3ldbcn3ldbcn-1-1-1140x641.png 1140w, https:\/\/www.em.com.br\/emfoco\/wp-content\/uploads\/2026\/01\/Gemini_Generated_Image_dbcn3ldbcn3ldbcn-1-1.png 1280w\" sizes=\"auto, (max-width: 1024px) 100vw, 1024px\" \/><figcaption class=\"wp-element-caption\">As frases mais comuns entre pessoas insatisfeitas com a vida<\/figcaption><\/figure>\n\n\n\n<h2 class=\"wp-block-heading\">Por que cuidar das suas frases agora<\/h2>\n\n\n\n<p>Quando voc\u00ea muda sua linguagem, n\u00e3o muda apenas palavras: muda tamb\u00e9m a forma como se enxerga, como cria v\u00ednculos e como decide seu futuro. Tornar o discurso mais consciente \u00e9 transformar a dor em compreens\u00e3o da pr\u00f3pria hist\u00f3ria e abrir espa\u00e7o para novas possibilidades.<\/p>\n\n\n\n<p>Se voc\u00ea se identificou com v\u00e1rias&nbsp;<strong>frases de pessoas infelizes<\/strong>, n\u00e3o espere \u201co momento certo\u201d para agir: comece hoje a observar seu jeito de falar e, se preciso, procure ajuda profissional. Cada frase que voc\u00ea reformula \u00e9 um passo urgente e poderoso na dire\u00e7\u00e3o de uma vida mais leve, aut\u00eantica e alinhada ao que realmente importa para voc\u00ea.<\/p>\n\n\n\n<p><\/p>\n","protected":false},"excerpt":{"rendered":"<p>A forma como falamos sobre n\u00f3s mesmos, nossas rela\u00e7\u00f5es e nossos planos diz muito sobre nosso bem-estar emocional. Quando certos padr\u00f5es negativos de linguagem se repetem, as chamadas&nbsp;frases de pessoas infelizes&nbsp;podem revelar sofrimento, inseguran\u00e7a e baixa autoestima, mesmo sem uma queixa direta de tristeza ou des\u00e2nimo. O que s\u00e3o frases de pessoas infelizes O termo&nbsp;frases [&hellip;]<\/p>\n","protected":false},"author":11,"featured_media":160704,"comment_status":"open","ping_status":"open","sticky":false,"template":"","format":"standard","meta":{"jnews-multi-image_gallery":[],"jnews_single_post":{"format":"standard"},"jnews_primary_category":[],"jnews_social_meta":[],"jnews_override_counter":[],"footnotes":""},"categories":[8819,1],"tags":[23490,1060,8957,5155],"class_list":["post-160631","post","type-post","status-publish","format-standard","has-post-thumbnail","hentry","category-curiosidades","category-noticias","tag-baixa-autoestima","tag-emocoes","tag-infelicidade","tag-psicologia"],"yoast_head":"<!-- This site is optimized with the Yoast SEO plugin v23.8 - https:\/\/yoast.com\/wordpress\/plugins\/seo\/ -->\n<title>Se voc\u00ea repete essas frases, vale prestar aten\u00e7\u00e3o: palavras que revelam quando algu\u00e9m n\u00e3o est\u00e1 feliz - Estado de Minas - Em foco<\/title>\n<meta name=\"description\" content=\"A forma de falar reflete o estado emocional. Entenda como frases repetidas indicam infelicidade e o que fazer a partir disso.\" \/>\n<meta name=\"robots\" content=\"index, follow, max-snippet:-1, max-image-preview:large, max-video-preview:-1\" \/>\n<link rel=\"canonical\" href=\"https:\/\/www.em.com.br\/emfoco\/2026\/01\/28\/se-voce-repete-essas-frases-vale-prestar-atencao-palavras-que-revelam-quando-alguem-nao-esta-feliz\/\" \/>\n<meta property=\"og:locale\" content=\"pt_BR\" \/>\n<meta property=\"og:type\" content=\"article\" \/>\n<meta property=\"og:title\" content=\"Se voc\u00ea repete essas frases, vale prestar aten\u00e7\u00e3o: palavras que revelam quando algu\u00e9m n\u00e3o est\u00e1 feliz - Estado de Minas - Em foco\" \/>\n<meta property=\"og:description\" content=\"A forma de falar reflete o estado emocional. Entenda como frases repetidas indicam infelicidade e o que fazer a partir disso.\" \/>\n<meta property=\"og:url\" content=\"https:\/\/www.em.com.br\/emfoco\/2026\/01\/28\/se-voce-repete-essas-frases-vale-prestar-atencao-palavras-que-revelam-quando-alguem-nao-esta-feliz\/\" \/>\n<meta property=\"og:site_name\" content=\"Estado de Minas - Em foco\" \/>\n<meta property=\"article:published_time\" content=\"2026-01-28T10:55:00+00:00\" \/>\n<meta property=\"article:modified_time\" content=\"2026-01-27T19:33:03+00:00\" \/>\n<meta property=\"og:image\" content=\"https:\/\/www.em.com.br\/emfoco\/wp-content\/uploads\/2026\/01\/Gemini_Generated_Image_jsfamrjsfamrjsfa-1.png\" \/>\n\t<meta property=\"og:image:width\" content=\"1280\" \/>\n\t<meta property=\"og:image:height\" content=\"720\" \/>\n\t<meta property=\"og:image:type\" content=\"image\/png\" \/>\n<meta name=\"author\" content=\"Andre\u0301 Rangel\u00a0\" \/>\n<meta name=\"twitter:card\" content=\"summary_large_image\" \/>\n<meta name=\"twitter:label1\" content=\"Escrito por\" \/>\n\t<meta name=\"twitter:data1\" content=\"Andre\u0301 Rangel\u00a0\" \/>\n\t<meta name=\"twitter:label2\" content=\"Est. tempo de leitura\" \/>\n\t<meta name=\"twitter:data2\" content=\"5 minutos\" \/>\n<!-- \/ Yoast SEO plugin. -->","yoast_head_json":{"title":"Se voc\u00ea repete essas frases, vale prestar aten\u00e7\u00e3o: palavras que revelam quando algu\u00e9m n\u00e3o est\u00e1 feliz - Estado de Minas - Em foco","description":"A forma de falar reflete o estado emocional. Entenda como frases repetidas indicam infelicidade e o que fazer a partir disso.","robots":{"index":"index","follow":"follow","max-snippet":"max-snippet:-1","max-image-preview":"max-image-preview:large","max-video-preview":"max-video-preview:-1"},"canonical":"https:\/\/www.em.com.br\/emfoco\/2026\/01\/28\/se-voce-repete-essas-frases-vale-prestar-atencao-palavras-que-revelam-quando-alguem-nao-esta-feliz\/","og_locale":"pt_BR","og_type":"article","og_title":"Se voc\u00ea repete essas frases, vale prestar aten\u00e7\u00e3o: palavras que revelam quando algu\u00e9m n\u00e3o est\u00e1 feliz - Estado de Minas - Em foco","og_description":"A forma de falar reflete o estado emocional. Entenda como frases repetidas indicam infelicidade e o que fazer a partir disso.","og_url":"https:\/\/www.em.com.br\/emfoco\/2026\/01\/28\/se-voce-repete-essas-frases-vale-prestar-atencao-palavras-que-revelam-quando-alguem-nao-esta-feliz\/","og_site_name":"Estado de Minas - Em foco","article_published_time":"2026-01-28T10:55:00+00:00","article_modified_time":"2026-01-27T19:33:03+00:00","og_image":[{"width":1280,"height":720,"url":"https:\/\/www.em.com.br\/emfoco\/wp-content\/uploads\/2026\/01\/Gemini_Generated_Image_jsfamrjsfamrjsfa-1.png","type":"image\/png"}],"author":"Andre\u0301 Rangel\u00a0","twitter_card":"summary_large_image","twitter_misc":{"Escrito por":"Andre\u0301 Rangel\u00a0","Est. tempo de leitura":"5 minutos"},"schema":{"@context":"https:\/\/schema.org","@graph":[{"@type":"WebPage","@id":"https:\/\/www.em.com.br\/emfoco\/2026\/01\/28\/se-voce-repete-essas-frases-vale-prestar-atencao-palavras-que-revelam-quando-alguem-nao-esta-feliz\/","url":"https:\/\/www.em.com.br\/emfoco\/2026\/01\/28\/se-voce-repete-essas-frases-vale-prestar-atencao-palavras-que-revelam-quando-alguem-nao-esta-feliz\/","name":"Se voc\u00ea repete essas frases, vale prestar aten\u00e7\u00e3o: palavras que revelam quando algu\u00e9m n\u00e3o est\u00e1 feliz - Estado de Minas - Em foco","isPartOf":{"@id":"https:\/\/www.em.com.br\/emfoco\/#website"},"primaryImageOfPage":{"@id":"https:\/\/www.em.com.br\/emfoco\/2026\/01\/28\/se-voce-repete-essas-frases-vale-prestar-atencao-palavras-que-revelam-quando-alguem-nao-esta-feliz\/#primaryimage"},"image":{"@id":"https:\/\/www.em.com.br\/emfoco\/2026\/01\/28\/se-voce-repete-essas-frases-vale-prestar-atencao-palavras-que-revelam-quando-alguem-nao-esta-feliz\/#primaryimage"},"thumbnailUrl":"https:\/\/www.em.com.br\/emfoco\/wp-content\/uploads\/2026\/01\/Gemini_Generated_Image_jsfamrjsfamrjsfa-1.png","datePublished":"2026-01-28T10:55:00+00:00","dateModified":"2026-01-27T19:33:03+00:00","author":{"@id":"https:\/\/www.em.com.br\/emfoco\/#\/schema\/person\/60eda09c1fedf0d6891f4cef4b60b8b8"},"description":"A forma de falar reflete o estado emocional. Entenda como frases repetidas indicam infelicidade e o que fazer a partir disso.","breadcrumb":{"@id":"https:\/\/www.em.com.br\/emfoco\/2026\/01\/28\/se-voce-repete-essas-frases-vale-prestar-atencao-palavras-que-revelam-quando-alguem-nao-esta-feliz\/#breadcrumb"},"inLanguage":"pt-BR","potentialAction":[{"@type":"ReadAction","target":["https:\/\/www.em.com.br\/emfoco\/2026\/01\/28\/se-voce-repete-essas-frases-vale-prestar-atencao-palavras-que-revelam-quando-alguem-nao-esta-feliz\/"]}]},{"@type":"ImageObject","inLanguage":"pt-BR","@id":"https:\/\/www.em.com.br\/emfoco\/2026\/01\/28\/se-voce-repete-essas-frases-vale-prestar-atencao-palavras-que-revelam-quando-alguem-nao-esta-feliz\/#primaryimage","url":"https:\/\/www.em.com.br\/emfoco\/wp-content\/uploads\/2026\/01\/Gemini_Generated_Image_jsfamrjsfamrjsfa-1.png","contentUrl":"https:\/\/www.em.com.br\/emfoco\/wp-content\/uploads\/2026\/01\/Gemini_Generated_Image_jsfamrjsfamrjsfa-1.png","width":1280,"height":720,"caption":"As frases mais comuns entre pessoas insatisfeitas com a vida"},{"@type":"BreadcrumbList","@id":"https:\/\/www.em.com.br\/emfoco\/2026\/01\/28\/se-voce-repete-essas-frases-vale-prestar-atencao-palavras-que-revelam-quando-alguem-nao-esta-feliz\/#breadcrumb","itemListElement":[{"@type":"ListItem","position":1,"name":"In\u00edcio","item":"https:\/\/www.em.com.br\/emfoco\/"},{"@type":"ListItem","position":2,"name":"Se voc\u00ea repete essas frases, vale prestar aten\u00e7\u00e3o: palavras que revelam quando algu\u00e9m n\u00e3o est\u00e1 feliz"}]},{"@type":"WebSite","@id":"https:\/\/www.em.com.br\/emfoco\/#website","url":"https:\/\/www.em.com.br\/emfoco\/","name":"Estado de Minas - Em foco","description":"Acompanhe as \u00faltimas not\u00edcias e fique bem informado sobre tudo o que acontece em Minas Gerais, Brasil e no mundo.","potentialAction":[{"@type":"SearchAction","target":{"@type":"EntryPoint","urlTemplate":"https:\/\/www.em.com.br\/emfoco\/?s={search_term_string}"},"query-input":{"@type":"PropertyValueSpecification","valueRequired":true,"valueName":"search_term_string"}}],"inLanguage":"pt-BR"},{"@type":"Person","@id":"https:\/\/www.em.com.br\/emfoco\/#\/schema\/person\/60eda09c1fedf0d6891f4cef4b60b8b8","name":"Andre\u0301 Rangel\u00a0","image":{"@type":"ImageObject","inLanguage":"pt-BR","@id":"https:\/\/www.em.com.br\/emfoco\/#\/schema\/person\/image\/","url":"https:\/\/secure.gravatar.com\/avatar\/6234dc814c77c8ef6d8bba622c787efc?s=96&d=mm&r=g","contentUrl":"https:\/\/secure.gravatar.com\/avatar\/6234dc814c77c8ef6d8bba622c787efc?s=96&d=mm&r=g","caption":"Andre\u0301 Rangel\u00a0"},"url":"https:\/\/www.em.com.br\/emfoco\/author\/luizmyth\/"}]}},"_links":{"self":[{"href":"https:\/\/www.em.com.br\/emfoco\/wp-json\/wp\/v2\/posts\/160631","targetHints":{"allow":["GET"]}}],"collection":[{"href":"https:\/\/www.em.com.br\/emfoco\/wp-json\/wp\/v2\/posts"}],"about":[{"href":"https:\/\/www.em.com.br\/emfoco\/wp-json\/wp\/v2\/types\/post"}],"author":[{"embeddable":true,"href":"https:\/\/www.em.com.br\/emfoco\/wp-json\/wp\/v2\/users\/11"}],"replies":[{"embeddable":true,"href":"https:\/\/www.em.com.br\/emfoco\/wp-json\/wp\/v2\/comments?post=160631"}],"version-history":[{"count":3,"href":"https:\/\/www.em.com.br\/emfoco\/wp-json\/wp\/v2\/posts\/160631\/revisions"}],"predecessor-version":[{"id":160705,"href":"https:\/\/www.em.com.br\/emfoco\/wp-json\/wp\/v2\/posts\/160631\/revisions\/160705"}],"wp:featuredmedia":[{"embeddable":true,"href":"https:\/\/www.em.com.br\/emfoco\/wp-json\/wp\/v2\/media\/160704"}],"wp:attachment":[{"href":"https:\/\/www.em.com.br\/emfoco\/wp-json\/wp\/v2\/media?parent=160631"}],"wp:term":[{"taxonomy":"category","embeddable":true,"href":"https:\/\/www.em.com.br\/emfoco\/wp-json\/wp\/v2\/categories?post=160631"},{"taxonomy":"post_tag","embeddable":true,"href":"https:\/\/www.em.com.br\/emfoco\/wp-json\/wp\/v2\/tags?post=160631"}],"curies":[{"name":"wp","href":"https:\/\/api.w.org\/{rel}","templated":true}]}}