{"id":160613,"date":"2026-01-28T13:05:00","date_gmt":"2026-01-28T16:05:00","guid":{"rendered":"https:\/\/www.em.com.br\/emfoco\/?p=160613"},"modified":"2026-01-27T09:17:57","modified_gmt":"2026-01-27T12:17:57","slug":"meta-ai-agora-esta-dentro-do-whatsapp-e-quem-achou-que-seria-util-esta-se-sentindo-vigiado-com-as-respostas-e-sugestoes-automaticas","status":"publish","type":"post","link":"https:\/\/www.em.com.br\/emfoco\/2026\/01\/28\/meta-ai-agora-esta-dentro-do-whatsapp-e-quem-achou-que-seria-util-esta-se-sentindo-vigiado-com-as-respostas-e-sugestoes-automaticas\/","title":{"rendered":"Meta AI agora est\u00e1 dentro do WhatsApp e quem achou que seria \u00fatil est\u00e1 se sentindo vigiado com as respostas e sugest\u00f5es autom\u00e1ticas"},"content":{"rendered":"\n<h2 class=\"wp-block-heading\">Meta AI \u00e9 integrada ao WhatsApp para buscas e respostas por IA, mas n\u00e3o pode ser desativada totalmente. Usu\u00e1rios podem ocultar o recurso, apagar o chat, reduzir sugest\u00f5es e limitar coleta de dados, preservando privacidade e controle.<\/h2>\n\n\n\n<p>A <strong>Meta AI no WhatsApp<\/strong> passou a integrar o app de mensagens mais usado do mundo, trazendo recursos de intelig\u00eancia artificial direto para a busca. Ainda assim, muitos usu\u00e1rios questionam o impacto disso na <strong>privacidade digital<\/strong> e no controle sobre seus dados pessoais.<\/p>\n\n\n\n<h2 class=\"wp-block-heading\">O que \u00e9 a Meta AI e como ela funciona dentro do WhatsApp?<\/h2>\n\n\n\n<p>A <strong>Meta AI<\/strong> \u00e9 um assistente baseado em modelos de linguagem da Meta, integrado ao WhatsApp para responder perguntas, gerar textos e criar imagens. Ela aparece na barra de busca e em um chat pr\u00f3prio, funcionando de forma paralela \u00e0s conversas comuns.<\/p>\n\n\n\n<p>Diferente dos chats tradicionais, as intera\u00e7\u00f5es com a <strong>intelig\u00eancia artificial generativa<\/strong> n\u00e3o usam criptografia de ponta a ponta da mesma forma. Esses dados podem ser armazenados e analisados para aprimorar modelos como o Llama, segundo a pr\u00f3pria Meta.<\/p>\n\n\n\n<figure class=\"wp-block-image size-large\"><img loading=\"lazy\" decoding=\"async\" width=\"1024\" height=\"576\" src=\"https:\/\/www.em.com.br\/emfoco\/wp-content\/uploads\/2026\/01\/AIAI-4-62-1024x576.jpg\" alt=\"Meta AI agora est\u00e1 dentro do WhatsApp e quem achou que seria \u00fatil est\u00e1 se sentindo vigiado com as respostas e sugest\u00f5es autom\u00e1ticas\" class=\"wp-image-160630\" srcset=\"https:\/\/www.em.com.br\/emfoco\/wp-content\/uploads\/2026\/01\/AIAI-4-62-1024x576.jpg 1024w, https:\/\/www.em.com.br\/emfoco\/wp-content\/uploads\/2026\/01\/AIAI-4-62-300x169.jpg 300w, https:\/\/www.em.com.br\/emfoco\/wp-content\/uploads\/2026\/01\/AIAI-4-62-768x432.jpg 768w, https:\/\/www.em.com.br\/emfoco\/wp-content\/uploads\/2026\/01\/AIAI-4-62-750x422.jpg 750w, https:\/\/www.em.com.br\/emfoco\/wp-content\/uploads\/2026\/01\/AIAI-4-62-1140x641.jpg 1140w, https:\/\/www.em.com.br\/emfoco\/wp-content\/uploads\/2026\/01\/AIAI-4-62.jpg 1280w\" sizes=\"auto, (max-width: 1024px) 100vw, 1024px\" \/><figcaption class=\"wp-element-caption\">Assistente da Meta atua na busca, textos e imagens fora da criptografia<\/figcaption><\/figure>\n\n\n\n<h2 class=\"wp-block-heading\">Por que tantos usu\u00e1rios querem desativar a Meta AI em 2026?<\/h2>\n\n\n\n<p>A decis\u00e3o de ocultar a <strong>IA do WhatsApp<\/strong> vai al\u00e9m de gosto pessoal. Quest\u00f5es envolvendo dados, usabilidade e confian\u00e7a nas respostas motivam cada vez mais pessoas a limitar esse recurso, como mostram os principais pontos listados a seguir.<\/p>\n\n\n\n<ul class=\"wp-block-list\">\n<li>Privacidade de dados: intera\u00e7\u00f5es com a Meta AI podem ser usadas para treinar modelos de linguagem.<\/li>\n\n\n\n<li>Polui\u00e7\u00e3o visual: o bot\u00e3o colorido e sugest\u00f5es autom\u00e1ticas afetam a experi\u00eancia minimalista.<\/li>\n\n\n\n<li>Risco de alucina\u00e7\u00f5es: respostas incorretas da IA podem causar erros em sa\u00fade ou finan\u00e7as.<\/li>\n<\/ul>\n\n\n\n<h2 class=\"wp-block-heading\">\u00c9 poss\u00edvel desativar totalmente a Meta AI no aplicativo?<\/h2>\n\n\n\n<p>Atualmente, o WhatsApp n\u00e3o oferece um bot\u00e3o oficial para <strong>desativar a Meta AI<\/strong> de forma definitiva. O recurso faz parte da infraestrutura do app e tende a permanecer ativo, mesmo que o usu\u00e1rio evite qualquer intera\u00e7\u00e3o direta.<\/p>\n\n\n\n<p>Na pr\u00e1tica, o que existe \u00e9 a possibilidade de <strong>ocultar a IA<\/strong> da interface. Isso reduz sua visibilidade, impede sugest\u00f5es personalizadas e diminui a coleta de dados comportamentais associados ao uso cont\u00ednuo do assistente.<\/p>\n\n\n\n<figure class=\"wp-block-image size-large\"><img loading=\"lazy\" decoding=\"async\" width=\"1024\" height=\"576\" src=\"https:\/\/www.em.com.br\/emfoco\/wp-content\/uploads\/2026\/01\/AIAI-6-54-1024x576.jpg\" alt=\"Meta AI agora est\u00e1 dentro do WhatsApp e quem achou que seria \u00fatil est\u00e1 se sentindo vigiado com as respostas e sugest\u00f5es autom\u00e1ticas\" class=\"wp-image-160633\" srcset=\"https:\/\/www.em.com.br\/emfoco\/wp-content\/uploads\/2026\/01\/AIAI-6-54-1024x576.jpg 1024w, https:\/\/www.em.com.br\/emfoco\/wp-content\/uploads\/2026\/01\/AIAI-6-54-300x169.jpg 300w, https:\/\/www.em.com.br\/emfoco\/wp-content\/uploads\/2026\/01\/AIAI-6-54-768x432.jpg 768w, https:\/\/www.em.com.br\/emfoco\/wp-content\/uploads\/2026\/01\/AIAI-6-54-750x422.jpg 750w, https:\/\/www.em.com.br\/emfoco\/wp-content\/uploads\/2026\/01\/AIAI-6-54-1140x641.jpg 1140w, https:\/\/www.em.com.br\/emfoco\/wp-content\/uploads\/2026\/01\/AIAI-6-54.jpg 1280w\" sizes=\"auto, (max-width: 1024px) 100vw, 1024px\" \/><figcaption class=\"wp-element-caption\">WhatsApp n\u00e3o permite desativar totalmente a Meta AI no aplicativo<\/figcaption><\/figure>\n\n\n\n<p><em>Leia mais: <a href=\"https:\/\/www.em.com.br\/emfoco\/2026\/01\/19\/nova-tecnologia-com-inteligencia-artificial-promete-detectar-cancer-bucal-antes-dos-primeiros-sintomas-e-pode-salvar-milhares-de-vidas\/\" target=\"_blank\" rel=\"noreferrer noopener\"><strong>Nova tecnologia com intelig\u00eancia artificial promete detectar c\u00e2ncer bucal antes dos primeiros sintomas e pode salvar milhares de vidas<\/strong><\/a><\/em><\/p>\n\n\n\n<h2 class=\"wp-block-heading\">Como ocultar a Meta AI no WhatsApp passo a passo?<\/h2>\n\n\n\n<p>Embora n\u00e3o haja desativa\u00e7\u00e3o total, alguns ajustes ajudam a reduzir a presen\u00e7a da <strong>Meta AI no WhatsApp<\/strong>. As a\u00e7\u00f5es abaixo funcionam tanto no Android quanto no iOS, dependendo da vers\u00e3o instalada.<\/p>\n\n\n\n<ul class=\"wp-block-list\">\n<li>Apagar conversa da Meta AI: exclui o chat da lista principal e remove acessos r\u00e1pidos.<\/li>\n\n\n\n<li>Desativar bot\u00e3o da IA: em vers\u00f5es compat\u00edveis, v\u00e1 em Configura\u00e7\u00f5es e desligue a op\u00e7\u00e3o.<\/li>\n\n\n\n<li>Limpar hist\u00f3rico da busca: reduz sugest\u00f5es e personaliza\u00e7\u00e3o feitas pela intelig\u00eancia artificial.<\/li>\n<\/ul>\n\n\n\n<h2 class=\"wp-block-heading\">O que muda na pr\u00e1tica ao evitar a Meta AI no WhatsApp?<\/h2>\n\n\n\n<p>Ao n\u00e3o usar a <strong>IA da Meta<\/strong>, suas mensagens pessoais continuam protegidas por criptografia, e voc\u00ea impede que seu estilo de escrita contribua para o treinamento de modelos corporativos. Isso refor\u00e7a a chamada soberania dos dados.<\/p>\n\n\n\n<p>Em um cen\u00e1rio dominado por <strong>automa\u00e7\u00e3o e algoritmos<\/strong>, escolher menos IA significa mais controle, menos distra\u00e7\u00f5es e maior previsibilidade no uso do aplicativo. Para muitos usu\u00e1rios, essa decis\u00e3o representa um novo tipo de luxo digital.<\/p>\n","protected":false},"excerpt":{"rendered":"<p>Meta AI \u00e9 integrada ao WhatsApp para buscas e respostas por IA, mas n\u00e3o pode ser desativada totalmente. Usu\u00e1rios podem ocultar o recurso, apagar o chat, reduzir sugest\u00f5es e limitar coleta de dados, preservando privacidade e controle. A Meta AI no WhatsApp passou a integrar o app de mensagens mais usado do mundo, trazendo recursos [&hellip;]<\/p>\n","protected":false},"author":13,"featured_media":160632,"comment_status":"open","ping_status":"open","sticky":false,"template":"","format":"standard","meta":{"jnews-multi-image_gallery":[],"jnews_single_post":{"format":"standard"},"jnews_primary_category":[],"jnews_social_meta":[],"jnews_override_counter":[],"footnotes":""},"categories":[4204],"tags":[1249,23482,5814],"class_list":["post-160613","post","type-post","status-publish","format-standard","has-post-thumbnail","hentry","category-tecnologia","tag-inteligencia-artificial","tag-iwhatsapp","tag-meta-ai"],"yoast_head":"<!-- This site is optimized with the Yoast SEO plugin v23.8 - https:\/\/yoast.com\/wordpress\/plugins\/seo\/ -->\n<title>Meta AI agora est\u00e1 dentro do WhatsApp e quem achou que seria \u00fatil est\u00e1 se sentindo vigiado com as respostas e sugest\u00f5es autom\u00e1ticas - Estado de Minas - Em foco<\/title>\n<meta name=\"description\" content=\"Meta AI no WhatsApp j\u00e1 est\u00e1 ativa e usu\u00e1rios buscam formas de esconder o recurso que levanta d\u00favidas sobre privacidade e seguran\u00e7a.\" \/>\n<meta name=\"robots\" content=\"index, follow, max-snippet:-1, max-image-preview:large, max-video-preview:-1\" \/>\n<link rel=\"canonical\" href=\"https:\/\/www.em.com.br\/emfoco\/2026\/01\/28\/meta-ai-agora-esta-dentro-do-whatsapp-e-quem-achou-que-seria-util-esta-se-sentindo-vigiado-com-as-respostas-e-sugestoes-automaticas\/\" \/>\n<meta property=\"og:locale\" content=\"pt_BR\" \/>\n<meta property=\"og:type\" content=\"article\" \/>\n<meta property=\"og:title\" content=\"Meta AI agora est\u00e1 dentro do WhatsApp e quem achou que seria \u00fatil est\u00e1 se sentindo vigiado com as respostas e sugest\u00f5es autom\u00e1ticas - Estado de Minas - Em foco\" \/>\n<meta property=\"og:description\" content=\"Meta AI no WhatsApp j\u00e1 est\u00e1 ativa e usu\u00e1rios buscam formas de esconder o recurso que levanta d\u00favidas sobre privacidade e seguran\u00e7a.\" \/>\n<meta property=\"og:url\" content=\"https:\/\/www.em.com.br\/emfoco\/2026\/01\/28\/meta-ai-agora-esta-dentro-do-whatsapp-e-quem-achou-que-seria-util-esta-se-sentindo-vigiado-com-as-respostas-e-sugestoes-automaticas\/\" \/>\n<meta property=\"og:site_name\" content=\"Estado de Minas - Em foco\" \/>\n<meta property=\"article:published_time\" content=\"2026-01-28T16:05:00+00:00\" \/>\n<meta property=\"article:modified_time\" content=\"2026-01-27T12:17:57+00:00\" \/>\n<meta property=\"og:image\" content=\"https:\/\/www.em.com.br\/emfoco\/wp-content\/uploads\/2026\/01\/AIAI-5-60.jpg\" \/>\n\t<meta property=\"og:image:width\" content=\"1280\" \/>\n\t<meta property=\"og:image:height\" content=\"720\" \/>\n\t<meta property=\"og:image:type\" content=\"image\/jpeg\" \/>\n<meta name=\"author\" content=\"Gabriel Martins\" \/>\n<meta name=\"twitter:card\" content=\"summary_large_image\" \/>\n<meta name=\"twitter:label1\" content=\"Escrito por\" \/>\n\t<meta name=\"twitter:data1\" content=\"Gabriel Martins\" \/>\n\t<meta name=\"twitter:label2\" content=\"Est. tempo de leitura\" \/>\n\t<meta name=\"twitter:data2\" content=\"4 minutos\" \/>\n<!-- \/ Yoast SEO plugin. -->","yoast_head_json":{"title":"Meta AI agora est\u00e1 dentro do WhatsApp e quem achou que seria \u00fatil est\u00e1 se sentindo vigiado com as respostas e sugest\u00f5es autom\u00e1ticas - Estado de Minas - Em foco","description":"Meta AI no WhatsApp j\u00e1 est\u00e1 ativa e usu\u00e1rios buscam formas de esconder o recurso que levanta d\u00favidas sobre privacidade e seguran\u00e7a.","robots":{"index":"index","follow":"follow","max-snippet":"max-snippet:-1","max-image-preview":"max-image-preview:large","max-video-preview":"max-video-preview:-1"},"canonical":"https:\/\/www.em.com.br\/emfoco\/2026\/01\/28\/meta-ai-agora-esta-dentro-do-whatsapp-e-quem-achou-que-seria-util-esta-se-sentindo-vigiado-com-as-respostas-e-sugestoes-automaticas\/","og_locale":"pt_BR","og_type":"article","og_title":"Meta AI agora est\u00e1 dentro do WhatsApp e quem achou que seria \u00fatil est\u00e1 se sentindo vigiado com as respostas e sugest\u00f5es autom\u00e1ticas - Estado de Minas - Em foco","og_description":"Meta AI no WhatsApp j\u00e1 est\u00e1 ativa e usu\u00e1rios buscam formas de esconder o recurso que levanta d\u00favidas sobre privacidade e seguran\u00e7a.","og_url":"https:\/\/www.em.com.br\/emfoco\/2026\/01\/28\/meta-ai-agora-esta-dentro-do-whatsapp-e-quem-achou-que-seria-util-esta-se-sentindo-vigiado-com-as-respostas-e-sugestoes-automaticas\/","og_site_name":"Estado de Minas - Em foco","article_published_time":"2026-01-28T16:05:00+00:00","article_modified_time":"2026-01-27T12:17:57+00:00","og_image":[{"width":1280,"height":720,"url":"https:\/\/www.em.com.br\/emfoco\/wp-content\/uploads\/2026\/01\/AIAI-5-60.jpg","type":"image\/jpeg"}],"author":"Gabriel Martins","twitter_card":"summary_large_image","twitter_misc":{"Escrito por":"Gabriel Martins","Est. tempo de leitura":"4 minutos"},"schema":{"@context":"https:\/\/schema.org","@graph":[{"@type":"WebPage","@id":"https:\/\/www.em.com.br\/emfoco\/2026\/01\/28\/meta-ai-agora-esta-dentro-do-whatsapp-e-quem-achou-que-seria-util-esta-se-sentindo-vigiado-com-as-respostas-e-sugestoes-automaticas\/","url":"https:\/\/www.em.com.br\/emfoco\/2026\/01\/28\/meta-ai-agora-esta-dentro-do-whatsapp-e-quem-achou-que-seria-util-esta-se-sentindo-vigiado-com-as-respostas-e-sugestoes-automaticas\/","name":"Meta AI agora est\u00e1 dentro do WhatsApp e quem achou que seria \u00fatil est\u00e1 se sentindo vigiado com as respostas e sugest\u00f5es autom\u00e1ticas - Estado de Minas - Em foco","isPartOf":{"@id":"https:\/\/www.em.com.br\/emfoco\/#website"},"primaryImageOfPage":{"@id":"https:\/\/www.em.com.br\/emfoco\/2026\/01\/28\/meta-ai-agora-esta-dentro-do-whatsapp-e-quem-achou-que-seria-util-esta-se-sentindo-vigiado-com-as-respostas-e-sugestoes-automaticas\/#primaryimage"},"image":{"@id":"https:\/\/www.em.com.br\/emfoco\/2026\/01\/28\/meta-ai-agora-esta-dentro-do-whatsapp-e-quem-achou-que-seria-util-esta-se-sentindo-vigiado-com-as-respostas-e-sugestoes-automaticas\/#primaryimage"},"thumbnailUrl":"https:\/\/www.em.com.br\/emfoco\/wp-content\/uploads\/2026\/01\/AIAI-5-60.jpg","datePublished":"2026-01-28T16:05:00+00:00","dateModified":"2026-01-27T12:17:57+00:00","author":{"@id":"https:\/\/www.em.com.br\/emfoco\/#\/schema\/person\/1c9ddeab18b98abeffef834667bcf08a"},"description":"Meta AI no WhatsApp j\u00e1 est\u00e1 ativa e usu\u00e1rios buscam formas de esconder o recurso que levanta d\u00favidas sobre privacidade e seguran\u00e7a.","breadcrumb":{"@id":"https:\/\/www.em.com.br\/emfoco\/2026\/01\/28\/meta-ai-agora-esta-dentro-do-whatsapp-e-quem-achou-que-seria-util-esta-se-sentindo-vigiado-com-as-respostas-e-sugestoes-automaticas\/#breadcrumb"},"inLanguage":"pt-BR","potentialAction":[{"@type":"ReadAction","target":["https:\/\/www.em.com.br\/emfoco\/2026\/01\/28\/meta-ai-agora-esta-dentro-do-whatsapp-e-quem-achou-que-seria-util-esta-se-sentindo-vigiado-com-as-respostas-e-sugestoes-automaticas\/"]}]},{"@type":"ImageObject","inLanguage":"pt-BR","@id":"https:\/\/www.em.com.br\/emfoco\/2026\/01\/28\/meta-ai-agora-esta-dentro-do-whatsapp-e-quem-achou-que-seria-util-esta-se-sentindo-vigiado-com-as-respostas-e-sugestoes-automaticas\/#primaryimage","url":"https:\/\/www.em.com.br\/emfoco\/wp-content\/uploads\/2026\/01\/AIAI-5-60.jpg","contentUrl":"https:\/\/www.em.com.br\/emfoco\/wp-content\/uploads\/2026\/01\/AIAI-5-60.jpg","width":1280,"height":720,"caption":"Meta AI no WhatsApp levanta debate sobre privacidade, dados e controle digital"},{"@type":"BreadcrumbList","@id":"https:\/\/www.em.com.br\/emfoco\/2026\/01\/28\/meta-ai-agora-esta-dentro-do-whatsapp-e-quem-achou-que-seria-util-esta-se-sentindo-vigiado-com-as-respostas-e-sugestoes-automaticas\/#breadcrumb","itemListElement":[{"@type":"ListItem","position":1,"name":"In\u00edcio","item":"https:\/\/www.em.com.br\/emfoco\/"},{"@type":"ListItem","position":2,"name":"Meta AI agora est\u00e1 dentro do WhatsApp e quem achou que seria \u00fatil est\u00e1 se sentindo vigiado com as respostas e sugest\u00f5es autom\u00e1ticas"}]},{"@type":"WebSite","@id":"https:\/\/www.em.com.br\/emfoco\/#website","url":"https:\/\/www.em.com.br\/emfoco\/","name":"Estado de Minas - Em foco","description":"Acompanhe as \u00faltimas not\u00edcias e fique bem informado sobre tudo o que acontece em Minas Gerais, Brasil e no mundo.","potentialAction":[{"@type":"SearchAction","target":{"@type":"EntryPoint","urlTemplate":"https:\/\/www.em.com.br\/emfoco\/?s={search_term_string}"},"query-input":{"@type":"PropertyValueSpecification","valueRequired":true,"valueName":"search_term_string"}}],"inLanguage":"pt-BR"},{"@type":"Person","@id":"https:\/\/www.em.com.br\/emfoco\/#\/schema\/person\/1c9ddeab18b98abeffef834667bcf08a","name":"Gabriel Martins","image":{"@type":"ImageObject","inLanguage":"pt-BR","@id":"https:\/\/www.em.com.br\/emfoco\/#\/schema\/person\/image\/","url":"https:\/\/secure.gravatar.com\/avatar\/f0f1e2efdfd88f1ad2cb08c5c2731e50?s=96&d=mm&r=g","contentUrl":"https:\/\/secure.gravatar.com\/avatar\/f0f1e2efdfd88f1ad2cb08c5c2731e50?s=96&d=mm&r=g","caption":"Gabriel Martins"},"sameAs":["https:\/\/www.em.com.br\/emfoco\/"],"url":"https:\/\/www.em.com.br\/emfoco\/author\/gabrielmartinsmyth\/"}]}},"_links":{"self":[{"href":"https:\/\/www.em.com.br\/emfoco\/wp-json\/wp\/v2\/posts\/160613","targetHints":{"allow":["GET"]}}],"collection":[{"href":"https:\/\/www.em.com.br\/emfoco\/wp-json\/wp\/v2\/posts"}],"about":[{"href":"https:\/\/www.em.com.br\/emfoco\/wp-json\/wp\/v2\/types\/post"}],"author":[{"embeddable":true,"href":"https:\/\/www.em.com.br\/emfoco\/wp-json\/wp\/v2\/users\/13"}],"replies":[{"embeddable":true,"href":"https:\/\/www.em.com.br\/emfoco\/wp-json\/wp\/v2\/comments?post=160613"}],"version-history":[{"count":1,"href":"https:\/\/www.em.com.br\/emfoco\/wp-json\/wp\/v2\/posts\/160613\/revisions"}],"predecessor-version":[{"id":160634,"href":"https:\/\/www.em.com.br\/emfoco\/wp-json\/wp\/v2\/posts\/160613\/revisions\/160634"}],"wp:featuredmedia":[{"embeddable":true,"href":"https:\/\/www.em.com.br\/emfoco\/wp-json\/wp\/v2\/media\/160632"}],"wp:attachment":[{"href":"https:\/\/www.em.com.br\/emfoco\/wp-json\/wp\/v2\/media?parent=160613"}],"wp:term":[{"taxonomy":"category","embeddable":true,"href":"https:\/\/www.em.com.br\/emfoco\/wp-json\/wp\/v2\/categories?post=160613"},{"taxonomy":"post_tag","embeddable":true,"href":"https:\/\/www.em.com.br\/emfoco\/wp-json\/wp\/v2\/tags?post=160613"}],"curies":[{"name":"wp","href":"https:\/\/api.w.org\/{rel}","templated":true}]}}