{"id":160477,"date":"2026-01-27T17:00:00","date_gmt":"2026-01-27T20:00:00","guid":{"rendered":"https:\/\/www.em.com.br\/emfoco\/?p=160477"},"modified":"2026-01-27T16:24:40","modified_gmt":"2026-01-27T19:24:40","slug":"decisao-do-banco-central-afeta-a-poupanca-veja-o-impacto-para-clientes-da-caixa-e-do-banco-do-brasil","status":"publish","type":"post","link":"https:\/\/www.em.com.br\/emfoco\/2026\/01\/27\/decisao-do-banco-central-afeta-a-poupanca-veja-o-impacto-para-clientes-da-caixa-e-do-banco-do-brasil\/","title":{"rendered":"Decis\u00e3o do Banco Central afeta a poupan\u00e7a: veja o impacto para clientes da Caixa e do Banco do Brasil"},"content":{"rendered":"\n<p>De uns tempos para c\u00e1, a tal da&nbsp;<strong>poupan\u00e7a social digital da Caixa<\/strong>&nbsp;virou assunto entre quem recebe benef\u00edcios do governo, porque uma decis\u00e3o recente alinhada \u00e0s regras do&nbsp;<strong>Banco Central<\/strong>&nbsp;mudou a forma como essa conta funciona, refor\u00e7ando a prote\u00e7\u00e3o do dinheiro de programas sociais contra descontos surpresa, tarifas escondidas e uso autom\u00e1tico do saldo para pagar d\u00edvidas antigas.<\/p>\n\n\n\n<h2 class=\"wp-block-heading\">O que \u00e9 a poupan\u00e7a social digital da Caixa e como ela funciona?<\/h2>\n\n\n\n<p>A poupan\u00e7a social digital \u00e9 uma conta criada especialmente para repassar&nbsp;<strong>benef\u00edcios sociais e trabalhistas<\/strong>. Ela \u00e9 aberta em nome do benefici\u00e1rio de forma autom\u00e1tica, em geral quando a pessoa \u00e9 aprovada em algum programa federal, sem necessidade de ir at\u00e9 uma ag\u00eancia para pedir a abertura.<\/p>\n\n\n\n<p>Na pr\u00e1tica, essa conta \u00e9 movimentada pelo aplicativo&nbsp;<strong>Caixa Tem<\/strong>, que permite ver saldo, pagar contas, fazer transfer\u00eancias e usar o dinheiro em compras. Tamb\u00e9m \u00e9 poss\u00edvel sacar em lot\u00e9ricas, terminais de autoatendimento e correspondentes banc\u00e1rios, conforme as regras de cada benef\u00edcio.<\/p>\n\n\n\n<p>Selecionamos o v\u00eddeo do<a href=\"https:\/\/www.youtube.com\/@InssPassoaPassoOficial\" target=\"_blank\" rel=\"noreferrer noopener\"> <strong>Inss Passo a Passo<\/strong><\/a> que az sucesso no YouTube com seus v\u00eddeos e fala sobre o assunto:<\/p>\n\n\n\n<figure class=\"wp-block-embed is-type-video is-provider-youtube wp-block-embed-youtube wp-embed-aspect-16-9 wp-has-aspect-ratio\"><div class=\"wp-block-embed__wrapper\">\n<div class=\"jeg_video_container jeg_video_content\"><iframe loading=\"lazy\" title=\"CAIXA ECON\u00d4MICA BANCO DO BRASIL, BANCO CENTRAL COMUNICA NOVA DECIS\u00c3O QUE MUDA A CONTA POUPAN\u00c7A\" width=\"500\" height=\"281\" src=\"https:\/\/www.youtube.com\/embed\/e2IQ_ml3NEQ?feature=oembed\" frameborder=\"0\" allow=\"accelerometer; autoplay; clipboard-write; encrypted-media; gyroscope; picture-in-picture; web-share\" referrerpolicy=\"strict-origin-when-cross-origin\" allowfullscreen><\/iframe><\/div>\n<\/div><\/figure>\n\n\n\n<h2 class=\"wp-block-heading\">Quem \u00e9 atendido pela poupan\u00e7a social digital e quais benef\u00edcios entram nela?<\/h2>\n\n\n\n<p>A conta poupan\u00e7a social digital foi pensada para centralizar o pagamento de diferentes programas e direitos trabalhistas em um \u00fanico lugar. Assim, em vez de cada benef\u00edcio cair em uma conta diferente, o governo organiza o repasse dos valores por essa modalidade.<\/p>\n\n\n\n<p>Entram nessa lista recursos de programas como&nbsp;<strong>Bolsa Fam\u00edlia<\/strong>, saques do&nbsp;<strong>FGTS<\/strong>, abono do&nbsp;<strong>PIS\/Pasep<\/strong>, benef\u00edcios de presta\u00e7\u00e3o continuada (<strong>BPC<\/strong>), incentivos na \u00e1rea de educa\u00e7\u00e3o e outros pagamentos sociais ou trabalhistas feitos pela Uni\u00e3o. Qualquer pessoa que receba esse tipo de valor pelo Caixa Tem ou pela poupan\u00e7a social digital \u00e9 impactada pelas novas regras.<\/p>\n\n\n\n<h2 class=\"wp-block-heading\">Quais s\u00e3o as principais mudan\u00e7as recentes na poupan\u00e7a social digital?<\/h2>\n\n\n\n<p>Com base na\u00a0<a href=\"https:\/\/legislacao.presidencia.gov.br\/ficha\/?\/legisla\/legislacao.nsf\/Viw_Identificacao\/lei%2014.075-2020&amp;OpenDocument\" target=\"_blank\" rel=\"noreferrer noopener\"><strong>Lei n\u00ba 14.075\/2020<\/strong>\u00a0<\/a>e em normas que j\u00e1 est\u00e3o valendo, a poupan\u00e7a social digital ganhou prote\u00e7\u00f5es espec\u00edficas. A ideia \u00e9 garantir que o dinheiro do benef\u00edcio chegue inteiro ao benefici\u00e1rio, sem ser \u201cpuxado\u201d para tarifas, taxas ou d\u00edvidas com a Caixa ou outros bancos.<\/p>\n\n\n\n<p>Essas mudan\u00e7as se organizam em tr\u00eas grandes pilares, que ajudam a entender de forma direta o novo funcionamento da conta e o que fica proibido para as institui\u00e7\u00f5es financeiras:<\/p>\n\n\n\n<ul class=\"wp-block-list\">\n<li><strong>Opera\u00e7\u00f5es sem tarifas:<\/strong>\u00a0movimentar a poupan\u00e7a social digital deve ser gratuito, sem cobran\u00e7a de taxa de manuten\u00e7\u00e3o, tarifa de saque ou custo administrativo ligado a essa modalidade.<\/li>\n\n\n\n<li><strong>Blindagem contra d\u00e9bitos autom\u00e1ticos:<\/strong>\u00a0o saldo que entra na conta por causa de benef\u00edcios sociais e trabalhistas n\u00e3o pode ser usado automaticamente para pagar d\u00edvidas do titular, mesmo que existam pend\u00eancias com a Caixa ou com outros bancos.<\/li>\n\n\n\n<li><strong>Convers\u00e3o sem custo:<\/strong>\u00a0se o benefici\u00e1rio precisar de mais recursos e servi\u00e7os, pode pedir a transforma\u00e7\u00e3o da poupan\u00e7a social digital em conta corrente ou poupan\u00e7a tradicional, sem tarifa de convers\u00e3o.<\/li>\n<\/ul>\n\n\n\n<figure class=\"wp-block-image size-large\"><img loading=\"lazy\" decoding=\"async\" width=\"1024\" height=\"576\" src=\"https:\/\/www.em.com.br\/emfoco\/wp-content\/uploads\/2026\/01\/Gemini_Generated_Image_sx4x2lsx4x2lsx4x-1-1024x576.png\" alt=\"\" class=\"wp-image-160481\" srcset=\"https:\/\/www.em.com.br\/emfoco\/wp-content\/uploads\/2026\/01\/Gemini_Generated_Image_sx4x2lsx4x2lsx4x-1-1024x576.png 1024w, https:\/\/www.em.com.br\/emfoco\/wp-content\/uploads\/2026\/01\/Gemini_Generated_Image_sx4x2lsx4x2lsx4x-1-300x169.png 300w, https:\/\/www.em.com.br\/emfoco\/wp-content\/uploads\/2026\/01\/Gemini_Generated_Image_sx4x2lsx4x2lsx4x-1-768x432.png 768w, https:\/\/www.em.com.br\/emfoco\/wp-content\/uploads\/2026\/01\/Gemini_Generated_Image_sx4x2lsx4x2lsx4x-1-750x422.png 750w, https:\/\/www.em.com.br\/emfoco\/wp-content\/uploads\/2026\/01\/Gemini_Generated_Image_sx4x2lsx4x2lsx4x-1-1140x641.png 1140w, https:\/\/www.em.com.br\/emfoco\/wp-content\/uploads\/2026\/01\/Gemini_Generated_Image_sx4x2lsx4x2lsx4x-1.png 1280w\" sizes=\"auto, (max-width: 1024px) 100vw, 1024px\" \/><\/figure>\n\n\n\n<h2 class=\"wp-block-heading\">Por que essas regras s\u00e3o importantes e como usar bem essa conta?<\/h2>\n\n\n\n<p>Para muitos brasileiros, especialmente quem tem o benef\u00edcio como principal renda mensal, qualquer desconto inesperado pesa no or\u00e7amento. Com a blindagem da&nbsp;<strong>poupan\u00e7a social digital da Caixa<\/strong>, o benefici\u00e1rio passa a ter mais seguran\u00e7a ao consultar o saldo, sabendo que o valor depositado pelo governo ficar\u00e1 separado de outros produtos e d\u00edvidas.<\/p>\n\n\n\n<p>Mesmo com essa prote\u00e7\u00e3o legal, a falta de informa\u00e7\u00e3o ainda pode gerar dor de cabe\u00e7a. Por isso, alguns cuidados b\u00e1sicos ajudam a manter o benef\u00edcio realmente protegido e evitam que a conta seja usada de forma indevida por terceiros ou vinculada a d\u00edvidas desnecess\u00e1rias.<\/p>\n\n\n\n<h2 class=\"wp-block-heading\">Qual \u00e9 o impacto dessas mudan\u00e7as e o que voc\u00ea deve fazer agora?<\/h2>\n\n\n\n<p>Com as novas regras definidas pelo governo e pelo Banco Central, o uso da poupan\u00e7a social digital ficou mais transparente e seguro para quem depende do benef\u00edcio para alimenta\u00e7\u00e3o, moradia e contas b\u00e1sicas. Entender seus direitos \u00e9 o primeiro passo para impedir descontos indevidos e garantir que cada centavo do programa social chegue at\u00e9 voc\u00ea.<\/p>\n\n\n\n<p>Se voc\u00ea recebe benef\u00edcios pela&nbsp;<strong>poupan\u00e7a social digital<\/strong>&nbsp;ou pelo&nbsp;<strong>Caixa Tem<\/strong>, revise hoje mesmo seu cadastro, verifique se h\u00e1 autoriza\u00e7\u00f5es de d\u00e9bito autom\u00e1tico e, em caso de qualquer desconto suspeito, procure imediatamente os canais oficiais da Caixa. N\u00e3o adie: proteger o seu benef\u00edcio agora pode fazer a diferen\u00e7a no fim do m\u00eas.<\/p>\n\n\n\n<p><\/p>\n","protected":false},"excerpt":{"rendered":"<p>De uns tempos para c\u00e1, a tal da&nbsp;poupan\u00e7a social digital da Caixa&nbsp;virou assunto entre quem recebe benef\u00edcios do governo, porque uma decis\u00e3o recente alinhada \u00e0s regras do&nbsp;Banco Central&nbsp;mudou a forma como essa conta funciona, refor\u00e7ando a prote\u00e7\u00e3o do dinheiro de programas sociais contra descontos surpresa, tarifas escondidas e uso autom\u00e1tico do saldo para pagar d\u00edvidas [&hellip;]<\/p>\n","protected":false},"author":11,"featured_media":160482,"comment_status":"open","ping_status":"open","sticky":false,"template":"","format":"standard","meta":{"jnews-multi-image_gallery":[],"jnews_single_post":{"format":"standard"},"jnews_primary_category":[],"jnews_social_meta":[],"jnews_override_counter":[],"footnotes":""},"categories":[28,1],"tags":[3003,2055,256,972,252,296,8165,10036,21660,23472],"class_list":["post-160477","post","type-post","status-publish","format-standard","has-post-thumbnail","hentry","category-economia","category-noticias","tag-banco","tag-banco-central","tag-beneficios","tag-caixa","tag-caixa-tem","tag-dinheiro","tag-novas-regras","tag-poupanca","tag-poupanca-da-caixa","tag-poupanca-social"],"yoast_head":"<!-- This site is optimized with the Yoast SEO plugin v23.8 - https:\/\/yoast.com\/wordpress\/plugins\/seo\/ -->\n<title>Decis\u00e3o do Banco Central afeta a poupan\u00e7a: veja o impacto para clientes da Caixa e do Banco do Brasil - Estado de Minas - Em foco<\/title>\n<meta name=\"description\" content=\"A poupan\u00e7a social digital da Caixa agora impede descontos autom\u00e1ticos e tarifas. Entenda o que mudou e como proteger seu benef\u00edcio.\" \/>\n<meta name=\"robots\" content=\"index, follow, max-snippet:-1, max-image-preview:large, max-video-preview:-1\" \/>\n<link rel=\"canonical\" href=\"https:\/\/www.em.com.br\/emfoco\/2026\/01\/27\/decisao-do-banco-central-afeta-a-poupanca-veja-o-impacto-para-clientes-da-caixa-e-do-banco-do-brasil\/\" \/>\n<meta property=\"og:locale\" content=\"pt_BR\" \/>\n<meta property=\"og:type\" content=\"article\" \/>\n<meta property=\"og:title\" content=\"Decis\u00e3o do Banco Central afeta a poupan\u00e7a: veja o impacto para clientes da Caixa e do Banco do Brasil - Estado de Minas - Em foco\" \/>\n<meta property=\"og:description\" content=\"A poupan\u00e7a social digital da Caixa agora impede descontos autom\u00e1ticos e tarifas. Entenda o que mudou e como proteger seu benef\u00edcio.\" \/>\n<meta property=\"og:url\" content=\"https:\/\/www.em.com.br\/emfoco\/2026\/01\/27\/decisao-do-banco-central-afeta-a-poupanca-veja-o-impacto-para-clientes-da-caixa-e-do-banco-do-brasil\/\" \/>\n<meta property=\"og:site_name\" content=\"Estado de Minas - Em foco\" \/>\n<meta property=\"article:published_time\" content=\"2026-01-27T20:00:00+00:00\" \/>\n<meta property=\"article:modified_time\" content=\"2026-01-27T19:24:40+00:00\" \/>\n<meta property=\"og:image\" content=\"https:\/\/www.em.com.br\/emfoco\/wp-content\/uploads\/2026\/01\/ChatGPT-Image-26-de-jan.-de-2026-20_25_48-1.png\" \/>\n\t<meta property=\"og:image:width\" content=\"1280\" \/>\n\t<meta property=\"og:image:height\" content=\"720\" \/>\n\t<meta property=\"og:image:type\" content=\"image\/png\" \/>\n<meta name=\"author\" content=\"Andre\u0301 Rangel\u00a0\" \/>\n<meta name=\"twitter:card\" content=\"summary_large_image\" \/>\n<meta name=\"twitter:label1\" content=\"Escrito por\" \/>\n\t<meta name=\"twitter:data1\" content=\"Andre\u0301 Rangel\u00a0\" \/>\n\t<meta name=\"twitter:label2\" content=\"Est. tempo de leitura\" \/>\n\t<meta name=\"twitter:data2\" content=\"5 minutos\" \/>\n<!-- \/ Yoast SEO plugin. -->","yoast_head_json":{"title":"Decis\u00e3o do Banco Central afeta a poupan\u00e7a: veja o impacto para clientes da Caixa e do Banco do Brasil - Estado de Minas - Em foco","description":"A poupan\u00e7a social digital da Caixa agora impede descontos autom\u00e1ticos e tarifas. Entenda o que mudou e como proteger seu benef\u00edcio.","robots":{"index":"index","follow":"follow","max-snippet":"max-snippet:-1","max-image-preview":"max-image-preview:large","max-video-preview":"max-video-preview:-1"},"canonical":"https:\/\/www.em.com.br\/emfoco\/2026\/01\/27\/decisao-do-banco-central-afeta-a-poupanca-veja-o-impacto-para-clientes-da-caixa-e-do-banco-do-brasil\/","og_locale":"pt_BR","og_type":"article","og_title":"Decis\u00e3o do Banco Central afeta a poupan\u00e7a: veja o impacto para clientes da Caixa e do Banco do Brasil - Estado de Minas - Em foco","og_description":"A poupan\u00e7a social digital da Caixa agora impede descontos autom\u00e1ticos e tarifas. Entenda o que mudou e como proteger seu benef\u00edcio.","og_url":"https:\/\/www.em.com.br\/emfoco\/2026\/01\/27\/decisao-do-banco-central-afeta-a-poupanca-veja-o-impacto-para-clientes-da-caixa-e-do-banco-do-brasil\/","og_site_name":"Estado de Minas - Em foco","article_published_time":"2026-01-27T20:00:00+00:00","article_modified_time":"2026-01-27T19:24:40+00:00","og_image":[{"width":1280,"height":720,"url":"https:\/\/www.em.com.br\/emfoco\/wp-content\/uploads\/2026\/01\/ChatGPT-Image-26-de-jan.-de-2026-20_25_48-1.png","type":"image\/png"}],"author":"Andre\u0301 Rangel\u00a0","twitter_card":"summary_large_image","twitter_misc":{"Escrito por":"Andre\u0301 Rangel\u00a0","Est. tempo de leitura":"5 minutos"},"schema":{"@context":"https:\/\/schema.org","@graph":[{"@type":"WebPage","@id":"https:\/\/www.em.com.br\/emfoco\/2026\/01\/27\/decisao-do-banco-central-afeta-a-poupanca-veja-o-impacto-para-clientes-da-caixa-e-do-banco-do-brasil\/","url":"https:\/\/www.em.com.br\/emfoco\/2026\/01\/27\/decisao-do-banco-central-afeta-a-poupanca-veja-o-impacto-para-clientes-da-caixa-e-do-banco-do-brasil\/","name":"Decis\u00e3o do Banco Central afeta a poupan\u00e7a: veja o impacto para clientes da Caixa e do Banco do Brasil - Estado de Minas - Em foco","isPartOf":{"@id":"https:\/\/www.em.com.br\/emfoco\/#website"},"primaryImageOfPage":{"@id":"https:\/\/www.em.com.br\/emfoco\/2026\/01\/27\/decisao-do-banco-central-afeta-a-poupanca-veja-o-impacto-para-clientes-da-caixa-e-do-banco-do-brasil\/#primaryimage"},"image":{"@id":"https:\/\/www.em.com.br\/emfoco\/2026\/01\/27\/decisao-do-banco-central-afeta-a-poupanca-veja-o-impacto-para-clientes-da-caixa-e-do-banco-do-brasil\/#primaryimage"},"thumbnailUrl":"https:\/\/www.em.com.br\/emfoco\/wp-content\/uploads\/2026\/01\/ChatGPT-Image-26-de-jan.-de-2026-20_25_48-1.png","datePublished":"2026-01-27T20:00:00+00:00","dateModified":"2026-01-27T19:24:40+00:00","author":{"@id":"https:\/\/www.em.com.br\/emfoco\/#\/schema\/person\/60eda09c1fedf0d6891f4cef4b60b8b8"},"description":"A poupan\u00e7a social digital da Caixa agora impede descontos autom\u00e1ticos e tarifas. Entenda o que mudou e como proteger seu benef\u00edcio.","breadcrumb":{"@id":"https:\/\/www.em.com.br\/emfoco\/2026\/01\/27\/decisao-do-banco-central-afeta-a-poupanca-veja-o-impacto-para-clientes-da-caixa-e-do-banco-do-brasil\/#breadcrumb"},"inLanguage":"pt-BR","potentialAction":[{"@type":"ReadAction","target":["https:\/\/www.em.com.br\/emfoco\/2026\/01\/27\/decisao-do-banco-central-afeta-a-poupanca-veja-o-impacto-para-clientes-da-caixa-e-do-banco-do-brasil\/"]}]},{"@type":"ImageObject","inLanguage":"pt-BR","@id":"https:\/\/www.em.com.br\/emfoco\/2026\/01\/27\/decisao-do-banco-central-afeta-a-poupanca-veja-o-impacto-para-clientes-da-caixa-e-do-banco-do-brasil\/#primaryimage","url":"https:\/\/www.em.com.br\/emfoco\/wp-content\/uploads\/2026\/01\/ChatGPT-Image-26-de-jan.-de-2026-20_25_48-1.png","contentUrl":"https:\/\/www.em.com.br\/emfoco\/wp-content\/uploads\/2026\/01\/ChatGPT-Image-26-de-jan.-de-2026-20_25_48-1.png","width":1280,"height":720},{"@type":"BreadcrumbList","@id":"https:\/\/www.em.com.br\/emfoco\/2026\/01\/27\/decisao-do-banco-central-afeta-a-poupanca-veja-o-impacto-para-clientes-da-caixa-e-do-banco-do-brasil\/#breadcrumb","itemListElement":[{"@type":"ListItem","position":1,"name":"In\u00edcio","item":"https:\/\/www.em.com.br\/emfoco\/"},{"@type":"ListItem","position":2,"name":"Decis\u00e3o do Banco Central afeta a poupan\u00e7a: veja o impacto para clientes da Caixa e do Banco do Brasil"}]},{"@type":"WebSite","@id":"https:\/\/www.em.com.br\/emfoco\/#website","url":"https:\/\/www.em.com.br\/emfoco\/","name":"Estado de Minas - Em foco","description":"Acompanhe as \u00faltimas not\u00edcias e fique bem informado sobre tudo o que acontece em Minas Gerais, Brasil e no mundo.","potentialAction":[{"@type":"SearchAction","target":{"@type":"EntryPoint","urlTemplate":"https:\/\/www.em.com.br\/emfoco\/?s={search_term_string}"},"query-input":{"@type":"PropertyValueSpecification","valueRequired":true,"valueName":"search_term_string"}}],"inLanguage":"pt-BR"},{"@type":"Person","@id":"https:\/\/www.em.com.br\/emfoco\/#\/schema\/person\/60eda09c1fedf0d6891f4cef4b60b8b8","name":"Andre\u0301 Rangel\u00a0","image":{"@type":"ImageObject","inLanguage":"pt-BR","@id":"https:\/\/www.em.com.br\/emfoco\/#\/schema\/person\/image\/","url":"https:\/\/secure.gravatar.com\/avatar\/6234dc814c77c8ef6d8bba622c787efc?s=96&d=mm&r=g","contentUrl":"https:\/\/secure.gravatar.com\/avatar\/6234dc814c77c8ef6d8bba622c787efc?s=96&d=mm&r=g","caption":"Andre\u0301 Rangel\u00a0"},"url":"https:\/\/www.em.com.br\/emfoco\/author\/luizmyth\/"}]}},"_links":{"self":[{"href":"https:\/\/www.em.com.br\/emfoco\/wp-json\/wp\/v2\/posts\/160477","targetHints":{"allow":["GET"]}}],"collection":[{"href":"https:\/\/www.em.com.br\/emfoco\/wp-json\/wp\/v2\/posts"}],"about":[{"href":"https:\/\/www.em.com.br\/emfoco\/wp-json\/wp\/v2\/types\/post"}],"author":[{"embeddable":true,"href":"https:\/\/www.em.com.br\/emfoco\/wp-json\/wp\/v2\/users\/11"}],"replies":[{"embeddable":true,"href":"https:\/\/www.em.com.br\/emfoco\/wp-json\/wp\/v2\/comments?post=160477"}],"version-history":[{"count":5,"href":"https:\/\/www.em.com.br\/emfoco\/wp-json\/wp\/v2\/posts\/160477\/revisions"}],"predecessor-version":[{"id":161024,"href":"https:\/\/www.em.com.br\/emfoco\/wp-json\/wp\/v2\/posts\/160477\/revisions\/161024"}],"wp:featuredmedia":[{"embeddable":true,"href":"https:\/\/www.em.com.br\/emfoco\/wp-json\/wp\/v2\/media\/160482"}],"wp:attachment":[{"href":"https:\/\/www.em.com.br\/emfoco\/wp-json\/wp\/v2\/media?parent=160477"}],"wp:term":[{"taxonomy":"category","embeddable":true,"href":"https:\/\/www.em.com.br\/emfoco\/wp-json\/wp\/v2\/categories?post=160477"},{"taxonomy":"post_tag","embeddable":true,"href":"https:\/\/www.em.com.br\/emfoco\/wp-json\/wp\/v2\/tags?post=160477"}],"curies":[{"name":"wp","href":"https:\/\/api.w.org\/{rel}","templated":true}]}}