{"id":160467,"date":"2026-01-27T08:30:00","date_gmt":"2026-01-27T11:30:00","guid":{"rendered":"https:\/\/www.em.com.br\/emfoco\/?p=160467"},"modified":"2026-01-26T21:35:01","modified_gmt":"2026-01-27T00:35:01","slug":"descumprimento-dessa-norma-de-transito-gera-multa-para-motoristas-e-ate-16-horas-de-servico-comunitario","status":"publish","type":"post","link":"https:\/\/www.em.com.br\/emfoco\/2026\/01\/27\/descumprimento-dessa-norma-de-transito-gera-multa-para-motoristas-e-ate-16-horas-de-servico-comunitario\/","title":{"rendered":"Descumprimento dessa norma de tr\u00e2nsito gera multa para motoristas e at\u00e9 16 horas de servi\u00e7o comunit\u00e1rio"},"content":{"rendered":"\n<p>A legisla\u00e7\u00e3o de tr\u00e2nsito do estado de <strong>Michigan <\/strong>passou por mudan\u00e7as importantes para reduzir distra\u00e7\u00f5es ao volante, deixando claro que o motorista deve manter as m\u00e3os livres e a aten\u00e7\u00e3o totalmente voltada \u00e0 via, mesmo em situa\u00e7\u00f5es aparentemente inofensivas, como parar no sem\u00e1foro ou em engarrafamentos, cen\u00e1rio que tamb\u00e9m inspira debates e atualiza\u00e7\u00f5es no <strong>Brasil<\/strong>.<\/p>\n\n\n\n<h2 class=\"wp-block-heading\">O que mudou na lei de Michigan sobre o uso do celular ao dirigir<\/h2>\n\n\n\n<p>A palavra-chave central dessa norma \u00e9&nbsp;<strong>uso do celular ao dirigir<\/strong>. De acordo com a legisla\u00e7\u00e3o estadual, um condutor n\u00e3o pode segurar, apoiar ou manipular o telefone com as m\u00e3os, bra\u00e7os ou ombros enquanto dirige, mesmo com o ve\u00edculo parado em congestionamentos ou aguardando o sinal verde.<\/p>\n\n\n\n<p>A \u00fanica exce\u00e7\u00e3o clara \u00e9 quando o carro est\u00e1&nbsp;<strong>legalmente estacionado<\/strong>, fora da din\u00e2mica do tr\u00e1fego. Segurar o telefone, digitar mensagens, rolar telas ou conferir aplicativos configura infra\u00e7\u00e3o, salvo um&nbsp;<strong>toque inicial<\/strong>&nbsp;r\u00e1pido para fun\u00e7\u00f5es espec\u00edficas, como acionar GPS ou viva-voz integrado.<\/p>\n\n\n\n<h2 class=\"wp-block-heading\">Como funciona o uso do celular ao dirigir no Brasil em 2026<\/h2>\n\n\n\n<p>Em 2026, a legisla\u00e7\u00e3o brasileira de tr\u00e2nsito adota postura de\u00a0<strong>toler\u00e2ncia zero<\/strong>\u00a0quanto ao uso do celular, aproximando o risco da distra\u00e7\u00e3o ao volante ao de dirigir sob efeito de \u00e1lcool. O <strong>C\u00f3digo de Tr\u00e2nsito Brasileiro<\/strong> (CTB) classifica como\u00a0<strong>infra\u00e7\u00e3o grav\u00edssima<\/strong>\u00a0segurar ou manusear o celular ao volante, com multa de <strong>R$ 293,47 e 7 pontos na CNH<\/strong>.<\/p>\n\n\n\n<p>O uso do celular em\u00a0<strong>modo m\u00e3os livres<\/strong>\u00a0(viva-voz, Bluetooth ou comandos de voz) \u00e9 permitido quando o aparelho est\u00e1 fixado em suporte e sem contato f\u00edsico direto. Ainda assim, intera\u00e7\u00f5es constantes com sistemas conectados podem ser enquadradas como dire\u00e7\u00e3o distra\u00edda, especialmente se o condutor perder aten\u00e7\u00e3o ao tr\u00e1fego ou se envolver em incidentes. Aqui est\u00e3o as intera\u00e7\u00f5es que geram multa:<\/p>\n\n\n\n<table style=\"width:100%; border-collapse:separate; border-spacing:0 10px; font-family:Arial, sans-serif; background:#f1f8f7;\">\n  <thead>\n    <tr style=\"background:#2fb8ac;\">\n      <th style=\"padding:16px; text-align:left; color:#1f4f4a;\">Intera\u00e7\u00e3o com celular<\/th>\n      <th style=\"padding:16px; text-align:left; color:#1f4f4a;\">Classifica\u00e7\u00e3o da infra\u00e7\u00e3o<\/th>\n      <th style=\"padding:16px; text-align:left; color:#1f4f4a;\">Por que gera multa<\/th>\n    <\/tr>\n  <\/thead>\n\n  <tbody>\n    <tr style=\"background:#ffffff;\">\n      <td style=\"padding:14px; color:#355e5b; font-weight:600;\">\n        Falar ao telefone (sem as m\u00e3os)\n      <\/td>\n      <td style=\"padding:14px; color:#355e5b;\">\n        Infra\u00e7\u00e3o m\u00e9dia\n      <\/td>\n      <td style=\"padding:14px; color:#355e5b;\">\n        A conversa\u00e7\u00e3o telef\u00f4nica, mesmo via bluetooth ou viva-voz, reduz a aten\u00e7\u00e3o do condutor e compromete a condu\u00e7\u00e3o segura.\n      <\/td>\n    <\/tr>\n\n    <tr style=\"background:#e6f4f2;\">\n      <td style=\"padding:14px; color:#355e5b; font-weight:600;\">\n        Digitar ou ler mensagens\n      <\/td>\n      <td style=\"padding:14px; color:#355e5b;\">\n        Infra\u00e7\u00e3o grav\u00edssima\n      <\/td>\n      <td style=\"padding:14px; color:#355e5b;\">\n        O manuseio do aparelho (toque na tela ou teclas), mesmo em suporte, \u00e9 considerado alto risco para acidentes.\n      <\/td>\n    <\/tr>\n\n    <tr style=\"background:#ffffff;\">\n      <td style=\"padding:14px; color:#355e5b; font-weight:600;\">\n        Redes sociais e entretenimento\n      <\/td>\n      <td style=\"padding:14px; color:#355e5b;\">\n        Infra\u00e7\u00e3o grav\u00edssima\n      <\/td>\n      <td style=\"padding:14px; color:#355e5b;\">\n        Assistir v\u00eddeos, rolar feeds ou interagir com aplicativos distrai totalmente o condutor, mesmo com o carro parado no sem\u00e1foro.\n      <\/td>\n    <\/tr>\n\n    <tr style=\"background:#e6f4f2;\">\n      <td style=\"padding:14px; color:#355e5b; font-weight:600;\">\n        Ajustar o GPS em movimento\n      <\/td>\n      <td style=\"padding:14px; color:#355e5b;\">\n        Pode ser infra\u00e7\u00e3o grav\u00edssima\n      <\/td>\n      <td style=\"padding:14px; color:#355e5b;\">\n        Tocar na tela para alterar rotas enquanto dirige \u00e9 enquadrado como manuseio do celular; ajustes s\u00f3 com o ve\u00edculo estacionado.\n      <\/td>\n    <\/tr>\n\n    <tr style=\"background:#ffffff;\">\n      <td style=\"padding:14px; color:#355e5b; font-weight:600;\">\n        Uso de fones de ouvido\n      <\/td>\n      <td style=\"padding:14px; color:#355e5b;\">\n        Infra\u00e7\u00e3o m\u00e9dia\n      <\/td>\n      <td style=\"padding:14px; color:#355e5b;\">\n        O uso de fones prejudica a percep\u00e7\u00e3o sonora do tr\u00e2nsito, mesmo para m\u00fasica ou instru\u00e7\u00f5es de navega\u00e7\u00e3o.\n      <\/td>\n    <\/tr>\n  <\/tbody>\n<\/table>\n\n\n\n\n<h2 class=\"wp-block-heading\">Quais s\u00e3o as regras para fones de ouvido e dispositivos em modo m\u00e3os livres<\/h2>\n\n\n\n<p>Quanto a&nbsp;<strong>fones de ouvido<\/strong>&nbsp;no Brasil, \u00e9 proibido dirigir utilizando fones conectados a aparelhos sonoros, por reduzirem a percep\u00e7\u00e3o de sons externos, como buzinas e sirenes. Para motociclistas, s\u00e3o admitidos intercomunicadores no capacete, desde que n\u00e3o sejam fones intra-auriculares que obstruam completamente a audi\u00e7\u00e3o.<\/p>\n\n\n\n<p>Em Michigan, o uso de dispositivos em modo&nbsp;<em>hands-free<\/em>, como Bluetooth, sistemas multim\u00eddia do ve\u00edculo ou suportes espec\u00edficos, \u00e9 liberado desde que n\u00e3o exija manipula\u00e7\u00e3o constante. O motorista pode usar comandos de voz, assistentes virtuais e GPS, mas n\u00e3o pode ficar tocando repetidamente na tela do aparelho ou segur\u00e1-lo em nenhum momento da condu\u00e7\u00e3o.<\/p>\n\n\n\n<h2 class=\"wp-block-heading\">Quais s\u00e3o as multas e consequ\u00eancias civis do uso indevido do celular<\/h2>\n\n\n\n<p>O\u00a0<strong>uso do celular ao dirigir em Michigan<\/strong>\u00a0\u00e9 infra\u00e7\u00e3o prim\u00e1ria, permitindo abordagem apenas por esse motivo. As penalidades s\u00e3o progressivas: primeira infra\u00e7\u00e3o com multa de aproximadamente<strong> USD 100 e\/ou at\u00e9 16 horas de servi\u00e7o comunit\u00e1rio<\/strong>; segunda, cerca de <strong>USD 250 e\/ou at\u00e9 24 horas<\/strong>; tr\u00eas infra\u00e7\u00f5es em menos de tr\u00eas anos obrigam o motorista a fazer curso de melhoria na condu\u00e7\u00e3o.<\/p>\n\n\n\n<figure class=\"wp-block-image size-large\"><img loading=\"lazy\" decoding=\"async\" width=\"1024\" height=\"576\" src=\"https:\/\/www.em.com.br\/emfoco\/wp-content\/uploads\/2026\/01\/Gemini_Generated_Image_3b2vw3b2vw3b2vw3-1-1024x576.png\" alt=\"O tr\u00e2nsito est\u00e1 mais rigoroso com quem usa celular\" class=\"wp-image-160471\" srcset=\"https:\/\/www.em.com.br\/emfoco\/wp-content\/uploads\/2026\/01\/Gemini_Generated_Image_3b2vw3b2vw3b2vw3-1-1024x576.png 1024w, https:\/\/www.em.com.br\/emfoco\/wp-content\/uploads\/2026\/01\/Gemini_Generated_Image_3b2vw3b2vw3b2vw3-1-300x169.png 300w, https:\/\/www.em.com.br\/emfoco\/wp-content\/uploads\/2026\/01\/Gemini_Generated_Image_3b2vw3b2vw3b2vw3-1-768x432.png 768w, https:\/\/www.em.com.br\/emfoco\/wp-content\/uploads\/2026\/01\/Gemini_Generated_Image_3b2vw3b2vw3b2vw3-1-750x422.png 750w, https:\/\/www.em.com.br\/emfoco\/wp-content\/uploads\/2026\/01\/Gemini_Generated_Image_3b2vw3b2vw3b2vw3-1-1140x641.png 1140w, https:\/\/www.em.com.br\/emfoco\/wp-content\/uploads\/2026\/01\/Gemini_Generated_Image_3b2vw3b2vw3b2vw3-1.png 1280w\" sizes=\"auto, (max-width: 1024px) 100vw, 1024px\" \/><figcaption class=\"wp-element-caption\">O tr\u00e2nsito est\u00e1 mais rigoroso com quem usa celular<\/figcaption><\/figure>\n\n\n\n<p>Al\u00e9m disso, se em um acidente ficar comprovado que o motorista respons\u00e1vel manipulava o celular, a legisla\u00e7\u00e3o determina que a&nbsp;<strong>multa civil seja dobrada<\/strong>, o que amplia significativamente o impacto financeiro. Situa\u00e7\u00e3o semelhante pode ocorrer no Brasil, onde o uso do celular pode ser considerado fator agravante em processos civis, influenciando seguros, indeniza\u00e7\u00f5es e hist\u00f3rico do condutor.<\/p>\n\n\n\n<p>Para facilitar o entendimento pr\u00e1tico das condutas que podem gerar multas e responsabiliza\u00e7\u00e3o, vale observar alguns exemplos claros do que tende a ser enquadrado como uso indevido do celular ao dirigir:<\/p>\n\n\n\n<ul class=\"wp-block-list\">\n<li>Segurar o celular na m\u00e3o, mesmo com o ve\u00edculo parado em sem\u00e1foros ou congestionamentos.<\/li>\n\n\n\n<li>Digitar mensagens, rolar redes sociais ou operar aplicativos com o carro em movimento.<\/li>\n\n\n\n<li>Atender chamadas sem sistema m\u00e3os livres ou suporte adequado para o aparelho.<\/li>\n\n\n\n<li>Manter conversas prolongadas que distraiam a aten\u00e7\u00e3o do tr\u00e2nsito, ainda que em viva-voz.<\/li>\n<\/ul>\n\n\n\n<figure class=\"wp-block-image size-large\"><img loading=\"lazy\" decoding=\"async\" width=\"1024\" height=\"576\" src=\"https:\/\/www.em.com.br\/emfoco\/wp-content\/uploads\/2026\/01\/Gemini_Generated_Image_u3f0qnu3f0qnu3f0-1-1024x576.png\" alt=\"O tr\u00e2nsito est\u00e1 mais rigoroso com quem usa celular\" class=\"wp-image-160470\" srcset=\"https:\/\/www.em.com.br\/emfoco\/wp-content\/uploads\/2026\/01\/Gemini_Generated_Image_u3f0qnu3f0qnu3f0-1-1024x576.png 1024w, https:\/\/www.em.com.br\/emfoco\/wp-content\/uploads\/2026\/01\/Gemini_Generated_Image_u3f0qnu3f0qnu3f0-1-300x169.png 300w, https:\/\/www.em.com.br\/emfoco\/wp-content\/uploads\/2026\/01\/Gemini_Generated_Image_u3f0qnu3f0qnu3f0-1-768x432.png 768w, https:\/\/www.em.com.br\/emfoco\/wp-content\/uploads\/2026\/01\/Gemini_Generated_Image_u3f0qnu3f0qnu3f0-1-750x422.png 750w, https:\/\/www.em.com.br\/emfoco\/wp-content\/uploads\/2026\/01\/Gemini_Generated_Image_u3f0qnu3f0qnu3f0-1-1140x641.png 1140w, https:\/\/www.em.com.br\/emfoco\/wp-content\/uploads\/2026\/01\/Gemini_Generated_Image_u3f0qnu3f0qnu3f0-1.png 1280w\" sizes=\"auto, (max-width: 1024px) 100vw, 1024px\" \/><figcaption class=\"wp-element-caption\">O tr\u00e2nsito est\u00e1 mais rigoroso com quem usa celular<\/figcaption><\/figure>\n\n\n\n<h2 class=\"wp-block-heading\">Por que as regras ficaram mais r\u00edgidas e o que voc\u00ea deve fazer agora<\/h2>\n\n\n\n<p>O endurecimento da lei em Michigan e o rigor crescente no Brasil acompanham o aumento de acidentes ligados \u00e0 distra\u00e7\u00e3o eletr\u00f4nica. Alguns segundos olhando para uma mensagem podem significar dezenas de metros dirigidos \u201c\u00e0s cegas\u201d, elevando brutalmente o risco de colis\u00f5es, atropelamentos e mortes evit\u00e1veis no tr\u00e2nsito.<\/p>\n\n\n\n<p>Aja hoje: organize rotas, chamadas e mensagens antes de sair, use apenas recursos verdadeiramente m\u00e3os livres e trate qualquer toque no celular ao volante como algo excepcional. Estacione em local seguro se precisar mexer no aparelho e compartilhe essa mudan\u00e7a de h\u00e1bito com fam\u00edlia e amigos; cada decis\u00e3o sua ao dirigir pode ser a diferen\u00e7a entre chegar em casa em seguran\u00e7a ou nunca chegar.<\/p>\n","protected":false},"excerpt":{"rendered":"<p>A legisla\u00e7\u00e3o de tr\u00e2nsito do estado de Michigan passou por mudan\u00e7as importantes para reduzir distra\u00e7\u00f5es ao volante, deixando claro que o motorista deve manter as m\u00e3os livres e a aten\u00e7\u00e3o totalmente voltada \u00e0 via, mesmo em situa\u00e7\u00f5es aparentemente inofensivas, como parar no sem\u00e1foro ou em engarrafamentos, cen\u00e1rio que tamb\u00e9m inspira debates e atualiza\u00e7\u00f5es no Brasil. [&hellip;]<\/p>\n","protected":false},"author":11,"featured_media":160480,"comment_status":"open","ping_status":"open","sticky":false,"template":"","format":"standard","meta":{"jnews-multi-image_gallery":[],"jnews_single_post":{"format":"standard"},"jnews_primary_category":[],"jnews_social_meta":[],"jnews_override_counter":[],"footnotes":""},"categories":[28,1],"tags":[2580,7957,23359,2605,9442,765,13392],"class_list":["post-160467","post","type-post","status-publish","format-standard","has-post-thumbnail","hentry","category-economia","category-noticias","tag-celular","tag-celular-ao-volante","tag-infracao-grave","tag-lei-brasileira","tag-multa","tag-transito","tag-uso-do-celular"],"yoast_head":"<!-- This site is optimized with the Yoast SEO plugin v23.8 - https:\/\/yoast.com\/wordpress\/plugins\/seo\/ -->\n<title>Descumprimento dessa norma de tr\u00e2nsito gera multa para motoristas e at\u00e9 16 horas de servi\u00e7o comunit\u00e1rio - Estado de Minas - Em foco<\/title>\n<meta name=\"description\" content=\"Leis mais duras contra o uso do celular ao dirigir buscam reduzir acidentes. Saiba o que \u00e9 permitido e o que gera multa.\" \/>\n<meta name=\"robots\" content=\"index, follow, max-snippet:-1, max-image-preview:large, max-video-preview:-1\" \/>\n<link rel=\"canonical\" href=\"https:\/\/www.em.com.br\/emfoco\/2026\/01\/27\/descumprimento-dessa-norma-de-transito-gera-multa-para-motoristas-e-ate-16-horas-de-servico-comunitario\/\" \/>\n<meta property=\"og:locale\" content=\"pt_BR\" \/>\n<meta property=\"og:type\" content=\"article\" \/>\n<meta property=\"og:title\" content=\"Descumprimento dessa norma de tr\u00e2nsito gera multa para motoristas e at\u00e9 16 horas de servi\u00e7o comunit\u00e1rio - Estado de Minas - Em foco\" \/>\n<meta property=\"og:description\" content=\"Leis mais duras contra o uso do celular ao dirigir buscam reduzir acidentes. Saiba o que \u00e9 permitido e o que gera multa.\" \/>\n<meta property=\"og:url\" content=\"https:\/\/www.em.com.br\/emfoco\/2026\/01\/27\/descumprimento-dessa-norma-de-transito-gera-multa-para-motoristas-e-ate-16-horas-de-servico-comunitario\/\" \/>\n<meta property=\"og:site_name\" content=\"Estado de Minas - Em foco\" \/>\n<meta property=\"article:published_time\" content=\"2026-01-27T11:30:00+00:00\" \/>\n<meta property=\"article:modified_time\" content=\"2026-01-27T00:35:01+00:00\" \/>\n<meta property=\"og:image\" content=\"https:\/\/www.em.com.br\/emfoco\/wp-content\/uploads\/2026\/01\/ChatGPT-Image-26-de-jan.-de-2026-20_16_26-1.png\" \/>\n\t<meta property=\"og:image:width\" content=\"1280\" \/>\n\t<meta property=\"og:image:height\" content=\"720\" \/>\n\t<meta property=\"og:image:type\" content=\"image\/png\" \/>\n<meta name=\"author\" content=\"Andre\u0301 Rangel\u00a0\" \/>\n<meta name=\"twitter:card\" content=\"summary_large_image\" \/>\n<meta name=\"twitter:label1\" content=\"Escrito por\" \/>\n\t<meta name=\"twitter:data1\" content=\"Andre\u0301 Rangel\u00a0\" \/>\n\t<meta name=\"twitter:label2\" content=\"Est. tempo de leitura\" \/>\n\t<meta name=\"twitter:data2\" content=\"6 minutos\" \/>\n<!-- \/ Yoast SEO plugin. -->","yoast_head_json":{"title":"Descumprimento dessa norma de tr\u00e2nsito gera multa para motoristas e at\u00e9 16 horas de servi\u00e7o comunit\u00e1rio - Estado de Minas - Em foco","description":"Leis mais duras contra o uso do celular ao dirigir buscam reduzir acidentes. Saiba o que \u00e9 permitido e o que gera multa.","robots":{"index":"index","follow":"follow","max-snippet":"max-snippet:-1","max-image-preview":"max-image-preview:large","max-video-preview":"max-video-preview:-1"},"canonical":"https:\/\/www.em.com.br\/emfoco\/2026\/01\/27\/descumprimento-dessa-norma-de-transito-gera-multa-para-motoristas-e-ate-16-horas-de-servico-comunitario\/","og_locale":"pt_BR","og_type":"article","og_title":"Descumprimento dessa norma de tr\u00e2nsito gera multa para motoristas e at\u00e9 16 horas de servi\u00e7o comunit\u00e1rio - Estado de Minas - Em foco","og_description":"Leis mais duras contra o uso do celular ao dirigir buscam reduzir acidentes. Saiba o que \u00e9 permitido e o que gera multa.","og_url":"https:\/\/www.em.com.br\/emfoco\/2026\/01\/27\/descumprimento-dessa-norma-de-transito-gera-multa-para-motoristas-e-ate-16-horas-de-servico-comunitario\/","og_site_name":"Estado de Minas - Em foco","article_published_time":"2026-01-27T11:30:00+00:00","article_modified_time":"2026-01-27T00:35:01+00:00","og_image":[{"width":1280,"height":720,"url":"https:\/\/www.em.com.br\/emfoco\/wp-content\/uploads\/2026\/01\/ChatGPT-Image-26-de-jan.-de-2026-20_16_26-1.png","type":"image\/png"}],"author":"Andre\u0301 Rangel\u00a0","twitter_card":"summary_large_image","twitter_misc":{"Escrito por":"Andre\u0301 Rangel\u00a0","Est. tempo de leitura":"6 minutos"},"schema":{"@context":"https:\/\/schema.org","@graph":[{"@type":"WebPage","@id":"https:\/\/www.em.com.br\/emfoco\/2026\/01\/27\/descumprimento-dessa-norma-de-transito-gera-multa-para-motoristas-e-ate-16-horas-de-servico-comunitario\/","url":"https:\/\/www.em.com.br\/emfoco\/2026\/01\/27\/descumprimento-dessa-norma-de-transito-gera-multa-para-motoristas-e-ate-16-horas-de-servico-comunitario\/","name":"Descumprimento dessa norma de tr\u00e2nsito gera multa para motoristas e at\u00e9 16 horas de servi\u00e7o comunit\u00e1rio - Estado de Minas - Em foco","isPartOf":{"@id":"https:\/\/www.em.com.br\/emfoco\/#website"},"primaryImageOfPage":{"@id":"https:\/\/www.em.com.br\/emfoco\/2026\/01\/27\/descumprimento-dessa-norma-de-transito-gera-multa-para-motoristas-e-ate-16-horas-de-servico-comunitario\/#primaryimage"},"image":{"@id":"https:\/\/www.em.com.br\/emfoco\/2026\/01\/27\/descumprimento-dessa-norma-de-transito-gera-multa-para-motoristas-e-ate-16-horas-de-servico-comunitario\/#primaryimage"},"thumbnailUrl":"https:\/\/www.em.com.br\/emfoco\/wp-content\/uploads\/2026\/01\/ChatGPT-Image-26-de-jan.-de-2026-20_16_26-1.png","datePublished":"2026-01-27T11:30:00+00:00","dateModified":"2026-01-27T00:35:01+00:00","author":{"@id":"https:\/\/www.em.com.br\/emfoco\/#\/schema\/person\/60eda09c1fedf0d6891f4cef4b60b8b8"},"description":"Leis mais duras contra o uso do celular ao dirigir buscam reduzir acidentes. Saiba o que \u00e9 permitido e o que gera multa.","breadcrumb":{"@id":"https:\/\/www.em.com.br\/emfoco\/2026\/01\/27\/descumprimento-dessa-norma-de-transito-gera-multa-para-motoristas-e-ate-16-horas-de-servico-comunitario\/#breadcrumb"},"inLanguage":"pt-BR","potentialAction":[{"@type":"ReadAction","target":["https:\/\/www.em.com.br\/emfoco\/2026\/01\/27\/descumprimento-dessa-norma-de-transito-gera-multa-para-motoristas-e-ate-16-horas-de-servico-comunitario\/"]}]},{"@type":"ImageObject","inLanguage":"pt-BR","@id":"https:\/\/www.em.com.br\/emfoco\/2026\/01\/27\/descumprimento-dessa-norma-de-transito-gera-multa-para-motoristas-e-ate-16-horas-de-servico-comunitario\/#primaryimage","url":"https:\/\/www.em.com.br\/emfoco\/wp-content\/uploads\/2026\/01\/ChatGPT-Image-26-de-jan.-de-2026-20_16_26-1.png","contentUrl":"https:\/\/www.em.com.br\/emfoco\/wp-content\/uploads\/2026\/01\/ChatGPT-Image-26-de-jan.-de-2026-20_16_26-1.png","width":1280,"height":720,"caption":"O tr\u00e2nsito est\u00e1 mais rigoroso"},{"@type":"BreadcrumbList","@id":"https:\/\/www.em.com.br\/emfoco\/2026\/01\/27\/descumprimento-dessa-norma-de-transito-gera-multa-para-motoristas-e-ate-16-horas-de-servico-comunitario\/#breadcrumb","itemListElement":[{"@type":"ListItem","position":1,"name":"In\u00edcio","item":"https:\/\/www.em.com.br\/emfoco\/"},{"@type":"ListItem","position":2,"name":"Descumprimento dessa norma de tr\u00e2nsito gera multa para motoristas e at\u00e9 16 horas de servi\u00e7o comunit\u00e1rio"}]},{"@type":"WebSite","@id":"https:\/\/www.em.com.br\/emfoco\/#website","url":"https:\/\/www.em.com.br\/emfoco\/","name":"Estado de Minas - Em foco","description":"Acompanhe as \u00faltimas not\u00edcias e fique bem informado sobre tudo o que acontece em Minas Gerais, Brasil e no mundo.","potentialAction":[{"@type":"SearchAction","target":{"@type":"EntryPoint","urlTemplate":"https:\/\/www.em.com.br\/emfoco\/?s={search_term_string}"},"query-input":{"@type":"PropertyValueSpecification","valueRequired":true,"valueName":"search_term_string"}}],"inLanguage":"pt-BR"},{"@type":"Person","@id":"https:\/\/www.em.com.br\/emfoco\/#\/schema\/person\/60eda09c1fedf0d6891f4cef4b60b8b8","name":"Andre\u0301 Rangel\u00a0","image":{"@type":"ImageObject","inLanguage":"pt-BR","@id":"https:\/\/www.em.com.br\/emfoco\/#\/schema\/person\/image\/","url":"https:\/\/secure.gravatar.com\/avatar\/6234dc814c77c8ef6d8bba622c787efc?s=96&d=mm&r=g","contentUrl":"https:\/\/secure.gravatar.com\/avatar\/6234dc814c77c8ef6d8bba622c787efc?s=96&d=mm&r=g","caption":"Andre\u0301 Rangel\u00a0"},"url":"https:\/\/www.em.com.br\/emfoco\/author\/luizmyth\/"}]}},"_links":{"self":[{"href":"https:\/\/www.em.com.br\/emfoco\/wp-json\/wp\/v2\/posts\/160467","targetHints":{"allow":["GET"]}}],"collection":[{"href":"https:\/\/www.em.com.br\/emfoco\/wp-json\/wp\/v2\/posts"}],"about":[{"href":"https:\/\/www.em.com.br\/emfoco\/wp-json\/wp\/v2\/types\/post"}],"author":[{"embeddable":true,"href":"https:\/\/www.em.com.br\/emfoco\/wp-json\/wp\/v2\/users\/11"}],"replies":[{"embeddable":true,"href":"https:\/\/www.em.com.br\/emfoco\/wp-json\/wp\/v2\/comments?post=160467"}],"version-history":[{"count":4,"href":"https:\/\/www.em.com.br\/emfoco\/wp-json\/wp\/v2\/posts\/160467\/revisions"}],"predecessor-version":[{"id":160489,"href":"https:\/\/www.em.com.br\/emfoco\/wp-json\/wp\/v2\/posts\/160467\/revisions\/160489"}],"wp:featuredmedia":[{"embeddable":true,"href":"https:\/\/www.em.com.br\/emfoco\/wp-json\/wp\/v2\/media\/160480"}],"wp:attachment":[{"href":"https:\/\/www.em.com.br\/emfoco\/wp-json\/wp\/v2\/media?parent=160467"}],"wp:term":[{"taxonomy":"category","embeddable":true,"href":"https:\/\/www.em.com.br\/emfoco\/wp-json\/wp\/v2\/categories?post=160467"},{"taxonomy":"post_tag","embeddable":true,"href":"https:\/\/www.em.com.br\/emfoco\/wp-json\/wp\/v2\/tags?post=160467"}],"curies":[{"name":"wp","href":"https:\/\/api.w.org\/{rel}","templated":true}]}}