{"id":160409,"date":"2026-01-28T21:45:00","date_gmt":"2026-01-29T00:45:00","guid":{"rendered":"https:\/\/www.em.com.br\/emfoco\/?p=160409"},"modified":"2026-01-26T18:23:11","modified_gmt":"2026-01-26T21:23:11","slug":"trabalhar-de-madrugada-da-direito-a-mais-que-20-no-salario-e-ainda-tem-calculo-escondido-que-quase-ninguem-recebe","status":"publish","type":"post","link":"https:\/\/www.em.com.br\/emfoco\/2026\/01\/28\/trabalhar-de-madrugada-da-direito-a-mais-que-20-no-salario-e-ainda-tem-calculo-escondido-que-quase-ninguem-recebe\/","title":{"rendered":"Trabalhar de madrugada d\u00e1 direito a mais que 20% no sal\u00e1rio e ainda tem c\u00e1lculo escondido que quase ningu\u00e9m recebe"},"content":{"rendered":"\n<h2 class=\"wp-block-heading\">O adicional noturno \u00e9 devido a quem trabalha em hor\u00e1rios definidos pela lei, com acr\u00e9scimos de 20% ou 25% e hora reduzida. O valor integra sal\u00e1rio, reflete em f\u00e9rias, 13\u00ba e FGTS, e pode ser cobrado retroativamente.<\/h2>\n\n\n\n<p>Trabalhar \u00e0 noite exige mais do corpo e da mente, altera o conv\u00edvio social e afeta a sa\u00fade. Por isso, a legisla\u00e7\u00e3o brasileira prev\u00ea o <strong>adicional noturno<\/strong>, um direito que compensa financeiramente o desgaste causado pela invers\u00e3o do rel\u00f3gio biol\u00f3gico.<\/p>\n\n\n\n<h2 class=\"wp-block-heading\">O que caracteriza o trabalho noturno pela legisla\u00e7\u00e3o?<\/h2>\n\n\n\n<p>A defini\u00e7\u00e3o de trabalho noturno varia conforme a atividade exercida e o ambiente profissional. A lei considera que o desgaste come\u00e7a quando a jornada invade o per\u00edodo em que o organismo deveria estar em repouso profundo.<\/p>\n\n\n\n<p>No caso do trabalhador urbano, o per\u00edodo vai das <strong>22h \u00e0s 5h<\/strong>. J\u00e1 no meio rural, a lei diferencia lavoura e pecu\u00e1ria, reconhecendo que cada atividade imp\u00f5e ritmos biol\u00f3gicos distintos ao trabalhador.<\/p>\n\n\n\n<figure class=\"wp-block-image size-large\"><img loading=\"lazy\" decoding=\"async\" width=\"1024\" height=\"576\" src=\"https:\/\/www.em.com.br\/emfoco\/wp-content\/uploads\/2026\/01\/AIAI-25-9-1024x576.jpg\" alt=\"Trabalhar de madrugada d\u00e1 direito a mais que 20% no sal\u00e1rio e ainda tem c\u00e1lculo escondido que quase ningu\u00e9m recebe\" class=\"wp-image-160448\" srcset=\"https:\/\/www.em.com.br\/emfoco\/wp-content\/uploads\/2026\/01\/AIAI-25-9-1024x576.jpg 1024w, https:\/\/www.em.com.br\/emfoco\/wp-content\/uploads\/2026\/01\/AIAI-25-9-300x169.jpg 300w, https:\/\/www.em.com.br\/emfoco\/wp-content\/uploads\/2026\/01\/AIAI-25-9-768x432.jpg 768w, https:\/\/www.em.com.br\/emfoco\/wp-content\/uploads\/2026\/01\/AIAI-25-9-750x422.jpg 750w, https:\/\/www.em.com.br\/emfoco\/wp-content\/uploads\/2026\/01\/AIAI-25-9-1140x641.jpg 1140w, https:\/\/www.em.com.br\/emfoco\/wp-content\/uploads\/2026\/01\/AIAI-25-9.jpg 1280w\" sizes=\"auto, (max-width: 1024px) 100vw, 1024px\" \/><figcaption class=\"wp-element-caption\">Legisla\u00e7\u00e3o define hor\u00e1rios noturnos distintos para trabalho urbano e rural<\/figcaption><\/figure>\n\n\n\n<h2 class=\"wp-block-heading\">Quais per\u00edodos e percentuais d\u00e3o direito ao adicional?<\/h2>\n\n\n\n<p>Al\u00e9m do hor\u00e1rio, a legisla\u00e7\u00e3o fixa percentuais m\u00ednimos de acr\u00e9scimo salarial. Esses valores podem ser ampliados por acordos coletivos, mas nunca reduzidos, como se observa nas regras abaixo.<\/p>\n\n\n\n<ul class=\"wp-block-list\">\n<li><strong>Trabalhador urbano<\/strong>: per\u00edodo das 22h \u00e0s 5h com adicional m\u00ednimo de 20%.<\/li>\n\n\n\n<li><strong>Rural na lavoura<\/strong>: jornada das 21h \u00e0s 5h com adicional m\u00ednimo de 25%.<\/li>\n\n\n\n<li><strong>Rural na pecu\u00e1ria<\/strong>: trabalho das 20h \u00e0s 4h com adicional m\u00ednimo de 25%.<\/li>\n<\/ul>\n\n\n\n<h2 class=\"wp-block-heading\">O que \u00e9 a hora noturna reduzida e por que ela muda o sal\u00e1rio?<\/h2>\n\n\n\n<p>Um dos pontos mais ignorados pelas empresas \u00e9 a <strong>hora noturna reduzida<\/strong>. No trabalho urbano, cada hora noturna equivale a apenas 52 minutos e 30 segundos de tempo real.<\/p>\n\n\n\n<p>Na pr\u00e1tica, isso significa que quem trabalha sete horas no rel\u00f3gio durante a noite deve receber como se tivesse cumprido oito horas completas, ampliando o valor final do sal\u00e1rio mensal.<\/p>\n\n\n\n<figure class=\"wp-block-image size-large\"><img loading=\"lazy\" decoding=\"async\" width=\"1024\" height=\"576\" src=\"https:\/\/www.em.com.br\/emfoco\/wp-content\/uploads\/2026\/01\/AIAI-27-4-1024x576.jpg\" alt=\"Trabalhar de madrugada d\u00e1 direito a mais que 20% no sal\u00e1rio e ainda tem c\u00e1lculo escondido que quase ningu\u00e9m recebe\" class=\"wp-image-160450\" srcset=\"https:\/\/www.em.com.br\/emfoco\/wp-content\/uploads\/2026\/01\/AIAI-27-4-1024x576.jpg 1024w, https:\/\/www.em.com.br\/emfoco\/wp-content\/uploads\/2026\/01\/AIAI-27-4-300x169.jpg 300w, https:\/\/www.em.com.br\/emfoco\/wp-content\/uploads\/2026\/01\/AIAI-27-4-768x432.jpg 768w, https:\/\/www.em.com.br\/emfoco\/wp-content\/uploads\/2026\/01\/AIAI-27-4-750x422.jpg 750w, https:\/\/www.em.com.br\/emfoco\/wp-content\/uploads\/2026\/01\/AIAI-27-4-1140x641.jpg 1140w, https:\/\/www.em.com.br\/emfoco\/wp-content\/uploads\/2026\/01\/AIAI-27-4.jpg 1280w\" sizes=\"auto, (max-width: 1024px) 100vw, 1024px\" \/><figcaption class=\"wp-element-caption\">Hora noturna reduzida aumenta remunera\u00e7\u00e3o mesmo sem ampliar jornada real<\/figcaption><\/figure>\n\n\n\n<p><em>Leia mais: <em><strong><a href=\"https:\/\/www.em.com.br\/emfoco\/2026\/01\/26\/nova-regra-livra-idosos-do-iptu-em-2026-e-quem-nao-correr-pode-perder-essa-chance-de-ouro-entenda-o-passo-a-passo\/\" target=\"_blank\" rel=\"noreferrer noopener\">Nova regra livra idosos do IPTU em 2026 e quem n\u00e3o correr pode perder essa chance de ouro! Entenda o passo a passo<\/a><\/strong><\/em><\/em><\/p>\n\n\n\n<h2 class=\"wp-block-heading\">Quando o adicional continua valendo ap\u00f3s as 5h da manh\u00e3?<\/h2>\n\n\n\n<p>A prorroga\u00e7\u00e3o da jornada noturna gera d\u00favidas frequentes. O entendimento jur\u00eddico \u00e9 que o desgaste n\u00e3o desaparece automaticamente com o nascer do sol, especialmente quando o turno come\u00e7ou \u00e0 noite.<\/p>\n\n\n\n<ul class=\"wp-block-list\">\n<li><strong>Prorroga\u00e7\u00e3o da jornada<\/strong>: se o trabalho iniciou \u00e0 noite e avan\u00e7ou ap\u00f3s as 5h, o adicional permanece.<\/li>\n\n\n\n<li><strong>Escala 12&#215;36<\/strong>: o adicional incide sobre todas as horas dentro do per\u00edodo noturno legal.<\/li>\n\n\n\n<li><strong>Sal\u00e1rio condi\u00e7\u00e3o<\/strong>: ao mudar definitivamente para o turno diurno, o adicional deixa de ser devido.<\/li>\n<\/ul>\n\n\n\n<h2 class=\"wp-block-heading\">Quais verbas recebem reflexos do adicional noturno?<\/h2>\n\n\n\n<p>Por ter natureza salarial, o <strong>adicional noturno<\/strong> integra a remunera\u00e7\u00e3o para diversos c\u00e1lculos trabalhistas. Isso significa que seu impacto vai al\u00e9m do sal\u00e1rio mensal.<\/p>\n\n\n\n<p>O valor influencia f\u00e9rias, 13\u00ba sal\u00e1rio, <strong><a href=\"https:\/\/www.gov.br\/trabalho-e-emprego\/pt-br\/servicos\/empregador\/fgtsdigital\" target=\"_blank\" rel=\"noreferrer noopener\">FGTS<\/a><\/strong>, aviso pr\u00e9vio e horas extras. Caso o pagamento esteja incorreto, o trabalhador pode reivindicar diferen\u00e7as retroativas dos \u00faltimos cinco anos.<\/p>\n","protected":false},"excerpt":{"rendered":"<p>O adicional noturno \u00e9 devido a quem trabalha em hor\u00e1rios definidos pela lei, com acr\u00e9scimos de 20% ou 25% e hora reduzida. O valor integra sal\u00e1rio, reflete em f\u00e9rias, 13\u00ba e FGTS, e pode ser cobrado retroativamente. Trabalhar \u00e0 noite exige mais do corpo e da mente, altera o conv\u00edvio social e afeta a sa\u00fade. [&hellip;]<\/p>\n","protected":false},"author":13,"featured_media":160449,"comment_status":"open","ping_status":"open","sticky":false,"template":"","format":"standard","meta":{"jnews-multi-image_gallery":[],"jnews_single_post":{"format":"standard"},"jnews_primary_category":[],"jnews_social_meta":[],"jnews_override_counter":[],"footnotes":""},"categories":[28],"tags":[23462,23464,23463],"class_list":["post-160409","post","type-post","status-publish","format-standard","has-post-thumbnail","hentry","category-economia","tag-adicional-noturno","tag-hora-noturna","tag-trabalhador-urbano"],"yoast_head":"<!-- This site is optimized with the Yoast SEO plugin v23.8 - https:\/\/yoast.com\/wordpress\/plugins\/seo\/ -->\n<title>Trabalhar de madrugada d\u00e1 direito a mais que 20% no sal\u00e1rio e ainda tem c\u00e1lculo escondido que quase ningu\u00e9m recebe - Estado de Minas - Em foco<\/title>\n<meta name=\"description\" content=\"Quem trabalha \u00e0 noite tem direito a hora reduzida, adicional no sal\u00e1rio e reflexo no FGTS. Mas nem toda empresa paga certo.\" \/>\n<meta name=\"robots\" content=\"index, follow, max-snippet:-1, max-image-preview:large, max-video-preview:-1\" \/>\n<link rel=\"canonical\" href=\"https:\/\/www.em.com.br\/emfoco\/2026\/01\/28\/trabalhar-de-madrugada-da-direito-a-mais-que-20-no-salario-e-ainda-tem-calculo-escondido-que-quase-ninguem-recebe\/\" \/>\n<meta property=\"og:locale\" content=\"pt_BR\" \/>\n<meta property=\"og:type\" content=\"article\" \/>\n<meta property=\"og:title\" content=\"Trabalhar de madrugada d\u00e1 direito a mais que 20% no sal\u00e1rio e ainda tem c\u00e1lculo escondido que quase ningu\u00e9m recebe - Estado de Minas - Em foco\" \/>\n<meta property=\"og:description\" content=\"Quem trabalha \u00e0 noite tem direito a hora reduzida, adicional no sal\u00e1rio e reflexo no FGTS. Mas nem toda empresa paga certo.\" \/>\n<meta property=\"og:url\" content=\"https:\/\/www.em.com.br\/emfoco\/2026\/01\/28\/trabalhar-de-madrugada-da-direito-a-mais-que-20-no-salario-e-ainda-tem-calculo-escondido-que-quase-ninguem-recebe\/\" \/>\n<meta property=\"og:site_name\" content=\"Estado de Minas - Em foco\" \/>\n<meta property=\"article:published_time\" content=\"2026-01-29T00:45:00+00:00\" \/>\n<meta property=\"article:modified_time\" content=\"2026-01-26T21:23:11+00:00\" \/>\n<meta property=\"og:image\" content=\"https:\/\/www.em.com.br\/emfoco\/wp-content\/uploads\/2026\/01\/AIAI-26-6.jpg\" \/>\n\t<meta property=\"og:image:width\" content=\"1280\" \/>\n\t<meta property=\"og:image:height\" content=\"720\" \/>\n\t<meta property=\"og:image:type\" content=\"image\/jpeg\" \/>\n<meta name=\"author\" content=\"Gabriel Martins\" \/>\n<meta name=\"twitter:card\" content=\"summary_large_image\" \/>\n<meta name=\"twitter:label1\" content=\"Escrito por\" \/>\n\t<meta name=\"twitter:data1\" content=\"Gabriel Martins\" \/>\n\t<meta name=\"twitter:label2\" content=\"Est. tempo de leitura\" \/>\n\t<meta name=\"twitter:data2\" content=\"4 minutos\" \/>\n<!-- \/ Yoast SEO plugin. -->","yoast_head_json":{"title":"Trabalhar de madrugada d\u00e1 direito a mais que 20% no sal\u00e1rio e ainda tem c\u00e1lculo escondido que quase ningu\u00e9m recebe - Estado de Minas - Em foco","description":"Quem trabalha \u00e0 noite tem direito a hora reduzida, adicional no sal\u00e1rio e reflexo no FGTS. Mas nem toda empresa paga certo.","robots":{"index":"index","follow":"follow","max-snippet":"max-snippet:-1","max-image-preview":"max-image-preview:large","max-video-preview":"max-video-preview:-1"},"canonical":"https:\/\/www.em.com.br\/emfoco\/2026\/01\/28\/trabalhar-de-madrugada-da-direito-a-mais-que-20-no-salario-e-ainda-tem-calculo-escondido-que-quase-ninguem-recebe\/","og_locale":"pt_BR","og_type":"article","og_title":"Trabalhar de madrugada d\u00e1 direito a mais que 20% no sal\u00e1rio e ainda tem c\u00e1lculo escondido que quase ningu\u00e9m recebe - Estado de Minas - Em foco","og_description":"Quem trabalha \u00e0 noite tem direito a hora reduzida, adicional no sal\u00e1rio e reflexo no FGTS. Mas nem toda empresa paga certo.","og_url":"https:\/\/www.em.com.br\/emfoco\/2026\/01\/28\/trabalhar-de-madrugada-da-direito-a-mais-que-20-no-salario-e-ainda-tem-calculo-escondido-que-quase-ninguem-recebe\/","og_site_name":"Estado de Minas - Em foco","article_published_time":"2026-01-29T00:45:00+00:00","article_modified_time":"2026-01-26T21:23:11+00:00","og_image":[{"width":1280,"height":720,"url":"https:\/\/www.em.com.br\/emfoco\/wp-content\/uploads\/2026\/01\/AIAI-26-6.jpg","type":"image\/jpeg"}],"author":"Gabriel Martins","twitter_card":"summary_large_image","twitter_misc":{"Escrito por":"Gabriel Martins","Est. tempo de leitura":"4 minutos"},"schema":{"@context":"https:\/\/schema.org","@graph":[{"@type":"WebPage","@id":"https:\/\/www.em.com.br\/emfoco\/2026\/01\/28\/trabalhar-de-madrugada-da-direito-a-mais-que-20-no-salario-e-ainda-tem-calculo-escondido-que-quase-ninguem-recebe\/","url":"https:\/\/www.em.com.br\/emfoco\/2026\/01\/28\/trabalhar-de-madrugada-da-direito-a-mais-que-20-no-salario-e-ainda-tem-calculo-escondido-que-quase-ninguem-recebe\/","name":"Trabalhar de madrugada d\u00e1 direito a mais que 20% no sal\u00e1rio e ainda tem c\u00e1lculo escondido que quase ningu\u00e9m recebe - Estado de Minas - Em foco","isPartOf":{"@id":"https:\/\/www.em.com.br\/emfoco\/#website"},"primaryImageOfPage":{"@id":"https:\/\/www.em.com.br\/emfoco\/2026\/01\/28\/trabalhar-de-madrugada-da-direito-a-mais-que-20-no-salario-e-ainda-tem-calculo-escondido-que-quase-ninguem-recebe\/#primaryimage"},"image":{"@id":"https:\/\/www.em.com.br\/emfoco\/2026\/01\/28\/trabalhar-de-madrugada-da-direito-a-mais-que-20-no-salario-e-ainda-tem-calculo-escondido-que-quase-ninguem-recebe\/#primaryimage"},"thumbnailUrl":"https:\/\/www.em.com.br\/emfoco\/wp-content\/uploads\/2026\/01\/AIAI-26-6.jpg","datePublished":"2026-01-29T00:45:00+00:00","dateModified":"2026-01-26T21:23:11+00:00","author":{"@id":"https:\/\/www.em.com.br\/emfoco\/#\/schema\/person\/1c9ddeab18b98abeffef834667bcf08a"},"description":"Quem trabalha \u00e0 noite tem direito a hora reduzida, adicional no sal\u00e1rio e reflexo no FGTS. Mas nem toda empresa paga certo.","breadcrumb":{"@id":"https:\/\/www.em.com.br\/emfoco\/2026\/01\/28\/trabalhar-de-madrugada-da-direito-a-mais-que-20-no-salario-e-ainda-tem-calculo-escondido-que-quase-ninguem-recebe\/#breadcrumb"},"inLanguage":"pt-BR","potentialAction":[{"@type":"ReadAction","target":["https:\/\/www.em.com.br\/emfoco\/2026\/01\/28\/trabalhar-de-madrugada-da-direito-a-mais-que-20-no-salario-e-ainda-tem-calculo-escondido-que-quase-ninguem-recebe\/"]}]},{"@type":"ImageObject","inLanguage":"pt-BR","@id":"https:\/\/www.em.com.br\/emfoco\/2026\/01\/28\/trabalhar-de-madrugada-da-direito-a-mais-que-20-no-salario-e-ainda-tem-calculo-escondido-que-quase-ninguem-recebe\/#primaryimage","url":"https:\/\/www.em.com.br\/emfoco\/wp-content\/uploads\/2026\/01\/AIAI-26-6.jpg","contentUrl":"https:\/\/www.em.com.br\/emfoco\/wp-content\/uploads\/2026\/01\/AIAI-26-6.jpg","width":1280,"height":720,"caption":"Trabalho noturno garante adicional financeiro por desgaste f\u00edsico e biol\u00f3gico"},{"@type":"BreadcrumbList","@id":"https:\/\/www.em.com.br\/emfoco\/2026\/01\/28\/trabalhar-de-madrugada-da-direito-a-mais-que-20-no-salario-e-ainda-tem-calculo-escondido-que-quase-ninguem-recebe\/#breadcrumb","itemListElement":[{"@type":"ListItem","position":1,"name":"In\u00edcio","item":"https:\/\/www.em.com.br\/emfoco\/"},{"@type":"ListItem","position":2,"name":"Trabalhar de madrugada d\u00e1 direito a mais que 20% no sal\u00e1rio e ainda tem c\u00e1lculo escondido que quase ningu\u00e9m recebe"}]},{"@type":"WebSite","@id":"https:\/\/www.em.com.br\/emfoco\/#website","url":"https:\/\/www.em.com.br\/emfoco\/","name":"Estado de Minas - Em foco","description":"Acompanhe as \u00faltimas not\u00edcias e fique bem informado sobre tudo o que acontece em Minas Gerais, Brasil e no mundo.","potentialAction":[{"@type":"SearchAction","target":{"@type":"EntryPoint","urlTemplate":"https:\/\/www.em.com.br\/emfoco\/?s={search_term_string}"},"query-input":{"@type":"PropertyValueSpecification","valueRequired":true,"valueName":"search_term_string"}}],"inLanguage":"pt-BR"},{"@type":"Person","@id":"https:\/\/www.em.com.br\/emfoco\/#\/schema\/person\/1c9ddeab18b98abeffef834667bcf08a","name":"Gabriel Martins","image":{"@type":"ImageObject","inLanguage":"pt-BR","@id":"https:\/\/www.em.com.br\/emfoco\/#\/schema\/person\/image\/","url":"https:\/\/secure.gravatar.com\/avatar\/f0f1e2efdfd88f1ad2cb08c5c2731e50?s=96&d=mm&r=g","contentUrl":"https:\/\/secure.gravatar.com\/avatar\/f0f1e2efdfd88f1ad2cb08c5c2731e50?s=96&d=mm&r=g","caption":"Gabriel Martins"},"sameAs":["https:\/\/www.em.com.br\/emfoco\/"],"url":"https:\/\/www.em.com.br\/emfoco\/author\/gabrielmartinsmyth\/"}]}},"_links":{"self":[{"href":"https:\/\/www.em.com.br\/emfoco\/wp-json\/wp\/v2\/posts\/160409","targetHints":{"allow":["GET"]}}],"collection":[{"href":"https:\/\/www.em.com.br\/emfoco\/wp-json\/wp\/v2\/posts"}],"about":[{"href":"https:\/\/www.em.com.br\/emfoco\/wp-json\/wp\/v2\/types\/post"}],"author":[{"embeddable":true,"href":"https:\/\/www.em.com.br\/emfoco\/wp-json\/wp\/v2\/users\/13"}],"replies":[{"embeddable":true,"href":"https:\/\/www.em.com.br\/emfoco\/wp-json\/wp\/v2\/comments?post=160409"}],"version-history":[{"count":1,"href":"https:\/\/www.em.com.br\/emfoco\/wp-json\/wp\/v2\/posts\/160409\/revisions"}],"predecessor-version":[{"id":160451,"href":"https:\/\/www.em.com.br\/emfoco\/wp-json\/wp\/v2\/posts\/160409\/revisions\/160451"}],"wp:featuredmedia":[{"embeddable":true,"href":"https:\/\/www.em.com.br\/emfoco\/wp-json\/wp\/v2\/media\/160449"}],"wp:attachment":[{"href":"https:\/\/www.em.com.br\/emfoco\/wp-json\/wp\/v2\/media?parent=160409"}],"wp:term":[{"taxonomy":"category","embeddable":true,"href":"https:\/\/www.em.com.br\/emfoco\/wp-json\/wp\/v2\/categories?post=160409"},{"taxonomy":"post_tag","embeddable":true,"href":"https:\/\/www.em.com.br\/emfoco\/wp-json\/wp\/v2\/tags?post=160409"}],"curies":[{"name":"wp","href":"https:\/\/api.w.org\/{rel}","templated":true}]}}