{"id":160403,"date":"2026-01-28T14:05:00","date_gmt":"2026-01-28T17:05:00","guid":{"rendered":"https:\/\/www.em.com.br\/emfoco\/?p=160403"},"modified":"2026-01-26T18:05:52","modified_gmt":"2026-01-26T21:05:52","slug":"trabalhou-12-meses-e-nao-tirou-ferias-seu-patrao-pode-ter-que-pagar-o-dobro-sem-desculpa-nem-negociacao","status":"publish","type":"post","link":"https:\/\/www.em.com.br\/emfoco\/2026\/01\/28\/trabalhou-12-meses-e-nao-tirou-ferias-seu-patrao-pode-ter-que-pagar-o-dobro-sem-desculpa-nem-negociacao\/","title":{"rendered":"Trabalhou 12 meses e n\u00e3o tirou f\u00e9rias? Seu patr\u00e3o pode ter que pagar o dobro sem desculpa nem negocia\u00e7\u00e3o"},"content":{"rendered":"\n<h2 class=\"wp-block-heading\">Se a empresa ultrapassa o per\u00edodo concessivo de 12 meses sem conceder f\u00e9rias, a CLT obriga pagamento em dobro, incluindo 1\/3 constitucional. A fiscaliza\u00e7\u00e3o via eSocial identifica atrasos automaticamente e facilita a cobran\u00e7a do direito.<\/h2>\n\n\n\n<p>Trabalhar quase um ano sem descanso n\u00e3o \u00e9 s\u00f3 desgaste f\u00edsico, \u00e9 infra\u00e7\u00e3o legal. Quando a empresa ultrapassa o prazo das f\u00e9rias, a legisla\u00e7\u00e3o obriga o pagamento em dobro. O refor\u00e7o da fiscaliza\u00e7\u00e3o digital tornou esse direito mais r\u00e1pido e dif\u00edcil de ser ignorado.<\/p>\n\n\n\n<h2 class=\"wp-block-heading\">Como funciona o prazo legal das f\u00e9rias na CLT?<\/h2>\n\n\n\n<p>Todo empregado acumula o direito \u00e0s f\u00e9rias ao completar 12 meses de trabalho, chamado de <strong>per\u00edodo aquisitivo<\/strong>. Esse tempo n\u00e3o significa descanso imediato, mas a conquista formal do direito garantido pela Consolida\u00e7\u00e3o das Leis do Trabalho.<\/p>\n\n\n\n<p>Ap\u00f3s esse ciclo, inicia-se o <strong>per\u00edodo concessivo<\/strong>, tamb\u00e9m de 12 meses, no qual a empresa deve obrigatoriamente conceder as f\u00e9rias. Se o prazo termina sem o descanso, a infra\u00e7\u00e3o \u00e9 autom\u00e1tica e gera penalidade financeira.<\/p>\n\n\n\n<figure class=\"wp-block-image size-large\"><img loading=\"lazy\" decoding=\"async\" width=\"1024\" height=\"576\" src=\"https:\/\/www.em.com.br\/emfoco\/wp-content\/uploads\/2026\/01\/AIAI-11-40-1024x576.jpg\" alt=\"Trabalhou 12 meses e n\u00e3o tirou f\u00e9rias? Seu patr\u00e3o pode ter que pagar o dobro sem desculpa nem negocia\u00e7\u00e3o\" class=\"wp-image-160429\" srcset=\"https:\/\/www.em.com.br\/emfoco\/wp-content\/uploads\/2026\/01\/AIAI-11-40-1024x576.jpg 1024w, https:\/\/www.em.com.br\/emfoco\/wp-content\/uploads\/2026\/01\/AIAI-11-40-300x169.jpg 300w, https:\/\/www.em.com.br\/emfoco\/wp-content\/uploads\/2026\/01\/AIAI-11-40-768x432.jpg 768w, https:\/\/www.em.com.br\/emfoco\/wp-content\/uploads\/2026\/01\/AIAI-11-40-750x422.jpg 750w, https:\/\/www.em.com.br\/emfoco\/wp-content\/uploads\/2026\/01\/AIAI-11-40-1140x641.jpg 1140w, https:\/\/www.em.com.br\/emfoco\/wp-content\/uploads\/2026\/01\/AIAI-11-40.jpg 1280w\" sizes=\"auto, (max-width: 1024px) 100vw, 1024px\" \/><figcaption class=\"wp-element-caption\">CLT garante f\u00e9rias ap\u00f3s doze meses e imp\u00f5e prazo m\u00e1ximo concessivo<\/figcaption><\/figure>\n\n\n\n<h2 class=\"wp-block-heading\">Quando o valor das f\u00e9rias precisa ser pago em dobro?<\/h2>\n\n\n\n<p>A regra \u00e9 objetiva e est\u00e1 prevista no <strong><a href=\"https:\/\/www.jusbrasil.com.br\/topicos\/10752460\/artigo-137-do-decreto-lei-n-5452-de-01-de-maio-de-1943\" target=\"_blank\" rel=\"noreferrer noopener\">artigo 137 da CLT<\/a><\/strong>. Se o trabalhador ultrapassar o per\u00edodo concessivo sem tirar f\u00e9rias, o empregador perde o direito ao pagamento simples, como detalhado abaixo.<\/p>\n\n\n\n<ul class=\"wp-block-list\">\n<li><strong>F\u00e9rias vencidas<\/strong>: ocorre quando o per\u00edodo concessivo termina sem concess\u00e3o do descanso.<\/li>\n\n\n\n<li><strong>Pagamento em dobro<\/strong>: inclui sal\u00e1rio integral mais o ter\u00e7o constitucional.<\/li>\n\n\n\n<li><strong>Infra\u00e7\u00e3o autom\u00e1tica<\/strong>: n\u00e3o depende de acordo ou negocia\u00e7\u00e3o interna.<\/li>\n<\/ul>\n\n\n\n<h2 class=\"wp-block-heading\">Como \u00e9 calculado o valor extra das f\u00e9rias atrasadas?<\/h2>\n\n\n\n<p>O pagamento em dobro significa duplicar todo o valor das f\u00e9rias, incluindo o <strong>adicional constitucional de um ter\u00e7o<\/strong>. O trabalhador continua descansando 30 dias, mas recebe o equivalente financeiro de duas f\u00e9rias completas.<\/p>\n\n\n\n<p>Na pr\u00e1tica, quem recebe R$ 3.000 teria f\u00e9rias normais de R$ 4.000. Com atraso, o valor devido sobe para R$ 8.000. A puni\u00e7\u00e3o \u00e9 financeira, n\u00e3o afeta o tempo de descanso previsto em lei.<\/p>\n\n\n\n<figure class=\"wp-block-image size-large\"><img loading=\"lazy\" decoding=\"async\" width=\"1024\" height=\"576\" src=\"https:\/\/www.em.com.br\/emfoco\/wp-content\/uploads\/2026\/01\/AIAI-12-35-1024x576.jpg\" alt=\"Trabalhou 12 meses e n\u00e3o tirou f\u00e9rias? Seu patr\u00e3o pode ter que pagar o dobro sem desculpa nem negocia\u00e7\u00e3o\" class=\"wp-image-160430\" srcset=\"https:\/\/www.em.com.br\/emfoco\/wp-content\/uploads\/2026\/01\/AIAI-12-35-1024x576.jpg 1024w, https:\/\/www.em.com.br\/emfoco\/wp-content\/uploads\/2026\/01\/AIAI-12-35-300x169.jpg 300w, https:\/\/www.em.com.br\/emfoco\/wp-content\/uploads\/2026\/01\/AIAI-12-35-768x432.jpg 768w, https:\/\/www.em.com.br\/emfoco\/wp-content\/uploads\/2026\/01\/AIAI-12-35-750x422.jpg 750w, https:\/\/www.em.com.br\/emfoco\/wp-content\/uploads\/2026\/01\/AIAI-12-35-1140x641.jpg 1140w, https:\/\/www.em.com.br\/emfoco\/wp-content\/uploads\/2026\/01\/AIAI-12-35.jpg 1280w\" sizes=\"auto, (max-width: 1024px) 100vw, 1024px\" \/><figcaption class=\"wp-element-caption\">C\u00e1lculo duplica f\u00e9rias integrais incluindo o ter\u00e7o constitucional<\/figcaption><\/figure>\n\n\n\n<p><em>Leia mais: <em><strong><a href=\"https:\/\/www.em.com.br\/emfoco\/2026\/01\/26\/nova-regra-livra-idosos-do-iptu-em-2026-e-quem-nao-correr-pode-perder-essa-chance-de-ouro-entenda-o-passo-a-passo\/\" target=\"_blank\" rel=\"noreferrer noopener\">Nova regra livra idosos do IPTU em 2026 e quem n\u00e3o correr pode perder essa chance de ouro! Entenda o passo a passo<\/a><\/strong><\/em><\/em><\/p>\n\n\n\n<h2 class=\"wp-block-heading\">Por que o pagamento em dobro ficou mais f\u00e1cil de cobrar?<\/h2>\n\n\n\n<p>A integra\u00e7\u00e3o entre eSocial e sistemas do governo ampliou a <strong>fiscaliza\u00e7\u00e3o eletr\u00f4nica<\/strong>. Hoje, o sistema identifica automaticamente f\u00e9rias vencidas quando n\u00e3o h\u00e1 registro de gozo dentro do prazo legal.<\/p>\n\n\n\n<ul class=\"wp-block-list\">\n<li><strong>Alerta autom\u00e1tico<\/strong>: o sistema notifica a empresa sobre a irregularidade.<\/li>\n\n\n\n<li><strong>Risco de multa maior<\/strong>: al\u00e9m da dobra, h\u00e1 penalidade administrativa.<\/li>\n\n\n\n<li><strong>Pagamento espont\u00e2neo<\/strong>: muitas empresas preferem pagar sem a\u00e7\u00e3o judicial.<\/li>\n<\/ul>\n\n\n\n<h2 class=\"wp-block-heading\">O que fazer se a empresa n\u00e3o pagar as f\u00e9rias em dobro?<\/h2>\n\n\n\n<p>O primeiro passo \u00e9 procurar o setor de RH com base no <strong>artigo 137 da CLT<\/strong>, demonstrando conhecimento do direito. Registrar a comunica\u00e7\u00e3o por escrito ajuda a criar prova documental.<\/p>\n\n\n\n<p>Se houver recusa, \u00e9 poss\u00edvel recorrer aos canais oficiais do Minist\u00e9rio do Trabalho. A fiscaliza\u00e7\u00e3o digital tende a confirmar rapidamente a infra\u00e7\u00e3o, tornando o direito praticamente incontest\u00e1vel.<\/p>\n","protected":false},"excerpt":{"rendered":"<p>Se a empresa ultrapassa o per\u00edodo concessivo de 12 meses sem conceder f\u00e9rias, a CLT obriga pagamento em dobro, incluindo 1\/3 constitucional. A fiscaliza\u00e7\u00e3o via eSocial identifica atrasos automaticamente e facilita a cobran\u00e7a do direito. Trabalhar quase um ano sem descanso n\u00e3o \u00e9 s\u00f3 desgaste f\u00edsico, \u00e9 infra\u00e7\u00e3o legal. Quando a empresa ultrapassa o prazo [&hellip;]<\/p>\n","protected":false},"author":13,"featured_media":160428,"comment_status":"open","ping_status":"open","sticky":false,"template":"","format":"standard","meta":{"jnews-multi-image_gallery":[],"jnews_single_post":{"format":"standard"},"jnews_primary_category":[],"jnews_social_meta":[],"jnews_override_counter":[],"footnotes":""},"categories":[28],"tags":[1052,23455,3227],"class_list":["post-160403","post","type-post","status-publish","format-standard","has-post-thumbnail","hentry","category-economia","tag-clt","tag-ferias-atrasadas","tag-fiscalizacao"],"yoast_head":"<!-- This site is optimized with the Yoast SEO plugin v23.8 - https:\/\/yoast.com\/wordpress\/plugins\/seo\/ -->\n<title>Trabalhou 12 meses e n\u00e3o tirou f\u00e9rias? Seu patr\u00e3o pode ter que pagar o dobro sem desculpa nem negocia\u00e7\u00e3o - Estado de Minas - Em foco<\/title>\n<meta name=\"description\" content=\"Se sua empresa atrasou suas f\u00e9rias, ela \u00e9 obrigada a pagar o dobro. A regra est\u00e1 na CLT e o sistema do governo j\u00e1 identifica tudo.\" \/>\n<meta name=\"robots\" content=\"index, follow, max-snippet:-1, max-image-preview:large, max-video-preview:-1\" \/>\n<link rel=\"canonical\" href=\"https:\/\/www.em.com.br\/emfoco\/2026\/01\/28\/trabalhou-12-meses-e-nao-tirou-ferias-seu-patrao-pode-ter-que-pagar-o-dobro-sem-desculpa-nem-negociacao\/\" \/>\n<meta property=\"og:locale\" content=\"pt_BR\" \/>\n<meta property=\"og:type\" content=\"article\" \/>\n<meta property=\"og:title\" content=\"Trabalhou 12 meses e n\u00e3o tirou f\u00e9rias? Seu patr\u00e3o pode ter que pagar o dobro sem desculpa nem negocia\u00e7\u00e3o - Estado de Minas - Em foco\" \/>\n<meta property=\"og:description\" content=\"Se sua empresa atrasou suas f\u00e9rias, ela \u00e9 obrigada a pagar o dobro. A regra est\u00e1 na CLT e o sistema do governo j\u00e1 identifica tudo.\" \/>\n<meta property=\"og:url\" content=\"https:\/\/www.em.com.br\/emfoco\/2026\/01\/28\/trabalhou-12-meses-e-nao-tirou-ferias-seu-patrao-pode-ter-que-pagar-o-dobro-sem-desculpa-nem-negociacao\/\" \/>\n<meta property=\"og:site_name\" content=\"Estado de Minas - Em foco\" \/>\n<meta property=\"article:published_time\" content=\"2026-01-28T17:05:00+00:00\" \/>\n<meta property=\"article:modified_time\" content=\"2026-01-26T21:05:52+00:00\" \/>\n<meta property=\"og:image\" content=\"https:\/\/www.em.com.br\/emfoco\/wp-content\/uploads\/2026\/01\/AIAI-10-44.jpg\" \/>\n\t<meta property=\"og:image:width\" content=\"1280\" \/>\n\t<meta property=\"og:image:height\" content=\"720\" \/>\n\t<meta property=\"og:image:type\" content=\"image\/jpeg\" \/>\n<meta name=\"author\" content=\"Gabriel Martins\" \/>\n<meta name=\"twitter:card\" content=\"summary_large_image\" \/>\n<meta name=\"twitter:label1\" content=\"Escrito por\" \/>\n\t<meta name=\"twitter:data1\" content=\"Gabriel Martins\" \/>\n\t<meta name=\"twitter:label2\" content=\"Est. tempo de leitura\" \/>\n\t<meta name=\"twitter:data2\" content=\"4 minutos\" \/>\n<!-- \/ Yoast SEO plugin. -->","yoast_head_json":{"title":"Trabalhou 12 meses e n\u00e3o tirou f\u00e9rias? Seu patr\u00e3o pode ter que pagar o dobro sem desculpa nem negocia\u00e7\u00e3o - Estado de Minas - Em foco","description":"Se sua empresa atrasou suas f\u00e9rias, ela \u00e9 obrigada a pagar o dobro. A regra est\u00e1 na CLT e o sistema do governo j\u00e1 identifica tudo.","robots":{"index":"index","follow":"follow","max-snippet":"max-snippet:-1","max-image-preview":"max-image-preview:large","max-video-preview":"max-video-preview:-1"},"canonical":"https:\/\/www.em.com.br\/emfoco\/2026\/01\/28\/trabalhou-12-meses-e-nao-tirou-ferias-seu-patrao-pode-ter-que-pagar-o-dobro-sem-desculpa-nem-negociacao\/","og_locale":"pt_BR","og_type":"article","og_title":"Trabalhou 12 meses e n\u00e3o tirou f\u00e9rias? Seu patr\u00e3o pode ter que pagar o dobro sem desculpa nem negocia\u00e7\u00e3o - Estado de Minas - Em foco","og_description":"Se sua empresa atrasou suas f\u00e9rias, ela \u00e9 obrigada a pagar o dobro. A regra est\u00e1 na CLT e o sistema do governo j\u00e1 identifica tudo.","og_url":"https:\/\/www.em.com.br\/emfoco\/2026\/01\/28\/trabalhou-12-meses-e-nao-tirou-ferias-seu-patrao-pode-ter-que-pagar-o-dobro-sem-desculpa-nem-negociacao\/","og_site_name":"Estado de Minas - Em foco","article_published_time":"2026-01-28T17:05:00+00:00","article_modified_time":"2026-01-26T21:05:52+00:00","og_image":[{"width":1280,"height":720,"url":"https:\/\/www.em.com.br\/emfoco\/wp-content\/uploads\/2026\/01\/AIAI-10-44.jpg","type":"image\/jpeg"}],"author":"Gabriel Martins","twitter_card":"summary_large_image","twitter_misc":{"Escrito por":"Gabriel Martins","Est. tempo de leitura":"4 minutos"},"schema":{"@context":"https:\/\/schema.org","@graph":[{"@type":"WebPage","@id":"https:\/\/www.em.com.br\/emfoco\/2026\/01\/28\/trabalhou-12-meses-e-nao-tirou-ferias-seu-patrao-pode-ter-que-pagar-o-dobro-sem-desculpa-nem-negociacao\/","url":"https:\/\/www.em.com.br\/emfoco\/2026\/01\/28\/trabalhou-12-meses-e-nao-tirou-ferias-seu-patrao-pode-ter-que-pagar-o-dobro-sem-desculpa-nem-negociacao\/","name":"Trabalhou 12 meses e n\u00e3o tirou f\u00e9rias? Seu patr\u00e3o pode ter que pagar o dobro sem desculpa nem negocia\u00e7\u00e3o - Estado de Minas - Em foco","isPartOf":{"@id":"https:\/\/www.em.com.br\/emfoco\/#website"},"primaryImageOfPage":{"@id":"https:\/\/www.em.com.br\/emfoco\/2026\/01\/28\/trabalhou-12-meses-e-nao-tirou-ferias-seu-patrao-pode-ter-que-pagar-o-dobro-sem-desculpa-nem-negociacao\/#primaryimage"},"image":{"@id":"https:\/\/www.em.com.br\/emfoco\/2026\/01\/28\/trabalhou-12-meses-e-nao-tirou-ferias-seu-patrao-pode-ter-que-pagar-o-dobro-sem-desculpa-nem-negociacao\/#primaryimage"},"thumbnailUrl":"https:\/\/www.em.com.br\/emfoco\/wp-content\/uploads\/2026\/01\/AIAI-10-44.jpg","datePublished":"2026-01-28T17:05:00+00:00","dateModified":"2026-01-26T21:05:52+00:00","author":{"@id":"https:\/\/www.em.com.br\/emfoco\/#\/schema\/person\/1c9ddeab18b98abeffef834667bcf08a"},"description":"Se sua empresa atrasou suas f\u00e9rias, ela \u00e9 obrigada a pagar o dobro. A regra est\u00e1 na CLT e o sistema do governo j\u00e1 identifica tudo.","breadcrumb":{"@id":"https:\/\/www.em.com.br\/emfoco\/2026\/01\/28\/trabalhou-12-meses-e-nao-tirou-ferias-seu-patrao-pode-ter-que-pagar-o-dobro-sem-desculpa-nem-negociacao\/#breadcrumb"},"inLanguage":"pt-BR","potentialAction":[{"@type":"ReadAction","target":["https:\/\/www.em.com.br\/emfoco\/2026\/01\/28\/trabalhou-12-meses-e-nao-tirou-ferias-seu-patrao-pode-ter-que-pagar-o-dobro-sem-desculpa-nem-negociacao\/"]}]},{"@type":"ImageObject","inLanguage":"pt-BR","@id":"https:\/\/www.em.com.br\/emfoco\/2026\/01\/28\/trabalhou-12-meses-e-nao-tirou-ferias-seu-patrao-pode-ter-que-pagar-o-dobro-sem-desculpa-nem-negociacao\/#primaryimage","url":"https:\/\/www.em.com.br\/emfoco\/wp-content\/uploads\/2026\/01\/AIAI-10-44.jpg","contentUrl":"https:\/\/www.em.com.br\/emfoco\/wp-content\/uploads\/2026\/01\/AIAI-10-44.jpg","width":1280,"height":720,"caption":"Atraso na concess\u00e3o de f\u00e9rias obriga empresa a pagar valor em dobro"},{"@type":"BreadcrumbList","@id":"https:\/\/www.em.com.br\/emfoco\/2026\/01\/28\/trabalhou-12-meses-e-nao-tirou-ferias-seu-patrao-pode-ter-que-pagar-o-dobro-sem-desculpa-nem-negociacao\/#breadcrumb","itemListElement":[{"@type":"ListItem","position":1,"name":"In\u00edcio","item":"https:\/\/www.em.com.br\/emfoco\/"},{"@type":"ListItem","position":2,"name":"Trabalhou 12 meses e n\u00e3o tirou f\u00e9rias? Seu patr\u00e3o pode ter que pagar o dobro sem desculpa nem negocia\u00e7\u00e3o"}]},{"@type":"WebSite","@id":"https:\/\/www.em.com.br\/emfoco\/#website","url":"https:\/\/www.em.com.br\/emfoco\/","name":"Estado de Minas - Em foco","description":"Acompanhe as \u00faltimas not\u00edcias e fique bem informado sobre tudo o que acontece em Minas Gerais, Brasil e no mundo.","potentialAction":[{"@type":"SearchAction","target":{"@type":"EntryPoint","urlTemplate":"https:\/\/www.em.com.br\/emfoco\/?s={search_term_string}"},"query-input":{"@type":"PropertyValueSpecification","valueRequired":true,"valueName":"search_term_string"}}],"inLanguage":"pt-BR"},{"@type":"Person","@id":"https:\/\/www.em.com.br\/emfoco\/#\/schema\/person\/1c9ddeab18b98abeffef834667bcf08a","name":"Gabriel Martins","image":{"@type":"ImageObject","inLanguage":"pt-BR","@id":"https:\/\/www.em.com.br\/emfoco\/#\/schema\/person\/image\/","url":"https:\/\/secure.gravatar.com\/avatar\/f0f1e2efdfd88f1ad2cb08c5c2731e50?s=96&d=mm&r=g","contentUrl":"https:\/\/secure.gravatar.com\/avatar\/f0f1e2efdfd88f1ad2cb08c5c2731e50?s=96&d=mm&r=g","caption":"Gabriel Martins"},"sameAs":["https:\/\/www.em.com.br\/emfoco\/"],"url":"https:\/\/www.em.com.br\/emfoco\/author\/gabrielmartinsmyth\/"}]}},"_links":{"self":[{"href":"https:\/\/www.em.com.br\/emfoco\/wp-json\/wp\/v2\/posts\/160403","targetHints":{"allow":["GET"]}}],"collection":[{"href":"https:\/\/www.em.com.br\/emfoco\/wp-json\/wp\/v2\/posts"}],"about":[{"href":"https:\/\/www.em.com.br\/emfoco\/wp-json\/wp\/v2\/types\/post"}],"author":[{"embeddable":true,"href":"https:\/\/www.em.com.br\/emfoco\/wp-json\/wp\/v2\/users\/13"}],"replies":[{"embeddable":true,"href":"https:\/\/www.em.com.br\/emfoco\/wp-json\/wp\/v2\/comments?post=160403"}],"version-history":[{"count":1,"href":"https:\/\/www.em.com.br\/emfoco\/wp-json\/wp\/v2\/posts\/160403\/revisions"}],"predecessor-version":[{"id":160431,"href":"https:\/\/www.em.com.br\/emfoco\/wp-json\/wp\/v2\/posts\/160403\/revisions\/160431"}],"wp:featuredmedia":[{"embeddable":true,"href":"https:\/\/www.em.com.br\/emfoco\/wp-json\/wp\/v2\/media\/160428"}],"wp:attachment":[{"href":"https:\/\/www.em.com.br\/emfoco\/wp-json\/wp\/v2\/media?parent=160403"}],"wp:term":[{"taxonomy":"category","embeddable":true,"href":"https:\/\/www.em.com.br\/emfoco\/wp-json\/wp\/v2\/categories?post=160403"},{"taxonomy":"post_tag","embeddable":true,"href":"https:\/\/www.em.com.br\/emfoco\/wp-json\/wp\/v2\/tags?post=160403"}],"curies":[{"name":"wp","href":"https:\/\/api.w.org\/{rel}","templated":true}]}}