{"id":160402,"date":"2026-01-28T11:55:00","date_gmt":"2026-01-28T14:55:00","guid":{"rendered":"https:\/\/www.em.com.br\/emfoco\/?p=160402"},"modified":"2026-01-26T18:01:45","modified_gmt":"2026-01-26T21:01:45","slug":"novo-teto-do-inss-em-2026-altera-o-valor-real-do-desconto-e-quem-ganha-acima-do-minimo-vai-sentir-a-diferenca-direto-no-bolso","status":"publish","type":"post","link":"https:\/\/www.em.com.br\/emfoco\/2026\/01\/28\/novo-teto-do-inss-em-2026-altera-o-valor-real-do-desconto-e-quem-ganha-acima-do-minimo-vai-sentir-a-diferenca-direto-no-bolso\/","title":{"rendered":"Novo teto do INSS em 2026 altera o valor real do desconto e quem ganha acima do m\u00ednimo vai sentir a diferen\u00e7a direto no bolso"},"content":{"rendered":"\n<h2 class=\"wp-block-heading\">A tabela do INSS 2026 trouxe teto de R$ 8.475,55 e sal\u00e1rio m\u00ednimo de R$ 1.621. O desconto segue faixas progressivas de 7,5% a 14%, reduzindo a al\u00edquota efetiva e exigindo confer\u00eancia no contracheque.<\/h2>\n\n\n\n<p>A <strong>tabela do INSS 2026<\/strong> entrou em vigor com mudan\u00e7as que impactam diretamente o sal\u00e1rio l\u00edquido. Com novo teto previdenci\u00e1rio e reajuste do sal\u00e1rio m\u00ednimo, entender o c\u00e1lculo progressivo evita erros no contracheque e ajuda no <strong>planejamento financeiro<\/strong> mensal.<\/p>\n\n\n\n<h2 class=\"wp-block-heading\">O que mudou no desconto do INSS em 2026?<\/h2>\n\n\n\n<p>Em 2026, o <strong>teto do INSS<\/strong> foi fixado em R$ 8.475,55, ap\u00f3s reajuste de 3,9% pelo INPC. A corre\u00e7\u00e3o garante a manuten\u00e7\u00e3o do valor real dos benef\u00edcios acima do m\u00ednimo, mas altera o valor descontado de milh\u00f5es de trabalhadores.<\/p>\n\n\n\n<p>O <strong>sal\u00e1rio m\u00ednimo<\/strong> passou para R$ 1.621,00, servindo de base para as faixas iniciais de contribui\u00e7\u00e3o. Esse ajuste influencia diretamente quem recebe at\u00e9 o piso nacional e redefine a distribui\u00e7\u00e3o das al\u00edquotas no c\u00e1lculo mensal.<\/p>\n\n\n\n<p>Confira o v\u00eddeo compartilhado pelo canal do YouTube <strong><a href=\"https:\/\/www.youtube.com\/@ribeirotorbesadvocacia\" target=\"_blank\" rel=\"noreferrer noopener\">Ribeiro Torbes Advocacia<\/a><\/strong> falando sobre os novos descontos do INSS para 2026.<\/p>\n\n\n\n<figure class=\"wp-block-embed is-type-video is-provider-youtube wp-block-embed-youtube wp-embed-aspect-16-9 wp-has-aspect-ratio\"><div class=\"wp-block-embed__wrapper\">\n<div class=\"jeg_video_container jeg_video_content\"><iframe loading=\"lazy\" title=\"NOVO DESCONTO DO INSS: Seu sal\u00e1rio vai DIMINUIR em 2026? (Entenda!)\" width=\"500\" height=\"281\" src=\"https:\/\/www.youtube.com\/embed\/CID_l1ejI9k?feature=oembed\" frameborder=\"0\" allow=\"accelerometer; autoplay; clipboard-write; encrypted-media; gyroscope; picture-in-picture; web-share\" referrerpolicy=\"strict-origin-when-cross-origin\" allowfullscreen><\/iframe><\/div>\n<\/div><\/figure>\n\n\n\n<h2 class=\"wp-block-heading\">Como funcionam as novas faixas de contribui\u00e7\u00e3o do INSS?<\/h2>\n\n\n\n<p>Para trabalhadores do setor privado vinculados ao <strong>RGPS<\/strong>, o desconto segue faixas progressivas aplicadas sobre partes do sal\u00e1rio. O c\u00e1lculo n\u00e3o usa uma al\u00edquota \u00fanica, como muitos pensam, e funciona em formato de escadinha, conforme as faixas abaixo.<\/p>\n\n\n\n<ul class=\"wp-block-list\">\n<li>At\u00e9 R$ 1.621,00: al\u00edquota de 7,5% aplicada somente sobre essa parcela.<\/li>\n\n\n\n<li>De R$ 1.621,01 a R$ 2.800,00: al\u00edquota de 9% aplicada apenas sobre o valor excedente.<\/li>\n\n\n\n<li>De R$ 2.800,01 a R$ 4.200,00: al\u00edquota de 12% sobre a faixa correspondente.<\/li>\n\n\n\n<li>De R$ 4.200,01 at\u00e9 R$ 8.475,55: al\u00edquota de 14% limitada ao teto do INSS.<\/li>\n<\/ul>\n\n\n\n<h2 class=\"wp-block-heading\">Por que o c\u00e1lculo progressivo reduz o desconto real?<\/h2>\n\n\n\n<p>No <strong>c\u00e1lculo progressivo do INSS<\/strong>, cada al\u00edquota incide apenas sobre a parte do sal\u00e1rio dentro de sua faixa. Isso gera uma al\u00edquota efetiva menor do que a m\u00e1xima, reduzindo o impacto final no sal\u00e1rio l\u00edquido mensal.<\/p>\n\n\n\n<p>Um sal\u00e1rio de R$ 4.000, por exemplo, n\u00e3o sofre 12% sobre o total. O desconto oficial em 2026 \u00e9 de R$ 368,60, bem abaixo dos R$ 480 que seriam cobrados em um c\u00e1lculo fixo, garantindo <strong>economia real<\/strong> ao trabalhador.<\/p>\n\n\n\n<figure class=\"wp-block-image size-large\"><img loading=\"lazy\" decoding=\"async\" width=\"1024\" height=\"576\" src=\"https:\/\/www.em.com.br\/emfoco\/wp-content\/uploads\/2026\/01\/AIAI-9-46-1024x576.jpg\" alt=\"Novo teto do INSS em 2026 altera o valor real do desconto e quem ganha acima do m\u00ednimo vai sentir a diferen\u00e7a direto no bolso\" class=\"wp-image-160426\" srcset=\"https:\/\/www.em.com.br\/emfoco\/wp-content\/uploads\/2026\/01\/AIAI-9-46-1024x576.jpg 1024w, https:\/\/www.em.com.br\/emfoco\/wp-content\/uploads\/2026\/01\/AIAI-9-46-300x169.jpg 300w, https:\/\/www.em.com.br\/emfoco\/wp-content\/uploads\/2026\/01\/AIAI-9-46-768x432.jpg 768w, https:\/\/www.em.com.br\/emfoco\/wp-content\/uploads\/2026\/01\/AIAI-9-46-750x422.jpg 750w, https:\/\/www.em.com.br\/emfoco\/wp-content\/uploads\/2026\/01\/AIAI-9-46-1140x641.jpg 1140w, https:\/\/www.em.com.br\/emfoco\/wp-content\/uploads\/2026\/01\/AIAI-9-46.jpg 1280w\" sizes=\"auto, (max-width: 1024px) 100vw, 1024px\" \/><figcaption class=\"wp-element-caption\">C\u00e1lculo progressivo reduz al\u00edquota efetiva e protege o sal\u00e1rio l\u00edquido<\/figcaption><\/figure>\n\n\n\n<p><em>Leia mais: <em><strong><a href=\"https:\/\/www.em.com.br\/emfoco\/2026\/01\/26\/nova-regra-livra-idosos-do-iptu-em-2026-e-quem-nao-correr-pode-perder-essa-chance-de-ouro-entenda-o-passo-a-passo\/\" target=\"_blank\" rel=\"noreferrer noopener\">Nova regra livra idosos do IPTU em 2026 e quem n\u00e3o correr pode perder essa chance de ouro! Entenda o passo a passo<\/a><\/strong><\/em><\/em><\/p>\n\n\n\n<h2 class=\"wp-block-heading\">Como conferir se o desconto do INSS est\u00e1 correto no contracheque?<\/h2>\n\n\n\n<p>Para evitar erros no <strong>desconto previdenci\u00e1rio<\/strong>, o trabalhador deve analisar o contracheque com aten\u00e7\u00e3o. Conferir o c\u00e1lculo garante que o RH aplicou corretamente a progressividade e evita perdas mensais silenciosas, como nos pontos pr\u00e1ticos a seguir.<\/p>\n\n\n\n<ul class=\"wp-block-list\">\n<li>Valor do desconto: deve ser menor que a multiplica\u00e7\u00e3o direta da al\u00edquota m\u00e1xima pelo sal\u00e1rio.<\/li>\n\n\n\n<li>Aplica\u00e7\u00e3o por faixas: cada parte do sal\u00e1rio precisa respeitar a al\u00edquota correspondente.<\/li>\n\n\n\n<li>Limite do teto: sal\u00e1rios altos n\u00e3o podem ter desconto acima de R$ 8.475,55.<\/li>\n<\/ul>\n\n\n\n<h2 class=\"wp-block-heading\">Qual a diferen\u00e7a entre sal\u00e1rio m\u00ednimo e teto do INSS em 2026?<\/h2>\n\n\n\n<p>Enquanto o <strong>sal\u00e1rio m\u00ednimo<\/strong> teve ganho real acima da infla\u00e7\u00e3o, quem recebe acima do piso nacional contou apenas com a corre\u00e7\u00e3o do INPC. Isso faz com que o aumento nominal n\u00e3o represente, necessariamente, maior poder de compra.<\/p>\n\n\n\n<p>Na pr\u00e1tica, trabalhadores pr\u00f3ximos ao <strong>teto previdenci\u00e1rio<\/strong> sentem maior impacto proporcional no desconto mensal. Por isso, compreender essas diferen\u00e7as \u00e9 essencial para ajustar gastos, evitar surpresas e manter o controle financeiro ao longo do ano.<\/p>\n","protected":false},"excerpt":{"rendered":"<p>A tabela do INSS 2026 trouxe teto de R$ 8.475,55 e sal\u00e1rio m\u00ednimo de R$ 1.621. O desconto segue faixas progressivas de 7,5% a 14%, reduzindo a al\u00edquota efetiva e exigindo confer\u00eancia no contracheque. A tabela do INSS 2026 entrou em vigor com mudan\u00e7as que impactam diretamente o sal\u00e1rio l\u00edquido. Com novo teto previdenci\u00e1rio e [&hellip;]<\/p>\n","protected":false},"author":13,"featured_media":160425,"comment_status":"open","ping_status":"open","sticky":false,"template":"","format":"standard","meta":{"jnews-multi-image_gallery":[],"jnews_single_post":{"format":"standard"},"jnews_primary_category":[],"jnews_social_meta":[],"jnews_override_counter":[],"footnotes":""},"categories":[28],"tags":[23454,569,1877,23084],"class_list":["post-160402","post","type-post","status-publish","format-standard","has-post-thumbnail","hentry","category-economia","tag-desconto-do-inss","tag-planejamento-financeiro","tag-salario","tag-teto-do-inss"],"yoast_head":"<!-- This site is optimized with the Yoast SEO plugin v23.8 - https:\/\/yoast.com\/wordpress\/plugins\/seo\/ -->\n<title>Novo teto do INSS em 2026 altera o valor real do desconto e quem ganha acima do m\u00ednimo vai sentir a diferen\u00e7a direto no bolso - Estado de Minas - Em foco<\/title>\n<meta name=\"description\" content=\"A nova tabela do INSS em 2026 muda o valor descontado do seu sal\u00e1rio e entender o c\u00e1lculo evita erro e preju\u00edzo todo m\u00eas.\" \/>\n<meta name=\"robots\" content=\"index, follow, max-snippet:-1, max-image-preview:large, max-video-preview:-1\" \/>\n<link rel=\"canonical\" href=\"https:\/\/www.em.com.br\/emfoco\/2026\/01\/28\/novo-teto-do-inss-em-2026-altera-o-valor-real-do-desconto-e-quem-ganha-acima-do-minimo-vai-sentir-a-diferenca-direto-no-bolso\/\" \/>\n<meta property=\"og:locale\" content=\"pt_BR\" \/>\n<meta property=\"og:type\" content=\"article\" \/>\n<meta property=\"og:title\" content=\"Novo teto do INSS em 2026 altera o valor real do desconto e quem ganha acima do m\u00ednimo vai sentir a diferen\u00e7a direto no bolso - Estado de Minas - Em foco\" \/>\n<meta property=\"og:description\" content=\"A nova tabela do INSS em 2026 muda o valor descontado do seu sal\u00e1rio e entender o c\u00e1lculo evita erro e preju\u00edzo todo m\u00eas.\" \/>\n<meta property=\"og:url\" content=\"https:\/\/www.em.com.br\/emfoco\/2026\/01\/28\/novo-teto-do-inss-em-2026-altera-o-valor-real-do-desconto-e-quem-ganha-acima-do-minimo-vai-sentir-a-diferenca-direto-no-bolso\/\" \/>\n<meta property=\"og:site_name\" content=\"Estado de Minas - Em foco\" \/>\n<meta property=\"article:published_time\" content=\"2026-01-28T14:55:00+00:00\" \/>\n<meta property=\"article:modified_time\" content=\"2026-01-26T21:01:45+00:00\" \/>\n<meta property=\"og:image\" content=\"https:\/\/www.em.com.br\/emfoco\/wp-content\/uploads\/2026\/01\/AIAI-8-48.jpg\" \/>\n\t<meta property=\"og:image:width\" content=\"1280\" \/>\n\t<meta property=\"og:image:height\" content=\"720\" \/>\n\t<meta property=\"og:image:type\" content=\"image\/jpeg\" \/>\n<meta name=\"author\" content=\"Gabriel Martins\" \/>\n<meta name=\"twitter:card\" content=\"summary_large_image\" \/>\n<meta name=\"twitter:label1\" content=\"Escrito por\" \/>\n\t<meta name=\"twitter:data1\" content=\"Gabriel Martins\" \/>\n\t<meta name=\"twitter:label2\" content=\"Est. tempo de leitura\" \/>\n\t<meta name=\"twitter:data2\" content=\"4 minutos\" \/>\n<!-- \/ Yoast SEO plugin. -->","yoast_head_json":{"title":"Novo teto do INSS em 2026 altera o valor real do desconto e quem ganha acima do m\u00ednimo vai sentir a diferen\u00e7a direto no bolso - Estado de Minas - Em foco","description":"A nova tabela do INSS em 2026 muda o valor descontado do seu sal\u00e1rio e entender o c\u00e1lculo evita erro e preju\u00edzo todo m\u00eas.","robots":{"index":"index","follow":"follow","max-snippet":"max-snippet:-1","max-image-preview":"max-image-preview:large","max-video-preview":"max-video-preview:-1"},"canonical":"https:\/\/www.em.com.br\/emfoco\/2026\/01\/28\/novo-teto-do-inss-em-2026-altera-o-valor-real-do-desconto-e-quem-ganha-acima-do-minimo-vai-sentir-a-diferenca-direto-no-bolso\/","og_locale":"pt_BR","og_type":"article","og_title":"Novo teto do INSS em 2026 altera o valor real do desconto e quem ganha acima do m\u00ednimo vai sentir a diferen\u00e7a direto no bolso - Estado de Minas - Em foco","og_description":"A nova tabela do INSS em 2026 muda o valor descontado do seu sal\u00e1rio e entender o c\u00e1lculo evita erro e preju\u00edzo todo m\u00eas.","og_url":"https:\/\/www.em.com.br\/emfoco\/2026\/01\/28\/novo-teto-do-inss-em-2026-altera-o-valor-real-do-desconto-e-quem-ganha-acima-do-minimo-vai-sentir-a-diferenca-direto-no-bolso\/","og_site_name":"Estado de Minas - Em foco","article_published_time":"2026-01-28T14:55:00+00:00","article_modified_time":"2026-01-26T21:01:45+00:00","og_image":[{"width":1280,"height":720,"url":"https:\/\/www.em.com.br\/emfoco\/wp-content\/uploads\/2026\/01\/AIAI-8-48.jpg","type":"image\/jpeg"}],"author":"Gabriel Martins","twitter_card":"summary_large_image","twitter_misc":{"Escrito por":"Gabriel Martins","Est. tempo de leitura":"4 minutos"},"schema":{"@context":"https:\/\/schema.org","@graph":[{"@type":"WebPage","@id":"https:\/\/www.em.com.br\/emfoco\/2026\/01\/28\/novo-teto-do-inss-em-2026-altera-o-valor-real-do-desconto-e-quem-ganha-acima-do-minimo-vai-sentir-a-diferenca-direto-no-bolso\/","url":"https:\/\/www.em.com.br\/emfoco\/2026\/01\/28\/novo-teto-do-inss-em-2026-altera-o-valor-real-do-desconto-e-quem-ganha-acima-do-minimo-vai-sentir-a-diferenca-direto-no-bolso\/","name":"Novo teto do INSS em 2026 altera o valor real do desconto e quem ganha acima do m\u00ednimo vai sentir a diferen\u00e7a direto no bolso - Estado de Minas - Em foco","isPartOf":{"@id":"https:\/\/www.em.com.br\/emfoco\/#website"},"primaryImageOfPage":{"@id":"https:\/\/www.em.com.br\/emfoco\/2026\/01\/28\/novo-teto-do-inss-em-2026-altera-o-valor-real-do-desconto-e-quem-ganha-acima-do-minimo-vai-sentir-a-diferenca-direto-no-bolso\/#primaryimage"},"image":{"@id":"https:\/\/www.em.com.br\/emfoco\/2026\/01\/28\/novo-teto-do-inss-em-2026-altera-o-valor-real-do-desconto-e-quem-ganha-acima-do-minimo-vai-sentir-a-diferenca-direto-no-bolso\/#primaryimage"},"thumbnailUrl":"https:\/\/www.em.com.br\/emfoco\/wp-content\/uploads\/2026\/01\/AIAI-8-48.jpg","datePublished":"2026-01-28T14:55:00+00:00","dateModified":"2026-01-26T21:01:45+00:00","author":{"@id":"https:\/\/www.em.com.br\/emfoco\/#\/schema\/person\/1c9ddeab18b98abeffef834667bcf08a"},"description":"A nova tabela do INSS em 2026 muda o valor descontado do seu sal\u00e1rio e entender o c\u00e1lculo evita erro e preju\u00edzo todo m\u00eas.","breadcrumb":{"@id":"https:\/\/www.em.com.br\/emfoco\/2026\/01\/28\/novo-teto-do-inss-em-2026-altera-o-valor-real-do-desconto-e-quem-ganha-acima-do-minimo-vai-sentir-a-diferenca-direto-no-bolso\/#breadcrumb"},"inLanguage":"pt-BR","potentialAction":[{"@type":"ReadAction","target":["https:\/\/www.em.com.br\/emfoco\/2026\/01\/28\/novo-teto-do-inss-em-2026-altera-o-valor-real-do-desconto-e-quem-ganha-acima-do-minimo-vai-sentir-a-diferenca-direto-no-bolso\/"]}]},{"@type":"ImageObject","inLanguage":"pt-BR","@id":"https:\/\/www.em.com.br\/emfoco\/2026\/01\/28\/novo-teto-do-inss-em-2026-altera-o-valor-real-do-desconto-e-quem-ganha-acima-do-minimo-vai-sentir-a-diferenca-direto-no-bolso\/#primaryimage","url":"https:\/\/www.em.com.br\/emfoco\/wp-content\/uploads\/2026\/01\/AIAI-8-48.jpg","contentUrl":"https:\/\/www.em.com.br\/emfoco\/wp-content\/uploads\/2026\/01\/AIAI-8-48.jpg","width":1280,"height":720,"caption":"Tabela do INSS 2026 altera descontos e impacta sal\u00e1rio l\u00edquido mensal"},{"@type":"BreadcrumbList","@id":"https:\/\/www.em.com.br\/emfoco\/2026\/01\/28\/novo-teto-do-inss-em-2026-altera-o-valor-real-do-desconto-e-quem-ganha-acima-do-minimo-vai-sentir-a-diferenca-direto-no-bolso\/#breadcrumb","itemListElement":[{"@type":"ListItem","position":1,"name":"In\u00edcio","item":"https:\/\/www.em.com.br\/emfoco\/"},{"@type":"ListItem","position":2,"name":"Novo teto do INSS em 2026 altera o valor real do desconto e quem ganha acima do m\u00ednimo vai sentir a diferen\u00e7a direto no bolso"}]},{"@type":"WebSite","@id":"https:\/\/www.em.com.br\/emfoco\/#website","url":"https:\/\/www.em.com.br\/emfoco\/","name":"Estado de Minas - Em foco","description":"Acompanhe as \u00faltimas not\u00edcias e fique bem informado sobre tudo o que acontece em Minas Gerais, Brasil e no mundo.","potentialAction":[{"@type":"SearchAction","target":{"@type":"EntryPoint","urlTemplate":"https:\/\/www.em.com.br\/emfoco\/?s={search_term_string}"},"query-input":{"@type":"PropertyValueSpecification","valueRequired":true,"valueName":"search_term_string"}}],"inLanguage":"pt-BR"},{"@type":"Person","@id":"https:\/\/www.em.com.br\/emfoco\/#\/schema\/person\/1c9ddeab18b98abeffef834667bcf08a","name":"Gabriel Martins","image":{"@type":"ImageObject","inLanguage":"pt-BR","@id":"https:\/\/www.em.com.br\/emfoco\/#\/schema\/person\/image\/","url":"https:\/\/secure.gravatar.com\/avatar\/f0f1e2efdfd88f1ad2cb08c5c2731e50?s=96&d=mm&r=g","contentUrl":"https:\/\/secure.gravatar.com\/avatar\/f0f1e2efdfd88f1ad2cb08c5c2731e50?s=96&d=mm&r=g","caption":"Gabriel Martins"},"sameAs":["https:\/\/www.em.com.br\/emfoco\/"],"url":"https:\/\/www.em.com.br\/emfoco\/author\/gabrielmartinsmyth\/"}]}},"_links":{"self":[{"href":"https:\/\/www.em.com.br\/emfoco\/wp-json\/wp\/v2\/posts\/160402","targetHints":{"allow":["GET"]}}],"collection":[{"href":"https:\/\/www.em.com.br\/emfoco\/wp-json\/wp\/v2\/posts"}],"about":[{"href":"https:\/\/www.em.com.br\/emfoco\/wp-json\/wp\/v2\/types\/post"}],"author":[{"embeddable":true,"href":"https:\/\/www.em.com.br\/emfoco\/wp-json\/wp\/v2\/users\/13"}],"replies":[{"embeddable":true,"href":"https:\/\/www.em.com.br\/emfoco\/wp-json\/wp\/v2\/comments?post=160402"}],"version-history":[{"count":1,"href":"https:\/\/www.em.com.br\/emfoco\/wp-json\/wp\/v2\/posts\/160402\/revisions"}],"predecessor-version":[{"id":160427,"href":"https:\/\/www.em.com.br\/emfoco\/wp-json\/wp\/v2\/posts\/160402\/revisions\/160427"}],"wp:featuredmedia":[{"embeddable":true,"href":"https:\/\/www.em.com.br\/emfoco\/wp-json\/wp\/v2\/media\/160425"}],"wp:attachment":[{"href":"https:\/\/www.em.com.br\/emfoco\/wp-json\/wp\/v2\/media?parent=160402"}],"wp:term":[{"taxonomy":"category","embeddable":true,"href":"https:\/\/www.em.com.br\/emfoco\/wp-json\/wp\/v2\/categories?post=160402"},{"taxonomy":"post_tag","embeddable":true,"href":"https:\/\/www.em.com.br\/emfoco\/wp-json\/wp\/v2\/tags?post=160402"}],"curies":[{"name":"wp","href":"https:\/\/api.w.org\/{rel}","templated":true}]}}