{"id":160390,"date":"2026-01-26T18:30:00","date_gmt":"2026-01-26T21:30:00","guid":{"rendered":"https:\/\/www.em.com.br\/emfoco\/?p=160390"},"modified":"2026-01-26T16:00:59","modified_gmt":"2026-01-26T19:00:59","slug":"ar-condicionado-nao-esta-refrigerando-como-deveria-o-problema-pode-nao-estar-nos-filtros","status":"publish","type":"post","link":"https:\/\/www.em.com.br\/emfoco\/2026\/01\/26\/ar-condicionado-nao-esta-refrigerando-como-deveria-o-problema-pode-nao-estar-nos-filtros\/","title":{"rendered":"Ar-condicionado n\u00e3o est\u00e1 refrigerando como deveria: o problema pode n\u00e3o estar nos filtros"},"content":{"rendered":"\n<p>Em muitos lares ainda persiste a ideia de que programar o ar condicionado em 18\u202f\u00b0C faz o ambiente esfriar mais r\u00e1pido, quando na verdade o que define o conforto t\u00e9rmico \u00e9 o equil\u00edbrio entre temperatura ajustada, isolamento do im\u00f3vel, veda\u00e7\u00e3o de portas e janelas e uso inteligente do equipamento; em geral, manter o ar entre&nbsp;<strong>24\u202f\u00b0C e 26\u202f\u00b0C<\/strong>&nbsp;j\u00e1 garante um clima agrad\u00e1vel para a maior parte das pessoas, com menos gasto de energia e menor desgaste do aparelho.<\/p>\n\n\n\n<h2 class=\"wp-block-heading\">Como conservar melhor o ar frio do ambiente<\/h2>\n\n\n\n<p>Quando o aparelho parece \u201cn\u00e3o dar conta\u201d, mesmo ap\u00f3s a limpeza dos filtros e regulagem no m\u00ednimo, o problema costuma estar menos na gera\u00e7\u00e3o de frio e mais na&nbsp;<strong>capacidade de conservar o ar refrigerado<\/strong>. O ar condicionado trabalha, consome energia, mas o frio se perde rapidamente por frestas, janelas mal vedadas e intensa entrada de sol, fazendo o ambiente esquentar de novo em poucos minutos.<\/p>\n\n\n\n<p>Nesses casos, o desafio n\u00e3o \u00e9 tanto fazer o equipamento gelar mais, e sim evitar que o ambiente ganhe calor de novo com a mesma rapidez. Um ambiente bem vedado permite que o equipamento atinja a temperatura desejada em menos tempo e com menor esfor\u00e7o, reduzindo ru\u00eddos, ciclos excessivos de liga e desliga e custo na conta de luz.<\/p>\n\n\n\n<figure class=\"wp-block-image\"><img decoding=\"async\" src=\"https:\/\/www.em.com.br\/emfoco\/wp-content\/uploads\/2025\/05\/ar-condicionado_1746638773845-1024x576.jpg\" alt=\"\"\/><figcaption class=\"wp-element-caption\">Limpando ar condicionado &#8211; Cr\u00e9ditos: depositphotos.com \/ VadimVasenin<\/figcaption><\/figure>\n\n\n\n<h2 class=\"wp-block-heading\">Como melhorar a veda\u00e7\u00e3o do im\u00f3vel para o ar condicionado<\/h2>\n\n\n\n<p>Para quem busca saber&nbsp;<strong>como fazer o ar condicionado esfriar mais r\u00e1pido<\/strong>, o primeiro passo \u00e9 olhar para o im\u00f3vel, n\u00e3o apenas para o aparelho. Frestas em portas, janelas, caixas de persiana e passagens de dutos funcionam como \u201cportas de sa\u00edda\u201d para o ar frio e \u201cportas de entrada\u201d para o ar quente de fora, prejudicando todo o desempenho.<\/p>\n\n\n\n<p>Em constru\u00e7\u00f5es com esquadrias antigas ou v\u00e3os entre batentes, o ar condicionado precisa trabalhar por mais tempo para compensar essa troca constante. \u00c9 por isso que a recomenda\u00e7\u00e3o t\u00e9cnica \u00e9 combinar a regulagem adequada do termostato com medidas simples de isolamento, evitando que a temperatura interna oscile o tempo todo.<\/p>\n\n\n\n<h2 class=\"wp-block-heading\">Quais materiais ajudam a isolar e conservar o ar frio<\/h2>\n\n\n\n<p>Uma estrat\u00e9gia eficiente para conservar o frio \u00e9 o uso de&nbsp;<strong>materiais isolantes t\u00e9rmicos<\/strong>&nbsp;em pontos cr\u00edticos do im\u00f3vel, reduzindo a transfer\u00eancia de calor das \u00e1reas externas para o interior. Entre as op\u00e7\u00f5es mais comuns est\u00e3o o poliestireno expandido (isopor ou Telgopor), a l\u00e3 de vidro e tintas com propriedades refletivas ou isolantes aplicadas em \u00e1reas expostas ao sol.<\/p>\n\n\n\n<p>Esses recursos refor\u00e7am a veda\u00e7\u00e3o e complementam o trabalho do ar condicionado, permitindo que ele opere em ciclos de descanso e economize energia. Na pr\u00e1tica, quanto menor a troca de calor com o lado de fora, mais tempo o ar refrigerado permanece no ambiente, o que pode ser alcan\u00e7ado com medidas como:<\/p>\n\n\n\n<ul class=\"wp-block-list\">\n<li>Preenchimento de v\u00e3os em caixas de persiana com placas de poliestireno;<\/li>\n\n\n\n<li>Aplica\u00e7\u00e3o de l\u00e3 de vidro em forros, especialmente em coberturas expostas ao sol;<\/li>\n\n\n\n<li>Uso de tintas t\u00e9rmicas claras em paredes externas e telhados;<\/li>\n\n\n\n<li>Veda\u00e7\u00e3o de frestas com borrachas de porta, espumas e selantes espec\u00edficos.<\/li>\n<\/ul>\n\n\n\n<figure class=\"wp-block-image size-large\"><img loading=\"lazy\" decoding=\"async\" width=\"1024\" height=\"576\" src=\"https:\/\/www.em.com.br\/emfoco\/wp-content\/uploads\/2026\/01\/Gemini_Generated_Image_9l7rc09l7rc09l7r-1-1024x576.png\" alt=\"Conforto t\u00e9rmico depende de veda\u00e7\u00e3o\" class=\"wp-image-160393\" srcset=\"https:\/\/www.em.com.br\/emfoco\/wp-content\/uploads\/2026\/01\/Gemini_Generated_Image_9l7rc09l7rc09l7r-1-1024x576.png 1024w, https:\/\/www.em.com.br\/emfoco\/wp-content\/uploads\/2026\/01\/Gemini_Generated_Image_9l7rc09l7rc09l7r-1-300x169.png 300w, https:\/\/www.em.com.br\/emfoco\/wp-content\/uploads\/2026\/01\/Gemini_Generated_Image_9l7rc09l7rc09l7r-1-768x432.png 768w, https:\/\/www.em.com.br\/emfoco\/wp-content\/uploads\/2026\/01\/Gemini_Generated_Image_9l7rc09l7rc09l7r-1-750x422.png 750w, https:\/\/www.em.com.br\/emfoco\/wp-content\/uploads\/2026\/01\/Gemini_Generated_Image_9l7rc09l7rc09l7r-1-1140x641.png 1140w, https:\/\/www.em.com.br\/emfoco\/wp-content\/uploads\/2026\/01\/Gemini_Generated_Image_9l7rc09l7rc09l7r-1.png 1280w\" sizes=\"auto, (max-width: 1024px) 100vw, 1024px\" \/><figcaption class=\"wp-element-caption\">Conforto t\u00e9rmico depende de veda\u00e7\u00e3o<\/figcaption><\/figure>\n\n\n\n<h2 class=\"wp-block-heading\">Como bloquear a entrada de sol para ajudar o ar condicionado<\/h2>\n\n\n\n<p>Outro ponto decisivo para o bom desempenho do ar condicionado \u00e9 o&nbsp;<strong>controle da entrada de radia\u00e7\u00e3o solar<\/strong>. Em dias de forte insola\u00e7\u00e3o, a luz que atravessa vidros e janelas transforma-se em calor, elevando rapidamente a temperatura interna e exigindo que o aparelho remova muito mais energia do ambiente.<\/p>\n\n\n\n<p>Por isso, recomenda-se que janelas voltadas para fachadas ensolaradas contem com bloqueios adequados, como cortinas tipo blackout, persianas com l\u00e2minas ajust\u00e1veis, pel\u00edculas refletivas nos vidros ou brises e toldos externos, que barram o sol antes que atinja diretamente a superf\u00edcie de vidro.<\/p>\n\n\n\n<h2 class=\"wp-block-heading\">Como ajustar a temperatura do ar condicionado com efici\u00eancia<\/h2>\n\n\n\n<p>Na pr\u00e1tica, manter o controle remoto sempre no m\u00ednimo n\u00e3o significa mais rapidez no resfriamento, pois em muitos modelos o compressor trabalha na mesma pot\u00eancia at\u00e9 atingir a temperatura programada. Ajustar o ar condicionado entre&nbsp;<strong>24\u202f\u00b0C e 26\u202f\u00b0C<\/strong>&nbsp;costuma ser suficiente para garantir conforto, evitar choques t\u00e9rmicos e reduzir o desgaste dos componentes internos.<\/p>\n\n\n\n<p>Agora \u00e9 o momento de agir: revise a veda\u00e7\u00e3o, bloqueie a entrada de sol e atualize seus h\u00e1bitos de uso para sentir a diferen\u00e7a na temperatura e na conta de luz j\u00e1 nos pr\u00f3ximos dias. N\u00e3o espere o pr\u00f3ximo pico de calor para tomar provid\u00eancias; quanto antes voc\u00ea adaptar o ambiente e ajustar o termostato de forma inteligente, mais r\u00e1pido o ar condicionado vai entregar o conforto que voc\u00ea precisa.<\/p>\n","protected":false},"excerpt":{"rendered":"<p>Em muitos lares ainda persiste a ideia de que programar o ar condicionado em 18\u202f\u00b0C faz o ambiente esfriar mais r\u00e1pido, quando na verdade o que define o conforto t\u00e9rmico \u00e9 o equil\u00edbrio entre temperatura ajustada, isolamento do im\u00f3vel, veda\u00e7\u00e3o de portas e janelas e uso inteligente do equipamento; em geral, manter o ar entre&nbsp;24\u202f\u00b0C [&hellip;]<\/p>\n","protected":false},"author":11,"featured_media":160394,"comment_status":"open","ping_status":"open","sticky":false,"template":"","format":"standard","meta":{"jnews-multi-image_gallery":[],"jnews_single_post":{"format":"standard"},"jnews_primary_category":[],"jnews_social_meta":[],"jnews_override_counter":[],"footnotes":""},"categories":[8819,1],"tags":[6942,6944,160,5498,23450,13619],"class_list":["post-160390","post","type-post","status-publish","format-standard","has-post-thumbnail","hentry","category-curiosidades","category-noticias","tag-ar-condicionado","tag-conforto-termico","tag-economia","tag-economizar-energia","tag-esfriar-melhor","tag-temperatura-ideal"],"yoast_head":"<!-- This site is optimized with the Yoast SEO plugin v23.8 - https:\/\/yoast.com\/wordpress\/plugins\/seo\/ -->\n<title>Ar-condicionado n\u00e3o est\u00e1 refrigerando como deveria: o problema pode n\u00e3o estar nos filtros - Estado de Minas - Em foco<\/title>\n<meta name=\"description\" content=\"O ar-condicionado pode gastar mais sem esfriar melhor. Entenda a temperatura ideal e como conservar o ar frio no ambiente.\" \/>\n<meta name=\"robots\" content=\"index, follow, max-snippet:-1, max-image-preview:large, max-video-preview:-1\" \/>\n<link rel=\"canonical\" href=\"https:\/\/www.em.com.br\/emfoco\/2026\/01\/26\/ar-condicionado-nao-esta-refrigerando-como-deveria-o-problema-pode-nao-estar-nos-filtros\/\" \/>\n<meta property=\"og:locale\" content=\"pt_BR\" \/>\n<meta property=\"og:type\" content=\"article\" \/>\n<meta property=\"og:title\" content=\"Ar-condicionado n\u00e3o est\u00e1 refrigerando como deveria: o problema pode n\u00e3o estar nos filtros - Estado de Minas - Em foco\" \/>\n<meta property=\"og:description\" content=\"O ar-condicionado pode gastar mais sem esfriar melhor. Entenda a temperatura ideal e como conservar o ar frio no ambiente.\" \/>\n<meta property=\"og:url\" content=\"https:\/\/www.em.com.br\/emfoco\/2026\/01\/26\/ar-condicionado-nao-esta-refrigerando-como-deveria-o-problema-pode-nao-estar-nos-filtros\/\" \/>\n<meta property=\"og:site_name\" content=\"Estado de Minas - Em foco\" \/>\n<meta property=\"article:published_time\" content=\"2026-01-26T21:30:00+00:00\" \/>\n<meta property=\"article:modified_time\" content=\"2026-01-26T19:00:59+00:00\" \/>\n<meta property=\"og:image\" content=\"https:\/\/www.em.com.br\/emfoco\/wp-content\/uploads\/2026\/01\/ChatGPT-Image-26-de-jan.-de-2026-15_55_53-1.png\" \/>\n\t<meta property=\"og:image:width\" content=\"1280\" \/>\n\t<meta property=\"og:image:height\" content=\"720\" \/>\n\t<meta property=\"og:image:type\" content=\"image\/png\" \/>\n<meta name=\"author\" content=\"Andre\u0301 Rangel\u00a0\" \/>\n<meta name=\"twitter:card\" content=\"summary_large_image\" \/>\n<meta name=\"twitter:label1\" content=\"Escrito por\" \/>\n\t<meta name=\"twitter:data1\" content=\"Andre\u0301 Rangel\u00a0\" \/>\n\t<meta name=\"twitter:label2\" content=\"Est. tempo de leitura\" \/>\n\t<meta name=\"twitter:data2\" content=\"5 minutos\" \/>\n<!-- \/ Yoast SEO plugin. -->","yoast_head_json":{"title":"Ar-condicionado n\u00e3o est\u00e1 refrigerando como deveria: o problema pode n\u00e3o estar nos filtros - Estado de Minas - Em foco","description":"O ar-condicionado pode gastar mais sem esfriar melhor. Entenda a temperatura ideal e como conservar o ar frio no ambiente.","robots":{"index":"index","follow":"follow","max-snippet":"max-snippet:-1","max-image-preview":"max-image-preview:large","max-video-preview":"max-video-preview:-1"},"canonical":"https:\/\/www.em.com.br\/emfoco\/2026\/01\/26\/ar-condicionado-nao-esta-refrigerando-como-deveria-o-problema-pode-nao-estar-nos-filtros\/","og_locale":"pt_BR","og_type":"article","og_title":"Ar-condicionado n\u00e3o est\u00e1 refrigerando como deveria: o problema pode n\u00e3o estar nos filtros - Estado de Minas - Em foco","og_description":"O ar-condicionado pode gastar mais sem esfriar melhor. Entenda a temperatura ideal e como conservar o ar frio no ambiente.","og_url":"https:\/\/www.em.com.br\/emfoco\/2026\/01\/26\/ar-condicionado-nao-esta-refrigerando-como-deveria-o-problema-pode-nao-estar-nos-filtros\/","og_site_name":"Estado de Minas - Em foco","article_published_time":"2026-01-26T21:30:00+00:00","article_modified_time":"2026-01-26T19:00:59+00:00","og_image":[{"width":1280,"height":720,"url":"https:\/\/www.em.com.br\/emfoco\/wp-content\/uploads\/2026\/01\/ChatGPT-Image-26-de-jan.-de-2026-15_55_53-1.png","type":"image\/png"}],"author":"Andre\u0301 Rangel\u00a0","twitter_card":"summary_large_image","twitter_misc":{"Escrito por":"Andre\u0301 Rangel\u00a0","Est. tempo de leitura":"5 minutos"},"schema":{"@context":"https:\/\/schema.org","@graph":[{"@type":"WebPage","@id":"https:\/\/www.em.com.br\/emfoco\/2026\/01\/26\/ar-condicionado-nao-esta-refrigerando-como-deveria-o-problema-pode-nao-estar-nos-filtros\/","url":"https:\/\/www.em.com.br\/emfoco\/2026\/01\/26\/ar-condicionado-nao-esta-refrigerando-como-deveria-o-problema-pode-nao-estar-nos-filtros\/","name":"Ar-condicionado n\u00e3o est\u00e1 refrigerando como deveria: o problema pode n\u00e3o estar nos filtros - Estado de Minas - Em foco","isPartOf":{"@id":"https:\/\/www.em.com.br\/emfoco\/#website"},"primaryImageOfPage":{"@id":"https:\/\/www.em.com.br\/emfoco\/2026\/01\/26\/ar-condicionado-nao-esta-refrigerando-como-deveria-o-problema-pode-nao-estar-nos-filtros\/#primaryimage"},"image":{"@id":"https:\/\/www.em.com.br\/emfoco\/2026\/01\/26\/ar-condicionado-nao-esta-refrigerando-como-deveria-o-problema-pode-nao-estar-nos-filtros\/#primaryimage"},"thumbnailUrl":"https:\/\/www.em.com.br\/emfoco\/wp-content\/uploads\/2026\/01\/ChatGPT-Image-26-de-jan.-de-2026-15_55_53-1.png","datePublished":"2026-01-26T21:30:00+00:00","dateModified":"2026-01-26T19:00:59+00:00","author":{"@id":"https:\/\/www.em.com.br\/emfoco\/#\/schema\/person\/60eda09c1fedf0d6891f4cef4b60b8b8"},"description":"O ar-condicionado pode gastar mais sem esfriar melhor. Entenda a temperatura ideal e como conservar o ar frio no ambiente.","breadcrumb":{"@id":"https:\/\/www.em.com.br\/emfoco\/2026\/01\/26\/ar-condicionado-nao-esta-refrigerando-como-deveria-o-problema-pode-nao-estar-nos-filtros\/#breadcrumb"},"inLanguage":"pt-BR","potentialAction":[{"@type":"ReadAction","target":["https:\/\/www.em.com.br\/emfoco\/2026\/01\/26\/ar-condicionado-nao-esta-refrigerando-como-deveria-o-problema-pode-nao-estar-nos-filtros\/"]}]},{"@type":"ImageObject","inLanguage":"pt-BR","@id":"https:\/\/www.em.com.br\/emfoco\/2026\/01\/26\/ar-condicionado-nao-esta-refrigerando-como-deveria-o-problema-pode-nao-estar-nos-filtros\/#primaryimage","url":"https:\/\/www.em.com.br\/emfoco\/wp-content\/uploads\/2026\/01\/ChatGPT-Image-26-de-jan.-de-2026-15_55_53-1.png","contentUrl":"https:\/\/www.em.com.br\/emfoco\/wp-content\/uploads\/2026\/01\/ChatGPT-Image-26-de-jan.-de-2026-15_55_53-1.png","width":1280,"height":720,"caption":"Conforto t\u00e9rmico depende de veda\u00e7\u00e3o"},{"@type":"BreadcrumbList","@id":"https:\/\/www.em.com.br\/emfoco\/2026\/01\/26\/ar-condicionado-nao-esta-refrigerando-como-deveria-o-problema-pode-nao-estar-nos-filtros\/#breadcrumb","itemListElement":[{"@type":"ListItem","position":1,"name":"In\u00edcio","item":"https:\/\/www.em.com.br\/emfoco\/"},{"@type":"ListItem","position":2,"name":"Ar-condicionado n\u00e3o est\u00e1 refrigerando como deveria: o problema pode n\u00e3o estar nos filtros"}]},{"@type":"WebSite","@id":"https:\/\/www.em.com.br\/emfoco\/#website","url":"https:\/\/www.em.com.br\/emfoco\/","name":"Estado de Minas - Em foco","description":"Acompanhe as \u00faltimas not\u00edcias e fique bem informado sobre tudo o que acontece em Minas Gerais, Brasil e no mundo.","potentialAction":[{"@type":"SearchAction","target":{"@type":"EntryPoint","urlTemplate":"https:\/\/www.em.com.br\/emfoco\/?s={search_term_string}"},"query-input":{"@type":"PropertyValueSpecification","valueRequired":true,"valueName":"search_term_string"}}],"inLanguage":"pt-BR"},{"@type":"Person","@id":"https:\/\/www.em.com.br\/emfoco\/#\/schema\/person\/60eda09c1fedf0d6891f4cef4b60b8b8","name":"Andre\u0301 Rangel\u00a0","image":{"@type":"ImageObject","inLanguage":"pt-BR","@id":"https:\/\/www.em.com.br\/emfoco\/#\/schema\/person\/image\/","url":"https:\/\/secure.gravatar.com\/avatar\/6234dc814c77c8ef6d8bba622c787efc?s=96&d=mm&r=g","contentUrl":"https:\/\/secure.gravatar.com\/avatar\/6234dc814c77c8ef6d8bba622c787efc?s=96&d=mm&r=g","caption":"Andre\u0301 Rangel\u00a0"},"url":"https:\/\/www.em.com.br\/emfoco\/author\/luizmyth\/"}]}},"_links":{"self":[{"href":"https:\/\/www.em.com.br\/emfoco\/wp-json\/wp\/v2\/posts\/160390","targetHints":{"allow":["GET"]}}],"collection":[{"href":"https:\/\/www.em.com.br\/emfoco\/wp-json\/wp\/v2\/posts"}],"about":[{"href":"https:\/\/www.em.com.br\/emfoco\/wp-json\/wp\/v2\/types\/post"}],"author":[{"embeddable":true,"href":"https:\/\/www.em.com.br\/emfoco\/wp-json\/wp\/v2\/users\/11"}],"replies":[{"embeddable":true,"href":"https:\/\/www.em.com.br\/emfoco\/wp-json\/wp\/v2\/comments?post=160390"}],"version-history":[{"count":2,"href":"https:\/\/www.em.com.br\/emfoco\/wp-json\/wp\/v2\/posts\/160390\/revisions"}],"predecessor-version":[{"id":160395,"href":"https:\/\/www.em.com.br\/emfoco\/wp-json\/wp\/v2\/posts\/160390\/revisions\/160395"}],"wp:featuredmedia":[{"embeddable":true,"href":"https:\/\/www.em.com.br\/emfoco\/wp-json\/wp\/v2\/media\/160394"}],"wp:attachment":[{"href":"https:\/\/www.em.com.br\/emfoco\/wp-json\/wp\/v2\/media?parent=160390"}],"wp:term":[{"taxonomy":"category","embeddable":true,"href":"https:\/\/www.em.com.br\/emfoco\/wp-json\/wp\/v2\/categories?post=160390"},{"taxonomy":"post_tag","embeddable":true,"href":"https:\/\/www.em.com.br\/emfoco\/wp-json\/wp\/v2\/tags?post=160390"}],"curies":[{"name":"wp","href":"https:\/\/api.w.org\/{rel}","templated":true}]}}