{"id":160303,"date":"2026-01-27T13:45:00","date_gmt":"2026-01-27T16:45:00","guid":{"rendered":"https:\/\/www.em.com.br\/emfoco\/?p=160303"},"modified":"2026-01-26T18:57:20","modified_gmt":"2026-01-26T21:57:20","slug":"uma-conhecida-rede-de-lojas-de-eletrodomesticos-enfrentava-dificuldades-financeiras-e-30-filiais-fecharam-as-portas","status":"publish","type":"post","link":"https:\/\/www.em.com.br\/emfoco\/2026\/01\/27\/uma-conhecida-rede-de-lojas-de-eletrodomesticos-enfrentava-dificuldades-financeiras-e-30-filiais-fecharam-as-portas\/","title":{"rendered":"Uma conhecida\u00a0rede de lojas de eletrodom\u00e9sticos enfrentava\u00a0dificuldades\u00a0financeiras e 30 filiais fecharam as portas"},"content":{"rendered":"\n<p>O encerramento repentino de uma conhecida rede de eletrodom\u00e9sticos e produtos tecnol\u00f3gicos, identificada no mercado como&nbsp;<strong>Star_<\/strong>, chamou a aten\u00e7\u00e3o do varejo ao anunciar o fechamento definitivo de todas as suas lojas f\u00edsicas no pa\u00eds, alegando \u201cmotivos de for\u00e7a maior\u201d ligados \u00e0 crise financeira e concentrando, a partir de agora, toda a opera\u00e7\u00e3o apenas na loja virtual, em um cen\u00e1rio que escancara os desafios atuais do com\u00e9rcio de tecnologia.<\/p>\n\n\n\n<h2 class=\"wp-block-heading\">O que aconteceu com a rede de eletrodom\u00e9sticos Star_<\/h2>\n\n\n\n<p>Fundada em 2021, a rede cresceu rapidamente e chegou a manter mais de 30 pontos de venda em regi\u00f5es como <strong>C\u00f3rdoba<\/strong>, <strong>Rosario<\/strong>, <strong>Neuqu\u00e9n<\/strong>, <strong>Mendoza<\/strong>, <strong>Misiones <\/strong>e <strong>Salta<\/strong>. A partir de 2024, por\u00e9m, a empresa passou a enfrentar forte queda nas vendas, iniciando cortes internos, fechamento gradual de unidades e, por fim, o fim das atividades presenciais.<\/p>\n\n\n\n<p>De acordo com o comunicado oficial, a companhia fundada por <strong>Nicol\u00e1s Osta<\/strong> e <strong>Esteban Isorna <\/strong>decidiu encerrar as opera\u00e7\u00f5es f\u00edsicas devido \u00e0 deteriora\u00e7\u00e3o do contexto econ\u00f4mico e \u00e0 press\u00e3o crescente sobre os custos. Especialistas indicam que a situa\u00e7\u00e3o financeira j\u00e1 vinha se tornando dif\u00edcil de sustentar, com dificuldades para honrar compromissos assumidos em momentos de expans\u00e3o acelerada.<\/p>\n\n\n\n<figure class=\"wp-block-image\"><img decoding=\"async\" src=\"https:\/\/www.em.com.br\/emfoco\/wp-content\/uploads\/2025\/07\/loja-falida_1752499313198-1024x576.jpg\" alt=\"\"\/><figcaption class=\"wp-element-caption\">Lojas est\u00e3o encerrando suas atividades &#8211; Cr\u00e9ditos: depositphotos.com \/ buecax<\/figcaption><\/figure>\n\n\n\n<h2 class=\"wp-block-heading\">Quais fatores financeiros levaram ao fechamento da Star_<\/h2>\n\n\n\n<p>Um dos pontos mais citados por analistas foi o peso dos gastos em marketing e publicidade. Em julho de 2024, a empresa deixou de pagar uma d\u00edvida de cerca de 800 milh\u00f5es em campanhas, valor alto, mas comum em um segmento que depende intensamente de exposi\u00e7\u00e3o de marca para gerar tr\u00e1fego e vendas, tanto em lojas f\u00edsicas quanto online.<\/p>\n\n\n\n<p>Outro fator decisivo foi o momento delicado do&nbsp;<strong>mercado de eletrodom\u00e9sticos e tecnologia<\/strong>, com perda de poder de compra e adiamento de itens de maior valor, como televisores, notebooks, smartphones e consoles. A concorr\u00eancia de produtos importados, muitas vezes vendidos a pre\u00e7os mais baixos em plataformas digitais internacionais, tamb\u00e9m pressionou fortemente as margens da empresa.<\/p>\n\n\n\n<h2 class=\"wp-block-heading\">Por que o crescimento r\u00e1pido da Star_ se tornou insustent\u00e1vel<\/h2>\n\n\n\n<p>A trajet\u00f3ria da Star_ mostra como o crescimento acelerado pode se transformar em risco quando n\u00e3o \u00e9 apoiado por fluxo de caixa s\u00f3lido e planejamento realista. A empresa investiu em um modelo que priorizava a&nbsp;<strong>experi\u00eancia do cliente<\/strong>, incluindo a possibilidade de testar consoles de videogame em casa antes da compra, o que exigia forte estrutura log\u00edstica, tecnologia e equipes especializadas.<\/p>\n\n\n\n<p>Em 2024, a rede anunciou a inten\u00e7\u00e3o de dobrar o n\u00famero de lojas e investiu cerca de 500 mil d\u00f3lares em um centro de distribui\u00e7\u00e3o de 4.400 metros quadrados em <strong>Sarand\u00ed<\/strong>. A aposta era sustentar esses investimentos com aumento de vendas, mas a piora do cen\u00e1rio econ\u00f4mico frustrou as proje\u00e7\u00f5es e, com receita em queda e d\u00edvidas crescentes, o fechamento das unidades f\u00edsicas foi adotado para tentar preservar a opera\u00e7\u00e3o online.<\/p>\n\n\n\n<h2 class=\"wp-block-heading\">Quais s\u00e3o os principais desafios atuais das redes de eletrodom\u00e9sticos<\/h2>\n\n\n\n<p>No varejo de tecnologia, o equil\u00edbrio entre expans\u00e3o e sustentabilidade \u00e9 determinante para a sobreviv\u00eancia das marcas. Especialistas apontam que, al\u00e9m de um ambiente econ\u00f4mico fr\u00e1gil, erros de execu\u00e7\u00e3o em \u00e1reas estrat\u00e9gicas podem acelerar a crise financeira e levar ao fechamento de lojas, mesmo em empresas que cresceram r\u00e1pido.<\/p>\n\n\n\n<figure class=\"wp-block-image\"><img decoding=\"async\" src=\"https:\/\/www.em.com.br\/emfoco\/wp-content\/uploads\/2026\/01\/Gemini_Generated_Image_rvzb0rvzb0rvzb0r-1-1024x576.png\" alt=\"\"\/><figcaption class=\"wp-element-caption\">Lojas fecham e o varejo nunca mais ser\u00e1 o mesmo<\/figcaption><\/figure>\n\n\n\n<p>Entre os fatores mais cr\u00edticos para redes de eletrodom\u00e9sticos, destacam-se elementos operacionais e financeiros que, quando negligenciados, comprometem o caixa e a competitividade da empresa no m\u00e9dio e longo prazo:<\/p>\n\n\n\n<ul class=\"wp-block-list\">\n<li><strong>Gest\u00e3o de estoques:<\/strong>\u00a0excesso de produtos encalhados reduz capital de giro e aumenta perdas.<\/li>\n\n\n\n<li><strong>Custos de aluguel e opera\u00e7\u00e3o:<\/strong>\u00a0estruturas grandes exigem vendas constantes para se manter vi\u00e1veis.<\/li>\n\n\n\n<li><strong>Depend\u00eancia de financiamentos:<\/strong>\u00a0juros altos tornam o endividamento rapidamente insustent\u00e1vel.<\/li>\n\n\n\n<li><strong>Estrat\u00e9gia digital:<\/strong>\u00a0falta de integra\u00e7\u00e3o entre canais f\u00edsico e online reduz a efici\u00eancia das vendas.<\/li>\n<\/ul>\n\n\n\n<h2 class=\"wp-block-heading\">O fechamento da Star_ \u00e9 um alerta para o futuro do varejo de tecnologia<\/h2>\n\n\n\n<p>O caso Star_ n\u00e3o \u00e9 isolado: o setor ainda sente os efeitos de infla\u00e7\u00e3o elevada, renda apertada e mudan\u00e7a nos h\u00e1bitos de consumo, enquanto redes tradicionais como Garbarino e Compumundo enfrentam reestrutura\u00e7\u00f5es e concursos preventivos. A tend\u00eancia \u00e9 de modelos mais enxutos, com menos lojas f\u00edsicas, mais foco em vendas digitais e disputa intensa por pre\u00e7o, condi\u00e7\u00f5es de pagamento e servi\u00e7os extras.<\/p>\n\n\n\n<p>Para consumidores e empres\u00e1rios, o fechamento de uma rede como a Star_ \u00e9 um sinal claro de que crescimento sem sustentabilidade tem prazo de validade. Se voc\u00ea atua ou pretende atuar no varejo de tecnologia, o momento de rever custos, fortalecer o canal digital e ajustar sua estrat\u00e9gia \u00e9 agora \u2014 adiar decis\u00f5es pode significar perder espa\u00e7o para sempre em um mercado que n\u00e3o perdoa atrasos.<\/p>\n","protected":false},"excerpt":{"rendered":"<p>O encerramento repentino de uma conhecida rede de eletrodom\u00e9sticos e produtos tecnol\u00f3gicos, identificada no mercado como&nbsp;Star_, chamou a aten\u00e7\u00e3o do varejo ao anunciar o fechamento definitivo de todas as suas lojas f\u00edsicas no pa\u00eds, alegando \u201cmotivos de for\u00e7a maior\u201d ligados \u00e0 crise financeira e concentrando, a partir de agora, toda a opera\u00e7\u00e3o apenas na loja [&hellip;]<\/p>\n","protected":false},"author":11,"featured_media":160364,"comment_status":"open","ping_status":"open","sticky":false,"template":"","format":"standard","meta":{"jnews-multi-image_gallery":[],"jnews_single_post":{"format":"standard"},"jnews_primary_category":[],"jnews_social_meta":[],"jnews_override_counter":[],"footnotes":""},"categories":[28,1],"tags":[2648,5675,23331,161],"class_list":["post-160303","post","type-post","status-publish","format-standard","has-post-thumbnail","hentry","category-economia","category-noticias","tag-crise-financeira","tag-eletrodomesticos","tag-fechamento-das-lojas","tag-tecnologia"],"yoast_head":"<!-- This site is optimized with the Yoast SEO plugin v23.8 - https:\/\/yoast.com\/wordpress\/plugins\/seo\/ -->\n<title>Uma conhecida\u00a0rede de lojas de eletrodom\u00e9sticos enfrentava\u00a0dificuldades\u00a0financeiras e 30 filiais fecharam as portas - Estado de Minas - Em foco<\/title>\n<meta name=\"description\" content=\"O fechamento das lojas da Star_ exp\u00f5e os desafios do varejo de eletrodom\u00e9sticos em meio \u00e0 crise econ\u00f4mica e \u00e0 migra\u00e7\u00e3o para o digital.\" \/>\n<meta name=\"robots\" content=\"index, follow, max-snippet:-1, max-image-preview:large, max-video-preview:-1\" \/>\n<link rel=\"canonical\" href=\"https:\/\/www.em.com.br\/emfoco\/2026\/01\/27\/uma-conhecida-rede-de-lojas-de-eletrodomesticos-enfrentava-dificuldades-financeiras-e-30-filiais-fecharam-as-portas\/\" \/>\n<meta property=\"og:locale\" content=\"pt_BR\" \/>\n<meta property=\"og:type\" content=\"article\" \/>\n<meta property=\"og:title\" content=\"Uma conhecida\u00a0rede de lojas de eletrodom\u00e9sticos enfrentava\u00a0dificuldades\u00a0financeiras e 30 filiais fecharam as portas - Estado de Minas - Em foco\" \/>\n<meta property=\"og:description\" content=\"O fechamento das lojas da Star_ exp\u00f5e os desafios do varejo de eletrodom\u00e9sticos em meio \u00e0 crise econ\u00f4mica e \u00e0 migra\u00e7\u00e3o para o digital.\" \/>\n<meta property=\"og:url\" content=\"https:\/\/www.em.com.br\/emfoco\/2026\/01\/27\/uma-conhecida-rede-de-lojas-de-eletrodomesticos-enfrentava-dificuldades-financeiras-e-30-filiais-fecharam-as-portas\/\" \/>\n<meta property=\"og:site_name\" content=\"Estado de Minas - Em foco\" \/>\n<meta property=\"article:published_time\" content=\"2026-01-27T16:45:00+00:00\" \/>\n<meta property=\"article:modified_time\" content=\"2026-01-26T21:57:20+00:00\" \/>\n<meta property=\"og:image\" content=\"https:\/\/www.em.com.br\/emfoco\/wp-content\/uploads\/2026\/01\/ChatGPT-Image-26-de-jan.-de-2026-15_10_14-1.png\" \/>\n\t<meta property=\"og:image:width\" content=\"1280\" \/>\n\t<meta property=\"og:image:height\" content=\"720\" \/>\n\t<meta property=\"og:image:type\" content=\"image\/png\" \/>\n<meta name=\"author\" content=\"Andre\u0301 Rangel\u00a0\" \/>\n<meta name=\"twitter:card\" content=\"summary_large_image\" \/>\n<meta name=\"twitter:label1\" content=\"Escrito por\" \/>\n\t<meta name=\"twitter:data1\" content=\"Andre\u0301 Rangel\u00a0\" \/>\n\t<meta name=\"twitter:label2\" content=\"Est. tempo de leitura\" \/>\n\t<meta name=\"twitter:data2\" content=\"5 minutos\" \/>\n<!-- \/ Yoast SEO plugin. -->","yoast_head_json":{"title":"Uma conhecida\u00a0rede de lojas de eletrodom\u00e9sticos enfrentava\u00a0dificuldades\u00a0financeiras e 30 filiais fecharam as portas - Estado de Minas - Em foco","description":"O fechamento das lojas da Star_ exp\u00f5e os desafios do varejo de eletrodom\u00e9sticos em meio \u00e0 crise econ\u00f4mica e \u00e0 migra\u00e7\u00e3o para o digital.","robots":{"index":"index","follow":"follow","max-snippet":"max-snippet:-1","max-image-preview":"max-image-preview:large","max-video-preview":"max-video-preview:-1"},"canonical":"https:\/\/www.em.com.br\/emfoco\/2026\/01\/27\/uma-conhecida-rede-de-lojas-de-eletrodomesticos-enfrentava-dificuldades-financeiras-e-30-filiais-fecharam-as-portas\/","og_locale":"pt_BR","og_type":"article","og_title":"Uma conhecida\u00a0rede de lojas de eletrodom\u00e9sticos enfrentava\u00a0dificuldades\u00a0financeiras e 30 filiais fecharam as portas - Estado de Minas - Em foco","og_description":"O fechamento das lojas da Star_ exp\u00f5e os desafios do varejo de eletrodom\u00e9sticos em meio \u00e0 crise econ\u00f4mica e \u00e0 migra\u00e7\u00e3o para o digital.","og_url":"https:\/\/www.em.com.br\/emfoco\/2026\/01\/27\/uma-conhecida-rede-de-lojas-de-eletrodomesticos-enfrentava-dificuldades-financeiras-e-30-filiais-fecharam-as-portas\/","og_site_name":"Estado de Minas - Em foco","article_published_time":"2026-01-27T16:45:00+00:00","article_modified_time":"2026-01-26T21:57:20+00:00","og_image":[{"width":1280,"height":720,"url":"https:\/\/www.em.com.br\/emfoco\/wp-content\/uploads\/2026\/01\/ChatGPT-Image-26-de-jan.-de-2026-15_10_14-1.png","type":"image\/png"}],"author":"Andre\u0301 Rangel\u00a0","twitter_card":"summary_large_image","twitter_misc":{"Escrito por":"Andre\u0301 Rangel\u00a0","Est. tempo de leitura":"5 minutos"},"schema":{"@context":"https:\/\/schema.org","@graph":[{"@type":"WebPage","@id":"https:\/\/www.em.com.br\/emfoco\/2026\/01\/27\/uma-conhecida-rede-de-lojas-de-eletrodomesticos-enfrentava-dificuldades-financeiras-e-30-filiais-fecharam-as-portas\/","url":"https:\/\/www.em.com.br\/emfoco\/2026\/01\/27\/uma-conhecida-rede-de-lojas-de-eletrodomesticos-enfrentava-dificuldades-financeiras-e-30-filiais-fecharam-as-portas\/","name":"Uma conhecida\u00a0rede de lojas de eletrodom\u00e9sticos enfrentava\u00a0dificuldades\u00a0financeiras e 30 filiais fecharam as portas - Estado de Minas - Em foco","isPartOf":{"@id":"https:\/\/www.em.com.br\/emfoco\/#website"},"primaryImageOfPage":{"@id":"https:\/\/www.em.com.br\/emfoco\/2026\/01\/27\/uma-conhecida-rede-de-lojas-de-eletrodomesticos-enfrentava-dificuldades-financeiras-e-30-filiais-fecharam-as-portas\/#primaryimage"},"image":{"@id":"https:\/\/www.em.com.br\/emfoco\/2026\/01\/27\/uma-conhecida-rede-de-lojas-de-eletrodomesticos-enfrentava-dificuldades-financeiras-e-30-filiais-fecharam-as-portas\/#primaryimage"},"thumbnailUrl":"https:\/\/www.em.com.br\/emfoco\/wp-content\/uploads\/2026\/01\/ChatGPT-Image-26-de-jan.-de-2026-15_10_14-1.png","datePublished":"2026-01-27T16:45:00+00:00","dateModified":"2026-01-26T21:57:20+00:00","author":{"@id":"https:\/\/www.em.com.br\/emfoco\/#\/schema\/person\/60eda09c1fedf0d6891f4cef4b60b8b8"},"description":"O fechamento das lojas da Star_ exp\u00f5e os desafios do varejo de eletrodom\u00e9sticos em meio \u00e0 crise econ\u00f4mica e \u00e0 migra\u00e7\u00e3o para o digital.","breadcrumb":{"@id":"https:\/\/www.em.com.br\/emfoco\/2026\/01\/27\/uma-conhecida-rede-de-lojas-de-eletrodomesticos-enfrentava-dificuldades-financeiras-e-30-filiais-fecharam-as-portas\/#breadcrumb"},"inLanguage":"pt-BR","potentialAction":[{"@type":"ReadAction","target":["https:\/\/www.em.com.br\/emfoco\/2026\/01\/27\/uma-conhecida-rede-de-lojas-de-eletrodomesticos-enfrentava-dificuldades-financeiras-e-30-filiais-fecharam-as-portas\/"]}]},{"@type":"ImageObject","inLanguage":"pt-BR","@id":"https:\/\/www.em.com.br\/emfoco\/2026\/01\/27\/uma-conhecida-rede-de-lojas-de-eletrodomesticos-enfrentava-dificuldades-financeiras-e-30-filiais-fecharam-as-portas\/#primaryimage","url":"https:\/\/www.em.com.br\/emfoco\/wp-content\/uploads\/2026\/01\/ChatGPT-Image-26-de-jan.-de-2026-15_10_14-1.png","contentUrl":"https:\/\/www.em.com.br\/emfoco\/wp-content\/uploads\/2026\/01\/ChatGPT-Image-26-de-jan.-de-2026-15_10_14-1.png","width":1280,"height":720,"caption":"Lojas est\u00e3o encerrando suas atividades"},{"@type":"BreadcrumbList","@id":"https:\/\/www.em.com.br\/emfoco\/2026\/01\/27\/uma-conhecida-rede-de-lojas-de-eletrodomesticos-enfrentava-dificuldades-financeiras-e-30-filiais-fecharam-as-portas\/#breadcrumb","itemListElement":[{"@type":"ListItem","position":1,"name":"In\u00edcio","item":"https:\/\/www.em.com.br\/emfoco\/"},{"@type":"ListItem","position":2,"name":"Uma conhecida\u00a0rede de lojas de eletrodom\u00e9sticos enfrentava\u00a0dificuldades\u00a0financeiras e 30 filiais fecharam as portas"}]},{"@type":"WebSite","@id":"https:\/\/www.em.com.br\/emfoco\/#website","url":"https:\/\/www.em.com.br\/emfoco\/","name":"Estado de Minas - Em foco","description":"Acompanhe as \u00faltimas not\u00edcias e fique bem informado sobre tudo o que acontece em Minas Gerais, Brasil e no mundo.","potentialAction":[{"@type":"SearchAction","target":{"@type":"EntryPoint","urlTemplate":"https:\/\/www.em.com.br\/emfoco\/?s={search_term_string}"},"query-input":{"@type":"PropertyValueSpecification","valueRequired":true,"valueName":"search_term_string"}}],"inLanguage":"pt-BR"},{"@type":"Person","@id":"https:\/\/www.em.com.br\/emfoco\/#\/schema\/person\/60eda09c1fedf0d6891f4cef4b60b8b8","name":"Andre\u0301 Rangel\u00a0","image":{"@type":"ImageObject","inLanguage":"pt-BR","@id":"https:\/\/www.em.com.br\/emfoco\/#\/schema\/person\/image\/","url":"https:\/\/secure.gravatar.com\/avatar\/6234dc814c77c8ef6d8bba622c787efc?s=96&d=mm&r=g","contentUrl":"https:\/\/secure.gravatar.com\/avatar\/6234dc814c77c8ef6d8bba622c787efc?s=96&d=mm&r=g","caption":"Andre\u0301 Rangel\u00a0"},"url":"https:\/\/www.em.com.br\/emfoco\/author\/luizmyth\/"}]}},"_links":{"self":[{"href":"https:\/\/www.em.com.br\/emfoco\/wp-json\/wp\/v2\/posts\/160303","targetHints":{"allow":["GET"]}}],"collection":[{"href":"https:\/\/www.em.com.br\/emfoco\/wp-json\/wp\/v2\/posts"}],"about":[{"href":"https:\/\/www.em.com.br\/emfoco\/wp-json\/wp\/v2\/types\/post"}],"author":[{"embeddable":true,"href":"https:\/\/www.em.com.br\/emfoco\/wp-json\/wp\/v2\/users\/11"}],"replies":[{"embeddable":true,"href":"https:\/\/www.em.com.br\/emfoco\/wp-json\/wp\/v2\/comments?post=160303"}],"version-history":[{"count":3,"href":"https:\/\/www.em.com.br\/emfoco\/wp-json\/wp\/v2\/posts\/160303\/revisions"}],"predecessor-version":[{"id":160367,"href":"https:\/\/www.em.com.br\/emfoco\/wp-json\/wp\/v2\/posts\/160303\/revisions\/160367"}],"wp:featuredmedia":[{"embeddable":true,"href":"https:\/\/www.em.com.br\/emfoco\/wp-json\/wp\/v2\/media\/160364"}],"wp:attachment":[{"href":"https:\/\/www.em.com.br\/emfoco\/wp-json\/wp\/v2\/media?parent=160303"}],"wp:term":[{"taxonomy":"category","embeddable":true,"href":"https:\/\/www.em.com.br\/emfoco\/wp-json\/wp\/v2\/categories?post=160303"},{"taxonomy":"post_tag","embeddable":true,"href":"https:\/\/www.em.com.br\/emfoco\/wp-json\/wp\/v2\/tags?post=160303"}],"curies":[{"name":"wp","href":"https:\/\/api.w.org\/{rel}","templated":true}]}}