{"id":160258,"date":"2026-01-27T21:15:00","date_gmt":"2026-01-28T00:15:00","guid":{"rendered":"https:\/\/www.em.com.br\/emfoco\/?p=160258"},"modified":"2026-01-26T15:19:47","modified_gmt":"2026-01-26T18:19:47","slug":"o-que-acontece-com-seu-cabelo-enquanto-voce-dorme-com-oleo-de-coco-no-fio-a-resposta-vai-muito-alem-do-brilho","status":"publish","type":"post","link":"https:\/\/www.em.com.br\/emfoco\/2026\/01\/27\/o-que-acontece-com-seu-cabelo-enquanto-voce-dorme-com-oleo-de-coco-no-fio-a-resposta-vai-muito-alem-do-brilho\/","title":{"rendered":"O que acontece com seu cabelo enquanto voc\u00ea dorme com \u00f3leo de coco no fio? A resposta vai muito al\u00e9m do brilho"},"content":{"rendered":"\n<h2 class=\"wp-block-heading\">O \u00f3leo de coco penetra no fio por conter \u00e1cido l\u00e1urico, rep\u00f5e lip\u00eddios, reduz perda de prote\u00ednas e protege contra fadiga h\u00eddrica. O uso noturno potencializa a repara\u00e7\u00e3o, previne quebra e fortalece o cabelo sem pesar.<\/h2>\n\n\n\n<p>O \u00f3leo de coco segue como refer\u00eancia nos cuidados capilares porque sua a\u00e7\u00e3o vai al\u00e9m do brilho. Ele penetra na fibra do cabelo, rep\u00f5e lip\u00eddios e protege contra danos di\u00e1rios. O uso noturno potencializa a repara\u00e7\u00e3o e reduz a quebra sem pesar.<\/p>\n\n\n\n<h2 class=\"wp-block-heading\">Por que o \u00f3leo de coco consegue penetrar no fio?<\/h2>\n\n\n\n<p>Diferente de silicones e \u00f3leos minerais, o <strong>\u00f3leo de coco<\/strong> possui alta afinidade com a <strong>queratina capilar<\/strong>. Sua composi\u00e7\u00e3o favorece a entrada pelas cut\u00edculas, alcan\u00e7ando o c\u00f3rtex, onde est\u00e3o as prote\u00ednas respons\u00e1veis pela for\u00e7a e elasticidade do cabelo.<\/p>\n\n\n\n<p>O destaque est\u00e1 no <strong>\u00e1cido l\u00e1urico<\/strong>, um \u00e1cido graxo de cadeia m\u00e9dia com baixo peso molecular. Essa caracter\u00edstica permite atravessar a estrutura do fio e repor a massa lip\u00eddica perdida por qu\u00edmicas, calor excessivo e lavagens frequentes.<\/p>\n\n\n\n<p>Confira o v\u00eddeo compartilhado pelo canal do TikTok <strong><a href=\"https:\/\/www.tiktok.com\/@portaldasaudeofc\" target=\"_blank\" rel=\"noreferrer noopener\"><strong>portaldasaudeofc<\/strong><\/a><\/strong> falando sobre os benef\u00edcios do \u00f3leo de coco nos cabelos para a restaura\u00e7\u00e3o.<\/p>\n\n\n\n<blockquote class=\"tiktok-embed\" cite=\"https:\/\/www.tiktok.com\/@portaldasaudeofc\/video\/7285377252555296005\" data-video-id=\"7285377252555296005\" style=\"max-width: 605px;min-width: 325px;\" > <section> <a target=\"_blank\" title=\"@portaldasaudeofc\" href=\"https:\/\/www.tiktok.com\/@portaldasaudeofc?refer=embed\">@portaldasaudeofc<\/a> Dr.Lair Ribeiro fala dos benef\u00edcios do \u00f3leo de c\u00f4co. <a title=\"coco\" target=\"_blank\" href=\"https:\/\/www.tiktok.com\/tag\/coco?refer=embed\">#coco<\/a> <a title=\"oleodecoco\" target=\"_blank\" href=\"https:\/\/www.tiktok.com\/tag\/oleodecoco?refer=embed\">#oleodecoco<\/a> <a title=\"saude\" target=\"_blank\" href=\"https:\/\/www.tiktok.com\/tag\/saude?refer=embed\">#saude<\/a> <a target=\"_blank\" title=\"\u266c Stories 2 - Danilo Stankovic\" href=\"https:\/\/www.tiktok.com\/music\/Stories-2-6777279827805390850?refer=embed\">\u266c Stories 2 &#8211; Danilo Stankovic<\/a> <\/section> <\/blockquote> <script async src=\"https:\/\/www.tiktok.com\/embed.js\"><\/script>\n\n\n\n<h2 class=\"wp-block-heading\">Quais mecanismos explicam a prote\u00e7\u00e3o contra danos?<\/h2>\n\n\n\n<p>A a\u00e7\u00e3o do \u00f3leo de coco n\u00e3o se limita \u00e0 nutri\u00e7\u00e3o. Ele forma uma prote\u00e7\u00e3o hidrof\u00f3bica que impede a entrada excessiva de \u00e1gua no fio, reduzindo a <strong>fadiga h\u00eddrica<\/strong>, fen\u00f4meno que provoca incha\u00e7o, enfraquecimento e quebra progressiva da haste capilar.<\/p>\n\n\n\n<ul class=\"wp-block-list\">\n<li><strong>Repuls\u00e3o \u00e0 \u00e1gua<\/strong>: reduz o incha\u00e7o do fio durante lavagens repetidas.<\/li>\n\n\n\n<li><strong>Reposi\u00e7\u00e3o lip\u00eddica<\/strong>: devolve flexibilidade e resist\u00eancia ao cabelo.<\/li>\n\n\n\n<li><strong>Prote\u00e7\u00e3o estrutural<\/strong>: diminui a perda de prote\u00ednas da queratina.<\/li>\n<\/ul>\n\n\n\n<h2 class=\"wp-block-heading\">O \u00f3leo de coco realmente cura pontas duplas?<\/h2>\n\n\n\n<p>Pontas duplas j\u00e1 formadas representam uma separa\u00e7\u00e3o f\u00edsica da fibra e n\u00e3o podem ser revertidas permanentemente. Nenhum ativo consegue \u201ccolar\u201d o fio de forma definitiva sem corte, e essa transpar\u00eancia \u00e9 essencial para cuidados conscientes.<\/p>\n\n\n\n<p>O benef\u00edcio real est\u00e1 na <strong>preven\u00e7\u00e3o<\/strong>. O \u00f3leo fortalece o comprimento e impede que o desfiamento avance, preservando a integridade do fio e reduzindo a necessidade de cortes frequentes.<\/p>\n\n\n\n<figure class=\"wp-block-image size-large\"><img loading=\"lazy\" decoding=\"async\" width=\"1024\" height=\"576\" src=\"https:\/\/www.em.com.br\/emfoco\/wp-content\/uploads\/2026\/01\/AIAI-23-14-1024x576.jpg\" alt=\"O que acontece com seu cabelo enquanto voc\u00ea dorme com \u00f3leo de coco no fio? A resposta vai muito al\u00e9m do brilho\" class=\"wp-image-160374\" srcset=\"https:\/\/www.em.com.br\/emfoco\/wp-content\/uploads\/2026\/01\/AIAI-23-14-1024x576.jpg 1024w, https:\/\/www.em.com.br\/emfoco\/wp-content\/uploads\/2026\/01\/AIAI-23-14-300x169.jpg 300w, https:\/\/www.em.com.br\/emfoco\/wp-content\/uploads\/2026\/01\/AIAI-23-14-768x432.jpg 768w, https:\/\/www.em.com.br\/emfoco\/wp-content\/uploads\/2026\/01\/AIAI-23-14-750x422.jpg 750w, https:\/\/www.em.com.br\/emfoco\/wp-content\/uploads\/2026\/01\/AIAI-23-14-1140x641.jpg 1140w, https:\/\/www.em.com.br\/emfoco\/wp-content\/uploads\/2026\/01\/AIAI-23-14.jpg 1280w\" sizes=\"auto, (max-width: 1024px) 100vw, 1024px\" \/><figcaption class=\"wp-element-caption\">\u00d3leo previne avan\u00e7o das pontas duplas, mas n\u00e3o reverte danos<\/figcaption><\/figure>\n\n\n\n<p><em>Leia mais: <\/em><a href=\"https:\/\/www.em.com.br\/emfoco\/2026\/01\/26\/essa-mistura-com-vapor-e-ervas-tem-conquistado-quem-busca-uma-pele-mais-saudavel-sem-gastar-com-cosmeticos-pesados\/\" target=\"_blank\" rel=\"noreferrer noopener\"><strong>Essa mistura com vapor e ervas tem conquistado quem busca uma pele mais saud\u00e1vel sem gastar com cosm\u00e9ticos pesados<\/strong><\/a><a href=\"https:\/\/www.em.com.br\/emfoco\/2026\/01\/26\/essa-mistura-com-vapor-e-ervas-tem-conquistado-quem-busca-uma-pele-mais-saudavel-sem-gastar-com-cosmeticos-pesados\/\"><\/a><\/p>\n\n\n\n<h2 class=\"wp-block-heading\">Como fazer o tratamento noturno com \u00f3leo de coco?<\/h2>\n\n\n\n<p>O protocolo overnight \u00e9 eficaz porque o tempo prolongado facilita a absor\u00e7\u00e3o do \u00f3leo. Para melhores resultados, siga etapas simples que respeitam a estrutura do fio, conforme os pontos abaixo.<\/p>\n\n\n\n<ul class=\"wp-block-list\">\n<li><strong>Aquecimento leve<\/strong>: \u00f3leo morno ajuda a dilatar levemente as cut\u00edculas.<\/li>\n\n\n\n<li><strong>Aplica\u00e7\u00e3o focada<\/strong>: use do meio \u00e0s pontas, evitando a raiz.<\/li>\n\n\n\n<li><strong>Prote\u00e7\u00e3o noturna<\/strong>: touca ou fronha que n\u00e3o absorva o \u00f3leo.<\/li>\n<\/ul>\n\n\n\n<h2 class=\"wp-block-heading\">Quem mais se beneficia e quais cuidados manter?<\/h2>\n\n\n\n<p>Cabelos porosos, cacheados ou quimicamente tratados respondem melhor \u00e0 terapia lip\u00eddica, pois perdem \u00f3leo natural com mais facilidade. J\u00e1 fios finos exigem menor frequ\u00eancia para evitar rigidez e perda de movimento.<\/p>\n\n\n\n<p>A aplica\u00e7\u00e3o excessiva pode causar efeito rebote. Manter intervalos adequados e lavar de forma estrat\u00e9gica garante <strong>tratamento cont\u00ednuo<\/strong>, textura mais macia e fios protegidos a longo prazo.<\/p>\n","protected":false},"excerpt":{"rendered":"<p>O \u00f3leo de coco penetra no fio por conter \u00e1cido l\u00e1urico, rep\u00f5e lip\u00eddios, reduz perda de prote\u00ednas e protege contra fadiga h\u00eddrica. O uso noturno potencializa a repara\u00e7\u00e3o, previne quebra e fortalece o cabelo sem pesar. O \u00f3leo de coco segue como refer\u00eancia nos cuidados capilares porque sua a\u00e7\u00e3o vai al\u00e9m do brilho. Ele penetra [&hellip;]<\/p>\n","protected":false},"author":13,"featured_media":160373,"comment_status":"open","ping_status":"open","sticky":false,"template":"","format":"standard","meta":{"jnews-multi-image_gallery":[],"jnews_single_post":{"format":"standard"},"jnews_primary_category":[],"jnews_social_meta":[],"jnews_override_counter":[],"footnotes":""},"categories":[8819],"tags":[712,16978,17365,23441],"class_list":["post-160258","post","type-post","status-publish","format-standard","has-post-thumbnail","hentry","category-curiosidades","tag-autocuidado","tag-oleo-de-coco-2","tag-pontas-duplas","tag-reparar-fios"],"yoast_head":"<!-- This site is optimized with the Yoast SEO plugin v23.8 - https:\/\/yoast.com\/wordpress\/plugins\/seo\/ -->\n<title>O que acontece com seu cabelo enquanto voc\u00ea dorme com \u00f3leo de coco no fio? A resposta vai muito al\u00e9m do brilho - Estado de Minas - Em foco<\/title>\n<meta name=\"description\" content=\"Dormir com \u00f3leo de coco no cabelo fortalece o fio, rep\u00f5e lip\u00eddios e impede danos invis\u00edveis que causam quebra e perda de brilho.\" \/>\n<meta name=\"robots\" content=\"index, follow, max-snippet:-1, max-image-preview:large, max-video-preview:-1\" \/>\n<link rel=\"canonical\" href=\"https:\/\/www.em.com.br\/emfoco\/2026\/01\/27\/o-que-acontece-com-seu-cabelo-enquanto-voce-dorme-com-oleo-de-coco-no-fio-a-resposta-vai-muito-alem-do-brilho\/\" \/>\n<meta property=\"og:locale\" content=\"pt_BR\" \/>\n<meta property=\"og:type\" content=\"article\" \/>\n<meta property=\"og:title\" content=\"O que acontece com seu cabelo enquanto voc\u00ea dorme com \u00f3leo de coco no fio? A resposta vai muito al\u00e9m do brilho - Estado de Minas - Em foco\" \/>\n<meta property=\"og:description\" content=\"Dormir com \u00f3leo de coco no cabelo fortalece o fio, rep\u00f5e lip\u00eddios e impede danos invis\u00edveis que causam quebra e perda de brilho.\" \/>\n<meta property=\"og:url\" content=\"https:\/\/www.em.com.br\/emfoco\/2026\/01\/27\/o-que-acontece-com-seu-cabelo-enquanto-voce-dorme-com-oleo-de-coco-no-fio-a-resposta-vai-muito-alem-do-brilho\/\" \/>\n<meta property=\"og:site_name\" content=\"Estado de Minas - Em foco\" \/>\n<meta property=\"article:published_time\" content=\"2026-01-28T00:15:00+00:00\" \/>\n<meta property=\"article:modified_time\" content=\"2026-01-26T18:19:47+00:00\" \/>\n<meta property=\"og:image\" content=\"https:\/\/www.em.com.br\/emfoco\/wp-content\/uploads\/2026\/01\/AIAI-22-18.jpg\" \/>\n\t<meta property=\"og:image:width\" content=\"1280\" \/>\n\t<meta property=\"og:image:height\" content=\"720\" \/>\n\t<meta property=\"og:image:type\" content=\"image\/jpeg\" \/>\n<meta name=\"author\" content=\"Gabriel Martins\" \/>\n<meta name=\"twitter:card\" content=\"summary_large_image\" \/>\n<meta name=\"twitter:label1\" content=\"Escrito por\" \/>\n\t<meta name=\"twitter:data1\" content=\"Gabriel Martins\" \/>\n\t<meta name=\"twitter:label2\" content=\"Est. tempo de leitura\" \/>\n\t<meta name=\"twitter:data2\" content=\"4 minutos\" \/>\n<!-- \/ Yoast SEO plugin. -->","yoast_head_json":{"title":"O que acontece com seu cabelo enquanto voc\u00ea dorme com \u00f3leo de coco no fio? A resposta vai muito al\u00e9m do brilho - Estado de Minas - Em foco","description":"Dormir com \u00f3leo de coco no cabelo fortalece o fio, rep\u00f5e lip\u00eddios e impede danos invis\u00edveis que causam quebra e perda de brilho.","robots":{"index":"index","follow":"follow","max-snippet":"max-snippet:-1","max-image-preview":"max-image-preview:large","max-video-preview":"max-video-preview:-1"},"canonical":"https:\/\/www.em.com.br\/emfoco\/2026\/01\/27\/o-que-acontece-com-seu-cabelo-enquanto-voce-dorme-com-oleo-de-coco-no-fio-a-resposta-vai-muito-alem-do-brilho\/","og_locale":"pt_BR","og_type":"article","og_title":"O que acontece com seu cabelo enquanto voc\u00ea dorme com \u00f3leo de coco no fio? A resposta vai muito al\u00e9m do brilho - Estado de Minas - Em foco","og_description":"Dormir com \u00f3leo de coco no cabelo fortalece o fio, rep\u00f5e lip\u00eddios e impede danos invis\u00edveis que causam quebra e perda de brilho.","og_url":"https:\/\/www.em.com.br\/emfoco\/2026\/01\/27\/o-que-acontece-com-seu-cabelo-enquanto-voce-dorme-com-oleo-de-coco-no-fio-a-resposta-vai-muito-alem-do-brilho\/","og_site_name":"Estado de Minas - Em foco","article_published_time":"2026-01-28T00:15:00+00:00","article_modified_time":"2026-01-26T18:19:47+00:00","og_image":[{"width":1280,"height":720,"url":"https:\/\/www.em.com.br\/emfoco\/wp-content\/uploads\/2026\/01\/AIAI-22-18.jpg","type":"image\/jpeg"}],"author":"Gabriel Martins","twitter_card":"summary_large_image","twitter_misc":{"Escrito por":"Gabriel Martins","Est. tempo de leitura":"4 minutos"},"schema":{"@context":"https:\/\/schema.org","@graph":[{"@type":"WebPage","@id":"https:\/\/www.em.com.br\/emfoco\/2026\/01\/27\/o-que-acontece-com-seu-cabelo-enquanto-voce-dorme-com-oleo-de-coco-no-fio-a-resposta-vai-muito-alem-do-brilho\/","url":"https:\/\/www.em.com.br\/emfoco\/2026\/01\/27\/o-que-acontece-com-seu-cabelo-enquanto-voce-dorme-com-oleo-de-coco-no-fio-a-resposta-vai-muito-alem-do-brilho\/","name":"O que acontece com seu cabelo enquanto voc\u00ea dorme com \u00f3leo de coco no fio? A resposta vai muito al\u00e9m do brilho - Estado de Minas - Em foco","isPartOf":{"@id":"https:\/\/www.em.com.br\/emfoco\/#website"},"primaryImageOfPage":{"@id":"https:\/\/www.em.com.br\/emfoco\/2026\/01\/27\/o-que-acontece-com-seu-cabelo-enquanto-voce-dorme-com-oleo-de-coco-no-fio-a-resposta-vai-muito-alem-do-brilho\/#primaryimage"},"image":{"@id":"https:\/\/www.em.com.br\/emfoco\/2026\/01\/27\/o-que-acontece-com-seu-cabelo-enquanto-voce-dorme-com-oleo-de-coco-no-fio-a-resposta-vai-muito-alem-do-brilho\/#primaryimage"},"thumbnailUrl":"https:\/\/www.em.com.br\/emfoco\/wp-content\/uploads\/2026\/01\/AIAI-22-18.jpg","datePublished":"2026-01-28T00:15:00+00:00","dateModified":"2026-01-26T18:19:47+00:00","author":{"@id":"https:\/\/www.em.com.br\/emfoco\/#\/schema\/person\/1c9ddeab18b98abeffef834667bcf08a"},"description":"Dormir com \u00f3leo de coco no cabelo fortalece o fio, rep\u00f5e lip\u00eddios e impede danos invis\u00edveis que causam quebra e perda de brilho.","breadcrumb":{"@id":"https:\/\/www.em.com.br\/emfoco\/2026\/01\/27\/o-que-acontece-com-seu-cabelo-enquanto-voce-dorme-com-oleo-de-coco-no-fio-a-resposta-vai-muito-alem-do-brilho\/#breadcrumb"},"inLanguage":"pt-BR","potentialAction":[{"@type":"ReadAction","target":["https:\/\/www.em.com.br\/emfoco\/2026\/01\/27\/o-que-acontece-com-seu-cabelo-enquanto-voce-dorme-com-oleo-de-coco-no-fio-a-resposta-vai-muito-alem-do-brilho\/"]}]},{"@type":"ImageObject","inLanguage":"pt-BR","@id":"https:\/\/www.em.com.br\/emfoco\/2026\/01\/27\/o-que-acontece-com-seu-cabelo-enquanto-voce-dorme-com-oleo-de-coco-no-fio-a-resposta-vai-muito-alem-do-brilho\/#primaryimage","url":"https:\/\/www.em.com.br\/emfoco\/wp-content\/uploads\/2026\/01\/AIAI-22-18.jpg","contentUrl":"https:\/\/www.em.com.br\/emfoco\/wp-content\/uploads\/2026\/01\/AIAI-22-18.jpg","width":1280,"height":720,"caption":"\u00d3leo de coco nutre profundamente, protege fios e reduz quebra noturna"},{"@type":"BreadcrumbList","@id":"https:\/\/www.em.com.br\/emfoco\/2026\/01\/27\/o-que-acontece-com-seu-cabelo-enquanto-voce-dorme-com-oleo-de-coco-no-fio-a-resposta-vai-muito-alem-do-brilho\/#breadcrumb","itemListElement":[{"@type":"ListItem","position":1,"name":"In\u00edcio","item":"https:\/\/www.em.com.br\/emfoco\/"},{"@type":"ListItem","position":2,"name":"O que acontece com seu cabelo enquanto voc\u00ea dorme com \u00f3leo de coco no fio? A resposta vai muito al\u00e9m do brilho"}]},{"@type":"WebSite","@id":"https:\/\/www.em.com.br\/emfoco\/#website","url":"https:\/\/www.em.com.br\/emfoco\/","name":"Estado de Minas - Em foco","description":"Acompanhe as \u00faltimas not\u00edcias e fique bem informado sobre tudo o que acontece em Minas Gerais, Brasil e no mundo.","potentialAction":[{"@type":"SearchAction","target":{"@type":"EntryPoint","urlTemplate":"https:\/\/www.em.com.br\/emfoco\/?s={search_term_string}"},"query-input":{"@type":"PropertyValueSpecification","valueRequired":true,"valueName":"search_term_string"}}],"inLanguage":"pt-BR"},{"@type":"Person","@id":"https:\/\/www.em.com.br\/emfoco\/#\/schema\/person\/1c9ddeab18b98abeffef834667bcf08a","name":"Gabriel Martins","image":{"@type":"ImageObject","inLanguage":"pt-BR","@id":"https:\/\/www.em.com.br\/emfoco\/#\/schema\/person\/image\/","url":"https:\/\/secure.gravatar.com\/avatar\/f0f1e2efdfd88f1ad2cb08c5c2731e50?s=96&d=mm&r=g","contentUrl":"https:\/\/secure.gravatar.com\/avatar\/f0f1e2efdfd88f1ad2cb08c5c2731e50?s=96&d=mm&r=g","caption":"Gabriel Martins"},"sameAs":["https:\/\/www.em.com.br\/emfoco\/"],"url":"https:\/\/www.em.com.br\/emfoco\/author\/gabrielmartinsmyth\/"}]}},"_links":{"self":[{"href":"https:\/\/www.em.com.br\/emfoco\/wp-json\/wp\/v2\/posts\/160258","targetHints":{"allow":["GET"]}}],"collection":[{"href":"https:\/\/www.em.com.br\/emfoco\/wp-json\/wp\/v2\/posts"}],"about":[{"href":"https:\/\/www.em.com.br\/emfoco\/wp-json\/wp\/v2\/types\/post"}],"author":[{"embeddable":true,"href":"https:\/\/www.em.com.br\/emfoco\/wp-json\/wp\/v2\/users\/13"}],"replies":[{"embeddable":true,"href":"https:\/\/www.em.com.br\/emfoco\/wp-json\/wp\/v2\/comments?post=160258"}],"version-history":[{"count":1,"href":"https:\/\/www.em.com.br\/emfoco\/wp-json\/wp\/v2\/posts\/160258\/revisions"}],"predecessor-version":[{"id":160375,"href":"https:\/\/www.em.com.br\/emfoco\/wp-json\/wp\/v2\/posts\/160258\/revisions\/160375"}],"wp:featuredmedia":[{"embeddable":true,"href":"https:\/\/www.em.com.br\/emfoco\/wp-json\/wp\/v2\/media\/160373"}],"wp:attachment":[{"href":"https:\/\/www.em.com.br\/emfoco\/wp-json\/wp\/v2\/media?parent=160258"}],"wp:term":[{"taxonomy":"category","embeddable":true,"href":"https:\/\/www.em.com.br\/emfoco\/wp-json\/wp\/v2\/categories?post=160258"},{"taxonomy":"post_tag","embeddable":true,"href":"https:\/\/www.em.com.br\/emfoco\/wp-json\/wp\/v2\/tags?post=160258"}],"curies":[{"name":"wp","href":"https:\/\/api.w.org\/{rel}","templated":true}]}}