{"id":160253,"date":"2026-01-27T14:35:00","date_gmt":"2026-01-27T17:35:00","guid":{"rendered":"https:\/\/www.em.com.br\/emfoco\/?p=160253"},"modified":"2026-01-26T14:51:50","modified_gmt":"2026-01-26T17:51:50","slug":"a-verdade-por-tras-do-clareamento-com-bicarbonato-o-que-ele-faz-no-seu-dente-ninguem-mostra-no-video-de-antes-e-depois","status":"publish","type":"post","link":"https:\/\/www.em.com.br\/emfoco\/2026\/01\/27\/a-verdade-por-tras-do-clareamento-com-bicarbonato-o-que-ele-faz-no-seu-dente-ninguem-mostra-no-video-de-antes-e-depois\/","title":{"rendered":"A verdade por tr\u00e1s do clareamento com bicarbonato: o que ele faz no seu dente ningu\u00e9m mostra no v\u00eddeo de \u201cantes e depois\u201d"},"content":{"rendered":"\n<h2 class=\"wp-block-heading\">O bicarbonato clareia apenas manchas superficiais ao agir como abrasivo leve e neutralizar \u00e1cidos. O uso deve ser ocasional, sem lim\u00e3o, para evitar desgaste do esmalte, sensibilidade e perda irrevers\u00edvel da prote\u00e7\u00e3o dental.<\/h2>\n\n\n\n<p>O <strong>bicarbonato de s\u00f3dio para clarear os dentes<\/strong> virou alternativa popular por ser barato e acess\u00edvel. Por\u00e9m, entender sua a\u00e7\u00e3o qu\u00edmica, o n\u00edvel de abrasividade e os riscos ao esmalte \u00e9 essencial para evitar danos irrevers\u00edveis e usar o m\u00e9todo com seguran\u00e7a.<\/p>\n\n\n\n<h2 class=\"wp-block-heading\">Como o bicarbonato age quimicamente nos dentes?<\/h2>\n\n\n\n<p>O <strong>bicarbonato de s\u00f3dio<\/strong> \u00e9 um composto alcalino que atua como abrasivo leve, removendo manchas extr\u00ednsecas causadas por caf\u00e9, vinho e tabaco. Ele n\u00e3o altera a cor natural do dente, definida pela <strong>dentina<\/strong>, agindo apenas na superf\u00edcie do esmalte.<\/p>\n\n\n\n<p>Outro efeito relevante est\u00e1 no <strong>equil\u00edbrio do pH bucal<\/strong>. Ao neutralizar \u00e1cidos produzidos por bact\u00e9rias, o bicarbonato reduz o risco de desmineraliza\u00e7\u00e3o, que ocorre quando o pH cai abaixo de 5,5, condi\u00e7\u00e3o cr\u00edtica para a integridade do esmalte dent\u00e1rio.<\/p>\n\n\n\n<figure class=\"wp-block-image size-large\"><img loading=\"lazy\" decoding=\"async\" width=\"1024\" height=\"576\" src=\"https:\/\/www.em.com.br\/emfoco\/wp-content\/uploads\/2026\/01\/AIAI-9-45-1024x576.jpg\" alt=\"A verdade por tr\u00e1s do clareamento com bicarbonato: o que ele faz no seu dente ningu\u00e9m mostra no v\u00eddeo de \u201cantes e depois\u201d\" class=\"wp-image-160322\" srcset=\"https:\/\/www.em.com.br\/emfoco\/wp-content\/uploads\/2026\/01\/AIAI-9-45-1024x576.jpg 1024w, https:\/\/www.em.com.br\/emfoco\/wp-content\/uploads\/2026\/01\/AIAI-9-45-300x169.jpg 300w, https:\/\/www.em.com.br\/emfoco\/wp-content\/uploads\/2026\/01\/AIAI-9-45-768x432.jpg 768w, https:\/\/www.em.com.br\/emfoco\/wp-content\/uploads\/2026\/01\/AIAI-9-45-750x422.jpg 750w, https:\/\/www.em.com.br\/emfoco\/wp-content\/uploads\/2026\/01\/AIAI-9-45-1140x641.jpg 1140w, https:\/\/www.em.com.br\/emfoco\/wp-content\/uploads\/2026\/01\/AIAI-9-45.jpg 1280w\" sizes=\"auto, (max-width: 1024px) 100vw, 1024px\" \/><figcaption class=\"wp-element-caption\">A\u00e7\u00e3o alcalina remove manchas externas sem alterar cor natural dent\u00e1ria<\/figcaption><\/figure>\n\n\n\n<h2 class=\"wp-block-heading\">Como fazer a pasta de bicarbonato de forma correta?<\/h2>\n\n\n\n<p>Para obter brilho imediato sem comprometer a <strong>sa\u00fade do esmalte<\/strong>, o preparo e o tempo de uso precisam ser rigorosamente controlados. O m\u00e9todo seguro segue etapas simples, com quantidades exatas e dura\u00e7\u00e3o limitada, conforme detalhado na lista a seguir.<\/p>\n\n\n\n<ul class=\"wp-block-list\">\n<li>Mistura: 1 colher de ch\u00e1 de bicarbonato com gotas de \u00e1gua at\u00e9 formar pasta \u00famida.<\/li>\n\n\n\n<li>Aplica\u00e7\u00e3o: escova macia ou dedo limpo, sem pressionar o esmalte.<\/li>\n\n\n\n<li>Tempo: escova\u00e7\u00e3o suave por no m\u00e1ximo 2 minutos.<\/li>\n\n\n\n<li>Enx\u00e1gue: remo\u00e7\u00e3o total do res\u00edduo para evitar irrita\u00e7\u00e3o gengival.<\/li>\n<\/ul>\n\n\n\n<h2 class=\"wp-block-heading\">Quais s\u00e3o os benef\u00edcios e os riscos reais do m\u00e9todo?<\/h2>\n\n\n\n<p>Entre os pontos positivos, o <strong>custo-benef\u00edcio<\/strong> chama aten\u00e7\u00e3o, assim como a ajuda no controle do mau h\u00e1lito ao neutralizar odores \u00e1cidos. O bicarbonato tamb\u00e9m auxilia na remo\u00e7\u00e3o de biofilme superficial, melhorando a sensa\u00e7\u00e3o de limpeza imediata.<\/p>\n\n\n\n<p>Por outro lado, a <strong>abrasividade cumulativa<\/strong> pode desgastar o esmalte se houver excesso de for\u00e7a ou frequ\u00eancia. Al\u00e9m disso, a aus\u00eancia de fl\u00faor reduz a prote\u00e7\u00e3o contra c\u00e1ries, e o esmalte afinado pode expor a dentina, causando sensibilidade.<\/p>\n\n\n\n<p>Confira o v\u00eddeo compartilhado pela especialista do canal do TikTok <strong><a href=\"https:\/\/www.tiktok.com\/@gess.advento\" target=\"_blank\" rel=\"noreferrer noopener\"><strong>gess.advento<\/strong><\/a><\/strong> orientando na hora de escovar os dentes com bicarbonato de s\u00f3dio para acabar n\u00e3o causando problemas aos dentes. <\/p>\n\n\n\n<blockquote class=\"tiktok-embed\" cite=\"https:\/\/www.tiktok.com\/@gess.advento\/video\/7359367135648550149\" data-video-id=\"7359367135648550149\" style=\"max-width: 605px;min-width: 325px;\" > <section> <a target=\"_blank\" title=\"@gess.advento\" href=\"https:\/\/www.tiktok.com\/@gess.advento?refer=embed\">@gess.advento<\/a> Bicarbonato de sodio para clarear os dentes.  <a title=\"clareamentodental\" target=\"_blank\" href=\"https:\/\/www.tiktok.com\/tag\/clareamentodental?refer=embed\">#clareamentodental<\/a> <a title=\"dentesbrancos\" target=\"_blank\" href=\"https:\/\/www.tiktok.com\/tag\/dentesbrancos?refer=embed\">#dentesbrancos<\/a> <a title=\"dicadedentista\" target=\"_blank\" href=\"https:\/\/www.tiktok.com\/tag\/dicadedentista?refer=embed\">#dicadedentista<\/a> <a target=\"_blank\" title=\"\u266c som original - Dra Gess - Dentista\" href=\"https:\/\/www.tiktok.com\/music\/som-original-7359367156284721925?refer=embed\">\u266c som original &#8211; Dra Gess &#8211; Dentista<\/a> <\/section> <\/blockquote> <script async src=\"https:\/\/www.tiktok.com\/embed.js\"><\/script>\n\n\n\n<p><em>Leia mais: <strong><a href=\"https:\/\/www.em.com.br\/emfoco\/2026\/01\/26\/dr-cesar-cimonari-artrose-da-coluna-causa-dor-constante\/\" target=\"_blank\" rel=\"noreferrer noopener\">Dr. Cesar Cimonari: Artrose da coluna causa dor constante<\/a><\/strong><\/em><\/p>\n\n\n\n<h2 class=\"wp-block-heading\">Qual \u00e9 o limite seguro de uso segundo dentistas?<\/h2>\n\n\n\n<p>O erro mais comum \u00e9 repetir o m\u00e9todo com frequ\u00eancia excessiva, ignorando que o <strong>esmalte dent\u00e1rio n\u00e3o se regenera<\/strong>. Para evitar danos permanentes, especialistas refor\u00e7am limites claros e situa\u00e7\u00f5es em que o uso deve ser evitado.<\/p>\n\n\n\n<ul class=\"wp-block-list\">\n<li>Frequ\u00eancia m\u00e1xima: uma vez por semana ou a cada 15 dias em dentes sens\u00edveis.<\/li>\n\n\n\n<li>Contraindica\u00e7\u00f5es: aparelhos ortod\u00f4nticos, facetas e pr\u00f3teses de resina.<\/li>\n\n\n\n<li>Alerta cl\u00ednico: esmalte fino aumenta risco de sensibilidade e desgaste.<\/li>\n<\/ul>\n\n\n\n<h2 class=\"wp-block-heading\">Misturar bicarbonato com lim\u00e3o funciona ou \u00e9 perigoso?<\/h2>\n\n\n\n<p>A combina\u00e7\u00e3o de <strong>bicarbonato com lim\u00e3o<\/strong> \u00e9 um mito perigoso. O \u00e1cido c\u00edtrico tem pH pr\u00f3ximo de 2,0 e, ao reagir com a abrasividade do p\u00f3, acelera a corros\u00e3o do c\u00e1lcio, causando perda imediata do esmalte.<\/p>\n\n\n\n<p>O efeito branco inicial \u00e9 ilus\u00f3rio e indica apenas <strong>desgaste estrutural<\/strong>. Com o tempo, a dentina amarelada fica exposta, resultando em dor, maior sensibilidade e escurecimento progressivo, um preju\u00edzo dif\u00edcil e caro de reverter.<\/p>\n","protected":false},"excerpt":{"rendered":"<p>O bicarbonato clareia apenas manchas superficiais ao agir como abrasivo leve e neutralizar \u00e1cidos. O uso deve ser ocasional, sem lim\u00e3o, para evitar desgaste do esmalte, sensibilidade e perda irrevers\u00edvel da prote\u00e7\u00e3o dental. O bicarbonato de s\u00f3dio para clarear os dentes virou alternativa popular por ser barato e acess\u00edvel. Por\u00e9m, entender sua a\u00e7\u00e3o qu\u00edmica, o [&hellip;]<\/p>\n","protected":false},"author":13,"featured_media":160319,"comment_status":"open","ping_status":"open","sticky":false,"template":"","format":"standard","meta":{"jnews-multi-image_gallery":[],"jnews_single_post":{"format":"standard"},"jnews_primary_category":[],"jnews_social_meta":[],"jnews_override_counter":[],"footnotes":""},"categories":[8819],"tags":[6040,23433,10130],"class_list":["post-160253","post","type-post","status-publish","format-standard","has-post-thumbnail","hentry","category-curiosidades","tag-bicarbonato-de-sodio","tag-clarear-os-dentes","tag-saude-bucal"],"yoast_head":"<!-- This site is optimized with the Yoast SEO plugin v23.8 - https:\/\/yoast.com\/wordpress\/plugins\/seo\/ -->\n<title>A verdade por tr\u00e1s do clareamento com bicarbonato: o que ele faz no seu dente ningu\u00e9m mostra no v\u00eddeo de \u201cantes e depois\u201d - Estado de Minas - Em foco<\/title>\n<meta name=\"description\" content=\"Clarear os dentes em casa parece simples, mas o uso excessivo de bicarbonato pode causar sensibilidade e danos permanentes.\" \/>\n<meta name=\"robots\" content=\"index, follow, max-snippet:-1, max-image-preview:large, max-video-preview:-1\" \/>\n<link rel=\"canonical\" href=\"https:\/\/www.em.com.br\/emfoco\/2026\/01\/27\/a-verdade-por-tras-do-clareamento-com-bicarbonato-o-que-ele-faz-no-seu-dente-ninguem-mostra-no-video-de-antes-e-depois\/\" \/>\n<meta property=\"og:locale\" content=\"pt_BR\" \/>\n<meta property=\"og:type\" content=\"article\" \/>\n<meta property=\"og:title\" content=\"A verdade por tr\u00e1s do clareamento com bicarbonato: o que ele faz no seu dente ningu\u00e9m mostra no v\u00eddeo de \u201cantes e depois\u201d - Estado de Minas - Em foco\" \/>\n<meta property=\"og:description\" content=\"Clarear os dentes em casa parece simples, mas o uso excessivo de bicarbonato pode causar sensibilidade e danos permanentes.\" \/>\n<meta property=\"og:url\" content=\"https:\/\/www.em.com.br\/emfoco\/2026\/01\/27\/a-verdade-por-tras-do-clareamento-com-bicarbonato-o-que-ele-faz-no-seu-dente-ninguem-mostra-no-video-de-antes-e-depois\/\" \/>\n<meta property=\"og:site_name\" content=\"Estado de Minas - Em foco\" \/>\n<meta property=\"article:published_time\" content=\"2026-01-27T17:35:00+00:00\" \/>\n<meta property=\"article:modified_time\" content=\"2026-01-26T17:51:50+00:00\" \/>\n<meta property=\"og:image\" content=\"https:\/\/www.em.com.br\/emfoco\/wp-content\/uploads\/2026\/01\/AIAI-8-47.jpg\" \/>\n\t<meta property=\"og:image:width\" content=\"1280\" \/>\n\t<meta property=\"og:image:height\" content=\"720\" \/>\n\t<meta property=\"og:image:type\" content=\"image\/jpeg\" \/>\n<meta name=\"author\" content=\"Gabriel Martins\" \/>\n<meta name=\"twitter:card\" content=\"summary_large_image\" \/>\n<meta name=\"twitter:label1\" content=\"Escrito por\" \/>\n\t<meta name=\"twitter:data1\" content=\"Gabriel Martins\" \/>\n\t<meta name=\"twitter:label2\" content=\"Est. tempo de leitura\" \/>\n\t<meta name=\"twitter:data2\" content=\"4 minutos\" \/>\n<!-- \/ Yoast SEO plugin. -->","yoast_head_json":{"title":"A verdade por tr\u00e1s do clareamento com bicarbonato: o que ele faz no seu dente ningu\u00e9m mostra no v\u00eddeo de \u201cantes e depois\u201d - Estado de Minas - Em foco","description":"Clarear os dentes em casa parece simples, mas o uso excessivo de bicarbonato pode causar sensibilidade e danos permanentes.","robots":{"index":"index","follow":"follow","max-snippet":"max-snippet:-1","max-image-preview":"max-image-preview:large","max-video-preview":"max-video-preview:-1"},"canonical":"https:\/\/www.em.com.br\/emfoco\/2026\/01\/27\/a-verdade-por-tras-do-clareamento-com-bicarbonato-o-que-ele-faz-no-seu-dente-ninguem-mostra-no-video-de-antes-e-depois\/","og_locale":"pt_BR","og_type":"article","og_title":"A verdade por tr\u00e1s do clareamento com bicarbonato: o que ele faz no seu dente ningu\u00e9m mostra no v\u00eddeo de \u201cantes e depois\u201d - Estado de Minas - Em foco","og_description":"Clarear os dentes em casa parece simples, mas o uso excessivo de bicarbonato pode causar sensibilidade e danos permanentes.","og_url":"https:\/\/www.em.com.br\/emfoco\/2026\/01\/27\/a-verdade-por-tras-do-clareamento-com-bicarbonato-o-que-ele-faz-no-seu-dente-ninguem-mostra-no-video-de-antes-e-depois\/","og_site_name":"Estado de Minas - Em foco","article_published_time":"2026-01-27T17:35:00+00:00","article_modified_time":"2026-01-26T17:51:50+00:00","og_image":[{"width":1280,"height":720,"url":"https:\/\/www.em.com.br\/emfoco\/wp-content\/uploads\/2026\/01\/AIAI-8-47.jpg","type":"image\/jpeg"}],"author":"Gabriel Martins","twitter_card":"summary_large_image","twitter_misc":{"Escrito por":"Gabriel Martins","Est. tempo de leitura":"4 minutos"},"schema":{"@context":"https:\/\/schema.org","@graph":[{"@type":"WebPage","@id":"https:\/\/www.em.com.br\/emfoco\/2026\/01\/27\/a-verdade-por-tras-do-clareamento-com-bicarbonato-o-que-ele-faz-no-seu-dente-ninguem-mostra-no-video-de-antes-e-depois\/","url":"https:\/\/www.em.com.br\/emfoco\/2026\/01\/27\/a-verdade-por-tras-do-clareamento-com-bicarbonato-o-que-ele-faz-no-seu-dente-ninguem-mostra-no-video-de-antes-e-depois\/","name":"A verdade por tr\u00e1s do clareamento com bicarbonato: o que ele faz no seu dente ningu\u00e9m mostra no v\u00eddeo de \u201cantes e depois\u201d - Estado de Minas - Em foco","isPartOf":{"@id":"https:\/\/www.em.com.br\/emfoco\/#website"},"primaryImageOfPage":{"@id":"https:\/\/www.em.com.br\/emfoco\/2026\/01\/27\/a-verdade-por-tras-do-clareamento-com-bicarbonato-o-que-ele-faz-no-seu-dente-ninguem-mostra-no-video-de-antes-e-depois\/#primaryimage"},"image":{"@id":"https:\/\/www.em.com.br\/emfoco\/2026\/01\/27\/a-verdade-por-tras-do-clareamento-com-bicarbonato-o-que-ele-faz-no-seu-dente-ninguem-mostra-no-video-de-antes-e-depois\/#primaryimage"},"thumbnailUrl":"https:\/\/www.em.com.br\/emfoco\/wp-content\/uploads\/2026\/01\/AIAI-8-47.jpg","datePublished":"2026-01-27T17:35:00+00:00","dateModified":"2026-01-26T17:51:50+00:00","author":{"@id":"https:\/\/www.em.com.br\/emfoco\/#\/schema\/person\/1c9ddeab18b98abeffef834667bcf08a"},"description":"Clarear os dentes em casa parece simples, mas o uso excessivo de bicarbonato pode causar sensibilidade e danos permanentes.","breadcrumb":{"@id":"https:\/\/www.em.com.br\/emfoco\/2026\/01\/27\/a-verdade-por-tras-do-clareamento-com-bicarbonato-o-que-ele-faz-no-seu-dente-ninguem-mostra-no-video-de-antes-e-depois\/#breadcrumb"},"inLanguage":"pt-BR","potentialAction":[{"@type":"ReadAction","target":["https:\/\/www.em.com.br\/emfoco\/2026\/01\/27\/a-verdade-por-tras-do-clareamento-com-bicarbonato-o-que-ele-faz-no-seu-dente-ninguem-mostra-no-video-de-antes-e-depois\/"]}]},{"@type":"ImageObject","inLanguage":"pt-BR","@id":"https:\/\/www.em.com.br\/emfoco\/2026\/01\/27\/a-verdade-por-tras-do-clareamento-com-bicarbonato-o-que-ele-faz-no-seu-dente-ninguem-mostra-no-video-de-antes-e-depois\/#primaryimage","url":"https:\/\/www.em.com.br\/emfoco\/wp-content\/uploads\/2026\/01\/AIAI-8-47.jpg","contentUrl":"https:\/\/www.em.com.br\/emfoco\/wp-content\/uploads\/2026\/01\/AIAI-8-47.jpg","width":1280,"height":720,"caption":"Bicarbonato clareia manchas superficiais, mas exige uso controlado para proteger esmalte"},{"@type":"BreadcrumbList","@id":"https:\/\/www.em.com.br\/emfoco\/2026\/01\/27\/a-verdade-por-tras-do-clareamento-com-bicarbonato-o-que-ele-faz-no-seu-dente-ninguem-mostra-no-video-de-antes-e-depois\/#breadcrumb","itemListElement":[{"@type":"ListItem","position":1,"name":"In\u00edcio","item":"https:\/\/www.em.com.br\/emfoco\/"},{"@type":"ListItem","position":2,"name":"A verdade por tr\u00e1s do clareamento com bicarbonato: o que ele faz no seu dente ningu\u00e9m mostra no v\u00eddeo de \u201cantes e depois\u201d"}]},{"@type":"WebSite","@id":"https:\/\/www.em.com.br\/emfoco\/#website","url":"https:\/\/www.em.com.br\/emfoco\/","name":"Estado de Minas - Em foco","description":"Acompanhe as \u00faltimas not\u00edcias e fique bem informado sobre tudo o que acontece em Minas Gerais, Brasil e no mundo.","potentialAction":[{"@type":"SearchAction","target":{"@type":"EntryPoint","urlTemplate":"https:\/\/www.em.com.br\/emfoco\/?s={search_term_string}"},"query-input":{"@type":"PropertyValueSpecification","valueRequired":true,"valueName":"search_term_string"}}],"inLanguage":"pt-BR"},{"@type":"Person","@id":"https:\/\/www.em.com.br\/emfoco\/#\/schema\/person\/1c9ddeab18b98abeffef834667bcf08a","name":"Gabriel Martins","image":{"@type":"ImageObject","inLanguage":"pt-BR","@id":"https:\/\/www.em.com.br\/emfoco\/#\/schema\/person\/image\/","url":"https:\/\/secure.gravatar.com\/avatar\/f0f1e2efdfd88f1ad2cb08c5c2731e50?s=96&d=mm&r=g","contentUrl":"https:\/\/secure.gravatar.com\/avatar\/f0f1e2efdfd88f1ad2cb08c5c2731e50?s=96&d=mm&r=g","caption":"Gabriel Martins"},"sameAs":["https:\/\/www.em.com.br\/emfoco\/"],"url":"https:\/\/www.em.com.br\/emfoco\/author\/gabrielmartinsmyth\/"}]}},"_links":{"self":[{"href":"https:\/\/www.em.com.br\/emfoco\/wp-json\/wp\/v2\/posts\/160253","targetHints":{"allow":["GET"]}}],"collection":[{"href":"https:\/\/www.em.com.br\/emfoco\/wp-json\/wp\/v2\/posts"}],"about":[{"href":"https:\/\/www.em.com.br\/emfoco\/wp-json\/wp\/v2\/types\/post"}],"author":[{"embeddable":true,"href":"https:\/\/www.em.com.br\/emfoco\/wp-json\/wp\/v2\/users\/13"}],"replies":[{"embeddable":true,"href":"https:\/\/www.em.com.br\/emfoco\/wp-json\/wp\/v2\/comments?post=160253"}],"version-history":[{"count":1,"href":"https:\/\/www.em.com.br\/emfoco\/wp-json\/wp\/v2\/posts\/160253\/revisions"}],"predecessor-version":[{"id":160324,"href":"https:\/\/www.em.com.br\/emfoco\/wp-json\/wp\/v2\/posts\/160253\/revisions\/160324"}],"wp:featuredmedia":[{"embeddable":true,"href":"https:\/\/www.em.com.br\/emfoco\/wp-json\/wp\/v2\/media\/160319"}],"wp:attachment":[{"href":"https:\/\/www.em.com.br\/emfoco\/wp-json\/wp\/v2\/media?parent=160253"}],"wp:term":[{"taxonomy":"category","embeddable":true,"href":"https:\/\/www.em.com.br\/emfoco\/wp-json\/wp\/v2\/categories?post=160253"},{"taxonomy":"post_tag","embeddable":true,"href":"https:\/\/www.em.com.br\/emfoco\/wp-json\/wp\/v2\/tags?post=160253"}],"curies":[{"name":"wp","href":"https:\/\/api.w.org\/{rel}","templated":true}]}}