{"id":160179,"date":"2026-01-27T19:05:00","date_gmt":"2026-01-27T22:05:00","guid":{"rendered":"https:\/\/www.em.com.br\/emfoco\/?p=160179"},"modified":"2026-01-26T14:22:12","modified_gmt":"2026-01-26T17:22:12","slug":"voce-come-menos-e-nao-emagrece-o-erro-comum-apos-os-40-esta-no-prato","status":"publish","type":"post","link":"https:\/\/www.em.com.br\/emfoco\/2026\/01\/27\/voce-come-menos-e-nao-emagrece-o-erro-comum-apos-os-40-esta-no-prato\/","title":{"rendered":"Voc\u00ea come menos e n\u00e3o emagrece? O erro comum ap\u00f3s os 40 est\u00e1 no prato"},"content":{"rendered":"\n<p>Depois dos 40 anos, muitas mulheres percebem que o corpo responde de maneira diferente \u00e0s dietas e aos treinos. Mesmo com esfor\u00e7o cont\u00ednuo, o emagrecimento fica mais lento, a disposi\u00e7\u00e3o oscila e a mudan\u00e7a na composi\u00e7\u00e3o corporal parece travar. Esse cen\u00e1rio costuma gerar frustra\u00e7\u00e3o, mas est\u00e1 ligado a altera\u00e7\u00f5es hormonais e metab\u00f3licas dessa fase da vida, e n\u00e3o apenas \u00e0 for\u00e7a de vontade ou disciplina alimentar, tornando essencial organizar melhor a ingest\u00e3o de prote\u00ednas ao longo do dia.<\/p>\n\n\n\n<h2 class=\"wp-block-heading\">Por que emagrecer depois dos 40 anos fica mais dif\u00edcil<\/h2>\n\n\n\n<p>Separamos esse v\u00eddeo do <strong>@<\/strong><a href=\"https:\/\/www.youtube.com\/@dravaljacomomenopausa\" target=\"_blank\" rel=\"noreferrer noopener\">Valdirene J\u00e1como<\/a>, onde explica por que, depois dos 40, emagrecer depende menos de cortar comida e mais de organizar a ingest\u00e3o de prote\u00ednas para proteger m\u00fasculos, metabolismo e horm\u00f4nios.<\/p>\n\n\n\n<iframe loading=\"lazy\" width=\"1013\" height=\"570\" src=\"https:\/\/www.youtube.com\/embed\/-_AKuj_fslY\" title=\"Prote\u00edna e Emagrecimento: A Chave Esquecida da Mulher 40+\" frameborder=\"0\" allow=\"accelerometer; autoplay; clipboard-write; encrypted-media; gyroscope; picture-in-picture; web-share\" referrerpolicy=\"strict-origin-when-cross-origin\" allowfullscreen><\/iframe>\n\n\n\n<p>A partir da quarta d\u00e9cada de vida, o organismo feminino passa por mudan\u00e7as hormonais graduais, intensificadas na transi\u00e7\u00e3o para a menopausa. H\u00e1 tend\u00eancia \u00e0 perda de massa muscular, redu\u00e7\u00e3o da densidade \u00f3ssea e altera\u00e7\u00e3o na forma como o corpo armazena e utiliza gordura, com maior ac\u00famulo na regi\u00e3o abdominal.<\/p>\n\n\n\n<p>Quando a resposta \u00e9 apenas \u201ccomer menos\u201d, o resultado pode ser o oposto do desejado, com maior perda de massa magra e queda do metabolismo. Cortes exagerados de calorias, baseados em muitos carboidratos e pouca prote\u00edna, fazem o corpo queimar m\u00fasculo, pioram a flacidez e tornam o emagrecimento mais resistente.<\/p>\n\n\n\n<h2 class=\"wp-block-heading\">Qual \u00e9 o papel da prote\u00edna no emagrecimento depois dos 40<\/h2>\n\n\n\n<p>A prote\u00edna \u00e9 um dos principais \u201ctijolos\u201d de constru\u00e7\u00e3o do corpo, participando da forma\u00e7\u00e3o e manuten\u00e7\u00e3o de m\u00fasculos, pele, cabelos, ossos e sistema imunol\u00f3gico. Com a queda hormonal t\u00edpica do envelhecimento, essas estruturas ficam mais vulner\u00e1veis, e a ingest\u00e3o proteica adequada torna-se estrat\u00e9gica para emagrecer com sa\u00fade.<\/p>\n\n\n\n<p>No processo de perda de peso, a prote\u00edna aumenta a saciedade, reduz picos de insulina e possui maior efeito t\u00e9rmico, elevando discretamente o gasto cal\u00f3rico. Aliada ao treino de for\u00e7a, ela ajuda a preservar ou ganhar massa muscular, protegendo o metabolismo, a funcionalidade di\u00e1ria, a postura e reduzindo o risco de les\u00f5es.<\/p>\n\n\n\n<p>Leia mais: <a href=\"https:\/\/www.em.com.br\/trends\/2026\/01\/7336178-5-chas-que-podem-auxiliar-na-rotina-de-emagrecimento.html\" target=\"_blank\" rel=\"noreferrer noopener\">5 ch\u00e1s que podem auxiliar na rotina de emagrecimento<\/a><\/p>\n\n\n\n<h2 class=\"wp-block-heading\">Quais s\u00e3o as melhores fontes de prote\u00edna para mulheres acima dos 40<\/h2>\n\n\n\n<p>Na rotina alimentar, a prote\u00edna pode vir de diferentes origens, e variar as fontes ajuda a melhorar o perfil de nutrientes da dieta. \u00c9 importante escolher alimentos que ofere\u00e7am boa quantidade de prote\u00edna por por\u00e7\u00e3o e, quando poss\u00edvel, baixo teor de gordura saturada.<\/p>\n\n\n\n<p>Entre as principais fontes proteicas que podem compor o dia a dia est\u00e3o:<\/p>\n\n\n\n<figure class=\"wp-block-table\"><table class=\"has-fixed-layout\"><thead><tr><th>Fonte proteica<\/th><th>Principais benef\u00edcios<\/th><th>Observa\u00e7\u00e3o para pr\u00e1tica<\/th><\/tr><\/thead><tbody><tr><td>Ovos<\/td><td>Prote\u00edna completa e vers\u00e1til<\/td><td>F\u00e1cil preparo e alto valor nutricional<\/td><\/tr><tr><td>Frango e aves<\/td><td>Alta densidade proteica<\/td><td>Preferir cortes magros<\/td><\/tr><tr><td>Peixes<\/td><td>Prote\u00edna + gorduras ben\u00e9ficas<\/td><td>Algumas esp\u00e9cies s\u00e3o ricas em \u00f4mega-3<\/td><\/tr><tr><td>Carnes vermelhas e su\u00ednas<\/td><td>Prote\u00edna e ferro<\/td><td>Consumir com modera\u00e7\u00e3o e cortes magros<\/td><\/tr><tr><td>Latic\u00ednios<\/td><td>Prote\u00edna e c\u00e1lcio<\/td><td>Importantes para sa\u00fade \u00f3ssea<\/td><\/tr><tr><td>Suplementos proteicos<\/td><td>Apoio \u00e0 ingest\u00e3o di\u00e1ria<\/td><td>\u00dateis quando a dieta n\u00e3o atinge a meta<\/td><\/tr><\/tbody><\/table><\/figure>\n\n\n\n<p>O uso de suplementos n\u00e3o substitui uma alimenta\u00e7\u00e3o equilibrada, mas pode ser uma ferramenta pr\u00e1tica em rotinas corridas ou dificuldade de mastigar grandes volumes. Em casos de doen\u00e7as renais, p\u00f3s-cirurgias espec\u00edficas ou outras condi\u00e7\u00f5es cl\u00ednicas, a indica\u00e7\u00e3o deve ser individualizada e acompanhada por profissional habilitado.<\/p>\n\n\n\n<h2 class=\"wp-block-heading\">Como calcular e distribuir a prote\u00edna no dia a dia<\/h2>\n\n\n<div class=\"wp-block-image\">\n<figure class=\"aligncenter size-large\"><img loading=\"lazy\" decoding=\"async\" width=\"1024\" height=\"576\" src=\"https:\/\/www.em.com.br\/emfoco\/wp-content\/uploads\/2026\/01\/comida-alimento-refeicao-1024x576.png\" alt=\"\" class=\"wp-image-160267\" srcset=\"https:\/\/www.em.com.br\/emfoco\/wp-content\/uploads\/2026\/01\/comida-alimento-refeicao-1024x576.png 1024w, https:\/\/www.em.com.br\/emfoco\/wp-content\/uploads\/2026\/01\/comida-alimento-refeicao-300x169.png 300w, https:\/\/www.em.com.br\/emfoco\/wp-content\/uploads\/2026\/01\/comida-alimento-refeicao-768x432.png 768w, https:\/\/www.em.com.br\/emfoco\/wp-content\/uploads\/2026\/01\/comida-alimento-refeicao-750x422.png 750w, https:\/\/www.em.com.br\/emfoco\/wp-content\/uploads\/2026\/01\/comida-alimento-refeicao-1140x641.png 1140w, https:\/\/www.em.com.br\/emfoco\/wp-content\/uploads\/2026\/01\/comida-alimento-refeicao.png 1280w\" sizes=\"auto, (max-width: 1024px) 100vw, 1024px\" \/><figcaption class=\"wp-element-caption\">Depois dos 40, comer pouco n\u00e3o basta<\/figcaption><\/figure><\/div>\n\n\n<p>Como o organismo n\u00e3o armazena prote\u00edna da mesma forma que faz com a gordura, distribuir o consumo ao longo do dia \u00e9 mais eficiente do que concentrar tudo em uma \u00fanica refei\u00e7\u00e3o. Para adultos saud\u00e1veis, em contexto de emagrecimento e preserva\u00e7\u00e3o muscular, usa-se com frequ\u00eancia cerca de 2 gramas de prote\u00edna por quilo de peso desejado ao dia.<\/p>\n\n\n\n<p>Na pr\u00e1tica, uma pessoa que busca chegar a 60 kg pode ter como meta aproximada 120 g de prote\u00edna di\u00e1ria, divididas em 4 ou 5 refei\u00e7\u00f5es, considerando a quantidade de prote\u00edna do alimento e n\u00e3o o peso cru ou cozido. Organizar o prato com a prote\u00edna como protagonista e encaixar carboidratos de boa qualidade e gorduras em menor quantidade ajuda a controlar a fome, reduzir o impacto glic\u00eamico e favorecer um emagrecimento mais gradual e consistente.<\/p>\n\n\n\n<p>Leia mais: <a href=\"https:\/\/www.em.com.br\/trends\/2026\/01\/7337858-fontes-naturais-de-magnesio-7-alimentos-para-incluir-na-sua-dieta.html\" target=\"_blank\" rel=\"noreferrer noopener\">Fontes naturais de magn\u00e9sio: 7 alimentos para incluir na sua dieta<\/a><\/p>\n\n\n\n<h2 class=\"wp-block-heading\">Quem pode se beneficiar da prioriza\u00e7\u00e3o de prote\u00edna depois dos 40<\/h2>\n\n\n\n<p>A prioriza\u00e7\u00e3o da prote\u00edna costuma ser adequada para a maioria dos adultos saud\u00e1veis, incluindo mulheres na perimenopausa e na menopausa que buscam perda de peso ou manuten\u00e7\u00e3o da sa\u00fade. Pessoas com doen\u00e7as renais, s\u00edndromes de m\u00e1 absor\u00e7\u00e3o, hist\u00f3rico de cirurgia bari\u00e1trica ou atletas de alta desempenho precisam de avalia\u00e7\u00e3o individualizada para ajustes finos.<\/p>\n\n\n\n<p>Quando a alimenta\u00e7\u00e3o deixa de focar apenas em restri\u00e7\u00e3o cal\u00f3rica e passa a valorizar a qualidade e a correta distribui\u00e7\u00e3o das prote\u00ednas, o emagrecimento tende a se tornar mais consistente. Reorganizar o prato com foco em saciedade, preserva\u00e7\u00e3o muscular e equil\u00edbrio metab\u00f3lico transforma a resposta do corpo, especialmente em fases da vida marcadas por mudan\u00e7as hormonais mais intensas.<\/p>\n","protected":false},"excerpt":{"rendered":"<p>Depois dos 40 anos, muitas mulheres percebem que o corpo responde de maneira diferente \u00e0s dietas e aos treinos. Mesmo com esfor\u00e7o cont\u00ednuo, o emagrecimento fica mais lento, a disposi\u00e7\u00e3o oscila e a mudan\u00e7a na composi\u00e7\u00e3o corporal parece travar. Esse cen\u00e1rio costuma gerar frustra\u00e7\u00e3o, mas est\u00e1 ligado a altera\u00e7\u00f5es hormonais e metab\u00f3licas dessa fase da [&hellip;]<\/p>\n","protected":false},"author":20,"featured_media":158490,"comment_status":"open","ping_status":"open","sticky":false,"template":"","format":"standard","meta":{"jnews-multi-image_gallery":[],"jnews_single_post":{"format":"standard"},"jnews_primary_category":[],"jnews_social_meta":[],"jnews_override_counter":[],"footnotes":""},"categories":[8819,1],"tags":[15754,23425,868,3113],"class_list":["post-160179","post","type-post","status-publish","format-standard","has-post-thumbnail","hentry","category-curiosidades","category-noticias","tag-dieta-balanceada","tag-emagrecimento-feminino","tag-energia","tag-proteina"],"yoast_head":"<!-- This site is optimized with the Yoast SEO plugin v23.8 - https:\/\/yoast.com\/wordpress\/plugins\/seo\/ -->\n<title>Voc\u00ea come menos e n\u00e3o emagrece? O erro comum ap\u00f3s os 40 est\u00e1 no prato - Estado de Minas - Em foco<\/title>\n<meta name=\"description\" content=\"Entenda por que emagrecer ap\u00f3s os 40 exige mais prote\u00edna, como ela protege os m\u00fasculos, aumenta saciedade e destrava o metabolismo feminino.\" \/>\n<meta name=\"robots\" content=\"index, follow, max-snippet:-1, max-image-preview:large, max-video-preview:-1\" \/>\n<link rel=\"canonical\" href=\"https:\/\/www.em.com.br\/emfoco\/2026\/01\/27\/voce-come-menos-e-nao-emagrece-o-erro-comum-apos-os-40-esta-no-prato\/\" \/>\n<meta property=\"og:locale\" content=\"pt_BR\" \/>\n<meta property=\"og:type\" content=\"article\" \/>\n<meta property=\"og:title\" content=\"Voc\u00ea come menos e n\u00e3o emagrece? O erro comum ap\u00f3s os 40 est\u00e1 no prato - Estado de Minas - Em foco\" \/>\n<meta property=\"og:description\" content=\"Entenda por que emagrecer ap\u00f3s os 40 exige mais prote\u00edna, como ela protege os m\u00fasculos, aumenta saciedade e destrava o metabolismo feminino.\" \/>\n<meta property=\"og:url\" content=\"https:\/\/www.em.com.br\/emfoco\/2026\/01\/27\/voce-come-menos-e-nao-emagrece-o-erro-comum-apos-os-40-esta-no-prato\/\" \/>\n<meta property=\"og:site_name\" content=\"Estado de Minas - Em foco\" \/>\n<meta property=\"article:published_time\" content=\"2026-01-27T22:05:00+00:00\" \/>\n<meta property=\"article:modified_time\" content=\"2026-01-26T17:22:12+00:00\" \/>\n<meta property=\"og:image\" content=\"https:\/\/www.em.com.br\/emfoco\/wp-content\/uploads\/2026\/01\/ChatGPT-Image-21-de-jan.-de-2026-22_11_33-1.png\" \/>\n\t<meta property=\"og:image:width\" content=\"1280\" \/>\n\t<meta property=\"og:image:height\" content=\"720\" \/>\n\t<meta property=\"og:image:type\" content=\"image\/png\" \/>\n<meta name=\"author\" content=\"Ingrid Diniz\" \/>\n<meta name=\"twitter:card\" content=\"summary_large_image\" \/>\n<meta name=\"twitter:label1\" content=\"Escrito por\" \/>\n\t<meta name=\"twitter:data1\" content=\"Ingrid Diniz\" \/>\n\t<meta name=\"twitter:label2\" content=\"Est. tempo de leitura\" \/>\n\t<meta name=\"twitter:data2\" content=\"5 minutos\" \/>\n<!-- \/ Yoast SEO plugin. -->","yoast_head_json":{"title":"Voc\u00ea come menos e n\u00e3o emagrece? O erro comum ap\u00f3s os 40 est\u00e1 no prato - Estado de Minas - Em foco","description":"Entenda por que emagrecer ap\u00f3s os 40 exige mais prote\u00edna, como ela protege os m\u00fasculos, aumenta saciedade e destrava o metabolismo feminino.","robots":{"index":"index","follow":"follow","max-snippet":"max-snippet:-1","max-image-preview":"max-image-preview:large","max-video-preview":"max-video-preview:-1"},"canonical":"https:\/\/www.em.com.br\/emfoco\/2026\/01\/27\/voce-come-menos-e-nao-emagrece-o-erro-comum-apos-os-40-esta-no-prato\/","og_locale":"pt_BR","og_type":"article","og_title":"Voc\u00ea come menos e n\u00e3o emagrece? O erro comum ap\u00f3s os 40 est\u00e1 no prato - Estado de Minas - Em foco","og_description":"Entenda por que emagrecer ap\u00f3s os 40 exige mais prote\u00edna, como ela protege os m\u00fasculos, aumenta saciedade e destrava o metabolismo feminino.","og_url":"https:\/\/www.em.com.br\/emfoco\/2026\/01\/27\/voce-come-menos-e-nao-emagrece-o-erro-comum-apos-os-40-esta-no-prato\/","og_site_name":"Estado de Minas - Em foco","article_published_time":"2026-01-27T22:05:00+00:00","article_modified_time":"2026-01-26T17:22:12+00:00","og_image":[{"width":1280,"height":720,"url":"https:\/\/www.em.com.br\/emfoco\/wp-content\/uploads\/2026\/01\/ChatGPT-Image-21-de-jan.-de-2026-22_11_33-1.png","type":"image\/png"}],"author":"Ingrid Diniz","twitter_card":"summary_large_image","twitter_misc":{"Escrito por":"Ingrid Diniz","Est. tempo de leitura":"5 minutos"},"schema":{"@context":"https:\/\/schema.org","@graph":[{"@type":"WebPage","@id":"https:\/\/www.em.com.br\/emfoco\/2026\/01\/27\/voce-come-menos-e-nao-emagrece-o-erro-comum-apos-os-40-esta-no-prato\/","url":"https:\/\/www.em.com.br\/emfoco\/2026\/01\/27\/voce-come-menos-e-nao-emagrece-o-erro-comum-apos-os-40-esta-no-prato\/","name":"Voc\u00ea come menos e n\u00e3o emagrece? O erro comum ap\u00f3s os 40 est\u00e1 no prato - Estado de Minas - Em foco","isPartOf":{"@id":"https:\/\/www.em.com.br\/emfoco\/#website"},"primaryImageOfPage":{"@id":"https:\/\/www.em.com.br\/emfoco\/2026\/01\/27\/voce-come-menos-e-nao-emagrece-o-erro-comum-apos-os-40-esta-no-prato\/#primaryimage"},"image":{"@id":"https:\/\/www.em.com.br\/emfoco\/2026\/01\/27\/voce-come-menos-e-nao-emagrece-o-erro-comum-apos-os-40-esta-no-prato\/#primaryimage"},"thumbnailUrl":"https:\/\/www.em.com.br\/emfoco\/wp-content\/uploads\/2026\/01\/ChatGPT-Image-21-de-jan.-de-2026-22_11_33-1.png","datePublished":"2026-01-27T22:05:00+00:00","dateModified":"2026-01-26T17:22:12+00:00","author":{"@id":"https:\/\/www.em.com.br\/emfoco\/#\/schema\/person\/649e610b4eb8fff87ff394e54fe17b2b"},"description":"Entenda por que emagrecer ap\u00f3s os 40 exige mais prote\u00edna, como ela protege os m\u00fasculos, aumenta saciedade e destrava o metabolismo feminino.","breadcrumb":{"@id":"https:\/\/www.em.com.br\/emfoco\/2026\/01\/27\/voce-come-menos-e-nao-emagrece-o-erro-comum-apos-os-40-esta-no-prato\/#breadcrumb"},"inLanguage":"pt-BR","potentialAction":[{"@type":"ReadAction","target":["https:\/\/www.em.com.br\/emfoco\/2026\/01\/27\/voce-come-menos-e-nao-emagrece-o-erro-comum-apos-os-40-esta-no-prato\/"]}]},{"@type":"ImageObject","inLanguage":"pt-BR","@id":"https:\/\/www.em.com.br\/emfoco\/2026\/01\/27\/voce-come-menos-e-nao-emagrece-o-erro-comum-apos-os-40-esta-no-prato\/#primaryimage","url":"https:\/\/www.em.com.br\/emfoco\/wp-content\/uploads\/2026\/01\/ChatGPT-Image-21-de-jan.-de-2026-22_11_33-1.png","contentUrl":"https:\/\/www.em.com.br\/emfoco\/wp-content\/uploads\/2026\/01\/ChatGPT-Image-21-de-jan.-de-2026-22_11_33-1.png","width":1280,"height":720,"caption":"Depois dos 40, comer pouco n\u00e3o basta"},{"@type":"BreadcrumbList","@id":"https:\/\/www.em.com.br\/emfoco\/2026\/01\/27\/voce-come-menos-e-nao-emagrece-o-erro-comum-apos-os-40-esta-no-prato\/#breadcrumb","itemListElement":[{"@type":"ListItem","position":1,"name":"In\u00edcio","item":"https:\/\/www.em.com.br\/emfoco\/"},{"@type":"ListItem","position":2,"name":"Voc\u00ea come menos e n\u00e3o emagrece? O erro comum ap\u00f3s os 40 est\u00e1 no prato"}]},{"@type":"WebSite","@id":"https:\/\/www.em.com.br\/emfoco\/#website","url":"https:\/\/www.em.com.br\/emfoco\/","name":"Estado de Minas - Em foco","description":"Acompanhe as \u00faltimas not\u00edcias e fique bem informado sobre tudo o que acontece em Minas Gerais, Brasil e no mundo.","potentialAction":[{"@type":"SearchAction","target":{"@type":"EntryPoint","urlTemplate":"https:\/\/www.em.com.br\/emfoco\/?s={search_term_string}"},"query-input":{"@type":"PropertyValueSpecification","valueRequired":true,"valueName":"search_term_string"}}],"inLanguage":"pt-BR"},{"@type":"Person","@id":"https:\/\/www.em.com.br\/emfoco\/#\/schema\/person\/649e610b4eb8fff87ff394e54fe17b2b","name":"Ingrid Diniz","image":{"@type":"ImageObject","inLanguage":"pt-BR","@id":"https:\/\/www.em.com.br\/emfoco\/#\/schema\/person\/image\/","url":"https:\/\/secure.gravatar.com\/avatar\/a3baa1449ec5c39b4c42babc9d4f3951?s=96&d=mm&r=g","contentUrl":"https:\/\/secure.gravatar.com\/avatar\/a3baa1449ec5c39b4c42babc9d4f3951?s=96&d=mm&r=g","caption":"Ingrid Diniz"},"sameAs":["https:\/\/www.em.com.br\/"],"url":"https:\/\/www.em.com.br\/emfoco\/author\/ingridmyth\/"}]}},"_links":{"self":[{"href":"https:\/\/www.em.com.br\/emfoco\/wp-json\/wp\/v2\/posts\/160179","targetHints":{"allow":["GET"]}}],"collection":[{"href":"https:\/\/www.em.com.br\/emfoco\/wp-json\/wp\/v2\/posts"}],"about":[{"href":"https:\/\/www.em.com.br\/emfoco\/wp-json\/wp\/v2\/types\/post"}],"author":[{"embeddable":true,"href":"https:\/\/www.em.com.br\/emfoco\/wp-json\/wp\/v2\/users\/20"}],"replies":[{"embeddable":true,"href":"https:\/\/www.em.com.br\/emfoco\/wp-json\/wp\/v2\/comments?post=160179"}],"version-history":[{"count":1,"href":"https:\/\/www.em.com.br\/emfoco\/wp-json\/wp\/v2\/posts\/160179\/revisions"}],"predecessor-version":[{"id":160268,"href":"https:\/\/www.em.com.br\/emfoco\/wp-json\/wp\/v2\/posts\/160179\/revisions\/160268"}],"wp:featuredmedia":[{"embeddable":true,"href":"https:\/\/www.em.com.br\/emfoco\/wp-json\/wp\/v2\/media\/158490"}],"wp:attachment":[{"href":"https:\/\/www.em.com.br\/emfoco\/wp-json\/wp\/v2\/media?parent=160179"}],"wp:term":[{"taxonomy":"category","embeddable":true,"href":"https:\/\/www.em.com.br\/emfoco\/wp-json\/wp\/v2\/categories?post=160179"},{"taxonomy":"post_tag","embeddable":true,"href":"https:\/\/www.em.com.br\/emfoco\/wp-json\/wp\/v2\/tags?post=160179"}],"curies":[{"name":"wp","href":"https:\/\/api.w.org\/{rel}","templated":true}]}}