{"id":160167,"date":"2026-01-27T21:05:00","date_gmt":"2026-01-28T00:05:00","guid":{"rendered":"https:\/\/www.em.com.br\/emfoco\/?p=160167"},"modified":"2026-01-26T13:59:10","modified_gmt":"2026-01-26T16:59:10","slug":"familias-estao-recebendo-ate-r-13-mil-por-crianca-em-beneficio-automatico-com-creche-gratuita-garantida-e-comparacao-com-brasil-vira-debate","status":"publish","type":"post","link":"https:\/\/www.em.com.br\/emfoco\/2026\/01\/27\/familias-estao-recebendo-ate-r-13-mil-por-crianca-em-beneficio-automatico-com-creche-gratuita-garantida-e-comparacao-com-brasil-vira-debate\/","title":{"rendered":"Fam\u00edlias est\u00e3o recebendo at\u00e9 R$ 13 mil por crian\u00e7a em benef\u00edcio autom\u00e1tico com creche gratuita garantida e compara\u00e7\u00e3o com Brasil vira debate"},"content":{"rendered":"\n<h2 class=\"wp-block-heading\">A Dinamarca paga benef\u00edcio infantil universal a todas as fam\u00edlias, com valores anuais que chegam a cerca de R$ 13 mil por crian\u00e7a. O aux\u00edlio \u00e9 autom\u00e1tico, varia por idade e integra um sistema de bem-estar financiado por impostos altos e servi\u00e7os p\u00fablicos subsidiados.<\/h2>\n\n\n\n<p>A not\u00edcia de que fam\u00edlias recebem at\u00e9 <strong>R$ 13 mil por crian\u00e7a<\/strong> na <strong>Dinamarca <\/strong>costuma chocar brasileiros. O benef\u00edcio existe, \u00e9 real e segue uma l\u00f3gica totalmente diferente do Bolsa Fam\u00edlia, baseada em direitos universais, impostos altos e um forte estado de bem-estar social.<\/p>\n\n\n\n<h2 class=\"wp-block-heading\">O que \u00e9 o benef\u00edcio infantil pago pelo governo da Dinamarca?<\/h2>\n\n\n\n<p>O aux\u00edlio chamado <strong>B\u00f8rne- og ungeydelse<\/strong>, conhecido como B\u00f8rnepenge, \u00e9 um pagamento autom\u00e1tico feito a todas as fam\u00edlias com filhos de at\u00e9 18 anos. Diferente do Brasil, n\u00e3o h\u00e1 crit\u00e9rio de pobreza, pois o benef\u00edcio \u00e9 tratado como um direito de cidadania.<\/p>\n\n\n\n<p>Segundo o pr\u00f3prio governo dinamarqu\u00eas, o objetivo central \u00e9 garantir <strong>igualdade de oportunidades<\/strong> desde a inf\u00e2ncia e estimular a natalidade. O valor varia conforme a idade da crian\u00e7a, considerando que os custos s\u00e3o maiores nos primeiros anos de vida.<\/p>\n\n\n\n<figure class=\"wp-block-image size-large\"><img loading=\"lazy\" decoding=\"async\" width=\"1024\" height=\"576\" src=\"https:\/\/www.em.com.br\/emfoco\/wp-content\/uploads\/2026\/01\/AIAI-20-18-1024x576.jpg\" alt=\"Fam\u00edlias est\u00e3o recebendo at\u00e9 R$ 13 mil por crian\u00e7a em benef\u00edcio autom\u00e1tico com creche gratuita garantida e compara\u00e7\u00e3o com Brasil vira debate\" class=\"wp-image-160235\" srcset=\"https:\/\/www.em.com.br\/emfoco\/wp-content\/uploads\/2026\/01\/AIAI-20-18-1024x576.jpg 1024w, https:\/\/www.em.com.br\/emfoco\/wp-content\/uploads\/2026\/01\/AIAI-20-18-300x169.jpg 300w, https:\/\/www.em.com.br\/emfoco\/wp-content\/uploads\/2026\/01\/AIAI-20-18-768x432.jpg 768w, https:\/\/www.em.com.br\/emfoco\/wp-content\/uploads\/2026\/01\/AIAI-20-18-750x422.jpg 750w, https:\/\/www.em.com.br\/emfoco\/wp-content\/uploads\/2026\/01\/AIAI-20-18-1140x641.jpg 1140w, https:\/\/www.em.com.br\/emfoco\/wp-content\/uploads\/2026\/01\/AIAI-20-18.jpg 1280w\" sizes=\"auto, (max-width: 1024px) 100vw, 1024px\" \/><figcaption class=\"wp-element-caption\">B\u00f8rnepenge \u00e9 aux\u00edlio autom\u00e1tico universal pago a fam\u00edlias com filhos<\/figcaption><\/figure>\n\n\n\n<h2 class=\"wp-block-heading\">Quanto o governo dinamarqu\u00eas paga por crian\u00e7a em 2026?<\/h2>\n\n\n\n<p>Em 2026, os valores impressionam quando convertidos para o real, mas seguem uma l\u00f3gica progressiva. O pagamento \u00e9 autom\u00e1tico, cai geralmente na conta da m\u00e3e e diminui conforme a crian\u00e7a cresce, como voc\u00ea v\u00ea nos valores detalhados a seguir.<\/p>\n\n\n\n<ul class=\"wp-block-list\">\n<li>0 a 2 anos: cerca de 4.900 DKK por trimestre, chegando a aproximadamente R$ 16.500 por ano.<\/li>\n\n\n\n<li>3 a 6 anos: pagamento trimestral de 3.900 DKK, o que equivale a cerca de R$ 13.100 anuais.<\/li>\n\n\n\n<li>7 a 14 anos: valor trimestral de 3.000 DKK, somando perto de R$ 10.100 por ano.<\/li>\n\n\n\n<li>15 a 17 anos: aux\u00edlio mensal de 1.000 DKK, totalizando cerca de R$ 10.100 anuais.<\/li>\n<\/ul>\n\n\n\n<h2 class=\"wp-block-heading\">Por que esse valor n\u00e3o torna as fam\u00edlias ricas?<\/h2>\n\n\n\n<p>Apesar do impacto ao converter para reais, o <strong>custo de vida na Dinamarca<\/strong> est\u00e1 entre os mais altos do mundo. Aluguel, alimenta\u00e7\u00e3o e servi\u00e7os consomem grande parte da renda, fazendo com que o benef\u00edcio funcione como complemento, n\u00e3o como sustento principal.<\/p>\n\n\n\n<p>Se dividirmos a m\u00e9dia anual de <strong>R$ 13.000<\/strong> por 12 meses, o valor mensal fica em torno de R$ 1.083. No padr\u00e3o dinamarqu\u00eas, isso cobre apenas despesas b\u00e1sicas, bem diferente do poder de compra que esse valor teria em cidades brasileiras.<\/p>\n\n\n\n<figure class=\"wp-block-image size-large\"><img loading=\"lazy\" decoding=\"async\" width=\"1024\" height=\"576\" src=\"https:\/\/www.em.com.br\/emfoco\/wp-content\/uploads\/2026\/01\/AIAI-21-17-1024x576.jpg\" alt=\"Fam\u00edlias est\u00e3o recebendo at\u00e9 R$ 13 mil por crian\u00e7a em benef\u00edcio autom\u00e1tico com creche gratuita garantida e compara\u00e7\u00e3o com Brasil vira debate\" class=\"wp-image-160237\" srcset=\"https:\/\/www.em.com.br\/emfoco\/wp-content\/uploads\/2026\/01\/AIAI-21-17-1024x576.jpg 1024w, https:\/\/www.em.com.br\/emfoco\/wp-content\/uploads\/2026\/01\/AIAI-21-17-300x169.jpg 300w, https:\/\/www.em.com.br\/emfoco\/wp-content\/uploads\/2026\/01\/AIAI-21-17-768x432.jpg 768w, https:\/\/www.em.com.br\/emfoco\/wp-content\/uploads\/2026\/01\/AIAI-21-17-750x422.jpg 750w, https:\/\/www.em.com.br\/emfoco\/wp-content\/uploads\/2026\/01\/AIAI-21-17-1140x641.jpg 1140w, https:\/\/www.em.com.br\/emfoco\/wp-content\/uploads\/2026\/01\/AIAI-21-17.jpg 1280w\" sizes=\"auto, (max-width: 1024px) 100vw, 1024px\" \/><figcaption class=\"wp-element-caption\">Custo de vida elevado faz benef\u00edcio complementar n\u00e3o gerar riqueza<\/figcaption><\/figure>\n\n\n\n<p><em>Leia mais: <em><strong><a href=\"https:\/\/www.em.com.br\/emfoco\/2026\/01\/26\/governo-libera-consulta-do-bolsa-familia-e-auxilio-gas-de-fevereiro-de-2026-veja-se-voce-vai-receber\/\" target=\"_blank\" rel=\"noreferrer noopener\">Governo libera consulta do Bolsa Fam\u00edlia e Aux\u00edlio G\u00e1s de fevereiro de 2026: veja se voc\u00ea vai receber<\/a><\/strong><\/em><\/em><\/p>\n\n\n\n<h2 class=\"wp-block-heading\">Como funciona a creche subsidiada na Dinamarca?<\/h2>\n\n\n\n<p>Outro ponto que surpreende \u00e9 o sistema de educa\u00e7\u00e3o infantil, que reduz drasticamente os custos para as fam\u00edlias. A l\u00f3gica segue o mesmo princ\u00edpio do benef\u00edcio em dinheiro, garantindo acesso universal e apoio maior para quem ganha menos, como mostram os pontos abaixo.<\/p>\n\n\n\n<ul class=\"wp-block-list\">\n<li>Subs\u00eddio m\u00ednimo garantido: o governo paga pelo menos 75% do valor da creche para todas as fam\u00edlias.<\/li>\n\n\n\n<li>Gratuidade para baixa renda: fam\u00edlias com renda menor t\u00eam 100% do custo coberto pelo Estado.<\/li>\n\n\n\n<li>Desconto para irm\u00e3os: ao ter dois filhos na creche, o mais caro \u00e9 pago integralmente e o segundo sai pela metade.<\/li>\n<\/ul>\n\n\n\n<h2 class=\"wp-block-heading\">O que o Brasil pode aprender com esse modelo?<\/h2>\n\n\n\n<p>A compara\u00e7\u00e3o entre <strong>Bolsa Fam\u00edlia<\/strong> e B\u00f8rnepenge mostra dois modelos distintos. No Brasil, a prioridade \u00e9 reduzir a pobreza extrema com aux\u00edlio focalizado, enquanto a Dinamarca aposta na universaliza\u00e7\u00e3o, onde todos contribuem mais e todos recebem.<\/p>\n\n\n\n<p>O modelo dinamarqu\u00eas s\u00f3 funciona porque h\u00e1 <strong>impostos elevados e transparentes<\/strong>, com imposto de renda que pode chegar a 52% e IVA de 25% sobre o consumo. \u00c9 uma escolha coletiva que transforma impostos em servi\u00e7os e prote\u00e7\u00e3o social desde a inf\u00e2ncia.<\/p>\n","protected":false},"excerpt":{"rendered":"<p>A Dinamarca paga benef\u00edcio infantil universal a todas as fam\u00edlias, com valores anuais que chegam a cerca de R$ 13 mil por crian\u00e7a. O aux\u00edlio \u00e9 autom\u00e1tico, varia por idade e integra um sistema de bem-estar financiado por impostos altos e servi\u00e7os p\u00fablicos subsidiados. A not\u00edcia de que fam\u00edlias recebem at\u00e9 R$ 13 mil por [&hellip;]<\/p>\n","protected":false},"author":13,"featured_media":160234,"comment_status":"open","ping_status":"open","sticky":false,"template":"","format":"standard","meta":{"jnews-multi-image_gallery":[],"jnews_single_post":{"format":"standard"},"jnews_primary_category":[],"jnews_social_meta":[],"jnews_override_counter":[],"footnotes":""},"categories":[28],"tags":[23423,23422,2244],"class_list":["post-160167","post","type-post","status-publish","format-standard","has-post-thumbnail","hentry","category-economia","tag-beneficios-na-dinamarca","tag-bornepenge","tag-dinamarca"],"yoast_head":"<!-- This site is optimized with the Yoast SEO plugin v23.8 - https:\/\/yoast.com\/wordpress\/plugins\/seo\/ -->\n<title>Fam\u00edlias est\u00e3o recebendo at\u00e9 R$ 13 mil por crian\u00e7a em benef\u00edcio autom\u00e1tico com creche gratuita garantida e compara\u00e7\u00e3o com Brasil vira debate - Estado de Minas - Em foco<\/title>\n<meta name=\"description\" content=\"Benef\u00edcio autom\u00e1tico de at\u00e9 R$ 13 mil por crian\u00e7a ao ano e creche gr\u00e1tis mostram como outro pa\u00eds trata a inf\u00e2ncia com prioridade.\" \/>\n<meta name=\"robots\" content=\"index, follow, max-snippet:-1, max-image-preview:large, max-video-preview:-1\" \/>\n<link rel=\"canonical\" href=\"https:\/\/www.em.com.br\/emfoco\/2026\/01\/27\/familias-estao-recebendo-ate-r-13-mil-por-crianca-em-beneficio-automatico-com-creche-gratuita-garantida-e-comparacao-com-brasil-vira-debate\/\" \/>\n<meta property=\"og:locale\" content=\"pt_BR\" \/>\n<meta property=\"og:type\" content=\"article\" \/>\n<meta property=\"og:title\" content=\"Fam\u00edlias est\u00e3o recebendo at\u00e9 R$ 13 mil por crian\u00e7a em benef\u00edcio autom\u00e1tico com creche gratuita garantida e compara\u00e7\u00e3o com Brasil vira debate - Estado de Minas - Em foco\" \/>\n<meta property=\"og:description\" content=\"Benef\u00edcio autom\u00e1tico de at\u00e9 R$ 13 mil por crian\u00e7a ao ano e creche gr\u00e1tis mostram como outro pa\u00eds trata a inf\u00e2ncia com prioridade.\" \/>\n<meta property=\"og:url\" content=\"https:\/\/www.em.com.br\/emfoco\/2026\/01\/27\/familias-estao-recebendo-ate-r-13-mil-por-crianca-em-beneficio-automatico-com-creche-gratuita-garantida-e-comparacao-com-brasil-vira-debate\/\" \/>\n<meta property=\"og:site_name\" content=\"Estado de Minas - Em foco\" \/>\n<meta property=\"article:published_time\" content=\"2026-01-28T00:05:00+00:00\" \/>\n<meta property=\"article:modified_time\" content=\"2026-01-26T16:59:10+00:00\" \/>\n<meta property=\"og:image\" content=\"https:\/\/www.em.com.br\/emfoco\/wp-content\/uploads\/2026\/01\/AIAI-19-19.jpg\" \/>\n\t<meta property=\"og:image:width\" content=\"1280\" \/>\n\t<meta property=\"og:image:height\" content=\"720\" \/>\n\t<meta property=\"og:image:type\" content=\"image\/jpeg\" \/>\n<meta name=\"author\" content=\"Gabriel Martins\" \/>\n<meta name=\"twitter:card\" content=\"summary_large_image\" \/>\n<meta name=\"twitter:label1\" content=\"Escrito por\" \/>\n\t<meta name=\"twitter:data1\" content=\"Gabriel Martins\" \/>\n\t<meta name=\"twitter:label2\" content=\"Est. tempo de leitura\" \/>\n\t<meta name=\"twitter:data2\" content=\"4 minutos\" \/>\n<!-- \/ Yoast SEO plugin. -->","yoast_head_json":{"title":"Fam\u00edlias est\u00e3o recebendo at\u00e9 R$ 13 mil por crian\u00e7a em benef\u00edcio autom\u00e1tico com creche gratuita garantida e compara\u00e7\u00e3o com Brasil vira debate - Estado de Minas - Em foco","description":"Benef\u00edcio autom\u00e1tico de at\u00e9 R$ 13 mil por crian\u00e7a ao ano e creche gr\u00e1tis mostram como outro pa\u00eds trata a inf\u00e2ncia com prioridade.","robots":{"index":"index","follow":"follow","max-snippet":"max-snippet:-1","max-image-preview":"max-image-preview:large","max-video-preview":"max-video-preview:-1"},"canonical":"https:\/\/www.em.com.br\/emfoco\/2026\/01\/27\/familias-estao-recebendo-ate-r-13-mil-por-crianca-em-beneficio-automatico-com-creche-gratuita-garantida-e-comparacao-com-brasil-vira-debate\/","og_locale":"pt_BR","og_type":"article","og_title":"Fam\u00edlias est\u00e3o recebendo at\u00e9 R$ 13 mil por crian\u00e7a em benef\u00edcio autom\u00e1tico com creche gratuita garantida e compara\u00e7\u00e3o com Brasil vira debate - Estado de Minas - Em foco","og_description":"Benef\u00edcio autom\u00e1tico de at\u00e9 R$ 13 mil por crian\u00e7a ao ano e creche gr\u00e1tis mostram como outro pa\u00eds trata a inf\u00e2ncia com prioridade.","og_url":"https:\/\/www.em.com.br\/emfoco\/2026\/01\/27\/familias-estao-recebendo-ate-r-13-mil-por-crianca-em-beneficio-automatico-com-creche-gratuita-garantida-e-comparacao-com-brasil-vira-debate\/","og_site_name":"Estado de Minas - Em foco","article_published_time":"2026-01-28T00:05:00+00:00","article_modified_time":"2026-01-26T16:59:10+00:00","og_image":[{"width":1280,"height":720,"url":"https:\/\/www.em.com.br\/emfoco\/wp-content\/uploads\/2026\/01\/AIAI-19-19.jpg","type":"image\/jpeg"}],"author":"Gabriel Martins","twitter_card":"summary_large_image","twitter_misc":{"Escrito por":"Gabriel Martins","Est. tempo de leitura":"4 minutos"},"schema":{"@context":"https:\/\/schema.org","@graph":[{"@type":"WebPage","@id":"https:\/\/www.em.com.br\/emfoco\/2026\/01\/27\/familias-estao-recebendo-ate-r-13-mil-por-crianca-em-beneficio-automatico-com-creche-gratuita-garantida-e-comparacao-com-brasil-vira-debate\/","url":"https:\/\/www.em.com.br\/emfoco\/2026\/01\/27\/familias-estao-recebendo-ate-r-13-mil-por-crianca-em-beneficio-automatico-com-creche-gratuita-garantida-e-comparacao-com-brasil-vira-debate\/","name":"Fam\u00edlias est\u00e3o recebendo at\u00e9 R$ 13 mil por crian\u00e7a em benef\u00edcio autom\u00e1tico com creche gratuita garantida e compara\u00e7\u00e3o com Brasil vira debate - Estado de Minas - Em foco","isPartOf":{"@id":"https:\/\/www.em.com.br\/emfoco\/#website"},"primaryImageOfPage":{"@id":"https:\/\/www.em.com.br\/emfoco\/2026\/01\/27\/familias-estao-recebendo-ate-r-13-mil-por-crianca-em-beneficio-automatico-com-creche-gratuita-garantida-e-comparacao-com-brasil-vira-debate\/#primaryimage"},"image":{"@id":"https:\/\/www.em.com.br\/emfoco\/2026\/01\/27\/familias-estao-recebendo-ate-r-13-mil-por-crianca-em-beneficio-automatico-com-creche-gratuita-garantida-e-comparacao-com-brasil-vira-debate\/#primaryimage"},"thumbnailUrl":"https:\/\/www.em.com.br\/emfoco\/wp-content\/uploads\/2026\/01\/AIAI-19-19.jpg","datePublished":"2026-01-28T00:05:00+00:00","dateModified":"2026-01-26T16:59:10+00:00","author":{"@id":"https:\/\/www.em.com.br\/emfoco\/#\/schema\/person\/1c9ddeab18b98abeffef834667bcf08a"},"description":"Benef\u00edcio autom\u00e1tico de at\u00e9 R$ 13 mil por crian\u00e7a ao ano e creche gr\u00e1tis mostram como outro pa\u00eds trata a inf\u00e2ncia com prioridade.","breadcrumb":{"@id":"https:\/\/www.em.com.br\/emfoco\/2026\/01\/27\/familias-estao-recebendo-ate-r-13-mil-por-crianca-em-beneficio-automatico-com-creche-gratuita-garantida-e-comparacao-com-brasil-vira-debate\/#breadcrumb"},"inLanguage":"pt-BR","potentialAction":[{"@type":"ReadAction","target":["https:\/\/www.em.com.br\/emfoco\/2026\/01\/27\/familias-estao-recebendo-ate-r-13-mil-por-crianca-em-beneficio-automatico-com-creche-gratuita-garantida-e-comparacao-com-brasil-vira-debate\/"]}]},{"@type":"ImageObject","inLanguage":"pt-BR","@id":"https:\/\/www.em.com.br\/emfoco\/2026\/01\/27\/familias-estao-recebendo-ate-r-13-mil-por-crianca-em-beneficio-automatico-com-creche-gratuita-garantida-e-comparacao-com-brasil-vira-debate\/#primaryimage","url":"https:\/\/www.em.com.br\/emfoco\/wp-content\/uploads\/2026\/01\/AIAI-19-19.jpg","contentUrl":"https:\/\/www.em.com.br\/emfoco\/wp-content\/uploads\/2026\/01\/AIAI-19-19.jpg","width":1280,"height":720,"caption":"Benef\u00edcio infantil dinamarqu\u00eas paga valores altos seguindo modelo universal de bem-estar"},{"@type":"BreadcrumbList","@id":"https:\/\/www.em.com.br\/emfoco\/2026\/01\/27\/familias-estao-recebendo-ate-r-13-mil-por-crianca-em-beneficio-automatico-com-creche-gratuita-garantida-e-comparacao-com-brasil-vira-debate\/#breadcrumb","itemListElement":[{"@type":"ListItem","position":1,"name":"In\u00edcio","item":"https:\/\/www.em.com.br\/emfoco\/"},{"@type":"ListItem","position":2,"name":"Fam\u00edlias est\u00e3o recebendo at\u00e9 R$ 13 mil por crian\u00e7a em benef\u00edcio autom\u00e1tico com creche gratuita garantida e compara\u00e7\u00e3o com Brasil vira debate"}]},{"@type":"WebSite","@id":"https:\/\/www.em.com.br\/emfoco\/#website","url":"https:\/\/www.em.com.br\/emfoco\/","name":"Estado de Minas - Em foco","description":"Acompanhe as \u00faltimas not\u00edcias e fique bem informado sobre tudo o que acontece em Minas Gerais, Brasil e no mundo.","potentialAction":[{"@type":"SearchAction","target":{"@type":"EntryPoint","urlTemplate":"https:\/\/www.em.com.br\/emfoco\/?s={search_term_string}"},"query-input":{"@type":"PropertyValueSpecification","valueRequired":true,"valueName":"search_term_string"}}],"inLanguage":"pt-BR"},{"@type":"Person","@id":"https:\/\/www.em.com.br\/emfoco\/#\/schema\/person\/1c9ddeab18b98abeffef834667bcf08a","name":"Gabriel Martins","image":{"@type":"ImageObject","inLanguage":"pt-BR","@id":"https:\/\/www.em.com.br\/emfoco\/#\/schema\/person\/image\/","url":"https:\/\/secure.gravatar.com\/avatar\/f0f1e2efdfd88f1ad2cb08c5c2731e50?s=96&d=mm&r=g","contentUrl":"https:\/\/secure.gravatar.com\/avatar\/f0f1e2efdfd88f1ad2cb08c5c2731e50?s=96&d=mm&r=g","caption":"Gabriel Martins"},"sameAs":["https:\/\/www.em.com.br\/emfoco\/"],"url":"https:\/\/www.em.com.br\/emfoco\/author\/gabrielmartinsmyth\/"}]}},"_links":{"self":[{"href":"https:\/\/www.em.com.br\/emfoco\/wp-json\/wp\/v2\/posts\/160167","targetHints":{"allow":["GET"]}}],"collection":[{"href":"https:\/\/www.em.com.br\/emfoco\/wp-json\/wp\/v2\/posts"}],"about":[{"href":"https:\/\/www.em.com.br\/emfoco\/wp-json\/wp\/v2\/types\/post"}],"author":[{"embeddable":true,"href":"https:\/\/www.em.com.br\/emfoco\/wp-json\/wp\/v2\/users\/13"}],"replies":[{"embeddable":true,"href":"https:\/\/www.em.com.br\/emfoco\/wp-json\/wp\/v2\/comments?post=160167"}],"version-history":[{"count":1,"href":"https:\/\/www.em.com.br\/emfoco\/wp-json\/wp\/v2\/posts\/160167\/revisions"}],"predecessor-version":[{"id":160239,"href":"https:\/\/www.em.com.br\/emfoco\/wp-json\/wp\/v2\/posts\/160167\/revisions\/160239"}],"wp:featuredmedia":[{"embeddable":true,"href":"https:\/\/www.em.com.br\/emfoco\/wp-json\/wp\/v2\/media\/160234"}],"wp:attachment":[{"href":"https:\/\/www.em.com.br\/emfoco\/wp-json\/wp\/v2\/media?parent=160167"}],"wp:term":[{"taxonomy":"category","embeddable":true,"href":"https:\/\/www.em.com.br\/emfoco\/wp-json\/wp\/v2\/categories?post=160167"},{"taxonomy":"post_tag","embeddable":true,"href":"https:\/\/www.em.com.br\/emfoco\/wp-json\/wp\/v2\/tags?post=160167"}],"curies":[{"name":"wp","href":"https:\/\/api.w.org\/{rel}","templated":true}]}}