{"id":160160,"date":"2026-01-27T07:45:00","date_gmt":"2026-01-27T10:45:00","guid":{"rendered":"https:\/\/www.em.com.br\/emfoco\/?p=160160"},"modified":"2026-01-26T13:33:48","modified_gmt":"2026-01-26T16:33:48","slug":"santa-catarina-proibe-leite-em-po-importado-e-medida-promete-mudar-o-mercado-proteger-produtores-e-mexer-no-bolso-do-consumidor","status":"publish","type":"post","link":"https:\/\/www.em.com.br\/emfoco\/2026\/01\/27\/santa-catarina-proibe-leite-em-po-importado-e-medida-promete-mudar-o-mercado-proteger-produtores-e-mexer-no-bolso-do-consumidor\/","title":{"rendered":"Santa Catarina pro\u00edbe leite em p\u00f3 importado e medida promete mudar o mercado, proteger produtores e mexer no bolso do consumidor"},"content":{"rendered":"\n<h2 class=\"wp-block-heading\">Santa Catarina restringiu o uso de leite em p\u00f3 importado para conter dumping, proteger a bacia leiteira e renda rural. A medida corta incentivos fiscais, prioriza compras p\u00fablicas locais e refor\u00e7a fiscaliza\u00e7\u00e3o, com poss\u00edveis impactos moderados nos pre\u00e7os.<\/h2>\n\n\n\n<p>Em <strong>janeiro de 2026<\/strong>, Santa Catarina adotou uma postura protecionista firme para conter a crise do setor leiteiro. A <strong>proibi\u00e7\u00e3o do leite em p\u00f3 importado<\/strong> busca frear o dumping, preservar a renda no campo e evitar o colapso da bacia leiteira catarinense.<\/p>\n\n\n\n<h2 class=\"wp-block-heading\">Por que Santa Catarina decidiu barrar o leite em p\u00f3 importado?<\/h2>\n\n\n\n<p>A decis\u00e3o surge ap\u00f3s meses de press\u00e3o do setor produtivo, que denunciou <strong>concorr\u00eancia desleal<\/strong> de produtos vindos do Mercosul. Segundo entidades rurais, os pre\u00e7os praticados tornaram a produ\u00e7\u00e3o local economicamente invi\u00e1vel para milhares de fam\u00edlias.<\/p>\n\n\n\n<p>Para o governo estadual, a medida vai al\u00e9m do mercado. A <strong>bacia leiteira catarinense<\/strong> sustenta pequenas propriedades familiares e movimenta economias municipais inteiras, especialmente no Oeste, onde o leite \u00e9 a principal fonte de renda.<\/p>\n\n\n\n<figure class=\"wp-block-image size-large\"><img loading=\"lazy\" decoding=\"async\" width=\"1024\" height=\"576\" src=\"https:\/\/www.em.com.br\/emfoco\/wp-content\/uploads\/2026\/01\/AIAI-2-63-1024x576.jpg\" alt=\"Santa Catarina pro\u00edbe leite em p\u00f3 importado e medida promete mudar o mercado, proteger produtores e mexer no bolso do consumidor\" class=\"wp-image-160198\" srcset=\"https:\/\/www.em.com.br\/emfoco\/wp-content\/uploads\/2026\/01\/AIAI-2-63-1024x576.jpg 1024w, https:\/\/www.em.com.br\/emfoco\/wp-content\/uploads\/2026\/01\/AIAI-2-63-300x169.jpg 300w, https:\/\/www.em.com.br\/emfoco\/wp-content\/uploads\/2026\/01\/AIAI-2-63-768x432.jpg 768w, https:\/\/www.em.com.br\/emfoco\/wp-content\/uploads\/2026\/01\/AIAI-2-63-750x422.jpg 750w, https:\/\/www.em.com.br\/emfoco\/wp-content\/uploads\/2026\/01\/AIAI-2-63-1140x641.jpg 1140w, https:\/\/www.em.com.br\/emfoco\/wp-content\/uploads\/2026\/01\/AIAI-2-63.jpg 1280w\" sizes=\"auto, (max-width: 1024px) 100vw, 1024px\" \/><figcaption class=\"wp-element-caption\">Governo catarinense busca conter concorr\u00eancia desleal e proteger renda rural<\/figcaption><\/figure>\n\n\n\n<h2 class=\"wp-block-heading\">O que muda na pr\u00e1tica com a nova regulamenta\u00e7\u00e3o estadual?<\/h2>\n\n\n\n<p>A regulamenta\u00e7\u00e3o catarinense atua em frentes fiscais, contratuais e sanit\u00e1rias para reduzir o uso do produto estrangeiro. O objetivo \u00e9 desestimular economicamente a importa\u00e7\u00e3o e priorizar o leite nacional, conforme os pontos listados a seguir.<\/p>\n\n\n\n<ul class=\"wp-block-list\">\n<li>Suspens\u00e3o de incentivos fiscais: empresas que utilizarem leite em p\u00f3 importado perdem cr\u00e9ditos de <strong>ICMS<\/strong>.<\/li>\n\n\n\n<li>Compras p\u00fablicas regionais: merenda escolar e hospitais exigem <strong>leite de origem nacional<\/strong>, com prioridade local.<\/li>\n\n\n\n<li>Fiscaliza\u00e7\u00e3o sanit\u00e1ria refor\u00e7ada: proibi\u00e7\u00e3o de vender leite reconstitu\u00eddo como <strong>leite fresco<\/strong> sem rotulagem correta.<\/li>\n<\/ul>\n\n\n\n<h2 class=\"wp-block-heading\">Como o leite importado afetava os produtores catarinenses?<\/h2>\n\n\n\n<p>O leite em p\u00f3 importado chegava ao Brasil com custos reduzidos, impulsionados por <strong><a href=\"https:\/\/www.gov.br\/participamaisbrasil\/tomada-de-subsidios-bens-sustentaveis-no-comercio-exterior\" target=\"_blank\" rel=\"noreferrer noopener\">subs\u00eddios externos<\/a><\/strong> e c\u00e2mbio favor\u00e1vel. Isso derrubou o pre\u00e7o pago ao produtor local, muitas vezes abaixo do custo de produ\u00e7\u00e3o.<\/p>\n\n\n\n<p>Enquanto o produto estrangeiro favorecia grandes ind\u00fastrias, o leite catarinense mantinha a <strong>agricultura familiar<\/strong>, empregos no campo e cadeias log\u00edsticas regionais, criando um desequil\u00edbrio econ\u00f4mico e social dif\u00edcil de sustentar.<\/p>\n\n\n\n<figure class=\"wp-block-image size-large\"><img loading=\"lazy\" decoding=\"async\" width=\"1024\" height=\"576\" src=\"https:\/\/www.em.com.br\/emfoco\/wp-content\/uploads\/2026\/01\/AIAI-4-59-1024x576.jpg\" alt=\"Santa Catarina pro\u00edbe leite em p\u00f3 importado e medida promete mudar o mercado, proteger produtores e mexer no bolso do consumidor\" class=\"wp-image-160200\" srcset=\"https:\/\/www.em.com.br\/emfoco\/wp-content\/uploads\/2026\/01\/AIAI-4-59-1024x576.jpg 1024w, https:\/\/www.em.com.br\/emfoco\/wp-content\/uploads\/2026\/01\/AIAI-4-59-300x169.jpg 300w, https:\/\/www.em.com.br\/emfoco\/wp-content\/uploads\/2026\/01\/AIAI-4-59-768x432.jpg 768w, https:\/\/www.em.com.br\/emfoco\/wp-content\/uploads\/2026\/01\/AIAI-4-59-750x422.jpg 750w, https:\/\/www.em.com.br\/emfoco\/wp-content\/uploads\/2026\/01\/AIAI-4-59-1140x641.jpg 1140w, https:\/\/www.em.com.br\/emfoco\/wp-content\/uploads\/2026\/01\/AIAI-4-59.jpg 1280w\" sizes=\"auto, (max-width: 1024px) 100vw, 1024px\" \/><figcaption class=\"wp-element-caption\">Leite importado reduziu pre\u00e7os pagos aos produtores locais<\/figcaption><\/figure>\n\n\n\n<p><em>Leia mais: <strong><a href=\"https:\/\/www.em.com.br\/emfoco\/2026\/01\/26\/governo-libera-consulta-do-bolsa-familia-e-auxilio-gas-de-fevereiro-de-2026-veja-se-voce-vai-receber\/\" target=\"_blank\" rel=\"noreferrer noopener\">Governo libera consulta do Bolsa Fam\u00edlia e Aux\u00edlio G\u00e1s de fevereiro de 2026: veja se voc\u00ea vai receber<\/a><\/strong><\/em><\/p>\n\n\n\n<h2 class=\"wp-block-heading\">Quais s\u00e3o os impactos no bolso do consumidor em 2026?<\/h2>\n\n\n\n<p>A principal d\u00favida envolve o pre\u00e7o final ao consumidor. Especialistas apontam efeitos distintos no curto e no longo prazo, dependendo da adapta\u00e7\u00e3o da ind\u00fastria e da resposta do mercado local, como voc\u00ea confere a seguir.<\/p>\n\n\n\n<ul class=\"wp-block-list\">\n<li>Curto prazo: poss\u00edvel alta moderada em <strong>queijos e iogurtes<\/strong> que usavam leite importado barato.<\/li>\n\n\n\n<li>M\u00e9dio prazo: maior estabilidade na cadeia produtiva e redu\u00e7\u00e3o do risco de <strong>abandono da atividade<\/strong> rural.<\/li>\n\n\n\n<li>Longo prazo: menos depend\u00eancia externa e menor risco de <strong>aumentos bruscos<\/strong> por falta de oferta.<\/li>\n<\/ul>\n\n\n\n<h2 class=\"wp-block-heading\">Santa Catarina pode enfrentar problemas com o Mercosul?<\/h2>\n\n\n\n<p>A medida gera tens\u00e3o diplom\u00e1tica, j\u00e1 que o <strong>Mercosul<\/strong> prev\u00ea livre circula\u00e7\u00e3o de mercadorias. Juristas alertam para poss\u00edveis questionamentos, caso a restri\u00e7\u00e3o seja interpretada como barreira comercial indevida.<\/p>\n\n\n\n<p>O governo catarinense sustenta que n\u00e3o h\u00e1 proibi\u00e7\u00e3o direta de importa\u00e7\u00e3o, mas sim defesa da <strong>ordem econ\u00f4mica estadual<\/strong> frente ao dumping. Para o setor produtivo, a decis\u00e3o representa um passo decisivo para garantir sobreviv\u00eancia e equil\u00edbrio no mercado.<\/p>\n","protected":false},"excerpt":{"rendered":"<p>Santa Catarina restringiu o uso de leite em p\u00f3 importado para conter dumping, proteger a bacia leiteira e renda rural. A medida corta incentivos fiscais, prioriza compras p\u00fablicas locais e refor\u00e7a fiscaliza\u00e7\u00e3o, com poss\u00edveis impactos moderados nos pre\u00e7os. Em janeiro de 2026, Santa Catarina adotou uma postura protecionista firme para conter a crise do setor [&hellip;]<\/p>\n","protected":false},"author":13,"featured_media":160199,"comment_status":"open","ping_status":"open","sticky":false,"template":"","format":"standard","meta":{"jnews-multi-image_gallery":[],"jnews_single_post":{"format":"standard"},"jnews_primary_category":[],"jnews_social_meta":[],"jnews_override_counter":[],"footnotes":""},"categories":[28],"tags":[7516,23416,734],"class_list":["post-160160","post","type-post","status-publish","format-standard","has-post-thumbnail","hentry","category-economia","tag-concorrencia-desleal","tag-leite-em-po-importado","tag-santa-catarina"],"yoast_head":"<!-- This site is optimized with the Yoast SEO plugin v23.8 - https:\/\/yoast.com\/wordpress\/plugins\/seo\/ -->\n<title>Santa Catarina pro\u00edbe leite em p\u00f3 importado e medida promete mudar o mercado, proteger produtores e mexer no bolso do consumidor - Estado de Minas - Em foco<\/title>\n<meta name=\"description\" content=\"Santa Catarina pro\u00edbe o uso de leite em p\u00f3 importado e busca salvar a produ\u00e7\u00e3o local. Veja como isso pode afetar pre\u00e7os e o Mercosul.\" \/>\n<meta name=\"robots\" content=\"index, follow, max-snippet:-1, max-image-preview:large, max-video-preview:-1\" \/>\n<link rel=\"canonical\" href=\"https:\/\/www.em.com.br\/emfoco\/2026\/01\/27\/santa-catarina-proibe-leite-em-po-importado-e-medida-promete-mudar-o-mercado-proteger-produtores-e-mexer-no-bolso-do-consumidor\/\" \/>\n<meta property=\"og:locale\" content=\"pt_BR\" \/>\n<meta property=\"og:type\" content=\"article\" \/>\n<meta property=\"og:title\" content=\"Santa Catarina pro\u00edbe leite em p\u00f3 importado e medida promete mudar o mercado, proteger produtores e mexer no bolso do consumidor - Estado de Minas - Em foco\" \/>\n<meta property=\"og:description\" content=\"Santa Catarina pro\u00edbe o uso de leite em p\u00f3 importado e busca salvar a produ\u00e7\u00e3o local. Veja como isso pode afetar pre\u00e7os e o Mercosul.\" \/>\n<meta property=\"og:url\" content=\"https:\/\/www.em.com.br\/emfoco\/2026\/01\/27\/santa-catarina-proibe-leite-em-po-importado-e-medida-promete-mudar-o-mercado-proteger-produtores-e-mexer-no-bolso-do-consumidor\/\" \/>\n<meta property=\"og:site_name\" content=\"Estado de Minas - Em foco\" \/>\n<meta property=\"article:published_time\" content=\"2026-01-27T10:45:00+00:00\" \/>\n<meta property=\"article:modified_time\" content=\"2026-01-26T16:33:48+00:00\" \/>\n<meta property=\"og:image\" content=\"https:\/\/www.em.com.br\/emfoco\/wp-content\/uploads\/2026\/01\/AIAI-3-63.jpg\" \/>\n\t<meta property=\"og:image:width\" content=\"1280\" \/>\n\t<meta property=\"og:image:height\" content=\"720\" \/>\n\t<meta property=\"og:image:type\" content=\"image\/jpeg\" \/>\n<meta name=\"author\" content=\"Gabriel Martins\" \/>\n<meta name=\"twitter:card\" content=\"summary_large_image\" \/>\n<meta name=\"twitter:label1\" content=\"Escrito por\" \/>\n\t<meta name=\"twitter:data1\" content=\"Gabriel Martins\" \/>\n\t<meta name=\"twitter:label2\" content=\"Est. tempo de leitura\" \/>\n\t<meta name=\"twitter:data2\" content=\"4 minutos\" \/>\n<!-- \/ Yoast SEO plugin. -->","yoast_head_json":{"title":"Santa Catarina pro\u00edbe leite em p\u00f3 importado e medida promete mudar o mercado, proteger produtores e mexer no bolso do consumidor - Estado de Minas - Em foco","description":"Santa Catarina pro\u00edbe o uso de leite em p\u00f3 importado e busca salvar a produ\u00e7\u00e3o local. Veja como isso pode afetar pre\u00e7os e o Mercosul.","robots":{"index":"index","follow":"follow","max-snippet":"max-snippet:-1","max-image-preview":"max-image-preview:large","max-video-preview":"max-video-preview:-1"},"canonical":"https:\/\/www.em.com.br\/emfoco\/2026\/01\/27\/santa-catarina-proibe-leite-em-po-importado-e-medida-promete-mudar-o-mercado-proteger-produtores-e-mexer-no-bolso-do-consumidor\/","og_locale":"pt_BR","og_type":"article","og_title":"Santa Catarina pro\u00edbe leite em p\u00f3 importado e medida promete mudar o mercado, proteger produtores e mexer no bolso do consumidor - Estado de Minas - Em foco","og_description":"Santa Catarina pro\u00edbe o uso de leite em p\u00f3 importado e busca salvar a produ\u00e7\u00e3o local. Veja como isso pode afetar pre\u00e7os e o Mercosul.","og_url":"https:\/\/www.em.com.br\/emfoco\/2026\/01\/27\/santa-catarina-proibe-leite-em-po-importado-e-medida-promete-mudar-o-mercado-proteger-produtores-e-mexer-no-bolso-do-consumidor\/","og_site_name":"Estado de Minas - Em foco","article_published_time":"2026-01-27T10:45:00+00:00","article_modified_time":"2026-01-26T16:33:48+00:00","og_image":[{"width":1280,"height":720,"url":"https:\/\/www.em.com.br\/emfoco\/wp-content\/uploads\/2026\/01\/AIAI-3-63.jpg","type":"image\/jpeg"}],"author":"Gabriel Martins","twitter_card":"summary_large_image","twitter_misc":{"Escrito por":"Gabriel Martins","Est. tempo de leitura":"4 minutos"},"schema":{"@context":"https:\/\/schema.org","@graph":[{"@type":"WebPage","@id":"https:\/\/www.em.com.br\/emfoco\/2026\/01\/27\/santa-catarina-proibe-leite-em-po-importado-e-medida-promete-mudar-o-mercado-proteger-produtores-e-mexer-no-bolso-do-consumidor\/","url":"https:\/\/www.em.com.br\/emfoco\/2026\/01\/27\/santa-catarina-proibe-leite-em-po-importado-e-medida-promete-mudar-o-mercado-proteger-produtores-e-mexer-no-bolso-do-consumidor\/","name":"Santa Catarina pro\u00edbe leite em p\u00f3 importado e medida promete mudar o mercado, proteger produtores e mexer no bolso do consumidor - Estado de Minas - Em foco","isPartOf":{"@id":"https:\/\/www.em.com.br\/emfoco\/#website"},"primaryImageOfPage":{"@id":"https:\/\/www.em.com.br\/emfoco\/2026\/01\/27\/santa-catarina-proibe-leite-em-po-importado-e-medida-promete-mudar-o-mercado-proteger-produtores-e-mexer-no-bolso-do-consumidor\/#primaryimage"},"image":{"@id":"https:\/\/www.em.com.br\/emfoco\/2026\/01\/27\/santa-catarina-proibe-leite-em-po-importado-e-medida-promete-mudar-o-mercado-proteger-produtores-e-mexer-no-bolso-do-consumidor\/#primaryimage"},"thumbnailUrl":"https:\/\/www.em.com.br\/emfoco\/wp-content\/uploads\/2026\/01\/AIAI-3-63.jpg","datePublished":"2026-01-27T10:45:00+00:00","dateModified":"2026-01-26T16:33:48+00:00","author":{"@id":"https:\/\/www.em.com.br\/emfoco\/#\/schema\/person\/1c9ddeab18b98abeffef834667bcf08a"},"description":"Santa Catarina pro\u00edbe o uso de leite em p\u00f3 importado e busca salvar a produ\u00e7\u00e3o local. Veja como isso pode afetar pre\u00e7os e o Mercosul.","breadcrumb":{"@id":"https:\/\/www.em.com.br\/emfoco\/2026\/01\/27\/santa-catarina-proibe-leite-em-po-importado-e-medida-promete-mudar-o-mercado-proteger-produtores-e-mexer-no-bolso-do-consumidor\/#breadcrumb"},"inLanguage":"pt-BR","potentialAction":[{"@type":"ReadAction","target":["https:\/\/www.em.com.br\/emfoco\/2026\/01\/27\/santa-catarina-proibe-leite-em-po-importado-e-medida-promete-mudar-o-mercado-proteger-produtores-e-mexer-no-bolso-do-consumidor\/"]}]},{"@type":"ImageObject","inLanguage":"pt-BR","@id":"https:\/\/www.em.com.br\/emfoco\/2026\/01\/27\/santa-catarina-proibe-leite-em-po-importado-e-medida-promete-mudar-o-mercado-proteger-produtores-e-mexer-no-bolso-do-consumidor\/#primaryimage","url":"https:\/\/www.em.com.br\/emfoco\/wp-content\/uploads\/2026\/01\/AIAI-3-63.jpg","contentUrl":"https:\/\/www.em.com.br\/emfoco\/wp-content\/uploads\/2026\/01\/AIAI-3-63.jpg","width":1280,"height":720,"caption":"Santa Catarina reage \u00e0 crise leiteira com medidas protecionistas contra importa\u00e7\u00f5es"},{"@type":"BreadcrumbList","@id":"https:\/\/www.em.com.br\/emfoco\/2026\/01\/27\/santa-catarina-proibe-leite-em-po-importado-e-medida-promete-mudar-o-mercado-proteger-produtores-e-mexer-no-bolso-do-consumidor\/#breadcrumb","itemListElement":[{"@type":"ListItem","position":1,"name":"In\u00edcio","item":"https:\/\/www.em.com.br\/emfoco\/"},{"@type":"ListItem","position":2,"name":"Santa Catarina pro\u00edbe leite em p\u00f3 importado e medida promete mudar o mercado, proteger produtores e mexer no bolso do consumidor"}]},{"@type":"WebSite","@id":"https:\/\/www.em.com.br\/emfoco\/#website","url":"https:\/\/www.em.com.br\/emfoco\/","name":"Estado de Minas - Em foco","description":"Acompanhe as \u00faltimas not\u00edcias e fique bem informado sobre tudo o que acontece em Minas Gerais, Brasil e no mundo.","potentialAction":[{"@type":"SearchAction","target":{"@type":"EntryPoint","urlTemplate":"https:\/\/www.em.com.br\/emfoco\/?s={search_term_string}"},"query-input":{"@type":"PropertyValueSpecification","valueRequired":true,"valueName":"search_term_string"}}],"inLanguage":"pt-BR"},{"@type":"Person","@id":"https:\/\/www.em.com.br\/emfoco\/#\/schema\/person\/1c9ddeab18b98abeffef834667bcf08a","name":"Gabriel Martins","image":{"@type":"ImageObject","inLanguage":"pt-BR","@id":"https:\/\/www.em.com.br\/emfoco\/#\/schema\/person\/image\/","url":"https:\/\/secure.gravatar.com\/avatar\/f0f1e2efdfd88f1ad2cb08c5c2731e50?s=96&d=mm&r=g","contentUrl":"https:\/\/secure.gravatar.com\/avatar\/f0f1e2efdfd88f1ad2cb08c5c2731e50?s=96&d=mm&r=g","caption":"Gabriel Martins"},"sameAs":["https:\/\/www.em.com.br\/emfoco\/"],"url":"https:\/\/www.em.com.br\/emfoco\/author\/gabrielmartinsmyth\/"}]}},"_links":{"self":[{"href":"https:\/\/www.em.com.br\/emfoco\/wp-json\/wp\/v2\/posts\/160160","targetHints":{"allow":["GET"]}}],"collection":[{"href":"https:\/\/www.em.com.br\/emfoco\/wp-json\/wp\/v2\/posts"}],"about":[{"href":"https:\/\/www.em.com.br\/emfoco\/wp-json\/wp\/v2\/types\/post"}],"author":[{"embeddable":true,"href":"https:\/\/www.em.com.br\/emfoco\/wp-json\/wp\/v2\/users\/13"}],"replies":[{"embeddable":true,"href":"https:\/\/www.em.com.br\/emfoco\/wp-json\/wp\/v2\/comments?post=160160"}],"version-history":[{"count":1,"href":"https:\/\/www.em.com.br\/emfoco\/wp-json\/wp\/v2\/posts\/160160\/revisions"}],"predecessor-version":[{"id":160202,"href":"https:\/\/www.em.com.br\/emfoco\/wp-json\/wp\/v2\/posts\/160160\/revisions\/160202"}],"wp:featuredmedia":[{"embeddable":true,"href":"https:\/\/www.em.com.br\/emfoco\/wp-json\/wp\/v2\/media\/160199"}],"wp:attachment":[{"href":"https:\/\/www.em.com.br\/emfoco\/wp-json\/wp\/v2\/media?parent=160160"}],"wp:term":[{"taxonomy":"category","embeddable":true,"href":"https:\/\/www.em.com.br\/emfoco\/wp-json\/wp\/v2\/categories?post=160160"},{"taxonomy":"post_tag","embeddable":true,"href":"https:\/\/www.em.com.br\/emfoco\/wp-json\/wp\/v2\/tags?post=160160"}],"curies":[{"name":"wp","href":"https:\/\/api.w.org\/{rel}","templated":true}]}}