{"id":160104,"date":"2026-01-26T11:00:00","date_gmt":"2026-01-26T14:00:00","guid":{"rendered":"https:\/\/www.em.com.br\/emfoco\/?p=160104"},"modified":"2026-01-26T10:40:46","modified_gmt":"2026-01-26T13:40:46","slug":"governo-libera-consulta-do-bolsa-familia-e-auxilio-gas-de-fevereiro-de-2026-veja-se-voce-vai-receber","status":"publish","type":"post","link":"https:\/\/www.em.com.br\/emfoco\/2026\/01\/26\/governo-libera-consulta-do-bolsa-familia-e-auxilio-gas-de-fevereiro-de-2026-veja-se-voce-vai-receber\/","title":{"rendered":"Governo libera consulta do Bolsa Fam\u00edlia e Aux\u00edlio G\u00e1s de fevereiro de 2026: veja se voc\u00ea vai receber"},"content":{"rendered":"\n<p>O<strong> Bolsa Fam\u00edlia<\/strong> continua sendo, em 2026, o principal programa federal de transfer\u00eancia de renda para fam\u00edlias em situa\u00e7\u00e3o de vulnerabilidade econ\u00f4mica. O calend\u00e1rio de pagamentos de fevereiro j\u00e1 foi definido pelo <strong>Minist\u00e9rio do Desenvolvimento e Assist\u00eancia Social<\/strong>, com repasses organizados conforme o final do <strong>N\u00famero de Identifica\u00e7\u00e3o Social<\/strong> (NIS), e as regras de renda, perman\u00eancia e condicionalidades de sa\u00fade e educa\u00e7\u00e3o seguem como crit\u00e9rios centrais para entrar e se manter no benef\u00edcio.<\/p>\n\n\n\n<h2 class=\"wp-block-heading\">Como fica o calend\u00e1rio do Bolsa Fam\u00edlia em fevereiro de 2026<\/h2>\n\n\n\n<p>Em fevereiro de 2026, os repasses do Bolsa Fam\u00edlia ocorrem nos \u00faltimos dez dias \u00fateis do m\u00eas, iniciando em 12 e se estendendo at\u00e9 27 de fevereiro. O cronograma continua organizado pelo \u00faltimo d\u00edgito do NIS, garantindo um fluxo escalonado de pagamentos ao longo do per\u00edodo, com pausa devido ao Carnaval.<\/p>\n\n\n\n<p>O intervalo entre os dias 13 e 18 est\u00e1 ligado ao recesso do Carnaval, fazendo com que alguns dep\u00f3sitos sejam retomados apenas ap\u00f3s o feriado. Quem j\u00e1 possui o benef\u00edcio pode consultar a data exata de pagamento pelo n\u00famero do NIS em aplicativos e canais oficiais da Caixa e do governo federal.<\/p>\n\n\n\n<ul class=\"wp-block-list\">\n<li><strong>NIS final 1:<\/strong>\u00a0pagamento em 12 de fevereiro<\/li>\n\n\n\n<li><strong>NIS final 2:<\/strong>\u00a0pagamento em 13 de fevereiro<\/li>\n\n\n\n<li><strong>NIS final 3:<\/strong>\u00a0pagamento em 18 de fevereiro<\/li>\n\n\n\n<li><strong>NIS final 4:<\/strong>\u00a0pagamento em 19 de fevereiro<\/li>\n\n\n\n<li><strong>NIS final 5:<\/strong>\u00a0pagamento em 20 de fevereiro<\/li>\n\n\n\n<li><strong>NIS final 6:<\/strong>\u00a0pagamento em 23 de fevereiro<\/li>\n\n\n\n<li><strong>NIS final 7:<\/strong>\u00a0pagamento em 24 de fevereiro<\/li>\n\n\n\n<li><strong>NIS final 8:<\/strong>\u00a0pagamento em 25 de fevereiro<\/li>\n\n\n\n<li><strong>NIS final 9:<\/strong>\u00a0pagamento em 26 de fevereiro<\/li>\n\n\n\n<li><strong>NIS final 0:<\/strong>\u00a0pagamento em 27 de fevereiro<\/li>\n<\/ul>\n\n\n\n<p>Selecionamos o v\u00eddeo do <a href=\"https:\/\/www.instagram.com\/dr.jefinhoo\/reels\/\" target=\"_blank\" rel=\"noreferrer noopener\">Jefferson Oliveira Policarpo<\/a> que faz sucesso no Instagram com suas dicas e fala sobre o benef\u00edcio em fevereiro:<\/p>\n\n\n\n<blockquote class=\"instagram-media\" data-instgrm-captioned data-instgrm-permalink=\"https:\/\/www.instagram.com\/reel\/DT3TRT1D9pJ\/?utm_source=ig_embed&amp;utm_campaign=loading\" data-instgrm-version=\"14\" style=\" background:#FFF; border:0; border-radius:3px; box-shadow:0 0 1px 0 rgba(0,0,0,0.5),0 1px 10px 0 rgba(0,0,0,0.15); margin: 1px; max-width:540px; min-width:326px; padding:0; width:99.375%; width:-webkit-calc(100% - 2px); width:calc(100% - 2px);\"><div style=\"padding:16px;\"> <a href=\"https:\/\/www.instagram.com\/reel\/DT3TRT1D9pJ\/?utm_source=ig_embed&amp;utm_campaign=loading\" style=\" background:#FFFFFF; line-height:0; padding:0 0; text-align:center; text-decoration:none; width:100%;\" target=\"_blank\"> <div style=\" display: flex; flex-direction: row; align-items: center;\"> <div style=\"background-color: #F4F4F4; border-radius: 50%; flex-grow: 0; height: 40px; margin-right: 14px; width: 40px;\"><\/div> <div style=\"display: flex; flex-direction: column; flex-grow: 1; justify-content: center;\"> <div style=\" background-color: #F4F4F4; border-radius: 4px; flex-grow: 0; height: 14px; margin-bottom: 6px; width: 100px;\"><\/div> <div style=\" background-color: #F4F4F4; border-radius: 4px; flex-grow: 0; height: 14px; width: 60px;\"><\/div><\/div><\/div><div style=\"padding: 19% 0;\"><\/div> <div style=\"display:block; height:50px; margin:0 auto 12px; width:50px;\"><svg width=\"50px\" height=\"50px\" viewBox=\"0 0 60 60\" version=\"1.1\" xmlns=\"https:\/\/www.w3.org\/2000\/svg\" xmlns:xlink=\"https:\/\/www.w3.org\/1999\/xlink\"><g stroke=\"none\" stroke-width=\"1\" fill=\"none\" fill-rule=\"evenodd\"><g transform=\"translate(-511.000000, -20.000000)\" fill=\"#000000\"><g><path d=\"M556.869,30.41 C554.814,30.41 553.148,32.076 553.148,34.131 C553.148,36.186 554.814,37.852 556.869,37.852 C558.924,37.852 560.59,36.186 560.59,34.131 C560.59,32.076 558.924,30.41 556.869,30.41 M541,60.657 C535.114,60.657 530.342,55.887 530.342,50 C530.342,44.114 535.114,39.342 541,39.342 C546.887,39.342 551.658,44.114 551.658,50 C551.658,55.887 546.887,60.657 541,60.657 M541,33.886 C532.1,33.886 524.886,41.1 524.886,50 C524.886,58.899 532.1,66.113 541,66.113 C549.9,66.113 557.115,58.899 557.115,50 C557.115,41.1 549.9,33.886 541,33.886 M565.378,62.101 C565.244,65.022 564.756,66.606 564.346,67.663 C563.803,69.06 563.154,70.057 562.106,71.106 C561.058,72.155 560.06,72.803 558.662,73.347 C557.607,73.757 556.021,74.244 553.102,74.378 C549.944,74.521 548.997,74.552 541,74.552 C533.003,74.552 532.056,74.521 528.898,74.378 C525.979,74.244 524.393,73.757 523.338,73.347 C521.94,72.803 520.942,72.155 519.894,71.106 C518.846,70.057 518.197,69.06 517.654,67.663 C517.244,66.606 516.755,65.022 516.623,62.101 C516.479,58.943 516.448,57.996 516.448,50 C516.448,42.003 516.479,41.056 516.623,37.899 C516.755,34.978 517.244,33.391 517.654,32.338 C518.197,30.938 518.846,29.942 519.894,28.894 C520.942,27.846 521.94,27.196 523.338,26.654 C524.393,26.244 525.979,25.756 528.898,25.623 C532.057,25.479 533.004,25.448 541,25.448 C548.997,25.448 549.943,25.479 553.102,25.623 C556.021,25.756 557.607,26.244 558.662,26.654 C560.06,27.196 561.058,27.846 562.106,28.894 C563.154,29.942 563.803,30.938 564.346,32.338 C564.756,33.391 565.244,34.978 565.378,37.899 C565.522,41.056 565.552,42.003 565.552,50 C565.552,57.996 565.522,58.943 565.378,62.101 M570.82,37.631 C570.674,34.438 570.167,32.258 569.425,30.349 C568.659,28.377 567.633,26.702 565.965,25.035 C564.297,23.368 562.623,22.342 560.652,21.575 C558.743,20.834 556.562,20.326 553.369,20.18 C550.169,20.033 549.148,20 541,20 C532.853,20 531.831,20.033 528.631,20.18 C525.438,20.326 523.257,20.834 521.349,21.575 C519.376,22.342 517.703,23.368 516.035,25.035 C514.368,26.702 513.342,28.377 512.574,30.349 C511.834,32.258 511.326,34.438 511.181,37.631 C511.035,40.831 511,41.851 511,50 C511,58.147 511.035,59.17 511.181,62.369 C511.326,65.562 511.834,67.743 512.574,69.651 C513.342,71.625 514.368,73.296 516.035,74.965 C517.703,76.634 519.376,77.658 521.349,78.425 C523.257,79.167 525.438,79.673 528.631,79.82 C531.831,79.965 532.853,80.001 541,80.001 C549.148,80.001 550.169,79.965 553.369,79.82 C556.562,79.673 558.743,79.167 560.652,78.425 C562.623,77.658 564.297,76.634 565.965,74.965 C567.633,73.296 568.659,71.625 569.425,69.651 C570.167,67.743 570.674,65.562 570.82,62.369 C570.966,59.17 571,58.147 571,50 C571,41.851 570.966,40.831 570.82,37.631\"><\/path><\/g><\/g><\/g><\/svg><\/div><div style=\"padding-top: 8px;\"> <div style=\" color:#3897f0; font-family:Arial,sans-serif; font-size:14px; font-style:normal; font-weight:550; line-height:18px;\">Ver essa foto no Instagram<\/div><\/div><div style=\"padding: 12.5% 0;\"><\/div> <div style=\"display: flex; flex-direction: row; margin-bottom: 14px; align-items: center;\"><div> <div style=\"background-color: #F4F4F4; border-radius: 50%; height: 12.5px; width: 12.5px; transform: translateX(0px) translateY(7px);\"><\/div> <div style=\"background-color: #F4F4F4; height: 12.5px; transform: rotate(-45deg) translateX(3px) translateY(1px); width: 12.5px; flex-grow: 0; margin-right: 14px; margin-left: 2px;\"><\/div> <div style=\"background-color: #F4F4F4; border-radius: 50%; height: 12.5px; width: 12.5px; transform: translateX(9px) translateY(-18px);\"><\/div><\/div><div style=\"margin-left: 8px;\"> <div style=\" background-color: #F4F4F4; border-radius: 50%; flex-grow: 0; height: 20px; width: 20px;\"><\/div> <div style=\" width: 0; height: 0; border-top: 2px solid transparent; border-left: 6px solid #f4f4f4; border-bottom: 2px solid transparent; transform: translateX(16px) translateY(-4px) rotate(30deg)\"><\/div><\/div><div style=\"margin-left: auto;\"> <div style=\" width: 0px; border-top: 8px solid #F4F4F4; border-right: 8px solid transparent; transform: translateY(16px);\"><\/div> <div style=\" background-color: #F4F4F4; flex-grow: 0; height: 12px; width: 16px; transform: translateY(-4px);\"><\/div> <div style=\" width: 0; height: 0; border-top: 8px solid #F4F4F4; border-left: 8px solid transparent; transform: translateY(-4px) translateX(8px);\"><\/div><\/div><\/div> <div style=\"display: flex; flex-direction: column; flex-grow: 1; justify-content: center; margin-bottom: 24px;\"> <div style=\" background-color: #F4F4F4; border-radius: 4px; flex-grow: 0; height: 14px; margin-bottom: 6px; width: 224px;\"><\/div> <div style=\" background-color: #F4F4F4; border-radius: 4px; flex-grow: 0; height: 14px; width: 144px;\"><\/div><\/div><\/a><p style=\" color:#c9c8cd; font-family:Arial,sans-serif; font-size:14px; line-height:17px; margin-bottom:0; margin-top:8px; overflow:hidden; padding:8px 0 7px; text-align:center; text-overflow:ellipsis; white-space:nowrap;\"><a href=\"https:\/\/www.instagram.com\/reel\/DT3TRT1D9pJ\/?utm_source=ig_embed&amp;utm_campaign=loading\" style=\" color:#c9c8cd; font-family:Arial,sans-serif; font-size:14px; font-style:normal; font-weight:normal; line-height:17px; text-decoration:none;\" target=\"_blank\">Um post compartilhado por Jefferson Oliveira Policarpo (@dr.jefinhoo)<\/a><\/p><\/div><\/blockquote>\n<script async src=\"\/\/www.instagram.com\/embed.js\"><\/script>\n\n\n\n<h2 class=\"wp-block-heading\">Quais s\u00e3o os valores pagos pelo Bolsa Fam\u00edlia em 2026<\/h2>\n\n\n\n<p>Em 2026, o programa mant\u00e9m uma estrutura de pagamento que combina um valor base com adicionais voltados a crian\u00e7as, gestantes e adolescentes. O benef\u00edcio m\u00e9dio projetado \u00e9 de&nbsp;<strong>R$ 697,77<\/strong>, mas o valor espec\u00edfico varia conforme a composi\u00e7\u00e3o familiar e a quantidade de dependentes que geram acr\u00e9scimos.<\/p>\n\n\n\n<p>O dinheiro pode ser consultado e movimentado principalmente pelo&nbsp;<strong>aplicativo Caixa Tem<\/strong>, al\u00e9m do aplicativo Bolsa Fam\u00edlia e do Portal Cidad\u00e3o da Caixa. Esses canais permitem ver extratos, acompanhar dep\u00f3sitos e conferir se houve bloqueios, suspens\u00f5es ou libera\u00e7\u00f5es recentes do benef\u00edcio.<\/p>\n\n\n\n<ul class=\"wp-block-list\">\n<li><strong>Parcela m\u00ednima:<\/strong>\u00a0R$ 600,00 por fam\u00edlia, como valor base.<\/li>\n\n\n\n<li><strong>Adicional Primeira Inf\u00e2ncia:<\/strong>\u00a0R$ 150,00 para cada crian\u00e7a de at\u00e9 6 anos.<\/li>\n\n\n\n<li><strong>Adicionais vari\u00e1veis de R$ 50,00:<\/strong>\u00a0para gestantes, nutrizes e dependentes entre 7 e 18 anos incompletos.<\/li>\n<\/ul>\n\n\n\n<h2 class=\"wp-block-heading\">Quem tem direito ao Bolsa Fam\u00edlia e como consultar em 2026<\/h2>\n\n\n\n<p>A palavra-chave para entender quem tem direito ao Bolsa Fam\u00edlia em 2026 \u00e9&nbsp;<strong>renda per capita<\/strong>. O programa segue voltado a fam\u00edlias de baixa renda, com crit\u00e9rios definidos em norma federal, considerando a soma de todos os rendimentos da casa dividida pelo n\u00famero de moradores.<\/p>\n\n\n\n<figure class=\"wp-block-image\"><img decoding=\"async\" src=\"https:\/\/www.em.com.br\/emfoco\/wp-content\/uploads\/2025\/04\/beneficios-brasil_1745085323267-1024x576.jpg\" alt=\"\"\/><figcaption class=\"wp-element-caption\">Bolsa fam\u00edlia regras do governo &#8211; Cr\u00e9ditos: depositphotos.com \/ rafapress<\/figcaption><\/figure>\n\n\n\n<p>Para calcular o direito ao benef\u00edcio, \u00e9 necess\u00e1rio somar sal\u00e1rios brutos, aposentadorias, pens\u00f5es e demais rendimentos considerados e dividir pelo total de integrantes do domic\u00edlio. Alguns recursos, como outros benef\u00edcios de transfer\u00eancia de renda e aux\u00edlios eventuais, n\u00e3o entram nessa conta.<\/p>\n\n\n\n<ul class=\"wp-block-list\">\n<li><strong>Renda de entrada:<\/strong>\u00a0renda mensal por pessoa de at\u00e9\u00a0<strong>R$ 218,00<\/strong>.<\/li>\n\n\n\n<li>Transfer\u00eancias como o pr\u00f3prio Bolsa Fam\u00edlia e aux\u00edlios eventuais n\u00e3o s\u00e3o contabilizados na renda.<\/li>\n\n\n\n<li>A consulta pode ser feita pelos aplicativos Bolsa Fam\u00edlia, Cadastro \u00danico e Caixa Tem, al\u00e9m dos telefones 0800 726 0207 (Caixa) e 121 (MDS).<\/li>\n<\/ul>\n\n\n\n<h2 class=\"wp-block-heading\">Como fazer o cadastro e acompanhar a aprova\u00e7\u00e3o do Bolsa Fam\u00edlia<\/h2>\n\n\n\n<p>Para ingressar no Bolsa Fam\u00edlia 2026, n\u00e3o basta atender ao crit\u00e9rio de renda: \u00e9 obrigat\u00f3rio estar inscrito e atualizado no&nbsp;<strong>Cadastro \u00danico para Programas Sociais<\/strong>. O cadastro pode come\u00e7ar de forma digital, mas precisa ser validado presencialmente no CRAS da cidade, com apresenta\u00e7\u00e3o de documentos de todos os moradores.<\/p>\n\n\n\n<p>Estar cadastrado no Cad\u00danico n\u00e3o garante pagamento imediato, pois o governo realiza sele\u00e7\u00f5es mensais com base nas regras e no or\u00e7amento dispon\u00edvel. A aprova\u00e7\u00e3o costuma ser informada por aplicativos, cartas, avisos no Caixa Tem ou contato pelos dados registrados, por isso \u00e9 essencial manter telefone e endere\u00e7o sempre atualizados.<\/p>\n\n\n\n<figure class=\"wp-block-image size-large\"><img loading=\"lazy\" decoding=\"async\" width=\"1024\" height=\"576\" src=\"https:\/\/www.em.com.br\/emfoco\/wp-content\/uploads\/2026\/01\/Gemini_Generated_Image_hqfpx1hqfpx1hqfp-1-1024x576.png\" alt=\"O pagamento do Bolsa Fam\u00edlia em fevereiro exige aten\u00e7\u00e3o redobrada\" class=\"wp-image-160108\" srcset=\"https:\/\/www.em.com.br\/emfoco\/wp-content\/uploads\/2026\/01\/Gemini_Generated_Image_hqfpx1hqfpx1hqfp-1-1024x576.png 1024w, https:\/\/www.em.com.br\/emfoco\/wp-content\/uploads\/2026\/01\/Gemini_Generated_Image_hqfpx1hqfpx1hqfp-1-300x169.png 300w, https:\/\/www.em.com.br\/emfoco\/wp-content\/uploads\/2026\/01\/Gemini_Generated_Image_hqfpx1hqfpx1hqfp-1-768x432.png 768w, https:\/\/www.em.com.br\/emfoco\/wp-content\/uploads\/2026\/01\/Gemini_Generated_Image_hqfpx1hqfpx1hqfp-1-750x422.png 750w, https:\/\/www.em.com.br\/emfoco\/wp-content\/uploads\/2026\/01\/Gemini_Generated_Image_hqfpx1hqfpx1hqfp-1-1140x641.png 1140w, https:\/\/www.em.com.br\/emfoco\/wp-content\/uploads\/2026\/01\/Gemini_Generated_Image_hqfpx1hqfpx1hqfp-1.png 1280w\" sizes=\"auto, (max-width: 1024px) 100vw, 1024px\" \/><figcaption class=\"wp-element-caption\">O pagamento do Bolsa Fam\u00edlia em fevereiro exige aten\u00e7\u00e3o redobrada<\/figcaption><\/figure>\n\n\n\n<h2 class=\"wp-block-heading\">Quais s\u00e3o as regras de perman\u00eancia, emancipa\u00e7\u00e3o e condicionalidades<\/h2>\n\n\n\n<p>O Bolsa Fam\u00edlia em 2026 mant\u00e9m a chamada&nbsp;<strong>regra de emancipa\u00e7\u00e3o<\/strong>, v\u00e1lida quando algum integrante consegue emprego formal ou aumenta temporariamente a renda. Se a renda por pessoa ficar abaixo de meio sal\u00e1rio m\u00ednimo, estimado em&nbsp;<strong>R$ 751,00<\/strong>, a fam\u00edlia pode seguir no programa por at\u00e9 24 meses recebendo 50% do valor, com prioridade de retorno ao benef\u00edcio integral se perder essa renda.<\/p>\n\n\n\n<p>Al\u00e9m da renda, o programa exige o cumprimento de condicionalidades de sa\u00fade, educa\u00e7\u00e3o e acompanhamento de gestantes e crian\u00e7as, como vacina\u00e7\u00e3o em dia, frequ\u00eancia escolar m\u00ednima e pr\u00e9-natal regular. Se voc\u00ea se enquadra nas regras, procure o CRAS ou atualize agora seu cadastro no app do Cadastro \u00danico e nos canais oficiais, porque atrasar essa atualiza\u00e7\u00e3o pode significar perder um apoio financeiro essencial num momento decisivo para a sua fam\u00edlia.<\/p>\n","protected":false},"excerpt":{"rendered":"<p>O Bolsa Fam\u00edlia continua sendo, em 2026, o principal programa federal de transfer\u00eancia de renda para fam\u00edlias em situa\u00e7\u00e3o de vulnerabilidade econ\u00f4mica. O calend\u00e1rio de pagamentos de fevereiro j\u00e1 foi definido pelo Minist\u00e9rio do Desenvolvimento e Assist\u00eancia Social, com repasses organizados conforme o final do N\u00famero de Identifica\u00e7\u00e3o Social (NIS), e as regras de renda, [&hellip;]<\/p>\n","protected":false},"author":11,"featured_media":160107,"comment_status":"open","ping_status":"open","sticky":false,"template":"","format":"standard","meta":{"jnews-multi-image_gallery":[],"jnews_single_post":{"format":"standard"},"jnews_primary_category":[],"jnews_social_meta":[],"jnews_override_counter":[],"footnotes":""},"categories":[28,1],"tags":[259,209,787,4532,658,888,648],"class_list":["post-160104","post","type-post","status-publish","format-standard","has-post-thumbnail","hentry","category-economia","category-noticias","tag-beneficio","tag-bolsa-familia","tag-calendario","tag-fevereiro","tag-pagamentos","tag-regras","tag-valores"],"yoast_head":"<!-- This site is optimized with the Yoast SEO plugin v23.8 - https:\/\/yoast.com\/wordpress\/plugins\/seo\/ -->\n<title>Governo libera consulta do Bolsa Fam\u00edlia e Aux\u00edlio G\u00e1s de fevereiro de 2026: veja se voc\u00ea vai receber - Estado de Minas - Em foco<\/title>\n<meta name=\"description\" content=\"O Bolsa Fam\u00edlia de fevereiro j\u00e1 tem datas definidas por NIS. Veja valores, regras de renda e como manter o benef\u00edcio ativo sem bloqueios.\" \/>\n<meta name=\"robots\" content=\"index, follow, max-snippet:-1, max-image-preview:large, max-video-preview:-1\" \/>\n<link rel=\"canonical\" href=\"https:\/\/www.em.com.br\/emfoco\/2026\/01\/26\/governo-libera-consulta-do-bolsa-familia-e-auxilio-gas-de-fevereiro-de-2026-veja-se-voce-vai-receber\/\" \/>\n<meta property=\"og:locale\" content=\"pt_BR\" \/>\n<meta property=\"og:type\" content=\"article\" \/>\n<meta property=\"og:title\" content=\"Governo libera consulta do Bolsa Fam\u00edlia e Aux\u00edlio G\u00e1s de fevereiro de 2026: veja se voc\u00ea vai receber - Estado de Minas - Em foco\" \/>\n<meta property=\"og:description\" content=\"O Bolsa Fam\u00edlia de fevereiro j\u00e1 tem datas definidas por NIS. Veja valores, regras de renda e como manter o benef\u00edcio ativo sem bloqueios.\" \/>\n<meta property=\"og:url\" content=\"https:\/\/www.em.com.br\/emfoco\/2026\/01\/26\/governo-libera-consulta-do-bolsa-familia-e-auxilio-gas-de-fevereiro-de-2026-veja-se-voce-vai-receber\/\" \/>\n<meta property=\"og:site_name\" content=\"Estado de Minas - Em foco\" \/>\n<meta property=\"article:published_time\" content=\"2026-01-26T14:00:00+00:00\" \/>\n<meta property=\"article:modified_time\" content=\"2026-01-26T13:40:46+00:00\" \/>\n<meta property=\"og:image\" content=\"https:\/\/www.em.com.br\/emfoco\/wp-content\/uploads\/2026\/01\/ChatGPT-Image-26-de-jan.-de-2026-10_34_58-1.png\" \/>\n\t<meta property=\"og:image:width\" content=\"1280\" \/>\n\t<meta property=\"og:image:height\" content=\"720\" \/>\n\t<meta property=\"og:image:type\" content=\"image\/png\" \/>\n<meta name=\"author\" content=\"Andre\u0301 Rangel\u00a0\" \/>\n<meta name=\"twitter:card\" content=\"summary_large_image\" \/>\n<meta name=\"twitter:label1\" content=\"Escrito por\" \/>\n\t<meta name=\"twitter:data1\" content=\"Andre\u0301 Rangel\u00a0\" \/>\n\t<meta name=\"twitter:label2\" content=\"Est. tempo de leitura\" \/>\n\t<meta name=\"twitter:data2\" content=\"6 minutos\" \/>\n<!-- \/ Yoast SEO plugin. -->","yoast_head_json":{"title":"Governo libera consulta do Bolsa Fam\u00edlia e Aux\u00edlio G\u00e1s de fevereiro de 2026: veja se voc\u00ea vai receber - Estado de Minas - Em foco","description":"O Bolsa Fam\u00edlia de fevereiro j\u00e1 tem datas definidas por NIS. Veja valores, regras de renda e como manter o benef\u00edcio ativo sem bloqueios.","robots":{"index":"index","follow":"follow","max-snippet":"max-snippet:-1","max-image-preview":"max-image-preview:large","max-video-preview":"max-video-preview:-1"},"canonical":"https:\/\/www.em.com.br\/emfoco\/2026\/01\/26\/governo-libera-consulta-do-bolsa-familia-e-auxilio-gas-de-fevereiro-de-2026-veja-se-voce-vai-receber\/","og_locale":"pt_BR","og_type":"article","og_title":"Governo libera consulta do Bolsa Fam\u00edlia e Aux\u00edlio G\u00e1s de fevereiro de 2026: veja se voc\u00ea vai receber - Estado de Minas - Em foco","og_description":"O Bolsa Fam\u00edlia de fevereiro j\u00e1 tem datas definidas por NIS. Veja valores, regras de renda e como manter o benef\u00edcio ativo sem bloqueios.","og_url":"https:\/\/www.em.com.br\/emfoco\/2026\/01\/26\/governo-libera-consulta-do-bolsa-familia-e-auxilio-gas-de-fevereiro-de-2026-veja-se-voce-vai-receber\/","og_site_name":"Estado de Minas - Em foco","article_published_time":"2026-01-26T14:00:00+00:00","article_modified_time":"2026-01-26T13:40:46+00:00","og_image":[{"width":1280,"height":720,"url":"https:\/\/www.em.com.br\/emfoco\/wp-content\/uploads\/2026\/01\/ChatGPT-Image-26-de-jan.-de-2026-10_34_58-1.png","type":"image\/png"}],"author":"Andre\u0301 Rangel\u00a0","twitter_card":"summary_large_image","twitter_misc":{"Escrito por":"Andre\u0301 Rangel\u00a0","Est. tempo de leitura":"6 minutos"},"schema":{"@context":"https:\/\/schema.org","@graph":[{"@type":"WebPage","@id":"https:\/\/www.em.com.br\/emfoco\/2026\/01\/26\/governo-libera-consulta-do-bolsa-familia-e-auxilio-gas-de-fevereiro-de-2026-veja-se-voce-vai-receber\/","url":"https:\/\/www.em.com.br\/emfoco\/2026\/01\/26\/governo-libera-consulta-do-bolsa-familia-e-auxilio-gas-de-fevereiro-de-2026-veja-se-voce-vai-receber\/","name":"Governo libera consulta do Bolsa Fam\u00edlia e Aux\u00edlio G\u00e1s de fevereiro de 2026: veja se voc\u00ea vai receber - Estado de Minas - Em foco","isPartOf":{"@id":"https:\/\/www.em.com.br\/emfoco\/#website"},"primaryImageOfPage":{"@id":"https:\/\/www.em.com.br\/emfoco\/2026\/01\/26\/governo-libera-consulta-do-bolsa-familia-e-auxilio-gas-de-fevereiro-de-2026-veja-se-voce-vai-receber\/#primaryimage"},"image":{"@id":"https:\/\/www.em.com.br\/emfoco\/2026\/01\/26\/governo-libera-consulta-do-bolsa-familia-e-auxilio-gas-de-fevereiro-de-2026-veja-se-voce-vai-receber\/#primaryimage"},"thumbnailUrl":"https:\/\/www.em.com.br\/emfoco\/wp-content\/uploads\/2026\/01\/ChatGPT-Image-26-de-jan.-de-2026-10_34_58-1.png","datePublished":"2026-01-26T14:00:00+00:00","dateModified":"2026-01-26T13:40:46+00:00","author":{"@id":"https:\/\/www.em.com.br\/emfoco\/#\/schema\/person\/60eda09c1fedf0d6891f4cef4b60b8b8"},"description":"O Bolsa Fam\u00edlia de fevereiro j\u00e1 tem datas definidas por NIS. Veja valores, regras de renda e como manter o benef\u00edcio ativo sem bloqueios.","breadcrumb":{"@id":"https:\/\/www.em.com.br\/emfoco\/2026\/01\/26\/governo-libera-consulta-do-bolsa-familia-e-auxilio-gas-de-fevereiro-de-2026-veja-se-voce-vai-receber\/#breadcrumb"},"inLanguage":"pt-BR","potentialAction":[{"@type":"ReadAction","target":["https:\/\/www.em.com.br\/emfoco\/2026\/01\/26\/governo-libera-consulta-do-bolsa-familia-e-auxilio-gas-de-fevereiro-de-2026-veja-se-voce-vai-receber\/"]}]},{"@type":"ImageObject","inLanguage":"pt-BR","@id":"https:\/\/www.em.com.br\/emfoco\/2026\/01\/26\/governo-libera-consulta-do-bolsa-familia-e-auxilio-gas-de-fevereiro-de-2026-veja-se-voce-vai-receber\/#primaryimage","url":"https:\/\/www.em.com.br\/emfoco\/wp-content\/uploads\/2026\/01\/ChatGPT-Image-26-de-jan.-de-2026-10_34_58-1.png","contentUrl":"https:\/\/www.em.com.br\/emfoco\/wp-content\/uploads\/2026\/01\/ChatGPT-Image-26-de-jan.-de-2026-10_34_58-1.png","width":1280,"height":720,"caption":"Bolsa Fam\u00edlia de fevereiro j\u00e1 tem datas e regras confirmadas"},{"@type":"BreadcrumbList","@id":"https:\/\/www.em.com.br\/emfoco\/2026\/01\/26\/governo-libera-consulta-do-bolsa-familia-e-auxilio-gas-de-fevereiro-de-2026-veja-se-voce-vai-receber\/#breadcrumb","itemListElement":[{"@type":"ListItem","position":1,"name":"In\u00edcio","item":"https:\/\/www.em.com.br\/emfoco\/"},{"@type":"ListItem","position":2,"name":"Governo libera consulta do Bolsa Fam\u00edlia e Aux\u00edlio G\u00e1s de fevereiro de 2026: veja se voc\u00ea vai receber"}]},{"@type":"WebSite","@id":"https:\/\/www.em.com.br\/emfoco\/#website","url":"https:\/\/www.em.com.br\/emfoco\/","name":"Estado de Minas - Em foco","description":"Acompanhe as \u00faltimas not\u00edcias e fique bem informado sobre tudo o que acontece em Minas Gerais, Brasil e no mundo.","potentialAction":[{"@type":"SearchAction","target":{"@type":"EntryPoint","urlTemplate":"https:\/\/www.em.com.br\/emfoco\/?s={search_term_string}"},"query-input":{"@type":"PropertyValueSpecification","valueRequired":true,"valueName":"search_term_string"}}],"inLanguage":"pt-BR"},{"@type":"Person","@id":"https:\/\/www.em.com.br\/emfoco\/#\/schema\/person\/60eda09c1fedf0d6891f4cef4b60b8b8","name":"Andre\u0301 Rangel\u00a0","image":{"@type":"ImageObject","inLanguage":"pt-BR","@id":"https:\/\/www.em.com.br\/emfoco\/#\/schema\/person\/image\/","url":"https:\/\/secure.gravatar.com\/avatar\/6234dc814c77c8ef6d8bba622c787efc?s=96&d=mm&r=g","contentUrl":"https:\/\/secure.gravatar.com\/avatar\/6234dc814c77c8ef6d8bba622c787efc?s=96&d=mm&r=g","caption":"Andre\u0301 Rangel\u00a0"},"url":"https:\/\/www.em.com.br\/emfoco\/author\/luizmyth\/"}]}},"_links":{"self":[{"href":"https:\/\/www.em.com.br\/emfoco\/wp-json\/wp\/v2\/posts\/160104","targetHints":{"allow":["GET"]}}],"collection":[{"href":"https:\/\/www.em.com.br\/emfoco\/wp-json\/wp\/v2\/posts"}],"about":[{"href":"https:\/\/www.em.com.br\/emfoco\/wp-json\/wp\/v2\/types\/post"}],"author":[{"embeddable":true,"href":"https:\/\/www.em.com.br\/emfoco\/wp-json\/wp\/v2\/users\/11"}],"replies":[{"embeddable":true,"href":"https:\/\/www.em.com.br\/emfoco\/wp-json\/wp\/v2\/comments?post=160104"}],"version-history":[{"count":2,"href":"https:\/\/www.em.com.br\/emfoco\/wp-json\/wp\/v2\/posts\/160104\/revisions"}],"predecessor-version":[{"id":160109,"href":"https:\/\/www.em.com.br\/emfoco\/wp-json\/wp\/v2\/posts\/160104\/revisions\/160109"}],"wp:featuredmedia":[{"embeddable":true,"href":"https:\/\/www.em.com.br\/emfoco\/wp-json\/wp\/v2\/media\/160107"}],"wp:attachment":[{"href":"https:\/\/www.em.com.br\/emfoco\/wp-json\/wp\/v2\/media?parent=160104"}],"wp:term":[{"taxonomy":"category","embeddable":true,"href":"https:\/\/www.em.com.br\/emfoco\/wp-json\/wp\/v2\/categories?post=160104"},{"taxonomy":"post_tag","embeddable":true,"href":"https:\/\/www.em.com.br\/emfoco\/wp-json\/wp\/v2\/tags?post=160104"}],"curies":[{"name":"wp","href":"https:\/\/api.w.org\/{rel}","templated":true}]}}