{"id":160101,"date":"2026-01-26T19:55:00","date_gmt":"2026-01-26T22:55:00","guid":{"rendered":"https:\/\/www.em.com.br\/emfoco\/?p=160101"},"modified":"2026-01-26T17:38:55","modified_gmt":"2026-01-26T20:38:55","slug":"a-cidade-brasileira-que-virou-referencia-mundial-como-uma-das-mais-inteligentes-do-mundo-e-se-tornou-o-sonho-numero-1-para-viver","status":"publish","type":"post","link":"https:\/\/www.em.com.br\/emfoco\/2026\/01\/26\/a-cidade-brasileira-que-virou-referencia-mundial-como-uma-das-mais-inteligentes-do-mundo-e-se-tornou-o-sonho-numero-1-para-viver\/","title":{"rendered":"A cidade brasileira que virou refer\u00eancia mundial como uma das mais inteligentes do mundo e se tornou o sonho n\u00famero 1 para viver"},"content":{"rendered":"\n<p><strong>Curitiba<\/strong> redefine o conceito de metr\u00f3pole brasileira ao integrar parques exuberantes com um sistema de transporte que virou refer\u00eancia global. A capital paranaense \u00e9 um laborat\u00f3rio a c\u00e9u aberto de urbanismo que prioriza o pedestre e a preserva\u00e7\u00e3o ambiental.<\/p>\n\n\n\n<h2 class=\"wp-block-heading\">Por que a capital paranaense \u00e9 a comunidade mais inteligente do mundo<\/h2>\n\n\n\n<p>A cidade conquistou a tr\u00edplice coroa de premia\u00e7\u00f5es globais em 2024, incluindo o t\u00edtulo m\u00e1ximo do <strong><a href=\"https:\/\/www.intelligentcommunity.org\/curitiba_parana\" target=\"_blank\" rel=\"noreferrer noopener\">Intelligent Community Forum<\/a><\/strong>. Esse reconhecimento n\u00e3o vem apenas da tecnologia, mas da capacidade de transformar passivos ambientais em ativos energ\u00e9ticos, como a <strong>Pir\u00e2mide Solar<\/strong> constru\u00edda sobre um antigo aterro sanit\u00e1rio.<\/p>\n\n\n\n<p>O planejamento urbano vision\u00e1rio, consolidado pelo legado de <strong><a href=\"https:\/\/pt.wikipedia.org\/wiki\/Jaime_Lerner\" target=\"_blank\" rel=\"noreferrer noopener\">Jaime Lerner<\/a><\/strong>, permitiu que <strong>Curitiba<\/strong> se tornasse a capital mais igualit\u00e1ria do pa\u00eds. A gest\u00e3o foca em solu\u00e7\u00f5es centradas nas pessoas, garantindo que a inova\u00e7\u00e3o tecnol\u00f3gica resulte em bem-estar direto para os cidad\u00e3os e na recupera\u00e7\u00e3o de espa\u00e7os degradados.<\/p>\n\n\n<div class=\"wp-block-image\">\n<figure class=\"aligncenter size-large\"><img loading=\"lazy\" decoding=\"async\" width=\"1024\" height=\"576\" src=\"https:\/\/www.em.com.br\/emfoco\/wp-content\/uploads\/2025\/12\/curitiba_1767122137136-1024x576.jpg\" alt=\"\" class=\"wp-image-148228\" srcset=\"https:\/\/www.em.com.br\/emfoco\/wp-content\/uploads\/2025\/12\/curitiba_1767122137136-1024x576.jpg 1024w, https:\/\/www.em.com.br\/emfoco\/wp-content\/uploads\/2025\/12\/curitiba_1767122137136-300x169.jpg 300w, https:\/\/www.em.com.br\/emfoco\/wp-content\/uploads\/2025\/12\/curitiba_1767122137136-768x432.jpg 768w, https:\/\/www.em.com.br\/emfoco\/wp-content\/uploads\/2025\/12\/curitiba_1767122137136-750x422.jpg 750w, https:\/\/www.em.com.br\/emfoco\/wp-content\/uploads\/2025\/12\/curitiba_1767122137136-1140x641.jpg 1140w, https:\/\/www.em.com.br\/emfoco\/wp-content\/uploads\/2025\/12\/curitiba_1767122137136.jpg 1280w\" sizes=\"auto, (max-width: 1024px) 100vw, 1024px\" \/><figcaption class=\"wp-element-caption\">Curitiba se destaca pela organiza\u00e7\u00e3o e infraestrutura eficiente \/\/ Cr\u00e9ditos: depositphotos.com \/ alfonsoperez<\/figcaption><\/figure><\/div>\n\n\n<h2 class=\"wp-block-heading\">Como o planejamento urbano transformou a mobilidade e o conv\u00edvio<\/h2>\n\n\n\n<p>O sistema de transporte <strong>BRT (Bus Rapid Transit)<\/strong>, criado em 1974, revolucionou a mobilidade ao implementar corredores exclusivos que inspiraram cidades como <strong>Bogot\u00e1<\/strong> e <strong>Guangzhou<\/strong>. A integra\u00e7\u00e3o entre zonas residenciais, comerciais e de servi\u00e7os reduz a necessidade de grandes deslocamentos e favorece o pedestre.<\/p>\n\n\n\n<p>Al\u00e9m disso, a abund\u00e2ncia de parques cria \u201cilhas de frescor\u201d que combatem o calor urbano, enquanto as Ruas da Cidadania descentralizam servi\u00e7os essenciais. Essa estrat\u00e9gia leva bibliotecas, atendimento p\u00fablico e espa\u00e7os de lazer a todos os bairros, democratizando o acesso \u00e0 estrutura municipal.<\/p>\n\n\n<div class=\"wp-block-image\">\n<figure class=\"aligncenter size-large\"><img loading=\"lazy\" decoding=\"async\" width=\"1024\" height=\"576\" src=\"https:\/\/www.em.com.br\/emfoco\/wp-content\/uploads\/2025\/02\/curitiba_1739329531523-1024x576.jpg\" alt=\"\" class=\"wp-image-18958\" srcset=\"https:\/\/www.em.com.br\/emfoco\/wp-content\/uploads\/2025\/02\/curitiba_1739329531523-1024x576.jpg 1024w, https:\/\/www.em.com.br\/emfoco\/wp-content\/uploads\/2025\/02\/curitiba_1739329531523-300x169.jpg 300w, https:\/\/www.em.com.br\/emfoco\/wp-content\/uploads\/2025\/02\/curitiba_1739329531523-768x432.jpg 768w, https:\/\/www.em.com.br\/emfoco\/wp-content\/uploads\/2025\/02\/curitiba_1739329531523-750x422.jpg 750w, https:\/\/www.em.com.br\/emfoco\/wp-content\/uploads\/2025\/02\/curitiba_1739329531523-1140x641.jpg 1140w, https:\/\/www.em.com.br\/emfoco\/wp-content\/uploads\/2025\/02\/curitiba_1739329531523.jpg 1280w\" sizes=\"auto, (max-width: 1024px) 100vw, 1024px\" \/><figcaption class=\"wp-element-caption\">Curitiba une urbanismo moderno e qualidade de vida elevada \/\/ Cr\u00e9ditos: depositphotos.com \/ diegograndi<\/figcaption><\/figure><\/div>\n\n\n<h2 class=\"wp-block-heading\">Qual \u00e9 o perfil demogr\u00e1fico e o n\u00edvel de desenvolvimento social<\/h2>\n\n\n\n<p>Com uma popula\u00e7\u00e3o estimada em 1,8 milh\u00e3o de habitantes, <strong>Curitiba<\/strong> ostenta o melhor \u00cdndice de Progresso Social entre as capitais brasileiras. A cidade abriga o <strong>Vale do Pinh\u00e3o<\/strong>, um movimento que conecta startups, universidades e investidores, consolidando-se como um dos ecossistemas mais promissores da <strong>Am\u00e9rica Latina<\/strong>.<\/p>\n\n\n\n<p>A excel\u00eancia em servi\u00e7os p\u00fablicos \u00e9 validada por rankings nacionais, destacando a capital como refer\u00eancia em sa\u00fade e educa\u00e7\u00e3o. O alto n\u00edvel de escolaridade da for\u00e7a de trabalho atrai multinacionais e fomenta uma economia criativa vibrante, tornando o munic\u00edpio um polo de atra\u00e7\u00e3o de talentos qualificados.<\/p>\n\n\n<div class=\"wp-block-image\">\n<figure class=\"aligncenter size-large\"><img loading=\"lazy\" decoding=\"async\" width=\"1024\" height=\"576\" src=\"https:\/\/www.em.com.br\/emfoco\/wp-content\/uploads\/2026\/01\/image-6-1024x576.png\" alt=\"\" class=\"wp-image-160411\" srcset=\"https:\/\/www.em.com.br\/emfoco\/wp-content\/uploads\/2026\/01\/image-6-1024x576.png 1024w, https:\/\/www.em.com.br\/emfoco\/wp-content\/uploads\/2026\/01\/image-6-300x169.png 300w, https:\/\/www.em.com.br\/emfoco\/wp-content\/uploads\/2026\/01\/image-6-768x432.png 768w, https:\/\/www.em.com.br\/emfoco\/wp-content\/uploads\/2026\/01\/image-6-1536x864.png 1536w, https:\/\/www.em.com.br\/emfoco\/wp-content\/uploads\/2026\/01\/image-6-2048x1152.png 2048w, https:\/\/www.em.com.br\/emfoco\/wp-content\/uploads\/2026\/01\/image-6-750x422.png 750w, https:\/\/www.em.com.br\/emfoco\/wp-content\/uploads\/2026\/01\/image-6-1140x641.png 1140w\" sizes=\"auto, (max-width: 1024px) 100vw, 1024px\" \/><figcaption class=\"wp-element-caption\">Motivos para voc\u00ea viver em Curitiba \/\/ Cr\u00e9ditos: Vitor Bruno (Myth)<\/figcaption><\/figure><\/div>\n\n\n<h2 class=\"wp-block-heading\">Quais atra\u00e7\u00f5es definem a identidade cultural e arquitet\u00f4nica<\/h2>\n\n\n\n<p>A paisagem curitibana mistura a ousadia de obras modernistas com a serenidade de bosques que celebram as etnias imigrantes. O roteiro tur\u00edstico \u00e9 uma imers\u00e3o na hist\u00f3ria da arquitetura e na conviv\u00eancia harm\u00f4nica entre o concreto e a mata nativa.<\/p>\n\n\n\n<p>Abaixo est\u00e3o os \u00edcones que tornam a cidade inesquec\u00edvel:<\/p>\n\n\n\n<ul class=\"wp-block-list has-medium-font-size\">\n<li><strong>Jardim Bot\u00e2nico<\/strong>: o cart\u00e3o-postal definitivo com sua estufa de vidro e jardins geom\u00e9tricos inspirados na bandeira municipal.<\/li>\n\n\n\n<li><strong>\u00d3pera de Arame<\/strong>: teatro tubular transparente erguido sobre um lago em uma antiga pedreira, integrando a arte \u00e0 paisagem rochosa.<\/li>\n\n\n\n<li><strong>Museu Oscar Niemeyer<\/strong>: conhecido como \u201cMuseu do Olho\u201d, \u00e9 o maior da <strong>Am\u00e9rica Latina<\/strong>, abrigando um acervo impressionante de arte visual.<\/li>\n\n\n\n<li><strong>Parque Tangu\u00e1<\/strong>: oferece um mirante espetacular para o p\u00f4r do sol e jardins em estilo franc\u00eas constru\u00eddos sobre uma \u00e1rea de minera\u00e7\u00e3o regenerada.<\/li>\n\n\n\n<li><strong>Santa Felicidade<\/strong>: bairro gastron\u00f4mico que preserva a heran\u00e7a dos imigrantes italianos com vin\u00edcolas e rod\u00edzios de massas tradicionais.<\/li>\n<\/ul>\n\n\n\n<p>Quem busca o melhor roteiro na capital paranaense, vai curtir esse v\u00eddeo especialmente selecionado do canal <strong>Trip Partiu<\/strong>, que conta com mais de 100 mil inscritos, onde a apresentadora mostra o que fazer em <strong>Curitiba<\/strong>, do <strong>Jardim Bot\u00e2nico<\/strong> ao passeio de <strong>Trem para Morretes<\/strong>:<\/p>\n\n\n\n<figure class=\"wp-block-embed is-type-video is-provider-youtube wp-block-embed-youtube wp-embed-aspect-16-9 wp-has-aspect-ratio\"><div class=\"wp-block-embed__wrapper\">\n<div class=\"jeg_video_container jeg_video_content\"><iframe loading=\"lazy\" title=\"CURITIBA PARAN\u00c1: melhor roteiro + dicas para economizar na viagem\" width=\"500\" height=\"281\" src=\"https:\/\/www.youtube.com\/embed\/fbcaIxaEeCo?feature=oembed\" frameborder=\"0\" allow=\"accelerometer; autoplay; clipboard-write; encrypted-media; gyroscope; picture-in-picture; web-share\" referrerpolicy=\"strict-origin-when-cross-origin\" allowfullscreen><\/iframe><\/div>\n<\/div><\/figure>\n\n\n\n<h2 class=\"wp-block-heading\">Como funciona o clima na capital mais fria do territ\u00f3rio brasileiro<\/h2>\n\n\n\n<p>A altitude m\u00e9dia de 934 metros garante a <strong>Curitiba<\/strong> o t\u00edtulo de capital mais fria do pa\u00eds, com um clima subtropical \u00famido que apresenta as quatro esta\u00e7\u00f5es bem definidas. As temperaturas variam bruscamente no mesmo dia, exigindo que o visitante esteja preparado para o famoso \u201cefeito cebola\u201d ao se vestir.<\/p>\n\n\n\n<p>Confira as m\u00e9dias clim\u00e1ticas baseadas em dados hist\u00f3ricos do <strong><a href=\"https:\/\/www.climatempo.com.br\/previsao-do-tempo\/cidade\/271\/curitiba-pr\" target=\"_blank\" rel=\"noreferrer noopener\">Climatempo<\/a><\/strong>:<\/p>\n\n\n\n<style>\n    .pf-weather-card {\n        font-family: 'Open Sans', -apple-system, BlinkMacSystemFont, \"Segoe UI\", Roboto, sans-serif;\n        margin: 25px auto;\n        max-width: 900px;\n        background: #ffffff;\n        border-radius: 12px;\n        box-shadow: 0 10px 30px rgba(0, 0, 0, 0.1);\n        overflow: hidden;\n        border: 1px solid #5865F2;\n    }\n\n    .pf-table {\n        width: 100%;\n        border-collapse: collapse;\n        margin: 0;\n    }\n\n    \/* --- CABE\u00c7ALHO (Com texto branco for\u00e7ado) --- *\/\n    .pf-table thead tr {\n        background: #5865F2; \n        text-align: left;\n    }\n\n    .pf-table th {\n        padding: 20px;\n        font-weight: 700;\n        text-transform: uppercase;\n        font-size: 13px;\n        letter-spacing: 1px;\n        \/* O !important garante que o texto fique branco mesmo se o WordPress tentar mudar *\/\n        color: #ffffff !important; \n        text-shadow: none;\n    }\n\n    .pf-table td {\n        padding: 20px;\n        color: #37474f;\n        font-size: 15px;\n        line-height: 1.6;\n        border-bottom: 1px solid #f1f8fb;\n        vertical-align: middle;\n    }\n\n    .pf-table tbody tr:hover {\n        background-color: #f0faff;\n    }\n\n    \/* --- BADGES E T\u00cdTULOS --- *\/\n    .pf-badge {\n        display: inline-block;\n        padding: 4px 12px;\n        border-radius: 50px;\n        font-size: 10px;\n        font-weight: 800;\n        text-transform: uppercase;\n        margin-bottom: 8px;\n        letter-spacing: 0.5px;\n    }\n\n    .pf-season-title {\n        display: block;\n        font-size: 16px;\n        font-weight: 700;\n        color: #2c2c2c;\n        margin-bottom: 2px;\n    }\n\n    .pf-months-subtitle {\n        display: block;\n        font-size: 13px;\n        color: #6d7d8b;\n        font-weight: 500;\n    }\n\n    .pf-alta { background: #e0f7fa; color: #006064; }\n    .pf-baixa { background: #efebe9; color: #4e342e; }\n    .pf-meia { background: #f1f8e9; color: #33691e; }\n\n    \/* --- RESPONSIVIDADE --- *\/\n    @media screen and (max-width: 767px) {\n        .pf-table thead { display: none; }\n        .pf-table, .pf-table tbody, .pf-table tr, .pf-table td { display: block; width: 100%; }\n        \n        .pf-table tr { border-bottom: 15px solid #f5f7f8; padding: 10px 0; }\n        .pf-table td { display: flex; justify-content: space-between; align-items: flex-start; padding: 12px 20px; border-bottom: 1px solid #edf2f4; text-align: right; box-sizing: border-box; }\n        .pf-table td:last-child { border-bottom: none; flex-direction: column; text-align: left; }\n        .pf-table td::before { content: attr(data-label); font-weight: 700; color: #5865F2; text-transform: uppercase; font-size: 11px; min-width: 120px; text-align: left; margin-right: 10px; flex-shrink: 0; }\n    }\n<\/style>\n\n<div class=\"pf-weather-card\">\n    <table class=\"pf-table\">\n        <thead>\n            <tr>\n                <th>Per\u00edodo \/ Esta\u00e7\u00e3o<\/th>\n                <th>M\u00e9dia T\u00e9rmica<\/th>\n                <th>O que esperar<\/th>\n            <\/tr>\n        <\/thead>\n        <tbody>\n            <tr>\n                <td data-label=\"Per\u00edodo\/Esta\u00e7\u00e3o\">\n                    <div>\n                        <span class=\"pf-badge pf-meia\">Parques Verdes<\/span><br>\n                        <span class=\"pf-season-title\">Ver\u00e3o<\/span>\n                        <span class=\"pf-months-subtitle\">Dezembro a Mar\u00e7o<\/span>\n                    <\/div>\n                <\/td>\n                <td data-label=\"M\u00e9dia T\u00e9rmica\">19\u00b0C a 27\u00b0C<\/td>\n                <td data-label=\"O que esperar\">Clima morno e \u00famido. As chuvas s\u00e3o frequentes, mas o calor n\u00e3o \u00e9 excessivo. \u00d3timo para visitar o <strong>Jardim Bot\u00e2nico<\/strong> e os parques, mas tenha sempre um guarda-chuva ou capa na bolsa.<\/td>\n            <\/tr>\n            <tr>\n                <td data-label=\"Per\u00edodo\/Esta\u00e7\u00e3o\">\n                    <div>\n                        <span class=\"pf-badge pf-alta\">Festival de Teatro<\/span><br>\n                        <span class=\"pf-season-title\">Outono<\/span>\n                        <span class=\"pf-months-subtitle\">Mar\u00e7o a Junho<\/span>\n                    <\/div>\n                <\/td>\n                <td data-label=\"M\u00e9dia T\u00e9rmica\">13\u00b0C a 24\u00b0C<\/td>\n                <td data-label=\"O que esperar\">Considerada por muitos a melhor \u00e9poca. A chuva diminui e o &#8220;frio gostoso&#8221; come\u00e7a a chegar. Entre mar\u00e7o e abril, a cidade respira cultura com o famoso <strong>Festival de Teatro de Curitiba<\/strong>.<\/td>\n            <\/tr>\n            <tr>\n                <td data-label=\"Per\u00edodo\/Esta\u00e7\u00e3o\">\n                    <div>\n                        <span class=\"pf-badge pf-baixa\">Pinh\u00e3o e Frio<\/span><br>\n                        <span class=\"pf-season-title\">Inverno<\/span>\n                        <span class=\"pf-months-subtitle\">Junho a Setembro<\/span>\n                    <\/div>\n                <\/td>\n                <td data-label=\"M\u00e9dia T\u00e9rmica\">8\u00b0C a 19\u00b0C<\/td>\n                <td data-label=\"O que esperar\">Frio rigoroso para os padr\u00f5es brasileiros, com manh\u00e3s geladas e c\u00e9u azul l\u00edmpido. \u00c9 a temporada oficial do <strong>Pinh\u00e3o<\/strong> e das feiras de inverno nas pra\u00e7as Osorio e Santos Andrade.<\/td>\n            <\/tr>\n            <tr>\n                <td data-label=\"Per\u00edodo\/Esta\u00e7\u00e3o\">\n                    <div>\n                        <span class=\"pf-badge pf-meia\">Flores<\/span><br>\n                        <span class=\"pf-season-title\">Primavera<\/span>\n                        <span class=\"pf-months-subtitle\">Setembro a Dezembro<\/span>\n                    <\/div>\n                <\/td>\n                <td data-label=\"M\u00e9dia T\u00e9rmica\">15\u00b0C a 25\u00b0C<\/td>\n                <td data-label=\"O que esperar\">A cidade faz jus ao t\u00edtulo de Capital Ecol\u00f3gica. As flores tomam conta dos canteiros e o clima volta a esquentar gradualmente. Excelente para passeios ao ar livre e visitar a <strong>\u00d3pera de Arame<\/strong>.<\/td>\n            <\/tr>\n        <\/tbody>\n    <\/table>\n<\/div>\n\n\n\n<h2 class=\"wp-block-heading\">Motivos para escolher Curitiba como seu pr\u00f3ximo destino<\/h2>\n\n\n\n<p>Viver ou visitar a capital paranaense significa experienciar uma organiza\u00e7\u00e3o urbana que respeita o cidad\u00e3o e a natureza. A cidade prova que \u00e9 poss\u00edvel aliar crescimento econ\u00f4mico com sustentabilidade real e qualidade de vida mensur\u00e1vel.<\/p>\n\n\n\n<ul class=\"wp-block-list has-medium-font-size\">\n<li><strong>Seguran\u00e7a Alimentar<\/strong>: acesso a hortas comunit\u00e1rias e fazendas urbanas que fortalecem la\u00e7os sociais.<\/li>\n\n\n\n<li><strong>Custo-Benef\u00edcio<\/strong>: servi\u00e7os p\u00fablicos de excel\u00eancia que reduzem a depend\u00eancia de gastos privados excessivos.<\/li>\n\n\n\n<li><strong>Inova\u00e7\u00e3o Acess\u00edvel<\/strong>: um ambiente que respira tecnologia e oferece suporte para novos empreendedores.<\/li>\n<\/ul>\n\n\n\n<p>Voc\u00ea precisa conhecer este modelo de cidade que transforma o frio do clima no calor da inova\u00e7\u00e3o humana.<\/p>\n","protected":false},"excerpt":{"rendered":"<p>Curitiba redefine o conceito de metr\u00f3pole brasileira ao integrar parques exuberantes com um sistema de transporte que virou refer\u00eancia global. A capital paranaense \u00e9 um laborat\u00f3rio a c\u00e9u aberto de urbanismo que prioriza o pedestre e a preserva\u00e7\u00e3o ambiental. Por que a capital paranaense \u00e9 a comunidade mais inteligente do mundo A cidade conquistou a [&hellip;]<\/p>\n","protected":false},"author":6,"featured_media":160397,"comment_status":"open","ping_status":"open","sticky":false,"template":"","format":"standard","meta":{"jnews-multi-image_gallery":[],"jnews_single_post":{"format":"standard"},"jnews_primary_category":[],"jnews_social_meta":[],"jnews_override_counter":[],"footnotes":""},"categories":[26],"tags":[183,242,1209],"class_list":["post-160101","post","type-post","status-publish","format-standard","has-post-thumbnail","hentry","category-cidades","tag-cidades","tag-curitiba","tag-parana"],"yoast_head":"<!-- This site is optimized with the Yoast SEO plugin v23.8 - https:\/\/yoast.com\/wordpress\/plugins\/seo\/ -->\n<title>A cidade brasileira que virou refer\u00eancia mundial como uma das mais inteligentes do mundo e se tornou o sonho n\u00famero 1 para viver - Estado de Minas - Em foco<\/title>\n<meta name=\"description\" content=\"Reconhecida entre as mais inteligentes do mundo, essa cidade brasileira se tornou o destino mais desejado para viver hoje.\" \/>\n<meta name=\"robots\" content=\"index, follow, max-snippet:-1, max-image-preview:large, max-video-preview:-1\" \/>\n<link rel=\"canonical\" href=\"https:\/\/www.em.com.br\/emfoco\/2026\/01\/26\/a-cidade-brasileira-que-virou-referencia-mundial-como-uma-das-mais-inteligentes-do-mundo-e-se-tornou-o-sonho-numero-1-para-viver\/\" \/>\n<meta property=\"og:locale\" content=\"pt_BR\" \/>\n<meta property=\"og:type\" content=\"article\" \/>\n<meta property=\"og:title\" content=\"A cidade brasileira que virou refer\u00eancia mundial como uma das mais inteligentes do mundo e se tornou o sonho n\u00famero 1 para viver - Estado de Minas - Em foco\" \/>\n<meta property=\"og:description\" content=\"Reconhecida entre as mais inteligentes do mundo, essa cidade brasileira se tornou o destino mais desejado para viver hoje.\" \/>\n<meta property=\"og:url\" content=\"https:\/\/www.em.com.br\/emfoco\/2026\/01\/26\/a-cidade-brasileira-que-virou-referencia-mundial-como-uma-das-mais-inteligentes-do-mundo-e-se-tornou-o-sonho-numero-1-para-viver\/\" \/>\n<meta property=\"og:site_name\" content=\"Estado de Minas - Em foco\" \/>\n<meta property=\"article:published_time\" content=\"2026-01-26T22:55:00+00:00\" \/>\n<meta property=\"article:modified_time\" content=\"2026-01-26T20:38:55+00:00\" \/>\n<meta property=\"og:image\" content=\"https:\/\/www.em.com.br\/emfoco\/wp-content\/uploads\/2026\/01\/curitiba.jpg\" \/>\n\t<meta property=\"og:image:width\" content=\"1280\" \/>\n\t<meta property=\"og:image:height\" content=\"720\" \/>\n\t<meta property=\"og:image:type\" content=\"image\/jpeg\" \/>\n<meta name=\"author\" content=\"Vitor Bruno\" \/>\n<meta name=\"twitter:card\" content=\"summary_large_image\" \/>\n<meta name=\"twitter:label1\" content=\"Escrito por\" \/>\n\t<meta name=\"twitter:data1\" content=\"Vitor Bruno\" \/>\n\t<meta name=\"twitter:label2\" content=\"Est. tempo de leitura\" \/>\n\t<meta name=\"twitter:data2\" content=\"6 minutos\" \/>\n<!-- \/ Yoast SEO plugin. -->","yoast_head_json":{"title":"A cidade brasileira que virou refer\u00eancia mundial como uma das mais inteligentes do mundo e se tornou o sonho n\u00famero 1 para viver - Estado de Minas - Em foco","description":"Reconhecida entre as mais inteligentes do mundo, essa cidade brasileira se tornou o destino mais desejado para viver hoje.","robots":{"index":"index","follow":"follow","max-snippet":"max-snippet:-1","max-image-preview":"max-image-preview:large","max-video-preview":"max-video-preview:-1"},"canonical":"https:\/\/www.em.com.br\/emfoco\/2026\/01\/26\/a-cidade-brasileira-que-virou-referencia-mundial-como-uma-das-mais-inteligentes-do-mundo-e-se-tornou-o-sonho-numero-1-para-viver\/","og_locale":"pt_BR","og_type":"article","og_title":"A cidade brasileira que virou refer\u00eancia mundial como uma das mais inteligentes do mundo e se tornou o sonho n\u00famero 1 para viver - Estado de Minas - Em foco","og_description":"Reconhecida entre as mais inteligentes do mundo, essa cidade brasileira se tornou o destino mais desejado para viver hoje.","og_url":"https:\/\/www.em.com.br\/emfoco\/2026\/01\/26\/a-cidade-brasileira-que-virou-referencia-mundial-como-uma-das-mais-inteligentes-do-mundo-e-se-tornou-o-sonho-numero-1-para-viver\/","og_site_name":"Estado de Minas - Em foco","article_published_time":"2026-01-26T22:55:00+00:00","article_modified_time":"2026-01-26T20:38:55+00:00","og_image":[{"width":1280,"height":720,"url":"https:\/\/www.em.com.br\/emfoco\/wp-content\/uploads\/2026\/01\/curitiba.jpg","type":"image\/jpeg"}],"author":"Vitor Bruno","twitter_card":"summary_large_image","twitter_misc":{"Escrito por":"Vitor Bruno","Est. tempo de leitura":"6 minutos"},"schema":{"@context":"https:\/\/schema.org","@graph":[{"@type":"WebPage","@id":"https:\/\/www.em.com.br\/emfoco\/2026\/01\/26\/a-cidade-brasileira-que-virou-referencia-mundial-como-uma-das-mais-inteligentes-do-mundo-e-se-tornou-o-sonho-numero-1-para-viver\/","url":"https:\/\/www.em.com.br\/emfoco\/2026\/01\/26\/a-cidade-brasileira-que-virou-referencia-mundial-como-uma-das-mais-inteligentes-do-mundo-e-se-tornou-o-sonho-numero-1-para-viver\/","name":"A cidade brasileira que virou refer\u00eancia mundial como uma das mais inteligentes do mundo e se tornou o sonho n\u00famero 1 para viver - Estado de Minas - Em foco","isPartOf":{"@id":"https:\/\/www.em.com.br\/emfoco\/#website"},"primaryImageOfPage":{"@id":"https:\/\/www.em.com.br\/emfoco\/2026\/01\/26\/a-cidade-brasileira-que-virou-referencia-mundial-como-uma-das-mais-inteligentes-do-mundo-e-se-tornou-o-sonho-numero-1-para-viver\/#primaryimage"},"image":{"@id":"https:\/\/www.em.com.br\/emfoco\/2026\/01\/26\/a-cidade-brasileira-que-virou-referencia-mundial-como-uma-das-mais-inteligentes-do-mundo-e-se-tornou-o-sonho-numero-1-para-viver\/#primaryimage"},"thumbnailUrl":"https:\/\/www.em.com.br\/emfoco\/wp-content\/uploads\/2026\/01\/curitiba.jpg","datePublished":"2026-01-26T22:55:00+00:00","dateModified":"2026-01-26T20:38:55+00:00","author":{"@id":"https:\/\/www.em.com.br\/emfoco\/#\/schema\/person\/364ac1852fafd00f1be20f0b8b237569"},"description":"Reconhecida entre as mais inteligentes do mundo, essa cidade brasileira se tornou o destino mais desejado para viver hoje.","breadcrumb":{"@id":"https:\/\/www.em.com.br\/emfoco\/2026\/01\/26\/a-cidade-brasileira-que-virou-referencia-mundial-como-uma-das-mais-inteligentes-do-mundo-e-se-tornou-o-sonho-numero-1-para-viver\/#breadcrumb"},"inLanguage":"pt-BR","potentialAction":[{"@type":"ReadAction","target":["https:\/\/www.em.com.br\/emfoco\/2026\/01\/26\/a-cidade-brasileira-que-virou-referencia-mundial-como-uma-das-mais-inteligentes-do-mundo-e-se-tornou-o-sonho-numero-1-para-viver\/"]}]},{"@type":"ImageObject","inLanguage":"pt-BR","@id":"https:\/\/www.em.com.br\/emfoco\/2026\/01\/26\/a-cidade-brasileira-que-virou-referencia-mundial-como-uma-das-mais-inteligentes-do-mundo-e-se-tornou-o-sonho-numero-1-para-viver\/#primaryimage","url":"https:\/\/www.em.com.br\/emfoco\/wp-content\/uploads\/2026\/01\/curitiba.jpg","contentUrl":"https:\/\/www.em.com.br\/emfoco\/wp-content\/uploads\/2026\/01\/curitiba.jpg","width":1280,"height":720,"caption":"Curitiba \u00e9 uma das melhores cidades para se viver do mundo (imagem ilustrativa)"},{"@type":"BreadcrumbList","@id":"https:\/\/www.em.com.br\/emfoco\/2026\/01\/26\/a-cidade-brasileira-que-virou-referencia-mundial-como-uma-das-mais-inteligentes-do-mundo-e-se-tornou-o-sonho-numero-1-para-viver\/#breadcrumb","itemListElement":[{"@type":"ListItem","position":1,"name":"In\u00edcio","item":"https:\/\/www.em.com.br\/emfoco\/"},{"@type":"ListItem","position":2,"name":"A cidade brasileira que virou refer\u00eancia mundial como uma das mais inteligentes do mundo e se tornou o sonho n\u00famero 1 para viver"}]},{"@type":"WebSite","@id":"https:\/\/www.em.com.br\/emfoco\/#website","url":"https:\/\/www.em.com.br\/emfoco\/","name":"Estado de Minas - Em foco","description":"Acompanhe as \u00faltimas not\u00edcias e fique bem informado sobre tudo o que acontece em Minas Gerais, Brasil e no mundo.","potentialAction":[{"@type":"SearchAction","target":{"@type":"EntryPoint","urlTemplate":"https:\/\/www.em.com.br\/emfoco\/?s={search_term_string}"},"query-input":{"@type":"PropertyValueSpecification","valueRequired":true,"valueName":"search_term_string"}}],"inLanguage":"pt-BR"},{"@type":"Person","@id":"https:\/\/www.em.com.br\/emfoco\/#\/schema\/person\/364ac1852fafd00f1be20f0b8b237569","name":"Vitor Bruno","image":{"@type":"ImageObject","inLanguage":"pt-BR","@id":"https:\/\/www.em.com.br\/emfoco\/#\/schema\/person\/image\/","url":"https:\/\/secure.gravatar.com\/avatar\/b719e5cdede09f942064960883b5524d?s=96&d=mm&r=g","contentUrl":"https:\/\/secure.gravatar.com\/avatar\/b719e5cdede09f942064960883b5524d?s=96&d=mm&r=g","caption":"Vitor Bruno"},"sameAs":["https:\/\/www.em.com.br\/emfoco\/"],"url":"https:\/\/www.em.com.br\/emfoco\/author\/vitormyth\/"}]}},"_links":{"self":[{"href":"https:\/\/www.em.com.br\/emfoco\/wp-json\/wp\/v2\/posts\/160101","targetHints":{"allow":["GET"]}}],"collection":[{"href":"https:\/\/www.em.com.br\/emfoco\/wp-json\/wp\/v2\/posts"}],"about":[{"href":"https:\/\/www.em.com.br\/emfoco\/wp-json\/wp\/v2\/types\/post"}],"author":[{"embeddable":true,"href":"https:\/\/www.em.com.br\/emfoco\/wp-json\/wp\/v2\/users\/6"}],"replies":[{"embeddable":true,"href":"https:\/\/www.em.com.br\/emfoco\/wp-json\/wp\/v2\/comments?post=160101"}],"version-history":[{"count":2,"href":"https:\/\/www.em.com.br\/emfoco\/wp-json\/wp\/v2\/posts\/160101\/revisions"}],"predecessor-version":[{"id":160413,"href":"https:\/\/www.em.com.br\/emfoco\/wp-json\/wp\/v2\/posts\/160101\/revisions\/160413"}],"wp:featuredmedia":[{"embeddable":true,"href":"https:\/\/www.em.com.br\/emfoco\/wp-json\/wp\/v2\/media\/160397"}],"wp:attachment":[{"href":"https:\/\/www.em.com.br\/emfoco\/wp-json\/wp\/v2\/media?parent=160101"}],"wp:term":[{"taxonomy":"category","embeddable":true,"href":"https:\/\/www.em.com.br\/emfoco\/wp-json\/wp\/v2\/categories?post=160101"},{"taxonomy":"post_tag","embeddable":true,"href":"https:\/\/www.em.com.br\/emfoco\/wp-json\/wp\/v2\/tags?post=160101"}],"curies":[{"name":"wp","href":"https:\/\/api.w.org\/{rel}","templated":true}]}}