{"id":160041,"date":"2026-01-27T22:05:53","date_gmt":"2026-01-28T01:05:53","guid":{"rendered":"https:\/\/www.em.com.br\/emfoco\/?p=160041"},"modified":"2026-01-26T15:16:47","modified_gmt":"2026-01-26T18:16:47","slug":"esses-detalhes-no-visual-fazem-voce-parecer-mais-chique-no-trabalho","status":"publish","type":"post","link":"https:\/\/www.em.com.br\/emfoco\/2026\/01\/27\/esses-detalhes-no-visual-fazem-voce-parecer-mais-chique-no-trabalho\/","title":{"rendered":"Esses detalhes no visual fazem voc\u00ea parecer mais chique no trabalho"},"content":{"rendered":"\n<h2 class=\"wp-block-heading\">Acess\u00f3rios como rel\u00f3gios cl\u00e1ssicos e bolsas estruturadas transmitem profissionalismo e cuidado. Pe\u00e7as minimalistas e cintos discretos refinam o visual corporativo, permitindo manter a eleg\u00e2ncia e a praticidade sem desviar do c\u00f3digo de vestimenta da empresa.<\/h2>\n\n\n\n<p><b>Voc\u00ea j\u00e1 reparou<\/b> como um simples rel\u00f3gio ou uma bolsa bem escolhida mudam completamente a impress\u00e3o que as pessoas t\u00eam de voc\u00ea no trabalho? Em muitos ambientes corporativos, manter uma <b>imagem profissional<\/b> sem abrir m\u00e3o de estilo \u00e9 uma preocupa\u00e7\u00e3o constante. A escolha dos acess\u00f3rios pode transformar um visual b\u00e1sico em algo mais elegante, sem exageros e sem fugir das regras da empresa, transmitindo <b>organiza\u00e7\u00e3o<\/b>, cuidado com a apar\u00eancia e aten\u00e7\u00e3o aos detalhes.<\/p>\n\n\n\n<h2 class=\"wp-block-heading\">Por que os acess\u00f3rios para trabalho fazem tanta diferen\u00e7a no visual<\/h2>\n\n\n\n<p>Entre reuni\u00f5es, deslocamentos e longas jornadas, os acess\u00f3rios precisam ser ao mesmo tempo <b>pr\u00e1ticos<\/b> e sofisticados. Mais do que seguir tend\u00eancias, eles ajudam a montar um conjunto coerente com a <b>fun\u00e7\u00e3o exercida<\/b>, com o dress code do local e com a rotina di\u00e1ria.<\/p>\n\n\n\n<p>Quando bem pensados, esses itens permitem que voc\u00ea permane\u00e7a <b>chique<\/b> durante todo o expediente, sem parecer desconfort\u00e1vel ou fora de contexto. \u00c9 como um <b>\u201crefino final\u201d<\/b> que valoriza at\u00e9 as roupas mais simples e refor\u00e7a a <b>imagem profissional<\/b> que voc\u00ea deseja passar.<\/p>\n\n\n\n<figure class=\"wp-block-embed is-type-rich is-provider-pinterest wp-block-embed-pinterest\"><div class=\"wp-block-embed__wrapper\">\n<iframe loading=\"lazy\" title=\" \" src=\"https:\/\/assets.pinterest.com\/ext\/embed.html?id=4362930884488097&#038;src=oembed\" height=\"899\" width=\"450\" frameborder=\"0\" scrolling=\"no\" ><\/iframe>\n<\/div><\/figure>\n\n\n\n<h2 class=\"wp-block-heading\">Quais s\u00e3o os melhores acess\u00f3rios para usar no trabalho e continuar chique<\/h2>\n\n\n\n<p>Quando se fala em <b>melhores acess\u00f3rios<\/b> para usar no trabalho, algumas categorias aparecem com frequ\u00eancia pela versatilidade. S\u00e3o pe\u00e7as que funcionam bem em diferentes profiss\u00f5es, idades e estilos, facilitando a rotina de quem n\u00e3o quer perder tempo se <b>arrumando<\/b> todas as manh\u00e3s.<\/p>\n\n\n\n<ul class=\"wp-block-list\">\n<li><strong>Rel\u00f3gio cl\u00e1ssico:<\/strong> modelos com pulseira de <b>metal<\/b> ou couro, mostrador simples e cores neutras combinam com ternos, vestidos, camisas e at\u00e9 looks mais <b>casuais<\/b>;<\/li>\n\n\n\n<li><strong>Bolsas estruturadas:<\/strong> ajudam a carregar documentos, notebook e itens pessoais sem perder a forma, mantendo um aspecto <b>alinhado<\/b> e profissional;<\/li>\n\n\n\n<li><strong>Cintos discretos:<\/strong> ajustam cal\u00e7as e saias e ainda criam um ponto de interesse no visual, principalmente em cores como <b>preto<\/b>, marrom, caramelo ou nude;<\/li>\n\n\n\n<li><strong>Joias e semijoias minimalistas:<\/strong> brincos pequenos, an\u00e9is delicados e correntes finas complementam o look sem roubar a cena ou <b>distrair<\/b> em reuni\u00f5es;<\/li>\n\n\n\n<li><strong>Len\u00e7os e echarpes:<\/strong> acrescentam <b>cor<\/b> e textura a roupas neutras, podendo ser usados no pesco\u00e7o, no punho ou na al\u00e7a da <b>bolsa<\/b>.<\/li>\n<\/ul>\n\n\n\n<figure class=\"wp-block-embed is-type-rich is-provider-pinterest wp-block-embed-pinterest\"><div class=\"wp-block-embed__wrapper\">\n<iframe loading=\"lazy\" title=\"Rel\u00f3gios inspira\u00e7\u00f5es, mola el\u00e1stica dispon\u00edvel em duas vers\u00f5es.  #relogiofeminino #relogiodeluxo #relogio #acessoriofeminino #acessorios #bijuteriafina\" src=\"https:\/\/assets.pinterest.com\/ext\/embed.html?id=318700111153102414&#038;src=oembed\" height=\"699\" width=\"450\" frameborder=\"0\" scrolling=\"no\" ><\/iframe>\n<\/div><\/figure>\n\n\n\n<p>Leia tamb\u00e9m:&nbsp;<a href=\"https:\/\/www.em.com.br\/emfoco\/2026\/01\/25\/esses-3-cortes-de-cabelo-rejuvenescem-o-rosto-e-prometem-ser-tendencia-no-verao-de-2026\/\" target=\"_blank\" rel=\"noopener\">Esses 3 cortes de cabelo rejuvenescem o rosto e prometem ser tend\u00eancia no ver\u00e3o de 2026<\/a><\/p>\n\n\n\n<h2 class=\"wp-block-heading\">Como escolher acess\u00f3rios elegantes para o ambiente de trabalho<\/h2>\n\n\n\n<p>A escolha dos <b>acess\u00f3rios elegantes<\/b> para trabalhar passa por observar o c\u00f3digo de vestimenta da empresa e o tipo de atividade que voc\u00ea exerce. Ambientes mais conservadores pedem pe\u00e7as discretas, enquanto escrit\u00f3rios informais aceitam formatos diferentes e cores mais marcantes, desde que com <b>equil\u00edbrio<\/b>.<\/p>\n\n\n\n<p>De forma geral, vale evitar itens que fa\u00e7am <b>barulho excessivo<\/b>, tenham mensagens pol\u00eamicas ou chamem mais aten\u00e7\u00e3o que a pr\u00f3pria roupa. Priorizar <b>qualidade<\/b>, conforto e funcionalidade \u00e9 o caminho para criar um visual coerente, bonito e sem esfor\u00e7o di\u00e1rio.<\/p>\n\n\n\n<figure class=\"wp-block-embed is-type-rich is-provider-pinterest wp-block-embed-pinterest\"><div class=\"wp-block-embed__wrapper\">\n<iframe loading=\"lazy\" title=\" \" src=\"https:\/\/assets.pinterest.com\/ext\/embed.html?id=492649954393523&#038;src=oembed\" height=\"867\" width=\"450\" frameborder=\"0\" scrolling=\"no\" ><\/iframe>\n<\/div><\/figure>\n\n\n\n<figure class=\"wp-block-embed is-type-rich is-provider-pinterest wp-block-embed-pinterest\"><div class=\"wp-block-embed__wrapper\">\n<iframe loading=\"lazy\" title=\" \" src=\"https:\/\/assets.pinterest.com\/ext\/embed.html?id=1618549864581132&#038;src=oembed\" height=\"899\" width=\"450\" frameborder=\"0\" scrolling=\"no\" ><\/iframe>\n<\/div><\/figure>\n\n\n\n<h2 class=\"wp-block-heading\">Exemplos simples de combina\u00e7\u00f5es chiques para o dia a dia no escrit\u00f3rio<\/h2>\n\n\n\n<p>Pequenos ajustes podem transformar um <b>look b\u00e1sico<\/b> em algo elegante e profissional. Uma cal\u00e7a de alfaiataria com camisa neutra e sapato fechado ganha outro n\u00edvel com um <b>rel\u00f3gio met\u00e1lico<\/b>, um cinto bem ajustado e uma bolsa estruturada em tom s\u00f3brio, como preto, marrom ou caramelo.<\/p>\n\n\n\n<p>J\u00e1 um <b>vestido midi<\/b> liso pode ser valorizado com brincos pequenos, um anel delicado e um len\u00e7o de cor contrastante. Em escrit\u00f3rios criativos, acess\u00f3rios coloridos ou com <b>design diferenciado<\/b> podem aparecer com mais frequ\u00eancia, equilibrados com pe\u00e7as cl\u00e1ssicas como um rel\u00f3gio simples ou uma bolsa de linhas retas.<\/p>\n\n\n\n<p>Para voc\u00ea que quer mais dicas, separamos um v\u00eddeo do canal da <a href=\"https:\/\/www.youtube.com\/@MARCELACARRASCO\" target=\"_blank\" rel=\"noreferrer noopener\">MARCELA CARRASCO<\/a> com dicas de como usar acess\u00f3rios no dia a dia:<\/p>\n\n\n\n<figure class=\"wp-block-embed is-type-video is-provider-youtube wp-block-embed-youtube wp-embed-aspect-16-9 wp-has-aspect-ratio\"><div class=\"wp-block-embed__wrapper\">\n<div class=\"jeg_video_container jeg_video_content\"><iframe loading=\"lazy\" title=\"COMO USAR ACESS\u00d3RIOS E PARECER MAIS ESTILOSA? TRANSFORME QUALQUER LOOK COM OS ACESS\u00d3RIOS CERTOS! \" width=\"500\" height=\"281\" src=\"https:\/\/www.youtube.com\/embed\/a1lAg1NoteU?feature=oembed\" frameborder=\"0\" allow=\"accelerometer; autoplay; clipboard-write; encrypted-media; gyroscope; picture-in-picture; web-share\" referrerpolicy=\"strict-origin-when-cross-origin\" allowfullscreen><\/iframe><\/div>\n<\/div><\/figure>\n\n\n\n<h2 class=\"wp-block-heading\">Quais cuidados di\u00e1rios ajudam a manter os acess\u00f3rios sempre apresent\u00e1veis<\/h2>\n\n\n\n<p>Para que os <b>acess\u00f3rios de trabalho<\/b> continuem chiques por mais tempo, alguns cuidados de rotina fazem diferen\u00e7a. Guardar joias e semijoias em estojos adequados, evitar contato constante com produtos qu\u00edmicos e limpar rel\u00f3gios e bolsas com panos espec\u00edficos ajuda a conservar <b>brilho<\/b>, cor e apar\u00eancia.<\/p>\n\n\n\n<p>Separar um pequeno conjunto de acess\u00f3rios <b>\u201ccoringas\u201d<\/b> tamb\u00e9m facilita o dia a dia: um rel\u00f3gio neutro, um par de brincos discretos, um cinto b\u00e1sico e um len\u00e7o vers\u00e1til deixam a sa\u00edda de casa mais r\u00e1pida. Assim, mesmo em dias de <b>agenda cheia<\/b>, voc\u00ea consegue sair alinhada, com complementos adequados ao ambiente corporativo e coerentes com a imagem que deseja transmitir.<\/p>\n","protected":false},"excerpt":{"rendered":"<p>Acess\u00f3rios como rel\u00f3gios cl\u00e1ssicos e bolsas estruturadas transmitem profissionalismo e cuidado. Pe\u00e7as minimalistas e cintos discretos refinam o visual corporativo, permitindo manter a eleg\u00e2ncia e a praticidade sem desviar do c\u00f3digo de vestimenta da empresa. Voc\u00ea j\u00e1 reparou como um simples rel\u00f3gio ou uma bolsa bem escolhida mudam completamente a impress\u00e3o que as pessoas t\u00eam [&hellip;]<\/p>\n","protected":false},"author":9,"featured_media":143830,"comment_status":"open","ping_status":"open","sticky":false,"template":"","format":"standard","meta":{"jnews-multi-image_gallery":[],"jnews_single_post":{"format":"standard"},"jnews_primary_category":[],"jnews_social_meta":[],"jnews_override_counter":[],"footnotes":""},"categories":[8691,8819,1],"tags":[2616,23399,1920],"class_list":["post-160041","post","type-post","status-publish","format-standard","has-post-thumbnail","hentry","category-bem-estar","category-curiosidades","category-noticias","tag-beleza","tag-melhores-acessorios","tag-tendencia"],"yoast_head":"<!-- This site is optimized with the Yoast SEO plugin v23.8 - https:\/\/yoast.com\/wordpress\/plugins\/seo\/ -->\n<title>Esses detalhes no visual fazem voc\u00ea parecer mais chique no trabalho - Estado de Minas - Em foco<\/title>\n<meta name=\"description\" content=\"Eleve seu visual profissional com acess\u00f3rios estrat\u00e9gicos. Veja como usar rel\u00f3gios, bolsas e joias discretas para um estilo chique no trabalho.\" \/>\n<meta name=\"robots\" content=\"index, follow, max-snippet:-1, max-image-preview:large, max-video-preview:-1\" \/>\n<link rel=\"canonical\" href=\"https:\/\/www.em.com.br\/emfoco\/2026\/01\/27\/esses-detalhes-no-visual-fazem-voce-parecer-mais-chique-no-trabalho\/\" \/>\n<meta property=\"og:locale\" content=\"pt_BR\" \/>\n<meta property=\"og:type\" content=\"article\" \/>\n<meta property=\"og:title\" content=\"Esses detalhes no visual fazem voc\u00ea parecer mais chique no trabalho - Estado de Minas - Em foco\" \/>\n<meta property=\"og:description\" content=\"Eleve seu visual profissional com acess\u00f3rios estrat\u00e9gicos. Veja como usar rel\u00f3gios, bolsas e joias discretas para um estilo chique no trabalho.\" \/>\n<meta property=\"og:url\" content=\"https:\/\/www.em.com.br\/emfoco\/2026\/01\/27\/esses-detalhes-no-visual-fazem-voce-parecer-mais-chique-no-trabalho\/\" \/>\n<meta property=\"og:site_name\" content=\"Estado de Minas - Em foco\" \/>\n<meta property=\"article:published_time\" content=\"2026-01-28T01:05:53+00:00\" \/>\n<meta property=\"article:modified_time\" content=\"2026-01-26T18:16:47+00:00\" \/>\n<meta property=\"og:image\" content=\"https:\/\/www.em.com.br\/emfoco\/wp-content\/uploads\/2025\/12\/Gemini_Generated_Image_1lajzd1lajzd1laj-1-1.png\" \/>\n\t<meta property=\"og:image:width\" content=\"1280\" \/>\n\t<meta property=\"og:image:height\" content=\"720\" \/>\n\t<meta property=\"og:image:type\" content=\"image\/png\" \/>\n<meta name=\"author\" content=\"Daniely Cardoso\" \/>\n<meta name=\"twitter:card\" content=\"summary_large_image\" \/>\n<meta name=\"twitter:label1\" content=\"Escrito por\" \/>\n\t<meta name=\"twitter:data1\" content=\"Daniely Cardoso\" \/>\n\t<meta name=\"twitter:label2\" content=\"Est. tempo de leitura\" \/>\n\t<meta name=\"twitter:data2\" content=\"5 minutos\" \/>\n<!-- \/ Yoast SEO plugin. -->","yoast_head_json":{"title":"Esses detalhes no visual fazem voc\u00ea parecer mais chique no trabalho - Estado de Minas - Em foco","description":"Eleve seu visual profissional com acess\u00f3rios estrat\u00e9gicos. Veja como usar rel\u00f3gios, bolsas e joias discretas para um estilo chique no trabalho.","robots":{"index":"index","follow":"follow","max-snippet":"max-snippet:-1","max-image-preview":"max-image-preview:large","max-video-preview":"max-video-preview:-1"},"canonical":"https:\/\/www.em.com.br\/emfoco\/2026\/01\/27\/esses-detalhes-no-visual-fazem-voce-parecer-mais-chique-no-trabalho\/","og_locale":"pt_BR","og_type":"article","og_title":"Esses detalhes no visual fazem voc\u00ea parecer mais chique no trabalho - Estado de Minas - Em foco","og_description":"Eleve seu visual profissional com acess\u00f3rios estrat\u00e9gicos. Veja como usar rel\u00f3gios, bolsas e joias discretas para um estilo chique no trabalho.","og_url":"https:\/\/www.em.com.br\/emfoco\/2026\/01\/27\/esses-detalhes-no-visual-fazem-voce-parecer-mais-chique-no-trabalho\/","og_site_name":"Estado de Minas - Em foco","article_published_time":"2026-01-28T01:05:53+00:00","article_modified_time":"2026-01-26T18:16:47+00:00","og_image":[{"width":1280,"height":720,"url":"https:\/\/www.em.com.br\/emfoco\/wp-content\/uploads\/2025\/12\/Gemini_Generated_Image_1lajzd1lajzd1laj-1-1.png","type":"image\/png"}],"author":"Daniely Cardoso","twitter_card":"summary_large_image","twitter_misc":{"Escrito por":"Daniely Cardoso","Est. tempo de leitura":"5 minutos"},"schema":{"@context":"https:\/\/schema.org","@graph":[{"@type":"WebPage","@id":"https:\/\/www.em.com.br\/emfoco\/2026\/01\/27\/esses-detalhes-no-visual-fazem-voce-parecer-mais-chique-no-trabalho\/","url":"https:\/\/www.em.com.br\/emfoco\/2026\/01\/27\/esses-detalhes-no-visual-fazem-voce-parecer-mais-chique-no-trabalho\/","name":"Esses detalhes no visual fazem voc\u00ea parecer mais chique no trabalho - Estado de Minas - Em foco","isPartOf":{"@id":"https:\/\/www.em.com.br\/emfoco\/#website"},"primaryImageOfPage":{"@id":"https:\/\/www.em.com.br\/emfoco\/2026\/01\/27\/esses-detalhes-no-visual-fazem-voce-parecer-mais-chique-no-trabalho\/#primaryimage"},"image":{"@id":"https:\/\/www.em.com.br\/emfoco\/2026\/01\/27\/esses-detalhes-no-visual-fazem-voce-parecer-mais-chique-no-trabalho\/#primaryimage"},"thumbnailUrl":"https:\/\/www.em.com.br\/emfoco\/wp-content\/uploads\/2025\/12\/Gemini_Generated_Image_1lajzd1lajzd1laj-1-1.png","datePublished":"2026-01-28T01:05:53+00:00","dateModified":"2026-01-26T18:16:47+00:00","author":{"@id":"https:\/\/www.em.com.br\/emfoco\/#\/schema\/person\/0a8186d72f2c3a5c6276d90b41f271a0"},"description":"Eleve seu visual profissional com acess\u00f3rios estrat\u00e9gicos. Veja como usar rel\u00f3gios, bolsas e joias discretas para um estilo chique no trabalho.","breadcrumb":{"@id":"https:\/\/www.em.com.br\/emfoco\/2026\/01\/27\/esses-detalhes-no-visual-fazem-voce-parecer-mais-chique-no-trabalho\/#breadcrumb"},"inLanguage":"pt-BR","potentialAction":[{"@type":"ReadAction","target":["https:\/\/www.em.com.br\/emfoco\/2026\/01\/27\/esses-detalhes-no-visual-fazem-voce-parecer-mais-chique-no-trabalho\/"]}]},{"@type":"ImageObject","inLanguage":"pt-BR","@id":"https:\/\/www.em.com.br\/emfoco\/2026\/01\/27\/esses-detalhes-no-visual-fazem-voce-parecer-mais-chique-no-trabalho\/#primaryimage","url":"https:\/\/www.em.com.br\/emfoco\/wp-content\/uploads\/2025\/12\/Gemini_Generated_Image_1lajzd1lajzd1laj-1-1.png","contentUrl":"https:\/\/www.em.com.br\/emfoco\/wp-content\/uploads\/2025\/12\/Gemini_Generated_Image_1lajzd1lajzd1laj-1-1.png","width":1280,"height":720,"caption":"Nesse cen\u00e1rio, tons suaves dividem espa\u00e7o com cores mais intensas, formando um conjunto vers\u00e1til para roupas, acess\u00f3rios"},{"@type":"BreadcrumbList","@id":"https:\/\/www.em.com.br\/emfoco\/2026\/01\/27\/esses-detalhes-no-visual-fazem-voce-parecer-mais-chique-no-trabalho\/#breadcrumb","itemListElement":[{"@type":"ListItem","position":1,"name":"In\u00edcio","item":"https:\/\/www.em.com.br\/emfoco\/"},{"@type":"ListItem","position":2,"name":"Esses detalhes no visual fazem voc\u00ea parecer mais chique no trabalho"}]},{"@type":"WebSite","@id":"https:\/\/www.em.com.br\/emfoco\/#website","url":"https:\/\/www.em.com.br\/emfoco\/","name":"Estado de Minas - Em foco","description":"Acompanhe as \u00faltimas not\u00edcias e fique bem informado sobre tudo o que acontece em Minas Gerais, Brasil e no mundo.","potentialAction":[{"@type":"SearchAction","target":{"@type":"EntryPoint","urlTemplate":"https:\/\/www.em.com.br\/emfoco\/?s={search_term_string}"},"query-input":{"@type":"PropertyValueSpecification","valueRequired":true,"valueName":"search_term_string"}}],"inLanguage":"pt-BR"},{"@type":"Person","@id":"https:\/\/www.em.com.br\/emfoco\/#\/schema\/person\/0a8186d72f2c3a5c6276d90b41f271a0","name":"Daniely Cardoso","image":{"@type":"ImageObject","inLanguage":"pt-BR","@id":"https:\/\/www.em.com.br\/emfoco\/#\/schema\/person\/image\/","url":"https:\/\/secure.gravatar.com\/avatar\/4b80ddbd124d1f071b626d52d62e5dff?s=96&d=mm&r=g","contentUrl":"https:\/\/secure.gravatar.com\/avatar\/4b80ddbd124d1f071b626d52d62e5dff?s=96&d=mm&r=g","caption":"Daniely Cardoso"},"url":"https:\/\/www.em.com.br\/emfoco\/author\/danielymyth\/"}]}},"_links":{"self":[{"href":"https:\/\/www.em.com.br\/emfoco\/wp-json\/wp\/v2\/posts\/160041","targetHints":{"allow":["GET"]}}],"collection":[{"href":"https:\/\/www.em.com.br\/emfoco\/wp-json\/wp\/v2\/posts"}],"about":[{"href":"https:\/\/www.em.com.br\/emfoco\/wp-json\/wp\/v2\/types\/post"}],"author":[{"embeddable":true,"href":"https:\/\/www.em.com.br\/emfoco\/wp-json\/wp\/v2\/users\/9"}],"replies":[{"embeddable":true,"href":"https:\/\/www.em.com.br\/emfoco\/wp-json\/wp\/v2\/comments?post=160041"}],"version-history":[{"count":3,"href":"https:\/\/www.em.com.br\/emfoco\/wp-json\/wp\/v2\/posts\/160041\/revisions"}],"predecessor-version":[{"id":160370,"href":"https:\/\/www.em.com.br\/emfoco\/wp-json\/wp\/v2\/posts\/160041\/revisions\/160370"}],"wp:featuredmedia":[{"embeddable":true,"href":"https:\/\/www.em.com.br\/emfoco\/wp-json\/wp\/v2\/media\/143830"}],"wp:attachment":[{"href":"https:\/\/www.em.com.br\/emfoco\/wp-json\/wp\/v2\/media?parent=160041"}],"wp:term":[{"taxonomy":"category","embeddable":true,"href":"https:\/\/www.em.com.br\/emfoco\/wp-json\/wp\/v2\/categories?post=160041"},{"taxonomy":"post_tag","embeddable":true,"href":"https:\/\/www.em.com.br\/emfoco\/wp-json\/wp\/v2\/tags?post=160041"}],"curies":[{"name":"wp","href":"https:\/\/api.w.org\/{rel}","templated":true}]}}