{"id":160021,"date":"2026-01-27T13:25:04","date_gmt":"2026-01-27T16:25:04","guid":{"rendered":"https:\/\/www.em.com.br\/emfoco\/?p=160021"},"modified":"2026-01-26T14:43:26","modified_gmt":"2026-01-26T17:43:26","slug":"dicas-de-flores-que-crescem-rapido-e-florescem-no-calor-do-verao","status":"publish","type":"post","link":"https:\/\/www.em.com.br\/emfoco\/2026\/01\/27\/dicas-de-flores-que-crescem-rapido-e-florescem-no-calor-do-verao\/","title":{"rendered":"Dicas de flores que crescem r\u00e1pido e florescem no calor do ver\u00e3o"},"content":{"rendered":"\n<h2 class=\"wp-block-heading\">Janeiro \u00e9 ideal para plantar cravina, b\u00e1lsamo, z\u00ednia e pet\u00fania, que se adaptam bem ao calor e umidade brasileiros. Garanta solo drenado, sol matinal e retire flores secas para estimular novas flora\u00e7\u00f5es e manter o jardim vivo.<\/h2>\n\n\n\n<p><strong>Voc\u00ea j\u00e1 reparou<\/strong> como o come\u00e7o do ano d\u00e1 uma vontade enorme de <b>renovar a casa<\/b> e, claro, o jardim? Janeiro, em boa parte do Brasil, \u00e9 um m\u00eas <b>quente e chuvoso<\/b>, ideal para quem quer ver vasos, canteiros e varandas ganhando cor rapidamente. Escolher as <strong>flores certas<\/strong> para plantar em janeiro ajuda a aproveitar o clima da esta\u00e7\u00e3o e garante um <b>jardim florido<\/b> por v\u00e1rios meses, mesmo para quem ainda est\u00e1 come\u00e7ando na jardinagem.<\/p>\n\n\n\n<h2 class=\"wp-block-heading\">Quais s\u00e3o as melhores flores para plantar em janeiro no ver\u00e3o brasileiro<\/h2>\n\n\n\n<p>Ao planejar o <b>plantio nesse per\u00edodo<\/b>, \u00e9 importante observar quanto sol bate no local, como andam as chuvas e a <strong>temperatura m\u00e9dia<\/strong>. Algumas plantas aguentam bem o <b>calor\u00e3o<\/b>, desde que recebam regas na medida certa e um solo que n\u00e3o acumule \u00e1gua. Entre tantas op\u00e7\u00f5es, quatro flores se destacam pela <b>facilidade de cultivo<\/b> e pela boa adapta\u00e7\u00e3o ao ver\u00e3o brasileiro: cravina, b\u00e1lsamo, z\u00ednia e pet\u00fania. Todas gostam de <strong>boa luminosidade<\/strong> e solo levemente \u00famido, e podem florescer por meses se receberem <b>cuidados simples<\/b> e constantes.<\/p>\n\n\n\n<h2 class=\"wp-block-heading\">Como cultivar cravina para aproveitar o calor do ver\u00e3o<\/h2>\n\n\n\n<p>A <strong>cravina<\/strong> \u00e9 daquelas flores que parecem feitas para o ver\u00e3o: resistente, colorida e muito vers\u00e1til. Ela se adapta bem a <b>canteiros e vasos<\/b>, trazendo tons de rosa, vermelho, roxo e branco, muitas vezes com combina\u00e7\u00f5es bicolores que deixam qualquer espa\u00e7o mais alegre. Para que a cravina se desenvolva bem, vale apostar em um <b>solo bem drenado<\/b>, misturando terra comum com mat\u00e9ria org\u00e2nica. Ela prefere <strong>sol direto<\/strong> por boa parte do dia e regas que mantenham o substrato \u00famido, mas nunca encharcado, evitando fungos e <b>apodrecimento das ra\u00edzes<\/b>.<\/p>\n\n\n\n<figure class=\"wp-block-embed is-type-rich is-provider-pinterest wp-block-embed-pinterest\"><div class=\"wp-block-embed__wrapper\">\n<iframe loading=\"lazy\" title=\"\ud83c\udf38No v\u00eddeo de hoje, vamos falar sobre uma planta encantadora e colorida: a Dianthus, mais conhecida como Cravina. Vamos descobrir um pouco mais sobre essa planta e aprender os cuidados necess\u00e1rios para mant\u00ea-la saud\u00e1vel e vibrante. Ela \u00e9 conhecida por suas flores delicadas, que podem apresentar uma variedade de cores\ud83c\udf3a Deixe o mundo mais verde com a Plantei!!!\ud83c\udf33 #cravinea #dianthus #cuidados #plantas #flores #lojaplantei\" src=\"https:\/\/assets.pinterest.com\/ext\/embed.html?id=10133167905277892&#038;src=oembed\" height=\"899\" width=\"450\" frameborder=\"0\" scrolling=\"no\" ><\/iframe>\n<\/div><\/figure>\n\n\n\n<p>Leia tamb\u00e9m:&nbsp;<a href=\"https:\/\/www.em.com.br\/emfoco\/2026\/01\/25\/como-plantar-manga-em-casa-e-garantir-frutos-doces-e-saudaveis-direto-do-quintal\/\" target=\"_blank\" rel=\"noopener\">Como plantar manga em casa e garantir frutos doces e saud\u00e1veis direto do quintal<\/a><\/p>\n\n\n\n<h2 class=\"wp-block-heading\">Por que o b\u00e1lsamo \u00e9 uma flor pr\u00e1tica para plantar em janeiro<\/h2>\n\n\n\n<p>O <strong>b\u00e1lsamo<\/strong>, tamb\u00e9m chamado de maria-sem-vergonha em muitas regi\u00f5es, \u00e9 perfeito para quem tem \u00e1reas de <b>meia-sombra<\/b>, como varandas, jardins sob \u00e1rvores ou espa\u00e7os onde o sol n\u00e3o bate o dia inteiro. Ele cresce r\u00e1pido em per\u00edodos <b>quentes e chuvosos<\/b> e costuma presentear o jardim com flores em abund\u00e2ncia. Essa planta se adapta bem a <strong>vasos e jardineiras<\/strong>, aparecendo em tons de rosa, branco, vermelho e roxo. Para que fique sempre bonito, basta um solo <b>rico em mat\u00e9ria org\u00e2nica<\/b>, levemente \u00famido, e regas nas primeiras horas da manh\u00e3 ou no fim da tarde em dias muito quentes.<\/p>\n\n\n\n<figure class=\"wp-block-embed is-type-rich is-provider-pinterest wp-block-embed-pinterest\"><div class=\"wp-block-embed__wrapper\">\n<iframe loading=\"lazy\" title=\"Vinca\" src=\"https:\/\/assets.pinterest.com\/ext\/embed.html?id=647181408987324359&#038;src=oembed\" height=\"699\" width=\"450\" frameborder=\"0\" scrolling=\"no\" ><\/iframe>\n<\/div><\/figure>\n\n\n\n<h2 class=\"wp-block-heading\">Como a z\u00ednia deixa o jardim com cara de ver\u00e3o<\/h2>\n\n\n\n<p>A <strong>z\u00ednia<\/strong> \u00e9 daquelas flores que, de longe, j\u00e1 entregam que o jardim est\u00e1 em pleno ver\u00e3o. Com cores intensas e formas variadas, ela \u00e9 muito usada em <b>canteiros cheios<\/b> e coloridos. Em regi\u00f5es de clima quente, costuma ser <b>semeada em janeiro<\/b>, aproveitando o sol forte e as chuvas regulares. Ela gosta de <strong>sol pleno<\/strong> ao longo do dia e de um solo fofo e bem drenado. Uma dica importante \u00e9 ir retirando as <b>flores que secarem<\/b>: esse cuidado simples estimula novas flora\u00e7\u00f5es e ajuda a prolongar o <strong>colorido do jardim<\/strong> por mais tempo.<\/p>\n\n\n\n<figure class=\"wp-block-embed is-type-rich is-provider-pinterest wp-block-embed-pinterest\"><div class=\"wp-block-embed__wrapper\">\n<iframe loading=\"lazy\" title=\"Zinnia - Saiba Onde Comprar [A Maior Variedade, Op\u00e7\u00f5es de Cores e Esp\u00e9cies]\" src=\"https:\/\/assets.pinterest.com\/ext\/embed.html?id=65935582035754926&#038;src=oembed\" height=\"899\" width=\"450\" frameborder=\"0\" scrolling=\"no\" ><\/iframe>\n<\/div><\/figure>\n\n\n\n<h2 class=\"wp-block-heading\">Como cultivar pet\u00fania em vasos e jardineiras com mais flores<\/h2>\n\n\n\n<p>A <strong>pet\u00fania<\/strong> \u00e9 uma \u00f3tima escolha para quem quer cor cont\u00ednua em sacadas, varandas e janelas. Ela aguenta bem o <b>calor<\/b> quando recebe luz suficiente e costuma cobrir rapidamente vasos e jardineiras, criando um efeito de \u201ccascata\u201d em variedades pendentes. Para ter pet\u00fanias sempre bonitas, \u00e9 importante caprichar no <b>substrato leve<\/b> e bem drenado, fornecer aduba\u00e7\u00e3o equilibrada para flores e garantir algumas horas de <strong>sol direto<\/strong> por dia. Remover flores secas e fazer <b>podas leves<\/b> ajuda a estimular novos brotos e manter a planta cheia.<\/p>\n\n\n\n<p>Para voc\u00ea que gosta de plantar em casa, separamos um v\u00eddeo do canal <a href=\"https:\/\/www.youtube.com\/@cultivando-canal\" target=\"_blank\" rel=\"noreferrer noopener\">Cultivando<\/a> com uma lista deflores para esse ver\u00e3o:<\/p>\n\n\n\n<figure class=\"wp-block-embed is-type-video is-provider-youtube wp-block-embed-youtube wp-embed-aspect-16-9 wp-has-aspect-ratio\"><div class=\"wp-block-embed__wrapper\">\n<div class=\"jeg_video_container jeg_video_content\"><iframe loading=\"lazy\" title=\"DEZ flores para locais ensolarados\" width=\"500\" height=\"281\" src=\"https:\/\/www.youtube.com\/embed\/7w0nSb9sPR0?feature=oembed\" frameborder=\"0\" allow=\"accelerometer; autoplay; clipboard-write; encrypted-media; gyroscope; picture-in-picture; web-share\" referrerpolicy=\"strict-origin-when-cross-origin\" allowfullscreen><\/iframe><\/div>\n<\/div><\/figure>\n\n\n\n<h2 class=\"wp-block-heading\">Como cuidar das flores plantadas em janeiro ao longo do ano<\/h2>\n\n\n\n<p>Depois de plantar <strong>cravina, b\u00e1lsamo, z\u00ednia e pet\u00fania<\/strong> em janeiro, o segredo \u00e9 observar as plantas de perto. Com o passar dos meses, pode ser necess\u00e1rio ajustar a <b>rega<\/b>, especialmente em per\u00edodos de muita chuva ou calor intenso, al\u00e9m de ficar de olho em folhas <b>amareladas ou murchas<\/b>. Alguns cuidados b\u00e1sicos ajudam a manter o jardim saud\u00e1vel e florido por mais tempo:<\/p>\n\n\n\n<ul class=\"wp-block-list\">\n<li><b>Regar de forma moderada<\/b>, adaptando \u00e0 sua regi\u00e3o e ao tipo de solo;<\/li>\n\n\n\n<li><strong>Adubar levemente<\/strong> a cada algumas semanas, usando produtos indicados para flores;<\/li>\n\n\n\n<li><b>Retirar folhas e flores secas<\/b> para estimular novos brotos;<\/li>\n\n\n\n<li>Observar sinais de <strong>pragas<\/strong> como pulg\u00f5es e cochonilhas e agir cedo, se aparecerem.<\/li>\n<\/ul>\n\n\n\n<p>Com esses <b>cuidados simples<\/b> e frequentes, mesmo quem n\u00e3o tem muita experi\u00eancia consegue um <strong>jardim colorido<\/strong> desde o in\u00edcio do ano, prolongando o visual bonito muito al\u00e9m do ver\u00e3o.<\/p>\n","protected":false},"excerpt":{"rendered":"<p>Janeiro \u00e9 ideal para plantar cravina, b\u00e1lsamo, z\u00ednia e pet\u00fania, que se adaptam bem ao calor e umidade brasileiros. Garanta solo drenado, sol matinal e retire flores secas para estimular novas flora\u00e7\u00f5es e manter o jardim vivo. Voc\u00ea j\u00e1 reparou como o come\u00e7o do ano d\u00e1 uma vontade enorme de renovar a casa e, claro, [&hellip;]<\/p>\n","protected":false},"author":9,"featured_media":40709,"comment_status":"open","ping_status":"open","sticky":false,"template":"","format":"standard","meta":{"jnews-multi-image_gallery":[],"jnews_single_post":{"format":"standard"},"jnews_primary_category":[],"jnews_social_meta":[],"jnews_override_counter":[],"footnotes":""},"categories":[8691,8819,1],"tags":[3357,786,3325],"class_list":["post-160021","post","type-post","status-publish","format-standard","has-post-thumbnail","hentry","category-bem-estar","category-curiosidades","category-noticias","tag-flores","tag-janeiro","tag-jardim"],"yoast_head":"<!-- This site is optimized with the Yoast SEO plugin v23.8 - https:\/\/yoast.com\/wordpress\/plugins\/seo\/ -->\n<title>Dicas de flores que crescem r\u00e1pido e florescem no calor do ver\u00e3o - Estado de Minas - Em foco<\/title>\n<meta name=\"description\" content=\"Plante cravina, pet\u00fania e z\u00ednia em janeiro. Aproveite o calor e as chuvas para ter um jardim colorido e vibrante em 2026.\" \/>\n<meta name=\"robots\" content=\"index, follow, max-snippet:-1, max-image-preview:large, max-video-preview:-1\" \/>\n<link rel=\"canonical\" href=\"https:\/\/www.em.com.br\/emfoco\/2026\/01\/27\/dicas-de-flores-que-crescem-rapido-e-florescem-no-calor-do-verao\/\" \/>\n<meta property=\"og:locale\" content=\"pt_BR\" \/>\n<meta property=\"og:type\" content=\"article\" \/>\n<meta property=\"og:title\" content=\"Dicas de flores que crescem r\u00e1pido e florescem no calor do ver\u00e3o - Estado de Minas - Em foco\" \/>\n<meta property=\"og:description\" content=\"Plante cravina, pet\u00fania e z\u00ednia em janeiro. Aproveite o calor e as chuvas para ter um jardim colorido e vibrante em 2026.\" \/>\n<meta property=\"og:url\" content=\"https:\/\/www.em.com.br\/emfoco\/2026\/01\/27\/dicas-de-flores-que-crescem-rapido-e-florescem-no-calor-do-verao\/\" \/>\n<meta property=\"og:site_name\" content=\"Estado de Minas - Em foco\" \/>\n<meta property=\"article:published_time\" content=\"2026-01-27T16:25:04+00:00\" \/>\n<meta property=\"article:modified_time\" content=\"2026-01-26T17:43:26+00:00\" \/>\n<meta property=\"og:image\" content=\"https:\/\/www.em.com.br\/emfoco\/wp-content\/uploads\/2025\/04\/petunia-flor_1745406799175.jpg\" \/>\n\t<meta property=\"og:image:width\" content=\"1280\" \/>\n\t<meta property=\"og:image:height\" content=\"720\" \/>\n\t<meta property=\"og:image:type\" content=\"image\/jpeg\" \/>\n<meta name=\"author\" content=\"Daniely Cardoso\" \/>\n<meta name=\"twitter:card\" content=\"summary_large_image\" \/>\n<meta name=\"twitter:label1\" content=\"Escrito por\" \/>\n\t<meta name=\"twitter:data1\" content=\"Daniely Cardoso\" \/>\n\t<meta name=\"twitter:label2\" content=\"Est. tempo de leitura\" \/>\n\t<meta name=\"twitter:data2\" content=\"5 minutos\" \/>\n<!-- \/ Yoast SEO plugin. -->","yoast_head_json":{"title":"Dicas de flores que crescem r\u00e1pido e florescem no calor do ver\u00e3o - Estado de Minas - Em foco","description":"Plante cravina, pet\u00fania e z\u00ednia em janeiro. Aproveite o calor e as chuvas para ter um jardim colorido e vibrante em 2026.","robots":{"index":"index","follow":"follow","max-snippet":"max-snippet:-1","max-image-preview":"max-image-preview:large","max-video-preview":"max-video-preview:-1"},"canonical":"https:\/\/www.em.com.br\/emfoco\/2026\/01\/27\/dicas-de-flores-que-crescem-rapido-e-florescem-no-calor-do-verao\/","og_locale":"pt_BR","og_type":"article","og_title":"Dicas de flores que crescem r\u00e1pido e florescem no calor do ver\u00e3o - Estado de Minas - Em foco","og_description":"Plante cravina, pet\u00fania e z\u00ednia em janeiro. Aproveite o calor e as chuvas para ter um jardim colorido e vibrante em 2026.","og_url":"https:\/\/www.em.com.br\/emfoco\/2026\/01\/27\/dicas-de-flores-que-crescem-rapido-e-florescem-no-calor-do-verao\/","og_site_name":"Estado de Minas - Em foco","article_published_time":"2026-01-27T16:25:04+00:00","article_modified_time":"2026-01-26T17:43:26+00:00","og_image":[{"width":1280,"height":720,"url":"https:\/\/www.em.com.br\/emfoco\/wp-content\/uploads\/2025\/04\/petunia-flor_1745406799175.jpg","type":"image\/jpeg"}],"author":"Daniely Cardoso","twitter_card":"summary_large_image","twitter_misc":{"Escrito por":"Daniely Cardoso","Est. tempo de leitura":"5 minutos"},"schema":{"@context":"https:\/\/schema.org","@graph":[{"@type":"WebPage","@id":"https:\/\/www.em.com.br\/emfoco\/2026\/01\/27\/dicas-de-flores-que-crescem-rapido-e-florescem-no-calor-do-verao\/","url":"https:\/\/www.em.com.br\/emfoco\/2026\/01\/27\/dicas-de-flores-que-crescem-rapido-e-florescem-no-calor-do-verao\/","name":"Dicas de flores que crescem r\u00e1pido e florescem no calor do ver\u00e3o - Estado de Minas - Em foco","isPartOf":{"@id":"https:\/\/www.em.com.br\/emfoco\/#website"},"primaryImageOfPage":{"@id":"https:\/\/www.em.com.br\/emfoco\/2026\/01\/27\/dicas-de-flores-que-crescem-rapido-e-florescem-no-calor-do-verao\/#primaryimage"},"image":{"@id":"https:\/\/www.em.com.br\/emfoco\/2026\/01\/27\/dicas-de-flores-que-crescem-rapido-e-florescem-no-calor-do-verao\/#primaryimage"},"thumbnailUrl":"https:\/\/www.em.com.br\/emfoco\/wp-content\/uploads\/2025\/04\/petunia-flor_1745406799175.jpg","datePublished":"2026-01-27T16:25:04+00:00","dateModified":"2026-01-26T17:43:26+00:00","author":{"@id":"https:\/\/www.em.com.br\/emfoco\/#\/schema\/person\/0a8186d72f2c3a5c6276d90b41f271a0"},"description":"Plante cravina, pet\u00fania e z\u00ednia em janeiro. Aproveite o calor e as chuvas para ter um jardim colorido e vibrante em 2026.","breadcrumb":{"@id":"https:\/\/www.em.com.br\/emfoco\/2026\/01\/27\/dicas-de-flores-que-crescem-rapido-e-florescem-no-calor-do-verao\/#breadcrumb"},"inLanguage":"pt-BR","potentialAction":[{"@type":"ReadAction","target":["https:\/\/www.em.com.br\/emfoco\/2026\/01\/27\/dicas-de-flores-que-crescem-rapido-e-florescem-no-calor-do-verao\/"]}]},{"@type":"ImageObject","inLanguage":"pt-BR","@id":"https:\/\/www.em.com.br\/emfoco\/2026\/01\/27\/dicas-de-flores-que-crescem-rapido-e-florescem-no-calor-do-verao\/#primaryimage","url":"https:\/\/www.em.com.br\/emfoco\/wp-content\/uploads\/2025\/04\/petunia-flor_1745406799175.jpg","contentUrl":"https:\/\/www.em.com.br\/emfoco\/wp-content\/uploads\/2025\/04\/petunia-flor_1745406799175.jpg","width":1280,"height":720,"caption":"Pet\u00fania - Cr\u00e9ditos: depositphotos.com \/ yuiyuize@gmail.com"},{"@type":"BreadcrumbList","@id":"https:\/\/www.em.com.br\/emfoco\/2026\/01\/27\/dicas-de-flores-que-crescem-rapido-e-florescem-no-calor-do-verao\/#breadcrumb","itemListElement":[{"@type":"ListItem","position":1,"name":"In\u00edcio","item":"https:\/\/www.em.com.br\/emfoco\/"},{"@type":"ListItem","position":2,"name":"Dicas de flores que crescem r\u00e1pido e florescem no calor do ver\u00e3o"}]},{"@type":"WebSite","@id":"https:\/\/www.em.com.br\/emfoco\/#website","url":"https:\/\/www.em.com.br\/emfoco\/","name":"Estado de Minas - Em foco","description":"Acompanhe as \u00faltimas not\u00edcias e fique bem informado sobre tudo o que acontece em Minas Gerais, Brasil e no mundo.","potentialAction":[{"@type":"SearchAction","target":{"@type":"EntryPoint","urlTemplate":"https:\/\/www.em.com.br\/emfoco\/?s={search_term_string}"},"query-input":{"@type":"PropertyValueSpecification","valueRequired":true,"valueName":"search_term_string"}}],"inLanguage":"pt-BR"},{"@type":"Person","@id":"https:\/\/www.em.com.br\/emfoco\/#\/schema\/person\/0a8186d72f2c3a5c6276d90b41f271a0","name":"Daniely Cardoso","image":{"@type":"ImageObject","inLanguage":"pt-BR","@id":"https:\/\/www.em.com.br\/emfoco\/#\/schema\/person\/image\/","url":"https:\/\/secure.gravatar.com\/avatar\/4b80ddbd124d1f071b626d52d62e5dff?s=96&d=mm&r=g","contentUrl":"https:\/\/secure.gravatar.com\/avatar\/4b80ddbd124d1f071b626d52d62e5dff?s=96&d=mm&r=g","caption":"Daniely Cardoso"},"url":"https:\/\/www.em.com.br\/emfoco\/author\/danielymyth\/"}]}},"_links":{"self":[{"href":"https:\/\/www.em.com.br\/emfoco\/wp-json\/wp\/v2\/posts\/160021","targetHints":{"allow":["GET"]}}],"collection":[{"href":"https:\/\/www.em.com.br\/emfoco\/wp-json\/wp\/v2\/posts"}],"about":[{"href":"https:\/\/www.em.com.br\/emfoco\/wp-json\/wp\/v2\/types\/post"}],"author":[{"embeddable":true,"href":"https:\/\/www.em.com.br\/emfoco\/wp-json\/wp\/v2\/users\/9"}],"replies":[{"embeddable":true,"href":"https:\/\/www.em.com.br\/emfoco\/wp-json\/wp\/v2\/comments?post=160021"}],"version-history":[{"count":3,"href":"https:\/\/www.em.com.br\/emfoco\/wp-json\/wp\/v2\/posts\/160021\/revisions"}],"predecessor-version":[{"id":160304,"href":"https:\/\/www.em.com.br\/emfoco\/wp-json\/wp\/v2\/posts\/160021\/revisions\/160304"}],"wp:featuredmedia":[{"embeddable":true,"href":"https:\/\/www.em.com.br\/emfoco\/wp-json\/wp\/v2\/media\/40709"}],"wp:attachment":[{"href":"https:\/\/www.em.com.br\/emfoco\/wp-json\/wp\/v2\/media?parent=160021"}],"wp:term":[{"taxonomy":"category","embeddable":true,"href":"https:\/\/www.em.com.br\/emfoco\/wp-json\/wp\/v2\/categories?post=160021"},{"taxonomy":"post_tag","embeddable":true,"href":"https:\/\/www.em.com.br\/emfoco\/wp-json\/wp\/v2\/tags?post=160021"}],"curies":[{"name":"wp","href":"https:\/\/api.w.org\/{rel}","templated":true}]}}