{"id":160018,"date":"2026-01-27T12:05:51","date_gmt":"2026-01-27T15:05:51","guid":{"rendered":"https:\/\/www.em.com.br\/emfoco\/?p=160018"},"modified":"2026-01-26T14:35:10","modified_gmt":"2026-01-26T17:35:10","slug":"como-um-alimento-simples-pode-apoiar-a-saude-do-coracao-e-diabetes-tipo-2","status":"publish","type":"post","link":"https:\/\/www.em.com.br\/emfoco\/2026\/01\/27\/como-um-alimento-simples-pode-apoiar-a-saude-do-coracao-e-diabetes-tipo-2\/","title":{"rendered":"Como um alimento simples pode apoiar a sa\u00fade do cora\u00e7\u00e3o e diabetes tipo 2"},"content":{"rendered":"\n<h2 class=\"wp-block-heading\">A rom\u00e3 possui antioxidantes que reduzem a inflama\u00e7\u00e3o e auxiliam no controle da glicemia no diabetes tipo 2. Seu consumo regular melhora a sensibilidade \u00e0 insulina e a sa\u00fade cardiovascular, sendo um suporte natural ao tratamento m\u00e9dico.<\/h2>\n\n\n\n<p><b>Imagine descobrir<\/b> que uma <b>fruta simples<\/b>, facilmente encontrada em feiras e mercados, pode se tornar uma forte aliada no controle do <b>diabetes tipo 2<\/b> e das inflama\u00e7\u00f5es do dia a dia. No Brasil, onde cada vez mais pessoas recebem esse diagn\u00f3stico, cresce tamb\u00e9m a busca por formas naturais de cuidar da sa\u00fade, sem abrir m\u00e3o dos tratamentos m\u00e9dicos. Nesse contexto, a rom\u00e3 (<em>Punica granatum<\/em>) vem ganhando destaque em pesquisas e na pr\u00e1tica cl\u00ednica como um alimento poderoso para complementar o cuidado com o organismo.<\/p>\n\n\n\n<h2 class=\"wp-block-heading\">Por que a rom\u00e3 \u00e9 considerada t\u00e3o poderosa para diabetes e inflama\u00e7\u00f5es<\/h2>\n\n\n\n<p>A rom\u00e3 \u00e9 vista como uma fruta de <b>alta pot\u00eancia funcional<\/b> porque concentra muitos <b>compostos protetores<\/b> em pequenas por\u00e7\u00f5es. Entre eles est\u00e3o os <b>polifen\u00f3is<\/b>, as punicalaginas e outros antioxidantes que ajudam o corpo a neutralizar os chamados radicais livres, ligados ao envelhecimento precoce das c\u00e9lulas e ao aumento da inflama\u00e7\u00e3o.<\/p>\n\n\n\n<p>Em pessoas com <b>diabetes tipo 2<\/b>, estudos indicam que o consumo regular da rom\u00e3 pode colaborar no controle da glicemia e na melhora da <b>sensibilidade \u00e0 insulina<\/b>. A combina\u00e7\u00e3o de <b>fibras<\/b>, taninos e antioxidantes parece tornar a absor\u00e7\u00e3o do a\u00e7\u00facar mais lenta e equilibrada, o que chama a aten\u00e7\u00e3o de profissionais de endocrinologia e nutri\u00e7\u00e3o.<\/p>\n\n\n\n<figure class=\"wp-block-image size-large\"><img loading=\"lazy\" decoding=\"async\" width=\"1024\" height=\"576\" src=\"https:\/\/www.em.com.br\/emfoco\/wp-content\/uploads\/2025\/12\/roma_1766772043029-1024x576.jpg\" alt=\"benef\u00edcios da rom\u00e3\" class=\"wp-image-146597\" srcset=\"https:\/\/www.em.com.br\/emfoco\/wp-content\/uploads\/2025\/12\/roma_1766772043029-1024x576.jpg 1024w, https:\/\/www.em.com.br\/emfoco\/wp-content\/uploads\/2025\/12\/roma_1766772043029-300x169.jpg 300w, https:\/\/www.em.com.br\/emfoco\/wp-content\/uploads\/2025\/12\/roma_1766772043029-768x432.jpg 768w, https:\/\/www.em.com.br\/emfoco\/wp-content\/uploads\/2025\/12\/roma_1766772043029-750x422.jpg 750w, https:\/\/www.em.com.br\/emfoco\/wp-content\/uploads\/2025\/12\/roma_1766772043029-1140x641.jpg 1140w, https:\/\/www.em.com.br\/emfoco\/wp-content\/uploads\/2025\/12\/roma_1766772043029.jpg 1280w\" sizes=\"auto, (max-width: 1024px) 100vw, 1024px\" \/><figcaption class=\"wp-element-caption\">Incorporar os benef\u00edcios da rom\u00e3 na rotina alimentar \u00e9 mais f\u00e1cil do que parece &#8211; Cr\u00e9ditos: depositphotos.com \/ sedneva<\/figcaption><\/figure>\n\n\n\n<p>Leia tamb\u00e9m:&nbsp;<a href=\"https:\/\/www.em.com.br\/emfoco\/2026\/01\/22\/erva-que-protege-o-figado-e-cicatriza-o-estomago-ganha-destaque-na-fitoterapia-e-reforca-tradicao-indigena\/\" target=\"_blank\" rel=\"noopener\">Erva que protege o f\u00edgado e cicatriza o est\u00f4mago ganha destaque na fitoterapia e refor\u00e7a tradi\u00e7\u00e3o ind\u00edgena<\/a><\/p>\n\n\n\n<h2 class=\"wp-block-heading\">Como a rom\u00e3 pode ajudar na glicemia e na inflama\u00e7\u00e3o do corpo<\/h2>\n\n\n\n<p>A a\u00e7\u00e3o da rom\u00e3 no <b>diabetes<\/b> e nas inflama\u00e7\u00f5es cr\u00f4nicas \u00e9 resultado de v\u00e1rios mecanismos que se somam. Seus <b>polifen\u00f3is<\/b> t\u00eam forte efeito antioxidante, ajudando a proteger as <b>c\u00e9lulas do p\u00e2ncreas<\/b> e a reduzir o estresse oxidativo, que est\u00e1 ligado \u00e0 resist\u00eancia \u00e0 insulina e ao desgaste do organismo.<\/p>\n\n\n\n<p>As <b>punicalaginas<\/b>, presentes principalmente na casca e no suco, tamb\u00e9m parecem atuar em vias inflamat\u00f3rias importantes, como a <b>NF-\u03baB<\/b>, envolvida na produ\u00e7\u00e3o de subst\u00e2ncias inflamat\u00f3rias. Pesquisas recentes sugerem ainda benef\u00edcios para quem tem <b>s\u00edndrome metab\u00f3lica<\/b>, gordura no f\u00edgado e risco cardiovascular aumentado.<\/p>\n\n\n\n<h2 class=\"wp-block-heading\">Quais benef\u00edcios da rom\u00e3 j\u00e1 foram observados em estudos<\/h2>\n\n\n\n<p>Alguns trabalhos cient\u00edficos, tanto em humanos quanto em modelos experimentais, v\u00eam mostrando que a inclus\u00e3o da rom\u00e3 na rotina pode ter efeitos interessantes na <b>sa\u00fade metab\u00f3lica<\/b>. Ainda n\u00e3o se fala em cura, mas em um <b>apoio importante<\/b> dentro de um cuidado mais amplo, especialmente quando combinada a um <b>estilo de vida saud\u00e1vel<\/b>.<\/p>\n\n\n\n<p>Entre os resultados observados com o consumo regular de rom\u00e3, destacam-se:<\/p>\n\n\n\n<ul class=\"wp-block-list\">\n<li><b>Melhora<\/b> de marcadores de resist\u00eancia \u00e0 insulina em pessoas com <b>s\u00edndrome metab\u00f3lica<\/b>;<\/li>\n\n\n\n<li>Redu\u00e7\u00e3o de <b>triglicer\u00eddeos<\/b> e melhora do perfil de gorduras no sangue em alguns grupos;<\/li>\n\n\n\n<li>Diminui\u00e7\u00e3o de subst\u00e2ncias <b>pr\u00f3-inflamat\u00f3rias<\/b> ligadas a doen\u00e7as cardiovasculares;<\/li>\n\n\n\n<li>Maior prote\u00e7\u00e3o dos <b>vasos sangu\u00edneos<\/b>, ajudando na sa\u00fade do cora\u00e7\u00e3o e da circula\u00e7\u00e3o.<\/li>\n<\/ul>\n\n\n\n<figure class=\"wp-block-embed is-type-rich is-provider-pinterest wp-block-embed-pinterest\"><div class=\"wp-block-embed__wrapper\">\n<iframe loading=\"lazy\" title=\"FRANCISCOMARCOSDOSSANTOS | Perfil social\" src=\"https:\/\/assets.pinterest.com\/ext\/embed.html?id=8725793025369290&#038;src=oembed\" height=\"775\" width=\"450\" frameborder=\"0\" scrolling=\"no\" ><\/iframe>\n<\/div><\/figure>\n\n\n\n<h2 class=\"wp-block-heading\">Como organizar o consumo de rom\u00e3 de forma segura e equilibrada<\/h2>\n\n\n\n<p>Para quem deseja usar a rom\u00e3 de maneira mais estruturada, especialmente em casos de <b>diabetes tipo 2<\/b>, \u00e9 fundamental ter <b>orienta\u00e7\u00e3o profissional<\/b>. Nutricionistas e m\u00e9dicos podem ajudar a definir por\u00e7\u00f5es, hor\u00e1rios e combina\u00e7\u00f5es ideais com outras refei\u00e7\u00f5es ao longo do dia, considerando o uso de <b>medica\u00e7\u00f5es<\/b> e metas de controle glic\u00eamico.<\/p>\n\n\n\n<p>Em geral, recomenda-se ajustar a <b>quantidade di\u00e1ria<\/b> de rom\u00e3 ao plano alimentar, evitar grandes volumes de suco de uma s\u00f3 vez, distribuir o consumo ao longo do dia e observar a <b>resposta da glicemia<\/b> capilar em quem faz monitoriza\u00e7\u00e3o frequente, adaptando se necess\u00e1rio. Em alguns casos, o registro em um <b>di\u00e1rio alimentar<\/b> pode ajudar a identificar a melhor forma de inseri-la.<\/p>\n\n\n\n<p>Para voc\u00ea que gosta de se cuidar, separamos um v\u00eddeo do canal do <a href=\"https:\/\/www.youtube.com\/@DrCharlesGenehr\" target=\"_blank\" rel=\"noreferrer noopener\">Dr. Charles Genehr &#8211; Medicina Integrativa<\/a> com dicas de consumo e os benef\u00edcios dessa fruta para o corpo:<\/p>\n\n\n\n<figure class=\"wp-block-embed is-type-video is-provider-youtube wp-block-embed-youtube wp-embed-aspect-16-9 wp-has-aspect-ratio\"><div class=\"wp-block-embed__wrapper\">\n<div class=\"jeg_video_container jeg_video_content\"><iframe loading=\"lazy\" title=\"ROM\u00c3 E SEUS POTENTES EFEITOS PARA A SA\u00daDE\" width=\"500\" height=\"281\" src=\"https:\/\/www.youtube.com\/embed\/a3BZGwYGZ8Y?feature=oembed\" frameborder=\"0\" allow=\"accelerometer; autoplay; clipboard-write; encrypted-media; gyroscope; picture-in-picture; web-share\" referrerpolicy=\"strict-origin-when-cross-origin\" allowfullscreen><\/iframe><\/div>\n<\/div><\/figure>\n\n\n\n<h2 class=\"wp-block-heading\">Quais cuidados e intera\u00e7\u00f5es devem ser considerados ao consumir rom\u00e3<\/h2>\n\n\n\n<p>Mesmo sendo uma fruta, a rom\u00e3 exige alguns <b>cuidados<\/b>. H\u00e1 relatos de poss\u00edvel intera\u00e7\u00e3o com <b>anticoagulantes<\/b> e outros medicamentos, principalmente quando se utilizam extratos concentrados ou grandes quantidades de suco. Por isso, quem faz uso cont\u00ednuo de rem\u00e9dios deve sempre conversar com o m\u00e9dico antes de aumentar muito o consumo.<\/p>\n\n\n\n<p>\u00c9 importante lembrar tamb\u00e9m que a rom\u00e3 cont\u00e9m <b>a\u00e7\u00facares naturais<\/b>. Em pessoas com diabetes, isso precisa ser levado em conta no c\u00e1lculo total de <b>carboidratos<\/b> do dia, considerando \u00edndice glic\u00eamico, por\u00e7\u00f5es e hor\u00e1rios de refei\u00e7\u00e3o. Inserida em uma alimenta\u00e7\u00e3o equilibrada, aliada \u00e0 <b>atividade f\u00edsica<\/b> regular e ao acompanhamento cl\u00ednico, a rom\u00e3 pode ser uma parceira de longo prazo no cuidado com o diabetes tipo 2 e com as inflama\u00e7\u00f5es cr\u00f4nicas, sem substituir <b>medicamentos<\/b> nem exames de rotina.<\/p>\n","protected":false},"excerpt":{"rendered":"<p>A rom\u00e3 possui antioxidantes que reduzem a inflama\u00e7\u00e3o e auxiliam no controle da glicemia no diabetes tipo 2. Seu consumo regular melhora a sensibilidade \u00e0 insulina e a sa\u00fade cardiovascular, sendo um suporte natural ao tratamento m\u00e9dico. Imagine descobrir que uma fruta simples, facilmente encontrada em feiras e mercados, pode se tornar uma forte aliada [&hellip;]<\/p>\n","protected":false},"author":9,"featured_media":150294,"comment_status":"open","ping_status":"open","sticky":false,"template":"","format":"standard","meta":{"jnews-multi-image_gallery":[],"jnews_single_post":{"format":"standard"},"jnews_primary_category":[],"jnews_social_meta":[],"jnews_override_counter":[],"footnotes":""},"categories":[8691,8819,1],"tags":[22121,3506,6315],"class_list":["post-160018","post","type-post","status-publish","format-standard","has-post-thumbnail","hentry","category-bem-estar","category-curiosidades","category-noticias","tag-auto-cuidado","tag-diabetes","tag-inflamacao"],"yoast_head":"<!-- This site is optimized with the Yoast SEO plugin v23.8 - https:\/\/yoast.com\/wordpress\/plugins\/seo\/ -->\n<title>Como um alimento simples pode apoiar a sa\u00fade do cora\u00e7\u00e3o e diabetes tipo 2 - Estado de Minas - Em foco<\/title>\n<meta name=\"description\" content=\"Controle o diabetes e reduza inflama\u00e7\u00f5es com a rom\u00e3. Descubra como seus antioxidantes melhoram a glicemia e protegem o cora\u00e7\u00e3o.\" \/>\n<meta name=\"robots\" content=\"index, follow, max-snippet:-1, max-image-preview:large, max-video-preview:-1\" \/>\n<link rel=\"canonical\" href=\"https:\/\/www.em.com.br\/emfoco\/2026\/01\/27\/como-um-alimento-simples-pode-apoiar-a-saude-do-coracao-e-diabetes-tipo-2\/\" \/>\n<meta property=\"og:locale\" content=\"pt_BR\" \/>\n<meta property=\"og:type\" content=\"article\" \/>\n<meta property=\"og:title\" content=\"Como um alimento simples pode apoiar a sa\u00fade do cora\u00e7\u00e3o e diabetes tipo 2 - Estado de Minas - Em foco\" \/>\n<meta property=\"og:description\" content=\"Controle o diabetes e reduza inflama\u00e7\u00f5es com a rom\u00e3. Descubra como seus antioxidantes melhoram a glicemia e protegem o cora\u00e7\u00e3o.\" \/>\n<meta property=\"og:url\" content=\"https:\/\/www.em.com.br\/emfoco\/2026\/01\/27\/como-um-alimento-simples-pode-apoiar-a-saude-do-coracao-e-diabetes-tipo-2\/\" \/>\n<meta property=\"og:site_name\" content=\"Estado de Minas - Em foco\" \/>\n<meta property=\"article:published_time\" content=\"2026-01-27T15:05:51+00:00\" \/>\n<meta property=\"article:modified_time\" content=\"2026-01-26T17:35:10+00:00\" \/>\n<meta property=\"og:image\" content=\"https:\/\/www.em.com.br\/emfoco\/wp-content\/uploads\/2026\/01\/unnamed-26-1.jpg\" \/>\n\t<meta property=\"og:image:width\" content=\"1280\" \/>\n\t<meta property=\"og:image:height\" content=\"720\" \/>\n\t<meta property=\"og:image:type\" content=\"image\/jpeg\" \/>\n<meta name=\"author\" content=\"Daniely Cardoso\" \/>\n<meta name=\"twitter:card\" content=\"summary_large_image\" \/>\n<meta name=\"twitter:label1\" content=\"Escrito por\" \/>\n\t<meta name=\"twitter:data1\" content=\"Daniely Cardoso\" \/>\n\t<meta name=\"twitter:label2\" content=\"Est. tempo de leitura\" \/>\n\t<meta name=\"twitter:data2\" content=\"5 minutos\" \/>\n<!-- \/ Yoast SEO plugin. -->","yoast_head_json":{"title":"Como um alimento simples pode apoiar a sa\u00fade do cora\u00e7\u00e3o e diabetes tipo 2 - Estado de Minas - Em foco","description":"Controle o diabetes e reduza inflama\u00e7\u00f5es com a rom\u00e3. Descubra como seus antioxidantes melhoram a glicemia e protegem o cora\u00e7\u00e3o.","robots":{"index":"index","follow":"follow","max-snippet":"max-snippet:-1","max-image-preview":"max-image-preview:large","max-video-preview":"max-video-preview:-1"},"canonical":"https:\/\/www.em.com.br\/emfoco\/2026\/01\/27\/como-um-alimento-simples-pode-apoiar-a-saude-do-coracao-e-diabetes-tipo-2\/","og_locale":"pt_BR","og_type":"article","og_title":"Como um alimento simples pode apoiar a sa\u00fade do cora\u00e7\u00e3o e diabetes tipo 2 - Estado de Minas - Em foco","og_description":"Controle o diabetes e reduza inflama\u00e7\u00f5es com a rom\u00e3. Descubra como seus antioxidantes melhoram a glicemia e protegem o cora\u00e7\u00e3o.","og_url":"https:\/\/www.em.com.br\/emfoco\/2026\/01\/27\/como-um-alimento-simples-pode-apoiar-a-saude-do-coracao-e-diabetes-tipo-2\/","og_site_name":"Estado de Minas - Em foco","article_published_time":"2026-01-27T15:05:51+00:00","article_modified_time":"2026-01-26T17:35:10+00:00","og_image":[{"width":1280,"height":720,"url":"https:\/\/www.em.com.br\/emfoco\/wp-content\/uploads\/2026\/01\/unnamed-26-1.jpg","type":"image\/jpeg"}],"author":"Daniely Cardoso","twitter_card":"summary_large_image","twitter_misc":{"Escrito por":"Daniely Cardoso","Est. tempo de leitura":"5 minutos"},"schema":{"@context":"https:\/\/schema.org","@graph":[{"@type":"WebPage","@id":"https:\/\/www.em.com.br\/emfoco\/2026\/01\/27\/como-um-alimento-simples-pode-apoiar-a-saude-do-coracao-e-diabetes-tipo-2\/","url":"https:\/\/www.em.com.br\/emfoco\/2026\/01\/27\/como-um-alimento-simples-pode-apoiar-a-saude-do-coracao-e-diabetes-tipo-2\/","name":"Como um alimento simples pode apoiar a sa\u00fade do cora\u00e7\u00e3o e diabetes tipo 2 - Estado de Minas - Em foco","isPartOf":{"@id":"https:\/\/www.em.com.br\/emfoco\/#website"},"primaryImageOfPage":{"@id":"https:\/\/www.em.com.br\/emfoco\/2026\/01\/27\/como-um-alimento-simples-pode-apoiar-a-saude-do-coracao-e-diabetes-tipo-2\/#primaryimage"},"image":{"@id":"https:\/\/www.em.com.br\/emfoco\/2026\/01\/27\/como-um-alimento-simples-pode-apoiar-a-saude-do-coracao-e-diabetes-tipo-2\/#primaryimage"},"thumbnailUrl":"https:\/\/www.em.com.br\/emfoco\/wp-content\/uploads\/2026\/01\/unnamed-26-1.jpg","datePublished":"2026-01-27T15:05:51+00:00","dateModified":"2026-01-26T17:35:10+00:00","author":{"@id":"https:\/\/www.em.com.br\/emfoco\/#\/schema\/person\/0a8186d72f2c3a5c6276d90b41f271a0"},"description":"Controle o diabetes e reduza inflama\u00e7\u00f5es com a rom\u00e3. Descubra como seus antioxidantes melhoram a glicemia e protegem o cora\u00e7\u00e3o.","breadcrumb":{"@id":"https:\/\/www.em.com.br\/emfoco\/2026\/01\/27\/como-um-alimento-simples-pode-apoiar-a-saude-do-coracao-e-diabetes-tipo-2\/#breadcrumb"},"inLanguage":"pt-BR","potentialAction":[{"@type":"ReadAction","target":["https:\/\/www.em.com.br\/emfoco\/2026\/01\/27\/como-um-alimento-simples-pode-apoiar-a-saude-do-coracao-e-diabetes-tipo-2\/"]}]},{"@type":"ImageObject","inLanguage":"pt-BR","@id":"https:\/\/www.em.com.br\/emfoco\/2026\/01\/27\/como-um-alimento-simples-pode-apoiar-a-saude-do-coracao-e-diabetes-tipo-2\/#primaryimage","url":"https:\/\/www.em.com.br\/emfoco\/wp-content\/uploads\/2026\/01\/unnamed-26-1.jpg","contentUrl":"https:\/\/www.em.com.br\/emfoco\/wp-content\/uploads\/2026\/01\/unnamed-26-1.jpg","width":1280,"height":720,"caption":"A rom\u00e3 costuma aparecer entre as mais citadas quando se fala em prote\u00e7\u00e3o metab\u00f3lica"},{"@type":"BreadcrumbList","@id":"https:\/\/www.em.com.br\/emfoco\/2026\/01\/27\/como-um-alimento-simples-pode-apoiar-a-saude-do-coracao-e-diabetes-tipo-2\/#breadcrumb","itemListElement":[{"@type":"ListItem","position":1,"name":"In\u00edcio","item":"https:\/\/www.em.com.br\/emfoco\/"},{"@type":"ListItem","position":2,"name":"Como um alimento simples pode apoiar a sa\u00fade do cora\u00e7\u00e3o e diabetes tipo 2"}]},{"@type":"WebSite","@id":"https:\/\/www.em.com.br\/emfoco\/#website","url":"https:\/\/www.em.com.br\/emfoco\/","name":"Estado de Minas - Em foco","description":"Acompanhe as \u00faltimas not\u00edcias e fique bem informado sobre tudo o que acontece em Minas Gerais, Brasil e no mundo.","potentialAction":[{"@type":"SearchAction","target":{"@type":"EntryPoint","urlTemplate":"https:\/\/www.em.com.br\/emfoco\/?s={search_term_string}"},"query-input":{"@type":"PropertyValueSpecification","valueRequired":true,"valueName":"search_term_string"}}],"inLanguage":"pt-BR"},{"@type":"Person","@id":"https:\/\/www.em.com.br\/emfoco\/#\/schema\/person\/0a8186d72f2c3a5c6276d90b41f271a0","name":"Daniely Cardoso","image":{"@type":"ImageObject","inLanguage":"pt-BR","@id":"https:\/\/www.em.com.br\/emfoco\/#\/schema\/person\/image\/","url":"https:\/\/secure.gravatar.com\/avatar\/4b80ddbd124d1f071b626d52d62e5dff?s=96&d=mm&r=g","contentUrl":"https:\/\/secure.gravatar.com\/avatar\/4b80ddbd124d1f071b626d52d62e5dff?s=96&d=mm&r=g","caption":"Daniely Cardoso"},"url":"https:\/\/www.em.com.br\/emfoco\/author\/danielymyth\/"}]}},"_links":{"self":[{"href":"https:\/\/www.em.com.br\/emfoco\/wp-json\/wp\/v2\/posts\/160018","targetHints":{"allow":["GET"]}}],"collection":[{"href":"https:\/\/www.em.com.br\/emfoco\/wp-json\/wp\/v2\/posts"}],"about":[{"href":"https:\/\/www.em.com.br\/emfoco\/wp-json\/wp\/v2\/types\/post"}],"author":[{"embeddable":true,"href":"https:\/\/www.em.com.br\/emfoco\/wp-json\/wp\/v2\/users\/9"}],"replies":[{"embeddable":true,"href":"https:\/\/www.em.com.br\/emfoco\/wp-json\/wp\/v2\/comments?post=160018"}],"version-history":[{"count":3,"href":"https:\/\/www.em.com.br\/emfoco\/wp-json\/wp\/v2\/posts\/160018\/revisions"}],"predecessor-version":[{"id":160296,"href":"https:\/\/www.em.com.br\/emfoco\/wp-json\/wp\/v2\/posts\/160018\/revisions\/160296"}],"wp:featuredmedia":[{"embeddable":true,"href":"https:\/\/www.em.com.br\/emfoco\/wp-json\/wp\/v2\/media\/150294"}],"wp:attachment":[{"href":"https:\/\/www.em.com.br\/emfoco\/wp-json\/wp\/v2\/media?parent=160018"}],"wp:term":[{"taxonomy":"category","embeddable":true,"href":"https:\/\/www.em.com.br\/emfoco\/wp-json\/wp\/v2\/categories?post=160018"},{"taxonomy":"post_tag","embeddable":true,"href":"https:\/\/www.em.com.br\/emfoco\/wp-json\/wp\/v2\/tags?post=160018"}],"curies":[{"name":"wp","href":"https:\/\/api.w.org\/{rel}","templated":true}]}}