{"id":160015,"date":"2026-01-27T08:15:37","date_gmt":"2026-01-27T11:15:37","guid":{"rendered":"https:\/\/www.em.com.br\/emfoco\/?p=160015"},"modified":"2026-01-26T14:27:54","modified_gmt":"2026-01-26T17:27:54","slug":"artesanal-e-chique-por-que-o-biquini-de-croche-e-o-hit-de-2026","status":"publish","type":"post","link":"https:\/\/www.em.com.br\/emfoco\/2026\/01\/27\/artesanal-e-chique-por-que-o-biquini-de-croche-e-o-hit-de-2026\/","title":{"rendered":"Artesanal e chique: por que o biqu\u00edni de croch\u00ea \u00e9 o hit de 2026"},"content":{"rendered":"\n<h2 class=\"wp-block-heading\">Os biqu\u00ednis de croch\u00ea em 2026 destacam-se pela exclusividade e pelo toque artesanal. Modelos como cortininha e hot pants ganham cores vibrantes e fios tecnol\u00f3gicos que secam r\u00e1pido, unindo a est\u00e9tica retr\u00f4 ao conforto necess\u00e1rio para o banho de mar.<\/h2>\n\n\n\n<p><b>Voc\u00ea j\u00e1 reparou<\/b> como, de uns ver\u00f5es para c\u00e1, os <b>biqu\u00ednis de croch\u00ea<\/b> come\u00e7aram a aparecer em praticamente toda praia e feed de Instagram? A mistura de <b>trabalho manual<\/b>, pegada retr\u00f4 e estilo \u00fanico transformou essa pe\u00e7a em desejo de muita gente. Para 2026, a expectativa \u00e9 que essa <b>moda praia artesanal<\/b> ganhe ainda mais for\u00e7a, com novas cores, formatos e jeitos de produzir.<\/p>\n\n\n\n<h2 class=\"wp-block-heading\">Por que os biqu\u00ednis de croch\u00ea devem bombar em 2026<\/h2>\n\n\n\n<p>Em um cen\u00e1rio de <b>produ\u00e7\u00e3o em massa<\/b>, cresce o interesse por pe\u00e7as \u00fanicas, mais humanas e com hist\u00f3ria. Em 2026, o croch\u00ea deve aparecer n\u00e3o s\u00f3 em biqu\u00ednis, mas tamb\u00e9m em <b>sa\u00eddas de praia<\/b>, tops, vestidos leves e conjuntos completos.<\/p>\n\n\n\n<p>O crescimento das <b>redes sociais<\/b> e do <b>com\u00e9rcio online<\/b> ajudou artes\u00e3s e pequenas marcas a mostrarem seu trabalho para o mundo. Cole\u00e7\u00f5es exclusivas, <b>pe\u00e7as sob medida<\/b> e atendimento direto com quem produz tornaram o biqu\u00edni de croch\u00ea ainda mais desejado, especialmente por quem valoriza autenticidade e ajustes personalizados no caimento.<\/p>\n\n\n\n<figure class=\"wp-block-embed is-type-rich is-provider-pinterest wp-block-embed-pinterest\"><div class=\"wp-block-embed__wrapper\">\n<iframe loading=\"lazy\" title=\"Vestido &quot;Carlotta&quot; pattern by Alondra Gavidia\" src=\"https:\/\/assets.pinterest.com\/ext\/embed.html?id=1688918604635160&#038;src=oembed\" height=\"899\" width=\"450\" frameborder=\"0\" scrolling=\"no\" ><\/iframe>\n<\/div><\/figure>\n\n\n\n<p>Leia tamb\u00e9m:&nbsp;<a href=\"https:\/\/www.em.com.br\/emfoco\/2026\/01\/25\/os-modelos-de-biquini-mais-confortaveis-para-quem-tem-seios-grandes\/\" target=\"_blank\" rel=\"noopener\">Os modelos de biqu\u00edni mais confort\u00e1veis para quem tem seios grandes<\/a><\/p>\n\n\n\n<h2 class=\"wp-block-heading\">Quais modelos de biqu\u00edni de croch\u00ea v\u00e3o aparecer com mais for\u00e7a<\/h2>\n\n\n\n<p>Na hora de escolher um <b>biqu\u00edni de croch\u00ea<\/b>, a variedade de modelos \u00e9 um dos grandes atrativos. Do <b>cortininha cl\u00e1ssico<\/b> ao hot pant retr\u00f4, \u00e9 f\u00e1cil encontrar uma modelagem que combine com o seu estilo e tipo de corpo. Al\u00e9m disso, o croch\u00ea permite brincar com <b>texturas diferentes<\/b>, pontos variados e detalhes feitos totalmente \u00e0 m\u00e3o.<\/p>\n\n\n\n<ul class=\"wp-block-list\">\n<li><b>Cortininha cl\u00e1ssico:<\/b> modelo triangular, com amarra\u00e7\u00f5es no pesco\u00e7o e nas costas, ajust\u00e1vel no <b>busto<\/b>.<\/li>\n\n\n\n<li><b>Top faixa ou tomara que caia:<\/b> op\u00e7\u00e3o sem al\u00e7a, \u00f3tima para quem quer marcar menos as <b>linhas na pele<\/b>.<\/li>\n\n\n\n<li><b>Hot pant de croch\u00ea:<\/b> calcinha de cintura alta, com inspira\u00e7\u00e3o retr\u00f4 e <b>maior cobertura<\/b>.<\/li>\n\n\n\n<li><b>Conjuntos com bojo ou forro:<\/b> garantem mais <b>firmeza<\/b>, seguran\u00e7a e conforto durante o uso.<\/li>\n\n\n\n<li><b>Modelos com amarra\u00e7\u00e3o lateral:<\/b> permitem ajustar <b>cintura e quadril<\/b> com mais precis\u00e3o.<\/li>\n<\/ul>\n\n\n\n<figure class=\"wp-block-embed is-type-rich is-provider-pinterest wp-block-embed-pinterest\"><div class=\"wp-block-embed__wrapper\">\n<iframe loading=\"lazy\" title=\" \" src=\"https:\/\/assets.pinterest.com\/ext\/embed.html?id=36943659439394106&#038;src=oembed\" height=\"652\" width=\"450\" frameborder=\"0\" scrolling=\"no\" ><\/iframe>\n<\/div><\/figure>\n\n\n\n<h2 class=\"wp-block-heading\">Como as cores e detalhes deixam o biqu\u00edni de croch\u00ea ainda mais especial<\/h2>\n\n\n\n<p>Al\u00e9m da modelagem, as <b>cores<\/b> e acabamentos fazem toda a diferen\u00e7a no visual. Tons terrosos como <b>bege<\/b>, marrom e tijolo seguem fortes, principalmente para quem gosta de um estilo mais natural e elegante. J\u00e1 laranja, <b>verde-lim\u00e3o<\/b> e rosa-choque conquistam quem prefere um look vibrante e cheio de energia.<\/p>\n\n\n\n<p>Detalhes como <b>franjas<\/b>, flores em 3D, argolas, la\u00e7os e misturas de cores em degrad\u00ea ou listras tornam cada pe\u00e7a praticamente \u00fanica. Muitas artes\u00e3s tamb\u00e9m criam <b>cole\u00e7\u00f5es tem\u00e1ticas<\/b>, inspiradas em praias famosas, tend\u00eancias de passarela ou at\u00e9 pedidos especiais de clientes, o que refor\u00e7a o lado autoral dos biqu\u00ednis de croch\u00ea.<\/p>\n\n\n\n<figure class=\"wp-block-embed is-type-rich is-provider-pinterest wp-block-embed-pinterest\"><div class=\"wp-block-embed__wrapper\">\n<iframe loading=\"lazy\" title=\"Vem ter uma renda extra voc\u00ea tambem amana!!\" src=\"https:\/\/assets.pinterest.com\/ext\/embed.html?id=6051780744405037&#038;src=oembed\" height=\"899\" width=\"450\" frameborder=\"0\" scrolling=\"no\" ><\/iframe>\n<\/div><\/figure>\n\n\n\n<h2 class=\"wp-block-heading\">Quais detalhes observar no biqu\u00edni de croch\u00ea antes de comprar<\/h2>\n\n\n\n<p>Na hora da compra, alguns detalhes simples ajudam a entender se a pe\u00e7a foi feita com <b>cuidado<\/b>. Observar os pontos, testar a elasticidade das al\u00e7as e conferir o <b>forro<\/b> s\u00e3o atitudes r\u00e1pidas que podem evitar desconfortos e surpresas na primeira ida \u00e0 praia.<\/p>\n\n\n\n<p>Vale a pena olhar com aten\u00e7\u00e3o para:<\/p>\n\n\n\n<ol class=\"wp-block-list\">\n<li><b>Regularidade dos pontos:<\/b> mostra capricho e <b>t\u00e9cnica<\/b> na execu\u00e7\u00e3o do croch\u00ea.<\/li>\n\n\n\n<li><b>Forro bem fixado:<\/b> garante sustenta\u00e7\u00e3o e evita <b>transpar\u00eancias<\/b> indesejadas.<\/li>\n\n\n\n<li><b>Elasticidade nas al\u00e7as:<\/b> ajuda a n\u00e3o marcar demais a <b>pele<\/b> e melhora o conforto.<\/li>\n\n\n\n<li><b>Firmeza das amarra\u00e7\u00f5es:<\/b> essencial para o biqu\u00edni ficar est\u00e1vel durante o <b>uso<\/b>.<\/li>\n<\/ol>\n\n\n\n<p>Para voc\u00ea que quer aprofundar, separamos um v\u00eddeo do canal<a href=\"https:\/\/www.youtube.com\/@ateliedajocroche\" target=\"_blank\" rel=\"noreferrer noopener\"> Ateli\u00ea da J\u00f4<\/a> com dicas para fazer um biqu\u00edni r\u00e1pido e facil:<\/p>\n\n\n\n<figure class=\"wp-block-embed is-type-video is-provider-youtube wp-block-embed-youtube wp-embed-aspect-16-9 wp-has-aspect-ratio\"><div class=\"wp-block-embed__wrapper\">\n<div class=\"jeg_video_container jeg_video_content\"><iframe loading=\"lazy\" title=\"Biquini Simples no croch\u00ea\/ Biqu\u00edni croch\u00ea\/ Com instru\u00e7\u00f5es para P M e G\" width=\"500\" height=\"281\" src=\"https:\/\/www.youtube.com\/embed\/km8-fDbh5vk?feature=oembed\" frameborder=\"0\" allow=\"accelerometer; autoplay; clipboard-write; encrypted-media; gyroscope; picture-in-picture; web-share\" referrerpolicy=\"strict-origin-when-cross-origin\" allowfullscreen><\/iframe><\/div>\n<\/div><\/figure>\n\n\n\n<h2 class=\"wp-block-heading\">Como os biqu\u00ednis de croch\u00ea valorizam o trabalho artesanal<\/h2>\n\n\n\n<p>Por tr\u00e1s de cada <b>biqu\u00edni de croch\u00ea<\/b> existe algu\u00e9m que passou horas criando pontos, combinando <b>cores<\/b> e ajustando detalhes \u00e0 m\u00e3o. Muitas pe\u00e7as s\u00e3o produzidas por artes\u00e3s aut\u00f4nomas, cooperativas ou <b>pequenas confec\u00e7\u00f5es<\/b>, o que cria uma rela\u00e7\u00e3o mais pr\u00f3xima entre quem faz e quem usa. Isso facilita pedidos sob medida, ajustes espec\u00edficos e at\u00e9 pequenas mudan\u00e7as em modelos j\u00e1 existentes.<\/p>\n\n\n\n<p>Com a ajuda das <b>redes sociais<\/b>, essas criadoras conseguem mostrar bastidores de produ\u00e7\u00e3o, fotos de <b>clientes reais<\/b> e jeitos diferentes de combinar os conjuntos de praia. Assim, o croch\u00ea deixa de ser visto apenas em mantas e pe\u00e7as de inverno e ganha protagonismo na <b>moda praia<\/b>. Em 2026, os biqu\u00ednis de croch\u00ea prometem continuar em alta, unindo estilo, personaliza\u00e7\u00e3o e a valoriza\u00e7\u00e3o do <b>artesanato<\/b> em cada ponto.<\/p>\n","protected":false},"excerpt":{"rendered":"<p>Os biqu\u00ednis de croch\u00ea em 2026 destacam-se pela exclusividade e pelo toque artesanal. Modelos como cortininha e hot pants ganham cores vibrantes e fios tecnol\u00f3gicos que secam r\u00e1pido, unindo a est\u00e9tica retr\u00f4 ao conforto necess\u00e1rio para o banho de mar. Voc\u00ea j\u00e1 reparou como, de uns ver\u00f5es para c\u00e1, os biqu\u00ednis de croch\u00ea come\u00e7aram a [&hellip;]<\/p>\n","protected":false},"author":9,"featured_media":160064,"comment_status":"open","ping_status":"open","sticky":false,"template":"","format":"standard","meta":{"jnews-multi-image_gallery":[],"jnews_single_post":{"format":"standard"},"jnews_primary_category":[],"jnews_social_meta":[],"jnews_override_counter":[],"footnotes":""},"categories":[8691,8819,1],"tags":[2616,23397,391],"class_list":["post-160015","post","type-post","status-publish","format-standard","has-post-thumbnail","hentry","category-bem-estar","category-curiosidades","category-noticias","tag-beleza","tag-biquinis-croche","tag-praia"],"yoast_head":"<!-- This site is optimized with the Yoast SEO plugin v23.8 - https:\/\/yoast.com\/wordpress\/plugins\/seo\/ -->\n<title>Artesanal e chique: por que o biqu\u00edni de croch\u00ea \u00e9 o hit de 2026 - Estado de Minas - Em foco<\/title>\n<meta name=\"description\" content=\"Arrase com biqu\u00ednis de croch\u00ea em 2026. Veja modelos, cores e dicas para escolher pe\u00e7as artesanais que unem estilo, conforto e exclusividade.\" \/>\n<meta name=\"robots\" content=\"index, follow, max-snippet:-1, max-image-preview:large, max-video-preview:-1\" \/>\n<link rel=\"canonical\" href=\"https:\/\/www.em.com.br\/emfoco\/2026\/01\/27\/artesanal-e-chique-por-que-o-biquini-de-croche-e-o-hit-de-2026\/\" \/>\n<meta property=\"og:locale\" content=\"pt_BR\" \/>\n<meta property=\"og:type\" content=\"article\" \/>\n<meta property=\"og:title\" content=\"Artesanal e chique: por que o biqu\u00edni de croch\u00ea \u00e9 o hit de 2026 - Estado de Minas - Em foco\" \/>\n<meta property=\"og:description\" content=\"Arrase com biqu\u00ednis de croch\u00ea em 2026. Veja modelos, cores e dicas para escolher pe\u00e7as artesanais que unem estilo, conforto e exclusividade.\" \/>\n<meta property=\"og:url\" content=\"https:\/\/www.em.com.br\/emfoco\/2026\/01\/27\/artesanal-e-chique-por-que-o-biquini-de-croche-e-o-hit-de-2026\/\" \/>\n<meta property=\"og:site_name\" content=\"Estado de Minas - Em foco\" \/>\n<meta property=\"article:published_time\" content=\"2026-01-27T11:15:37+00:00\" \/>\n<meta property=\"article:modified_time\" content=\"2026-01-26T17:27:54+00:00\" \/>\n<meta property=\"og:image\" content=\"https:\/\/www.em.com.br\/emfoco\/wp-content\/uploads\/2026\/01\/Gemini_Generated_Image_g69xcqg69xcqg69x-2.png\" \/>\n\t<meta property=\"og:image:width\" content=\"1280\" \/>\n\t<meta property=\"og:image:height\" content=\"720\" \/>\n\t<meta property=\"og:image:type\" content=\"image\/png\" \/>\n<meta name=\"author\" content=\"Daniely Cardoso\" \/>\n<meta name=\"twitter:card\" content=\"summary_large_image\" \/>\n<meta name=\"twitter:label1\" content=\"Escrito por\" \/>\n\t<meta name=\"twitter:data1\" content=\"Daniely Cardoso\" \/>\n\t<meta name=\"twitter:label2\" content=\"Est. tempo de leitura\" \/>\n\t<meta name=\"twitter:data2\" content=\"5 minutos\" \/>\n<!-- \/ Yoast SEO plugin. -->","yoast_head_json":{"title":"Artesanal e chique: por que o biqu\u00edni de croch\u00ea \u00e9 o hit de 2026 - Estado de Minas - Em foco","description":"Arrase com biqu\u00ednis de croch\u00ea em 2026. Veja modelos, cores e dicas para escolher pe\u00e7as artesanais que unem estilo, conforto e exclusividade.","robots":{"index":"index","follow":"follow","max-snippet":"max-snippet:-1","max-image-preview":"max-image-preview:large","max-video-preview":"max-video-preview:-1"},"canonical":"https:\/\/www.em.com.br\/emfoco\/2026\/01\/27\/artesanal-e-chique-por-que-o-biquini-de-croche-e-o-hit-de-2026\/","og_locale":"pt_BR","og_type":"article","og_title":"Artesanal e chique: por que o biqu\u00edni de croch\u00ea \u00e9 o hit de 2026 - Estado de Minas - Em foco","og_description":"Arrase com biqu\u00ednis de croch\u00ea em 2026. Veja modelos, cores e dicas para escolher pe\u00e7as artesanais que unem estilo, conforto e exclusividade.","og_url":"https:\/\/www.em.com.br\/emfoco\/2026\/01\/27\/artesanal-e-chique-por-que-o-biquini-de-croche-e-o-hit-de-2026\/","og_site_name":"Estado de Minas - Em foco","article_published_time":"2026-01-27T11:15:37+00:00","article_modified_time":"2026-01-26T17:27:54+00:00","og_image":[{"width":1280,"height":720,"url":"https:\/\/www.em.com.br\/emfoco\/wp-content\/uploads\/2026\/01\/Gemini_Generated_Image_g69xcqg69xcqg69x-2.png","type":"image\/png"}],"author":"Daniely Cardoso","twitter_card":"summary_large_image","twitter_misc":{"Escrito por":"Daniely Cardoso","Est. tempo de leitura":"5 minutos"},"schema":{"@context":"https:\/\/schema.org","@graph":[{"@type":"WebPage","@id":"https:\/\/www.em.com.br\/emfoco\/2026\/01\/27\/artesanal-e-chique-por-que-o-biquini-de-croche-e-o-hit-de-2026\/","url":"https:\/\/www.em.com.br\/emfoco\/2026\/01\/27\/artesanal-e-chique-por-que-o-biquini-de-croche-e-o-hit-de-2026\/","name":"Artesanal e chique: por que o biqu\u00edni de croch\u00ea \u00e9 o hit de 2026 - Estado de Minas - Em foco","isPartOf":{"@id":"https:\/\/www.em.com.br\/emfoco\/#website"},"primaryImageOfPage":{"@id":"https:\/\/www.em.com.br\/emfoco\/2026\/01\/27\/artesanal-e-chique-por-que-o-biquini-de-croche-e-o-hit-de-2026\/#primaryimage"},"image":{"@id":"https:\/\/www.em.com.br\/emfoco\/2026\/01\/27\/artesanal-e-chique-por-que-o-biquini-de-croche-e-o-hit-de-2026\/#primaryimage"},"thumbnailUrl":"https:\/\/www.em.com.br\/emfoco\/wp-content\/uploads\/2026\/01\/Gemini_Generated_Image_g69xcqg69xcqg69x-2.png","datePublished":"2026-01-27T11:15:37+00:00","dateModified":"2026-01-26T17:27:54+00:00","author":{"@id":"https:\/\/www.em.com.br\/emfoco\/#\/schema\/person\/0a8186d72f2c3a5c6276d90b41f271a0"},"description":"Arrase com biqu\u00ednis de croch\u00ea em 2026. Veja modelos, cores e dicas para escolher pe\u00e7as artesanais que unem estilo, conforto e exclusividade.","breadcrumb":{"@id":"https:\/\/www.em.com.br\/emfoco\/2026\/01\/27\/artesanal-e-chique-por-que-o-biquini-de-croche-e-o-hit-de-2026\/#breadcrumb"},"inLanguage":"pt-BR","potentialAction":[{"@type":"ReadAction","target":["https:\/\/www.em.com.br\/emfoco\/2026\/01\/27\/artesanal-e-chique-por-que-o-biquini-de-croche-e-o-hit-de-2026\/"]}]},{"@type":"ImageObject","inLanguage":"pt-BR","@id":"https:\/\/www.em.com.br\/emfoco\/2026\/01\/27\/artesanal-e-chique-por-que-o-biquini-de-croche-e-o-hit-de-2026\/#primaryimage","url":"https:\/\/www.em.com.br\/emfoco\/wp-content\/uploads\/2026\/01\/Gemini_Generated_Image_g69xcqg69xcqg69x-2.png","contentUrl":"https:\/\/www.em.com.br\/emfoco\/wp-content\/uploads\/2026\/01\/Gemini_Generated_Image_g69xcqg69xcqg69x-2.png","width":1280,"height":720,"caption":"A palavra-chave dessa tend\u00eancia \u00e9 biqu\u00ednis de croch\u00ea, ligada \u00e0 ideia de moda praia feita \u00e0 m\u00e3o, com carinho e aten\u00e7\u00e3o aos detalhes"},{"@type":"BreadcrumbList","@id":"https:\/\/www.em.com.br\/emfoco\/2026\/01\/27\/artesanal-e-chique-por-que-o-biquini-de-croche-e-o-hit-de-2026\/#breadcrumb","itemListElement":[{"@type":"ListItem","position":1,"name":"In\u00edcio","item":"https:\/\/www.em.com.br\/emfoco\/"},{"@type":"ListItem","position":2,"name":"Artesanal e chique: por que o biqu\u00edni de croch\u00ea \u00e9 o hit de 2026"}]},{"@type":"WebSite","@id":"https:\/\/www.em.com.br\/emfoco\/#website","url":"https:\/\/www.em.com.br\/emfoco\/","name":"Estado de Minas - Em foco","description":"Acompanhe as \u00faltimas not\u00edcias e fique bem informado sobre tudo o que acontece em Minas Gerais, Brasil e no mundo.","potentialAction":[{"@type":"SearchAction","target":{"@type":"EntryPoint","urlTemplate":"https:\/\/www.em.com.br\/emfoco\/?s={search_term_string}"},"query-input":{"@type":"PropertyValueSpecification","valueRequired":true,"valueName":"search_term_string"}}],"inLanguage":"pt-BR"},{"@type":"Person","@id":"https:\/\/www.em.com.br\/emfoco\/#\/schema\/person\/0a8186d72f2c3a5c6276d90b41f271a0","name":"Daniely Cardoso","image":{"@type":"ImageObject","inLanguage":"pt-BR","@id":"https:\/\/www.em.com.br\/emfoco\/#\/schema\/person\/image\/","url":"https:\/\/secure.gravatar.com\/avatar\/4b80ddbd124d1f071b626d52d62e5dff?s=96&d=mm&r=g","contentUrl":"https:\/\/secure.gravatar.com\/avatar\/4b80ddbd124d1f071b626d52d62e5dff?s=96&d=mm&r=g","caption":"Daniely Cardoso"},"url":"https:\/\/www.em.com.br\/emfoco\/author\/danielymyth\/"}]}},"_links":{"self":[{"href":"https:\/\/www.em.com.br\/emfoco\/wp-json\/wp\/v2\/posts\/160015","targetHints":{"allow":["GET"]}}],"collection":[{"href":"https:\/\/www.em.com.br\/emfoco\/wp-json\/wp\/v2\/posts"}],"about":[{"href":"https:\/\/www.em.com.br\/emfoco\/wp-json\/wp\/v2\/types\/post"}],"author":[{"embeddable":true,"href":"https:\/\/www.em.com.br\/emfoco\/wp-json\/wp\/v2\/users\/9"}],"replies":[{"embeddable":true,"href":"https:\/\/www.em.com.br\/emfoco\/wp-json\/wp\/v2\/comments?post=160015"}],"version-history":[{"count":3,"href":"https:\/\/www.em.com.br\/emfoco\/wp-json\/wp\/v2\/posts\/160015\/revisions"}],"predecessor-version":[{"id":160276,"href":"https:\/\/www.em.com.br\/emfoco\/wp-json\/wp\/v2\/posts\/160015\/revisions\/160276"}],"wp:featuredmedia":[{"embeddable":true,"href":"https:\/\/www.em.com.br\/emfoco\/wp-json\/wp\/v2\/media\/160064"}],"wp:attachment":[{"href":"https:\/\/www.em.com.br\/emfoco\/wp-json\/wp\/v2\/media?parent=160015"}],"wp:term":[{"taxonomy":"category","embeddable":true,"href":"https:\/\/www.em.com.br\/emfoco\/wp-json\/wp\/v2\/categories?post=160015"},{"taxonomy":"post_tag","embeddable":true,"href":"https:\/\/www.em.com.br\/emfoco\/wp-json\/wp\/v2\/tags?post=160015"}],"curies":[{"name":"wp","href":"https:\/\/api.w.org\/{rel}","templated":true}]}}